{"id":25048,"date":"2026-09-04T13:17:39","date_gmt":"2026-09-04T16:17:39","guid":{"rendered":"https:\/\/cliente1.publisher.highstack.com.ar\/?p=25048"},"modified":"2026-09-04T13:17:39","modified_gmt":"2026-09-04T16:17:39","slug":"urribarri-y-baez-pidieron-prision-domiciliaria-antes-de-que-el-tribunal-ordene-sus-detenciones","status":"publish","type":"post","link":"https:\/\/cliente1.publisher.highstack.com.ar\/?p=25048","title":{"rendered":"Urribarri y B\u00e1ez pidieron prisi\u00f3n domiciliaria antes de que el Tribunal ordene sus detenciones"},"content":{"rendered":"<p><\/p>\n<div class=\"body-noticia clearfix text-formatted field field--name-body field--type-text-with-summary field--label-hidden field__item\">\n<p>Las defensas del exgobernador Sergio Urribarri y de su exministro Pedro B\u00e1ez se presentaron ante el Tribunal de Juicio de Paran\u00e1, apenas conocido el fallo de la Corte Suprema, para solicitar la suspensi\u00f3n de la ejecuci\u00f3n de la condena y cumplirla en sus casas. Urribarri invoca un trastorno de estr\u00e9s postraum\u00e1tico; B\u00e1ez, un cuadro digestivo severo. El psiquiatra que certifica al exgobernador dej\u00f3 el Poder Judicial en 2023 en medio de un sumario administrativo, seg\u00fan pudo determinar <strong>ANALISIS<\/strong>.<\/p>\n<p>Las defensas de Sergio Urribarri y de Pedro B\u00e1ez se adelantaron a la orden de detenci\u00f3n esta ma\u00f1ana. Antes de que el Tribunal de Juicio y Apelaciones de Paran\u00e1 reciba el expediente de la Corte Suprema, que el jueves 3 de septiembre dej\u00f3 firmes las condenas de la Megacausa, los abogados Leopoldo Cappa (por el exmandatario) y Jos\u00e9 Vel\u00e1zquez y Ignacio D\u00edaz (por el exministro y exdiputado provincial) presentaron escritos donde solicitaron se suspenda la ejecuci\u00f3n de la pena y reclaman cumplirla en prisi\u00f3n domiciliaria. Los dos planteos, a los que accedi\u00f3 <strong>AN\u00c1LISIS<\/strong>, se apoyan en razones de salud, en el hacinamiento de la Unidad Penal 1 y en el p\u00e1rrafo del voto de Ricardo Lorenzetti que aclara que el rechazo por el art\u00edculo 280 no implica confirmar el acierto de la sentencia.<\/p>\n<p>Ninguno de los dos alcanza los 70 a\u00f1os que la ley 24.660 fija para la domiciliaria: Urribarri cumple 68 el 7 de octubre y B\u00e1ez tiene 64. Por eso ambos fueron por el inciso de la enfermedad incompatible con el encierro y, en el caso de B\u00e1ez, por la Convenci\u00f3n Interamericana sobre Personas Mayores, que rige desde los 60 a\u00f1os y que, seg\u00fan admite el propio escrito, no vuelve autom\u00e1tico el beneficio.<\/p>\n<p>El pedido del exgobernador lleva la firma de Leopoldo C\u00e9sar Cappa, sin la de Javier Ba\u00f1os, con quien comparti\u00f3 la defensa en la Corte tras la renuncia de Fernando Burlando en octubre de 2025. Cappa admite que se presenta sin haber sido notificado y antes de que el Tribunal reciba el expediente principal, para que resuelva cuando asuma la competencia. Ofrece como lugar de cumplimiento la casa de calle N\u00e9stor Garat 291 de Concordia, donde Urribarri vive con su esposa, Ana L\u00eda Aguilera.<\/p>\n<p>El fundamento central es un diagn\u00f3stico de trastorno de estr\u00e9s postraum\u00e1tico con s\u00edntomas disociativos de despersonalizaci\u00f3n. Seg\u00fan el escrito, la primera consulta fue el 18 de diciembre de 2025, ya en libertad y con el recurso en tr\u00e1mite en la Corte, y el tratamiento contin\u00faa con el psiquiatra Julio Horacio Curotto, matr\u00edcula 8999, a base de sertralina, clonazepam y armodafinilo. Cappa agrega que el jueves, al conocerse el fallo, Urribarri fue atendido de urgencia por un episodio depresivo mayor grave y se le reforz\u00f3 la medicaci\u00f3n antipsic\u00f3tica y antidepresiva. El diagn\u00f3stico no figura en ninguna presentaci\u00f3n anterior de la defensa y el escrito no menciona los problemas card\u00edacos que trascendieron en las \u00faltimas horas.<\/p>\n<p>El segundo argumento tambi\u00e9n es nuevo respecto de noviembre de 2024, cuando Urribarri pas\u00f3 50 d\u00edas en la UP1: Cappa sostiene que la condici\u00f3n de dos veces gobernador lo convierte en una persona de alto riesgo dentro de una c\u00e1rcel superpoblada, y pide que el Servicio Penitenciario informe si puede garantizar su integridad sin aislarlo. Ofrece a Curotto como perito de parte, pide en subsidio una pericia del Cuerpo M\u00e9dico Forense y reserva el caso federal.<\/p>\n<p><strong>B\u00e1ez: seis kilos menos y prisi\u00f3n nocturna<\/strong><\/p>\n<p>Los defensores de B\u00e1ez, Jos\u00e9 Ra\u00fal Vel\u00e1zquez e Ignacio Esteban D\u00edaz, repitieron el planteo que les dio resultado en la feria de enero de 2025, cuando el Superior Tribunal de Justicia le concedi\u00f3 la domiciliaria con tobillera en su casa quinta de calle Jozami 2135. Pidieron que ese r\u00e9gimen contin\u00fae como forma de cumplir los seis a\u00f1os y seis meses, con fianza personal de su expareja, Sonia Riquelme, y de su hermano Fernando B\u00e1ez, que es el \u00fanico que reside en Paran\u00e1. El informe del doctor Jos\u00e9 Luis Cittadino describe diarrea cr\u00f3nica, una p\u00e9rdida de seis kilos en dos meses, deshidrataci\u00f3n, taquicardia y una \u00falcera perianal, sumadas a diabetes e hipotiroidismo; el cuadro digestivo arrastra desde 2008 y no tiene diagn\u00f3stico definitivo. El escrito exige que la Unidad Penal informe d\u00f3nde lo alojar\u00eda, cu\u00e1ntos metros cuadrados y ba\u00f1os tiene el pabell\u00f3n y qu\u00e9 protocolos aplica a adultos mayores.<\/p>\n<p>La novedad es el pedido subsidiario: si no hay domiciliaria plena, proponen un r\u00e9gimen de semidetenci\u00f3n con prisi\u00f3n nocturna, por el cual B\u00e1ez dormir\u00eda en la c\u00e1rcel y pasar\u00eda el d\u00eda en su casa para cumplir la dieta sin gluten y la medicaci\u00f3n. La ley reserva esa alternativa a razones familiares, laborales o educativas; los abogados piden sumarle las razones humanitarias por una interpretaci\u00f3n m\u00e1s favorable al condenado.<\/p>\n<p><strong>El psiquiatra de Urribarri<\/strong><\/p>\n<p>El \u00fanico respaldo m\u00e9dico del planteo de Urribarri es la palabra de Curotto: firma el diagn\u00f3stico, prescribe la medicaci\u00f3n, certifica la urgencia del jueves y es propuesto como perito. Hasta noviembre de 2023 fue titular del Equipo T\u00e9cnico Interdisciplinario del Poder Judicial en Concordia, la misma ciudad donde hoy atiende al exgobernador. Dej\u00f3 el cargo en medio de un sumario administrativo, seg\u00fan el Acuerdo General 30\/23 del Superior Tribunal de Justicia, firmado en Alcaraz el 7 de noviembre de 2023.<\/p>\n<p>El STJ le hab\u00eda abierto un sumario por haber ejercido en el \u00e1mbito privado mientras estaba de licencia por enfermedad de largo tratamiento, entre el 10 de mayo y el 13 de septiembre de 2022, conducta encuadrada en el Estatuto del Empleado Judicial y en el art\u00edculo 37 de la Constituci\u00f3n provincial sobre \u00e9tica p\u00fablica. Los testigos ratificaron la imputaci\u00f3n y el farmac\u00e9utico Jorge Brignoli, del Departamento de Medicamentos de Salud P\u00fablica, aport\u00f3 los talonarios de recetas de psicotr\u00f3picos firmados por Curotto en ese per\u00edodo, prueba que el Alto Cuerpo consider\u00f3 suficiente. Por Resoluci\u00f3n 575\/23 se orden\u00f3 adem\u00e1s otro sumario por abandono de trabajo.<\/p>\n<p>Con la causa abierta a prueba, Curotto renunci\u00f3 el 23 de agosto de 2023 a trav\u00e9s de su defensor, Lisandro Rodr\u00edguez Signes, sin ofrecer pruebas. El STJ acept\u00f3 la renuncia, dispuso descontarle los d\u00edas no trabajados, archiv\u00f3 el sumario y orden\u00f3 que los antecedentes, que a su juicio hablan por s\u00ed mismos de incumplimientos, quedaran en su legajo. Firmaron Susana Medina, Daniel Carubia, Germ\u00e1n Carlomagno, Miguel Giorgio, Mart\u00edn Carbonell, Gisela Schumacher, Leonardo Portela y Laura Soage.<\/p>\n<\/div>\n","protected":false},"excerpt":{"rendered":"<p>Las defensas del exgobernador Sergio Urribarri y de su exministro Pedro B\u00e1ez se presentaron ante el Tribunal de Juicio de Paran\u00e1, apenas conocido el fallo de la Corte Suprema, para solicitar la suspensi\u00f3n de la ejecuci\u00f3n de la condena y cumplirla en sus casas. Urribarri invoca un trastorno de estr\u00e9s postraum\u00e1tico; B\u00e1ez, un cuadro digestivo [&hellip;]<\/p>\n","protected":false},"author":1,"featured_media":25049,"comment_status":"open","ping_status":"open","sticky":false,"template":"","format":"standard","meta":{"footnotes":""},"categories":[1],"tags":[],"class_list":["post-25048","post","type-post","status-publish","format-standard","has-post-thumbnail","hentry","category-uncategorized"],"_links":{"self":[{"href":"https:\/\/cliente1.publisher.highstack.com.ar\/index.php?rest_route=\/wp\/v2\/posts\/25048","targetHints":{"allow":["GET"]}}],"collection":[{"href":"https:\/\/cliente1.publisher.highstack.com.ar\/index.php?rest_route=\/wp\/v2\/posts"}],"about":[{"href":"https:\/\/cliente1.publisher.highstack.com.ar\/index.php?rest_route=\/wp\/v2\/types\/post"}],"author":[{"embeddable":true,"href":"https:\/\/cliente1.publisher.highstack.com.ar\/index.php?rest_route=\/wp\/v2\/users\/1"}],"replies":[{"embeddable":true,"href":"https:\/\/cliente1.publisher.highstack.com.ar\/index.php?rest_route=%2Fwp%2Fv2%2Fcomments&post=25048"}],"version-history":[{"count":0,"href":"https:\/\/cliente1.publisher.highstack.com.ar\/index.php?rest_route=\/wp\/v2\/posts\/25048\/revisions"}],"wp:featuredmedia":[{"embeddable":true,"href":"https:\/\/cliente1.publisher.highstack.com.ar\/index.php?rest_route=\/wp\/v2\/media\/25049"}],"wp:attachment":[{"href":"https:\/\/cliente1.publisher.highstack.com.ar\/index.php?rest_route=%2Fwp%2Fv2%2Fmedia&parent=25048"}],"wp:term":[{"taxonomy":"category","embeddable":true,"href":"https:\/\/cliente1.publisher.highstack.com.ar\/index.php?rest_route=%2Fwp%2Fv2%2Fcategories&post=25048"},{"taxonomy":"post_tag","embeddable":true,"href":"https:\/\/cliente1.publisher.highstack.com.ar\/index.php?rest_route=%2Fwp%2Fv2%2Ftags&post=25048"}],"curies":[{"name":"wp","href":"https:\/\/api.w.org\/{rel}","templated":true}]}}