{"id":25046,"date":"2026-09-04T13:14:22","date_gmt":"2026-09-04T16:14:22","guid":{"rendered":"https:\/\/cliente1.publisher.highstack.com.ar\/?p=25046"},"modified":"2026-09-04T13:14:22","modified_gmt":"2026-09-04T16:14:22","slug":"clima-empresarial-ceos-resaltan-la-estabilizacion-miran-el-presente-con-cautela-y-son-optimistas-a-futuro","status":"publish","type":"post","link":"https:\/\/cliente1.publisher.highstack.com.ar\/?p=25046","title":{"rendered":"Clima empresarial: CEOs resaltan la estabilizaci\u00f3n, miran el presente con cautela y son optimistas a futuro"},"content":{"rendered":"<div>\t\t<!-- { REGION4 --> <\/p>\n<header class=\"news-headline\">\n<div class=\"news-headline__topics-and-date-wrapper\">    <span class=\"news-headline__publication-date\"> 4 de septiembre 2026 &#8211; 12:37<br \/>\n            <\/span><\/div>\n<h2 class=\"news-headline__article-summary\"\/>\n<p id=\"p-1788528989696-92949\" class=\"ignore-parser\"> En la segunda jornada de la Convenci\u00f3n Anual del IAEF, ejecutivos de diversos sectores debatieron sobre la actualidad de la industria, el comercio y el campo, junto con los procesos de transformaci\u00f3n clave en el \u00e1mbito bancario y estatal.<\/p>\n<\/header>\n<article class=\"article-body article-body--first-paragraph\" data-td-script-src=\"https:\/\/www.ambito.com\/td\/modulos\/encuestas\/js\/function-embeds-min-version-1788408512.js\">\n<p id=\"p-1788531910635-33353\"><em> <strong>Enviada especial a Misiones.<\/strong><\/em>&#8211; Los <strong> CEOs <\/strong>se hicieron presentes en este segundo d\u00eda de la <strong>Convenci\u00f3n Anual del Instituto de Ejecutivos de Finanzas (IAEF)<\/strong> para debatir<strong> c\u00f3mo est\u00e1 hoy la industria, el comercio y el campo<\/strong>, adem\u00e1s de mostrar procesos de transformaci\u00f3n que sucedieron en distintos<strong> sectores como el bancario y empresas del sector p\u00fablico<\/strong>. Tambi\u00e9n se trata de un d\u00eda con <strong>un fuerte componente de presencia de funcionarios p\u00fablicos,<\/strong> algunos de los cuales pegaron el faltazo el d\u00eda anterior en momentos donde el presidente grababa la cadena nacional.<\/p>\n<\/article>\n<section class=\"suscription-false printed-edition\" style=\"display:none\">\n<p> El contenido al que quiere acceder es exclusivo para suscriptores.<\/p>\n<p>  <span> <button type=\"button\" name=\"button\" class=\"subscribe-btn mercadopago-btn\">suscribirse<\/button><\/span>  <span class=\"btns\"><button type=\"button\" name=\"button\" class=\"subscribe-btn reload-login\"> ya estoy suscripto<\/button><\/span>  <\/p>\n<\/section>\n<article class=\"article-body article-body--second-paragraph\">\n<p id=\"p-1788532241104-34915\">En los pasillos el clima es de <strong>optimismo, <\/strong>aunque con <strong>cautela.<\/strong> Si bien los ejecutivos resaltan el camino trazado hasta ac\u00e1 y consideran que <strong>la estabilidad es fundacional, el presente a\u00fan tiene algunos pendientes los cuales esperan se resuelva en los pr\u00f3ximos tiempos.<\/strong> Las <strong>tasas<\/strong> y la importante <strong>mora <\/strong>que hay en el sistema crediticio es<strong> un tema en boca de los principales referentes del sector bancario<\/strong>, sobre todo luego de que el vicepresidente del BCRA, Vladimir Werning dedicara sendos minutos a hablar de ello durante el primer d\u00eda de convenci\u00f3n. Las <strong>privatizaciones <\/strong>y las <strong>expectativas<\/strong> que trae con ellas, son otros de los t\u00f3picos debatidos entre los asistentes.<\/p>\n<\/article>\n<article class=\"article-body article-body--third-paragraph\">\n<p id=\"p-1788532170781-10029\"> <strong>Natalio Mario Grinman<\/strong>, presidente de la <strong>C\u00e1mara de Comercio y Servicios (CAC)<\/strong>, expres\u00f3 que si bien sectores que est\u00e1n yendo bien, como la miner\u00eda, el ago y el energ\u00e9tico, hay otros que no est\u00e1n bien. Pero, pese a esto, expres\u00f3, durante su discurso que<strong> &#8220;este es el rumbo y hay que tratar de bancarlo&#8221;.<\/strong> Ante la consulta de si, en estos sectores que a\u00fan no crecen, nota una importante ca\u00edda en el empleo formal, Grinman asegur\u00f3 que<strong> &#8220;no vemos que haya una ca\u00edda estrepitosa en comercio y servicios aunque en construcci\u00f3n la situaci\u00f3n es m\u00e1s marcada&#8221;<\/strong>. El experto reconoci\u00f3 que si bien se ven comercios que fueron cerrando, esto no se traslada masivamente hacia los puestos de trabajo.<\/p>\n<\/article>\n<article class=\"article-body article-body--fourth-paragraph\">\n<p id=\"p-1788532170781-21407\">Grinman tambi\u00e9n enfatiz\u00f3 en la necesidad de incrementar los vol\u00famenes de producci\u00f3n y se centr\u00f3 a hablar de c\u00f3mo cambi\u00f3 en los \u00faltimos a\u00f1os el consumo. &#8220;<strong>Hasta el 2023, la gente se desprend\u00eda r\u00e1pidamente del dinero y el stock era lo importante pero ahora ya no lo es. <\/strong>Si bien hubo una irrupci\u00f3n de la tecnolog\u00eda en el e-commerce, el comercio con el exterior es solamente el 3%.<\/p>\n<\/article>\n<article class=\"article-body article-body--fifth-paragraph\">\n<p id=\"p-1788533492044-1360\">&#8220;<strong>Con este modelo nos sentimos c\u00f3modos<\/strong>, con no gastar lo que no tenemos, pero Argentina tiene un problema estructural, pensamos que nos salvamos con una o dos cosechas. Estamos bien recomponiendo todo con petr\u00f3leo, gas y miner\u00eda. Gobierno disruptivo que vino a hacer esos cambios. Hay matices y mejores o peores formas. <strong>Siempre hay da\u00f1os colaterales que hay empresas que nunca fueron viables. <\/strong>Por \u00faltimo se\u00f1al\u00f3, entre los pendientes que <strong>hay problemas tributarios, y de log\u00edstica, que hacemos cargo a la naci\u00f3n pero me pregunto \u00bfQu\u00e9 pasa con las provincias?<\/strong>, cerr\u00f3.<\/p>\n<\/article>\n<article class=\"article-body article-body--remaining-paragraph\">\n<p id=\"p-1788533612736-13565\">A su turno, <strong>Alejandro Bertone<\/strong>, CEO electo de <strong>ACA<\/strong>, expres\u00f3 que el sector agroindustrial consolida su transici\u00f3n de la estabilidad macroecon\u00f3mica hacia una fase de crecimiento efectivo. Para este experto, el potencial de expansi\u00f3n es significativo y est\u00e1 transformando la din\u00e1mica de los negocios, dentro de<strong> un esquema donde la gesti\u00f3n de la producci\u00f3n recupera un rol central por encima de las decisiones financieras.<\/strong><\/p>\n<p id=\"p-1788534752557-82813\">Tambi\u00e9n resalt\u00f3 los cambios en infraestructura, donde mencion\u00f3 la <strong>Hidrov\u00eda<\/strong>, asever\u00f3 que se puede incrementar la carga de barcos en el rio Paran\u00e1, y tambi\u00e9n resalt\u00f3 la concesi\u00f3n del <strong>Belgrano Cargas<\/strong>, que va a ayudar a incrementar el flujo de los env\u00edos. &#8220;Ya somos una agroindustria que viene acompa\u00f1ada por la estabilidad macro y las regulaciones que van a acompa\u00f1ar apertura de mercado.<strong> Argentina esta preparara para cumplir las cuotas con agregado de valor. El campo ya pas\u00f3 de la estabilidad al crecimiento&#8221;<\/strong>, cerr\u00f3.<\/p>\n<h2 id=\"p-1788536438361-33117\">Sector bancario reclama que las altas tasas son consecuencia del costo impositivo<\/h2>\n<p id=\"p-1788536438361-96829\"><strong>Diego Rivas<\/strong>, el CEO de <strong>Banco Galicia<\/strong>, asegur\u00f3 que si bien <strong>el cr\u00e9dito se multiplic\u00f3 por tres en relaci\u00f3n al PBI<\/strong> (ya que pas\u00f3 de representar el 4% al 12%), <strong>para llegar a niveles de la regi\u00f3n falta multiplicarlo por 4 de nuevo. &#8220;<\/strong>La industria se volvi\u00f3 m\u00e1s compleja. Hoy compet\u00eds con billeteras, Alycs&#8221;, resalt\u00f3 y sobre lo que se viene en el corto plazo dijo que<strong> las tasas de inter\u00e9s permanecer\u00e1n similares a las que tenemos hoy. <\/strong>En cuanto al clima preelectoral, dijo que <strong>&#8220;el Gobierno esta haciendo una tarea tit\u00e1nica tener reservas llegar mejor preparada&#8221;<\/strong>, pero que hay<strong> un factor pol\u00edtico puede traer volatilidad<\/strong>.<\/p>\n<p id=\"p-1788536601845-47778\">En cuanto a la importante mora que atraviesa el sistema crediticio, sobre todo entre las familias, Rivas expres\u00f3: &#8220;Miramos los n\u00fameros de banco, y vemos que desde diciembre viene bajando mes a mes, lo que implica a fin de a\u00f1o vamos a terminar con una mora m\u00e1s baja. <strong>El costo impositivo que tiene la tasa activa es alt\u00edsima, la tasa de ingresos brutos es la m\u00e1s alta de todos<\/strong>. <strong>Nosotros vinculamos la inversi\u00f3n con ahorro, si pon\u00e9s costos muy altos es muy ineficientes.<\/strong> Creemos que la baja de tasas impositivas y nominales va a impulsar el cr\u00e9dito&#8221;.<\/p>\n<h2 id=\"p-1788536851053-42598\">Aerol\u00edneas Argentina: un proceso de modernizaci\u00f3n que incluy\u00f3 decisiones dif\u00edciles<\/h2>\n<p id=\"p-1788536851053-98594\"><strong>Fabi\u00e1n Lombardo<\/strong>, presidente y CEO de <strong>Aerol\u00edneas Argentinas,<\/strong> asegur\u00f3 que<strong> la empresa estatal hab\u00eda acumulado p\u00e9rdidas hist\u00f3ricas cercanas a los u$s6.000 millones a lo largo de 16 a\u00f1os de gesti\u00f3n estatal<\/strong>. \u201cA partir del 2024 empezamos a ganar dinero y en 2025 la compa\u00f1\u00eda por primera vez le devuelve dinero al estado con el pago del Impuesto a las Ganancias, con patrimonio neto positivo\u201d, expres\u00f3.<\/p>\n<p id=\"p-1788536851053-50130\">En cuanto a la reversi\u00f3n de los balances asegur\u00f3 que se trat\u00f3 de un proceso que incluy\u00f3 reducir los costos, y hacer una mejora de procesos. <strong>\u201cLa decisi\u00f3n m\u00e1s dif\u00edcil fue la de reducci\u00f3n de personal, hubo una baja de 2.200 personas con retiros y jubilaciones\u201d,<\/strong> dijo y agreg\u00f3 que el segundo problema eran los procesos burocr\u00e1ticos:<strong> \u201cHubo una reducci\u00f3n de costos, en la renegociaci\u00f3n con proveedores. Y tambi\u00e9n cerramos m\u00e1s de 20 filiales\u201d.<\/strong><\/p>\n<\/article>\n<p>\t\t<!-- REGION4 } --><\/div>\n<p><script>\n!function(f,b,e,v,n,t,s)\n{if(f.fbq)return;n=f.fbq=function(){n.callMethod?\nn.callMethod.apply(n,arguments):n.queue.push(arguments)};\nif(!f._fbq)f._fbq=n;n.push=n;n.loaded=!0;n.version='2.0';\nn.queue=[];t=b.createElement(e);t.async=!0;\nt.src=v;s=b.getElementsByTagName(e)[0];\ns.parentNode.insertBefore(t,s)}(window,document,'script',\n'\nfbq('init', '2047048335588113');\nfbq('track', 'PageView');\n<\/script><\/p>\n","protected":false},"excerpt":{"rendered":"<p>4 de septiembre 2026 &#8211; 12:37 En la segunda jornada de la Convenci\u00f3n Anual del IAEF, ejecutivos de diversos sectores debatieron sobre la actualidad de la industria, el comercio y el campo, junto con los procesos de transformaci\u00f3n clave en el \u00e1mbito bancario y estatal. Enviada especial a Misiones.&#8211; Los CEOs se hicieron presentes en [&hellip;]<\/p>\n","protected":false},"author":1,"featured_media":25047,"comment_status":"open","ping_status":"open","sticky":false,"template":"","format":"standard","meta":{"footnotes":""},"categories":[1],"tags":[14],"class_list":["post-25046","post","type-post","status-publish","format-standard","has-post-thumbnail","hentry","category-uncategorized","tag-hidrovia"],"_links":{"self":[{"href":"https:\/\/cliente1.publisher.highstack.com.ar\/index.php?rest_route=\/wp\/v2\/posts\/25046","targetHints":{"allow":["GET"]}}],"collection":[{"href":"https:\/\/cliente1.publisher.highstack.com.ar\/index.php?rest_route=\/wp\/v2\/posts"}],"about":[{"href":"https:\/\/cliente1.publisher.highstack.com.ar\/index.php?rest_route=\/wp\/v2\/types\/post"}],"author":[{"embeddable":true,"href":"https:\/\/cliente1.publisher.highstack.com.ar\/index.php?rest_route=\/wp\/v2\/users\/1"}],"replies":[{"embeddable":true,"href":"https:\/\/cliente1.publisher.highstack.com.ar\/index.php?rest_route=%2Fwp%2Fv2%2Fcomments&post=25046"}],"version-history":[{"count":0,"href":"https:\/\/cliente1.publisher.highstack.com.ar\/index.php?rest_route=\/wp\/v2\/posts\/25046\/revisions"}],"wp:featuredmedia":[{"embeddable":true,"href":"https:\/\/cliente1.publisher.highstack.com.ar\/index.php?rest_route=\/wp\/v2\/media\/25047"}],"wp:attachment":[{"href":"https:\/\/cliente1.publisher.highstack.com.ar\/index.php?rest_route=%2Fwp%2Fv2%2Fmedia&parent=25046"}],"wp:term":[{"taxonomy":"category","embeddable":true,"href":"https:\/\/cliente1.publisher.highstack.com.ar\/index.php?rest_route=%2Fwp%2Fv2%2Fcategories&post=25046"},{"taxonomy":"post_tag","embeddable":true,"href":"https:\/\/cliente1.publisher.highstack.com.ar\/index.php?rest_route=%2Fwp%2Fv2%2Ftags&post=25046"}],"curies":[{"name":"wp","href":"https:\/\/api.w.org\/{rel}","templated":true}]}}