{"id":25040,"date":"2026-09-04T12:48:26","date_gmt":"2026-09-04T15:48:26","guid":{"rendered":"https:\/\/cliente1.publisher.highstack.com.ar\/?p=25040"},"modified":"2026-09-04T12:48:26","modified_gmt":"2026-09-04T15:48:26","slug":"crimen-del-arquitecto-bassi-para-el-fiscal-los-acusados-lo-torturaron-hasta-matarlo-a-mazazos","status":"publish","type":"post","link":"https:\/\/cliente1.publisher.highstack.com.ar\/?p=25040","title":{"rendered":"Crimen del arquitecto Bassi: para el fiscal, los acusados lo torturaron hasta matarlo a mazazos"},"content":{"rendered":"<p><\/p>\n<div>\n<p>Los <b>acusados del homicidio de Rodolfo Bassi<\/b> fueron imputados este viernes y permanecer\u00e1n alojados en la Unidad Penal N\u00ba1 de Paran\u00e1 mientras avanza la investigaci\u00f3n por el crimen ocurrido en barrio Paran\u00e1 XIV. Se trata de <b>Carlos Gast\u00f3n Aguilar, de 48 a\u00f1os, y Claudio Ram\u00f3n Inofre, de 52, alias \u201cToco\u201d<\/b>, a quienes la Fiscal\u00eda atribuye haber reducido, torturado y golpeado mortalmente al arquitecto para sustraerle dinero y otros elementos.  <\/p>\n<p><!-- is a <br \/>--><\/p>\n<p>\u00a0<\/p>\n<p><!-- is a <br \/>--><\/p>\n<p>La audiencia se realiz\u00f3 ante el juez de Garant\u00edas Jorge Sueldo y estuvo encabezada por el fiscal Juan Manuel Pereyra. Durante la instancia, los dos imputados hicieron uso de su derecho a abstenerse de declarar. <\/p>\n<p><!-- is a <br \/>--><\/p>\n<p>\u00a0<\/p>\n<p><!-- is a <br \/>--><\/p>\n<p>El magistrado resolvi\u00f3 que ambos acusados<b> permanezcan detenidos durante 60 d\u00edas con prisi\u00f3n preventiva en la Unidad Penal N\u00ba1 de Paran\u00e1<\/b>, mientras contin\u00faa la investigaci\u00f3n por el homicidio del arquitecto Rodolfo Bassi. Cabe aclarar que la Fiscal\u00eda hab\u00eda solicitado que la medida se extendiera por 90 d\u00edas, pero el magistrado consider\u00f3 que ese plazo resultaba excesivo. <\/p>\n<p><!-- is a <br \/>--><\/p>\n<p>\u00a0<\/p>\n<p><!-- is a <br \/>--><\/p>\n<p>Al fundamentar su decisi\u00f3n, el juez record\u00f3 que durante una investigaci\u00f3n penal <b>la libertad de los imputados constituye la regla<\/b> y que una medida de coerci\u00f3n como la prisi\u00f3n preventiva solamente puede aplicarse cuando existen riesgos procesales concretos, entre ellos el peligro de fuga o la posibilidad de entorpecer la investigaci\u00f3n. <\/p>\n<p><!-- is a <br \/>--><\/p>\n<p><!-- is a object --><br \/>\n<!-- embed start --><!-- embed end --><br \/>\n<!-- end object --><\/p>\n<p><!-- is a object --><\/p>\n<h3>La reconstrucci\u00f3n que hizo Fiscal\u00eda del crimen de Bassi<\/h3>\n<p><!-- end object --><\/p>\n<p>\u00a0<\/p>\n<p><!-- is a <br \/>--><\/p>\n<p>Durante la audiencia, Pereyra expuso la hip\u00f3tesis con la que trabaja la acusaci\u00f3n sobre lo sucedido el <b>1 de septiembre de 2026<\/b>. Seg\u00fan precis\u00f3, el hecho se habr\u00eda desarrollado en una franja horaria comprendida aproximadamente entre las <b>17.31 y las 20<\/b> dentro del departamento de Bassi en el complejo habitacional Paran\u00e1 XIV.  <\/p>\n<p><!-- is a <br \/>--><\/p>\n<p>\u00a0<\/p>\n<p><!-- is a <br \/>--><\/p>\n<p>De acuerdo con la imputaci\u00f3n, los sospechosos se encontraban dentro de la propiedad y habr\u00edan aprovechado la &#8220;<b>relaci\u00f3n de confianza&#8221;<\/b> existente con la v\u00edctima a partir de los trabajos de mantenimiento que se realizaban en el inmueble.  <\/p>\n<p><!-- is a <br \/>--><\/p>\n<p><!-- is a object --><br \/>\n<!-- embed start --><\/p>\n<div class=\"embed embed-video\">\n<p>\n            <iframe loading=\"lazy\" title=\"Fiscal\u00eda sostiene que a Bassi lo torturaron para que entregara dinero y objetos de valor - 04\/09\/26\" width=\"500\" height=\"281\" src=\"https:\/\/www.youtube.com\/embed\/PeHWIh7hRw4?feature=oembed\" frameborder=\"0\" allow=\"accelerometer; autoplay; clipboard-write; encrypted-media; gyroscope; picture-in-picture; web-share\" referrerpolicy=\"strict-origin-when-cross-origin\" allowfullscreen><\/iframe>\n        <\/p>\n<p>\n                <span>Crimen del arquitecto Bassi: para el fiscal, los acusados lo torturaron hasta matarlo a mazazos<\/span>\n            <\/p>\n<\/p><\/div>\n<p><!-- embed end --><br \/>\n<!-- end object --><\/p>\n<p>\u00a0<\/p>\n<p><!-- is a <br \/>--><\/p>\n<p>La Fiscal\u00eda sostiene que Aguilar e Inofre <b>sorprendieron violentamente al arquitecto, lo redujeron mediante golpes y lo maniataron utilizando alambre<\/b>, que habr\u00eda sido colocado cerca de la cabeza, el cuello y las piernas.  <\/p>\n<p><!-- is a <br \/>--><\/p>\n<p>\u00a0<\/p>\n<p><!-- is a <br \/>--><\/p>\n<p>Siempre seg\u00fan la hip\u00f3tesis fiscal presentada en la audiencia, de esa manera consiguieron dejarlo en un estado de <b>\u201cindefensi\u00f3n absoluta\u201d<\/b> y comenzaron a exigirle la entrega de objetos de valor.  <\/p>\n<p><!-- is a <br \/>--><\/p>\n<p><!-- is a object --><br \/>\n<!-- embed start --><!-- embed end --><br \/>\n<!-- end object --><\/p>\n<p><!-- is a object --><\/p>\n<h3>Fiscal\u00eda sostiene que Bassi fue torturado<\/h3>\n<p><!-- end object --><\/p>\n<p>\u00a0<\/p>\n<p><!-- is a <br \/>--><\/p>\n<p>Uno de los detalles m\u00e1s graves conocidos durante la imputaci\u00f3n est\u00e1 relacionado con la violencia que habr\u00eda sufrido el arquitecto antes de morir.  <\/p>\n<p><!-- is a <br \/>--><\/p>\n<p>\u00a0<\/p>\n<p><!-- is a <br \/>--><\/p>\n<p>Seg\u00fan describi\u00f3 el representante del Ministerio P\u00fablico Fiscal, mientras Bassi permanec\u00eda inmovilizado, &#8220;<b>comenzaron a torturarlo ocasion\u00e1ndole<\/b> <b>cortes superficiales en distintas partes del cuerpo, incluida la zona del rostro y la nariz&#8221;<\/b>.  <\/p>\n<p><!-- is a <br \/>--><\/p>\n<p>\u00a0<\/p>\n<p><!-- is a <br \/>--><\/p>\n<p>Para la acusaci\u00f3n, esas lesiones habr\u00edan sido provocadas con un elemento cortopunzante, posiblemente un cuchillo tipo Tramontina, mientras los atacantes buscaban obtener informaci\u00f3n y apoderarse de sus pertenencias.  <\/p>\n<p><!-- is a <br \/>--><\/p>\n<p><!-- is a object --><br \/>\n<!-- embed start --><\/p>\n<figure class=\"embed\">\n<p>    <img decoding=\"async\" src=\"https:\/\/elonce-media.elonce.com\/fotos\/2026\/09\/03\/e_1788448368_38018.webp\" loading=\"lazy\" width=\"600\" height=\"400\" alt=\"\"\/><\/p>\n<\/figure>\n<p><!-- embed end --><br \/>\n<!-- end object --><\/p>\n<p>La escena mostraba, seg\u00fan Fiscal\u00eda, un importante despliegue de violencia dado que Bassi ten\u00eda una zapatilla puesta y la otra apareci\u00f3 en el pasillo, camino a la habitaci\u00f3n donde encontraron el cuerpo.  <\/p>\n<p><!-- is a <br \/>--><\/p>\n<p>\u00a0<\/p>\n<p><!-- is a <br \/>--><\/p>\n<p>La Fiscal\u00eda atribuy\u00f3 a ambos sospechosos haber actuado conforme a un <b>plan delictivo acordado<\/b>, aunque esas circunstancias deber\u00e1n ser acreditadas durante el desarrollo de la investigaci\u00f3n penal.  <\/p>\n<p><!-- is a <br \/>--><\/p>\n<p>\u00a0<\/p>\n<p><!-- is a <br \/>--><\/p>\n<p>Entre los elementos que, seg\u00fan la acusaci\u00f3n, fueron sustra\u00eddos directamente a Bassi se encontraban <b>documentaci\u00f3n personal, la licencia de conducir, dinero en efectivo por un monto todav\u00eda no determinado y su tel\u00e9fono celular<\/b>.  <\/p>\n<p><!-- is a <br \/>--><\/p>\n<p><!-- is a object --><\/p>\n<h3> <\/h3>\n<p><!-- end object --><\/p>\n<p>\u00a0<\/p>\n<p><!-- is a <br \/>--><\/p>\n<p><!-- is a object --><\/p>\n<h3>El ingreso a la casa de Bassi en calle Dupuy<\/h3>\n<p><!-- end object --><\/p>\n<p>\u00a0<\/p>\n<p><!-- is a <br \/>--><\/p>\n<p>La reconstrucci\u00f3n fiscal incorpor\u00f3 adem\u00e1s otro episodio que habr\u00eda ocurrido mientras Bassi permanec\u00eda reducido en el departamento de Paran\u00e1 XIV. Seg\u00fan la acusaci\u00f3n, los sospechosos sab\u00edan que la vivienda particular del arquitecto, ubicada en calle Dupuy, se encontraba sin ocupantes.  <\/p>\n<p><!-- is a <br \/>--><\/p>\n<p>\u00a0<\/p>\n<p><!-- is a <br \/>--><\/p>\n<p>En ese contexto, <b>Inofre se habr\u00eda trasladado hasta all\u00ed utilizando la<\/b> <b>motocicleta Yamaha XTZ 125E perteneciente a Bassi<\/b>.  <\/p>\n<p><!-- is a <br \/>--><\/p>\n<p>\u00a0<\/p>\n<p><!-- is a <br \/>--><\/p>\n<p>La Fiscal\u00eda situ\u00f3 su llegada a esa propiedad alrededor de las 17.52. Una vez dentro, habr\u00eda sustra\u00eddo una tablet Samsung, <b>dinero en efectivo en pesos y d\u00f3lares -cuyo monto todav\u00eda no fue establecido-<\/b> y otros elementos pertenecientes al arquitecto.  <\/p>\n<p><!-- is a <br \/>--><\/p>\n<p>\u00a0<\/p>\n<p><!-- is a <br \/>--><\/p>\n<p>De acuerdo con la secuencia expuesta en Tribunales, posteriormente sali\u00f3 de la vivienda, cerr\u00f3 la puerta y se retir\u00f3 alrededor de las 17.58, utilizando nuevamente la moto y el casco de la v\u00edctima.  <\/p>\n<p><!-- is a <br \/>--><\/p>\n<p>\u00a0<\/p>\n<p><!-- is a <br \/>--><\/p>\n<p>Despu\u00e9s habr\u00eda regresado al departamento de Paran\u00e1 XIV, donde, siempre seg\u00fan la acusaci\u00f3n, <b>Aguilar permanec\u00eda<\/b> <b>vigilando a Bassi<\/b>.  <\/p>\n<p><!-- is a <br \/>--><\/p>\n<p><!-- is a object --><br \/>\n<!-- embed start --><!-- embed end --><br \/>\n<!-- end object --><\/p>\n<p><!-- is a object --><\/p>\n<h3>Los tres golpes que habr\u00edan provocado la muerte<\/h3>\n<p><!-- end object --><\/p>\n<p>\u00a0<\/p>\n<p><!-- is a <br \/>--><\/p>\n<p>La Fiscal\u00eda sostiene que, una vez nuevamente reunidos en el departamento, los dos hombres continuaron ejerciendo violencia contra el arquitecto.  <\/p>\n<p><!-- is a <br \/>--><\/p>\n<p>\u00a0<\/p>\n<p><!-- is a <br \/>--><\/p>\n<p>Durante esa secuencia le habr\u00edan quebrado un diente y posteriormente Bassi recibi\u00f3 <b>tres fuertes golpes en la cabeza con una herramienta de alba\u00f1iler\u00eda<\/b>, se\u00f1alada en la investigaci\u00f3n como una <b>maza<\/b>.  <\/p>\n<p><!-- is a <br \/>--><\/p>\n<p>\u00a0<\/p>\n<p><!-- is a <br \/>--><\/p>\n<p>Seg\u00fan la exposici\u00f3n realizada durante la audiencia, esos traumatismos le provocaron graves lesiones craneales y una <b>hemorragia cerebral que deriv\u00f3 en su muerte dentro del departamento<\/b>.  <\/p>\n<p><!-- is a <br \/>--><\/p>\n<p><!-- is a object --><br \/>\n<!-- embed start --><\/p>\n<figure class=\"embed\">\n<p>    <img decoding=\"async\" src=\"https:\/\/elonce-media.elonce.com\/fotos\/2026\/09\/04\/e_1788533254_2729.webp\" loading=\"lazy\" width=\"600\" height=\"400\" alt=\"\"\/><\/p>\n<\/figure>\n<p><!-- embed end --><br \/>\n<!-- end object --><\/p>\n<p>Una <b>maza con manchas de sangre y restos capilares<\/b> hab\u00eda sido secuestrada durante las primeras pericias realizadas en la escena y es uno de los elementos sometidos a an\u00e1lisis dentro de la causa.  <\/p>\n<p><!-- is a <br \/>--><\/p>\n<p>\u00a0<\/p>\n<p><!-- is a <br \/>--><\/p>\n<p>Tras la muerte, los atacantes habr\u00edan abandonado el lugar llev\u00e1ndose los elementos sustra\u00eddos y la motocicleta del arquitecto.  <\/p>\n<p><!-- is a <br \/>--><\/p>\n<p><!-- is a object --><\/p>\n<h3> <\/h3>\n<p><!-- end object --><\/p>\n<p>\u00a0<\/p>\n<p><!-- is a <br \/>--><\/p>\n<p><!-- is a object --><\/p>\n<h3>C\u00f3mo descubrieron el crimen<\/h3>\n<p><!-- end object --><\/p>\n<p>\u00a0<\/p>\n<p><!-- is a <br \/>--><\/p>\n<p>Bassi ten\u00eda 61 a\u00f1os y hab\u00eda concurrido al departamento de barrio Paran\u00e1 XIV para realizar trabajos de acondicionamiento antes de volver a ofrecerlo en alquiler.  <\/p>\n<p><!-- is a <br \/>--><\/p>\n<p>\u00a0<\/p>\n<p><!-- is a <br \/>--><\/p>\n<p>Durante la siesta del martes manten\u00eda contacto por WhatsApp con su pareja, pero <b>despu\u00e9s de las 16 dej\u00f3 de responder los mensajes<\/b>. La situaci\u00f3n gener\u00f3 preocupaci\u00f3n entre sus familiares, quienes cerca de la medianoche recurrieron a la Polic\u00eda.  <\/p>\n<p><!-- is a <br \/>--><\/p>\n<p><!-- is a object --><br \/>\n<!-- embed start --><\/p>\n<figure class=\"embed\">\n<p>    <img decoding=\"async\" src=\"https:\/\/elonce-media.elonce.com\/fotos\/2026\/09\/04\/e_1788528395_87399.webp\" loading=\"lazy\" width=\"600\" height=\"400\" alt=\"Arquitecto Rodolfo Bassi, v\u00edctima de homicidio.-\"\/><figcaption>\n            <span>Arquitecto Rodolfo Bassi, v\u00edctima de homicidio.-<\/span><br \/>\n        <\/figcaption><\/figure>\n<p><!-- embed end --><br \/>\n<!-- end object --><\/p>\n<p>Inicialmente fueron hasta el departamento donde sab\u00edan que hab\u00eda estado trabajando, pero encontraron todo cerrado. Posteriormente ingresaron con un cerrajero a la vivienda particular del arquitecto en calle Dupuy y comprobaron que tampoco se encontraba all\u00ed y que faltaba su motocicleta.  <\/p>\n<p><!-- is a <br \/>--><\/p>\n<p>\u00a0<\/p>\n<p><!-- is a <br \/>--><\/p>\n<p>La b\u00fasqueda volvi\u00f3 entonces a Paran\u00e1 XIV. Con la colaboraci\u00f3n de una vecina, un polic\u00eda consigui\u00f3 acceder por el sector posterior hasta el balc\u00f3n e ingres\u00f3 a la propiedad.  <\/p>\n<p><!-- is a <br \/>--><\/p>\n<p>\u00a0<\/p>\n<p><!-- is a <br \/>--><\/p>\n<p>All\u00ed encontr\u00f3 a <b>Rodolfo Bassi sin vida en el piso y rodeado de rastros de sangre<\/b>. A partir de ese momento se dio intervenci\u00f3n a la Divisi\u00f3n Homicidios, Polic\u00eda Cient\u00edfica, el Cuerpo M\u00e9dico Forense y al fiscal Pereyra.  <\/p>\n<p><!-- is a <br \/>--><\/p>\n<p><!-- is a object --><br \/>\n<!-- embed start --><!-- embed end --><br \/>\n<!-- end object --><\/p>\n<p><!-- is a object --><\/p>\n<h3>La relaci\u00f3n de confianza y la hip\u00f3tesis de Fiscal\u00eda<\/h3>\n<p><!-- end object --><\/p>\n<p>\u00a0<\/p>\n<p><!-- is a <br \/>--><\/p>\n<p>Uno de los elementos centrales de la pesquisa es el v\u00ednculo previo que exist\u00eda entre la v\u00edctima y al menos uno de los investigados. De acuerdo con los datos reunidos mediante testimonios, <b>Aguilar realizaba habitualmente trabajos de mantenimiento en propiedades de Bassi<\/b> y el arquitecto incluso le habr\u00eda facilitado alojamiento en algunos de sus departamentos.  <\/p>\n<p><!-- is a <br \/>--><\/p>\n<p>\u00a0<\/p>\n<p><!-- is a <br \/>--><\/p>\n<p>Los testimonios permitieron reconstruir que Bassi hab\u00eda llevado a Inofre a trabajar al departamento e incluso hab\u00eda dejado all\u00ed un colch\u00f3n y una manta para que pudiera quedarse y evitar una posible usurpaci\u00f3n. De hecho, un vecino declar\u00f3 que el d\u00eda del crimen escuch\u00f3 dos voces dentro del departamento. Identific\u00f3 una como la de Inofre y asegur\u00f3 que la segunda no correspond\u00eda a Bassi. Para Fiscal\u00eda, esto indicaba la presencia de una tercera persona.  <\/p>\n<p><!-- is a <br \/>--><\/p>\n<p>\u00a0<\/p>\n<p><!-- is a <br \/>--><\/p>\n<p>La Fiscal\u00eda investiga si ese conocimiento de las propiedades y de las rutinas de Bassi fue aprovechado para concretar el robo. La pesquisa desarrollada por la Divisi\u00f3n Homicidios, encabezada por Miguel Della Valle, avanz\u00f3 r\u00e1pidamente sobre Aguilar e Inofre como sospechosos.  <\/p>\n<p><!-- is a <br \/>--><\/p>\n<p><!-- is a object --><br \/>\n<!-- embed start --><!-- embed end --><br \/>\n<!-- end object --><\/p>\n<p>\u00a0<\/p>\n<p><!-- is a <br \/>--><\/p>\n<p><!-- is a object --><\/p>\n<h3>Uno de los acusados intent\u00f3 viajar a Misiones<\/h3>\n<p><!-- end object --><\/p>\n<p>\u00a0<\/p>\n<p><!-- is a <br \/>--><\/p>\n<p>Uno de los imputados fue localizado en Paran\u00e1, mientras que <b>Inofre<\/b> emprendi\u00f3 un viaje fuera de la ciudad tras el crimen. Seg\u00fan la investigaci\u00f3n, se dirigi\u00f3 a la Terminal de \u00d3mnibus de Paran\u00e1 y abord\u00f3 un colectivo de larga distancia que viajaba hacia <b>Misiones<\/b>.  <\/p>\n<p><!-- is a <br \/>--><\/p>\n<p>\u00a0<\/p>\n<p><!-- is a <br \/>--><\/p>\n<p>Al detectar el desplazamiento, la Polic\u00eda entrerriana coordin\u00f3 un operativo con efectivos de Federal. El colectivo fue interceptado sobre la <b>Ruta Nacional 127<\/b> y posteriormente escoltado hasta la terminal de esa ciudad, donde Inofre fue detenido.  <\/p>\n<p><!-- is a <br \/>--><\/p>\n<p>\u00a0<\/p>\n<p><!-- is a <br \/>--><\/p>\n<p>La investigaci\u00f3n permiti\u00f3 adem\u00e1s recuperar la motocicleta de Bassi, que hab\u00eda sido localizada en poder de una tercera persona. Su recorrido posterior al crimen tambi\u00e9n es analizado por los investigadores.  <\/p>\n<p><!-- is a <br \/>--><\/p>\n<p><!-- is a object --><br \/>\n<!-- embed start --><!-- embed end --><br \/>\n<!-- end object --><\/p>\n<p>\u00a0<\/p>\n<p><!-- is a <br \/>--><\/p>\n<p><!-- is a object --><\/p>\n<h3>La gravedad de la acusaci\u00f3n presentada por Fiscal\u00eda<\/h3>\n<p><!-- end object --><\/p>\n<p>\u00a0<\/p>\n<p><!-- is a <br \/>--><\/p>\n<p>La Fiscal\u00eda encuadr\u00f3 el hecho como <b>homicidio doblemente agravado por alevos\u00eda y criminis causa<\/b>, adem\u00e1s del delito contra la propiedad que se les atribuye. Bajo la hip\u00f3tesis fiscal, el crimen habr\u00eda sido cometido aprovechando el estado de indefensi\u00f3n de Bassi y con la finalidad de concretar u ocultar el robo investigado. <\/p>\n<p><!-- is a <br \/>--><\/p>\n<p>\u00a0<\/p>\n<p><!-- is a <br \/>--><\/p>\n<p>El juez remarc\u00f3 que, <b>si esa calificaci\u00f3n se mantiene durante el proceso y eventualmente se arriba a una condena, el homicidio agravado contempla la pena de prisi\u00f3n perpetua<\/b>. Esa expectativa de pena fue considerada al momento de analizar los riesgos procesales. <\/p>\n<p><!-- is a <br \/>--><\/p>\n<p>\u00a0<\/p>\n<p><!-- is a <br \/>--><\/p>\n<p>No obstante, dej\u00f3 expresamente establecido que la imputaci\u00f3n formulada por Fiscal\u00eda <b>podr\u00e1 ser discutida por las defensas<\/b>, tanto respecto de la calificaci\u00f3n jur\u00eddica como de la participaci\u00f3n que se atribuye a Aguilar e Inofre. <\/p>\n<p><!-- is a <br \/>--><\/p>\n<p><!-- is a object --><\/p>\n<h3> <\/h3>\n<p><!-- end object --><\/p>\n<p><!-- is a object --><\/p>\n<h3>Los riesgos procesales que tuvo en cuenta el juez<\/h3>\n<p><!-- end object --><\/p>\n<p>\u00a0<\/p>\n<p><!-- is a <br \/>--><\/p>\n<p>En el caso de <b>Inofre<\/b>, el magistrado valor\u00f3 especialmente lo sucedido despu\u00e9s del crimen. El hombre fue localizado cuando viajaba en un colectivo de larga distancia hacia Misiones, luego de haber salido de Paran\u00e1. Esa circunstancia fue considerada como un indicador de un eventual <b>peligro de fuga<\/b>, uno de los riesgos que pueden justificar una medida de coerci\u00f3n mientras contin\u00faa una investigaci\u00f3n penal. <\/p>\n<p><!-- is a <br \/>--><\/p>\n<p>\u00a0<\/p>\n<p><!-- is a <br \/>--><\/p>\n<p>Respecto de <b>Aguilar<\/b>, el juez tuvo en cuenta que, seg\u00fan lo expuesto durante la audiencia, <b>habr\u00eda modificado su apariencia al cortarse el cabello despu\u00e9s del homicidio<\/b>. Esa conducta fue ponderada dentro del an\u00e1lisis sobre un posible entorpecimiento de la investigaci\u00f3n. <\/p>\n<p><!-- is a <br \/>--><\/p>\n<p>\u00a0<\/p>\n<p><!-- is a <br \/>--><\/p>\n<p>Aunque se\u00f1al\u00f3 que los imputados no tendr\u00edan antecedentes penales, el magistrado entendi\u00f3 que <b>la gravedad del hecho atribuido, la elevada expectativa de pena y determinadas conductas posteriores al crimen<\/b> justificaban que ambos permanecieran privados de su libertad durante esta etapa. <\/p>\n<p><!-- is a <br \/>--><\/p>\n<p><!-- is a object --><\/p>\n<h3> <\/h3>\n<p><!-- end object --><\/p>\n<p>\u00a0<\/p>\n<p><!-- is a <br \/>--><\/p>\n<p><!-- is a object --><\/p>\n<h3>Por qu\u00e9 dispuso 60 d\u00edas y no los 90 solicitados<\/h3>\n<p><!-- end object --><\/p>\n<p>\u00a0<\/p>\n<p><!-- is a <br \/>--><\/p>\n<p>La Fiscal\u00eda hab\u00eda requerido <b>90 d\u00edas de prisi\u00f3n preventiva<\/b>, pero el juez consider\u00f3 que ese per\u00edodo era excesivo para las necesidades actuales de la causa. <\/p>\n<p><!-- is a <br \/>--><\/p>\n<p>\u00a0<\/p>\n<p><!-- is a <br \/>--><\/p>\n<p>Uno de los argumentos fue el importante avance que experiment\u00f3 la investigaci\u00f3n en un per\u00edodo muy breve. En apenas tres d\u00edas se realizaron numerosas medidas y se incorporaron elementos relevantes para reconstruir el homicidio. <\/p>\n<p><!-- is a <br \/>--><\/p>\n<p>\u00a0<\/p>\n<p><!-- is a <br \/>--><\/p>\n<p>Por ese motivo, el magistrado estableci\u00f3 finalmente <b>60 d\u00edas de prisi\u00f3n preventiva para Aguilar e Inofre en la Unidad Penal N\u00ba1 de Paran\u00e1<\/b>. <\/p>\n<p><!-- is a <br \/>--><\/p>\n<p>\u00a0<\/p>\n<p><!-- is a <br \/>--><\/p>\n<p>La medida podr\u00e1 ser revisada de acuerdo con la evoluci\u00f3n de la investigaci\u00f3n, las pruebas que incorpore el Ministerio P\u00fablico Fiscal y los planteos que realicen las respectivas defensas. Mientras tanto, <b>la responsabilidad penal de ambos contin\u00faa bajo investigaci\u00f3n y deber\u00e1 ser determinada judicialmente<\/b>.<\/p>\n<\/p><\/div>\n","protected":false},"excerpt":{"rendered":"<p>Los acusados del homicidio de Rodolfo Bassi fueron imputados este viernes y permanecer\u00e1n alojados en la Unidad Penal N\u00ba1 de Paran\u00e1 mientras avanza la investigaci\u00f3n por el crimen ocurrido en barrio Paran\u00e1 XIV. Se trata de Carlos Gast\u00f3n Aguilar, de 48 a\u00f1os, y Claudio Ram\u00f3n Inofre, de 52, alias \u201cToco\u201d, a quienes la Fiscal\u00eda atribuye [&hellip;]<\/p>\n","protected":false},"author":1,"featured_media":25041,"comment_status":"open","ping_status":"open","sticky":false,"template":"","format":"standard","meta":{"footnotes":""},"categories":[1],"tags":[],"class_list":["post-25040","post","type-post","status-publish","format-standard","has-post-thumbnail","hentry","category-uncategorized"],"_links":{"self":[{"href":"https:\/\/cliente1.publisher.highstack.com.ar\/index.php?rest_route=\/wp\/v2\/posts\/25040","targetHints":{"allow":["GET"]}}],"collection":[{"href":"https:\/\/cliente1.publisher.highstack.com.ar\/index.php?rest_route=\/wp\/v2\/posts"}],"about":[{"href":"https:\/\/cliente1.publisher.highstack.com.ar\/index.php?rest_route=\/wp\/v2\/types\/post"}],"author":[{"embeddable":true,"href":"https:\/\/cliente1.publisher.highstack.com.ar\/index.php?rest_route=\/wp\/v2\/users\/1"}],"replies":[{"embeddable":true,"href":"https:\/\/cliente1.publisher.highstack.com.ar\/index.php?rest_route=%2Fwp%2Fv2%2Fcomments&post=25040"}],"version-history":[{"count":0,"href":"https:\/\/cliente1.publisher.highstack.com.ar\/index.php?rest_route=\/wp\/v2\/posts\/25040\/revisions"}],"wp:featuredmedia":[{"embeddable":true,"href":"https:\/\/cliente1.publisher.highstack.com.ar\/index.php?rest_route=\/wp\/v2\/media\/25041"}],"wp:attachment":[{"href":"https:\/\/cliente1.publisher.highstack.com.ar\/index.php?rest_route=%2Fwp%2Fv2%2Fmedia&parent=25040"}],"wp:term":[{"taxonomy":"category","embeddable":true,"href":"https:\/\/cliente1.publisher.highstack.com.ar\/index.php?rest_route=%2Fwp%2Fv2%2Fcategories&post=25040"},{"taxonomy":"post_tag","embeddable":true,"href":"https:\/\/cliente1.publisher.highstack.com.ar\/index.php?rest_route=%2Fwp%2Fv2%2Ftags&post=25040"}],"curies":[{"name":"wp","href":"https:\/\/api.w.org\/{rel}","templated":true}]}}