{"id":25038,"date":"2026-09-04T12:18:31","date_gmt":"2026-09-04T15:18:31","guid":{"rendered":"https:\/\/cliente1.publisher.highstack.com.ar\/?p=25038"},"modified":"2026-09-04T12:18:31","modified_gmt":"2026-09-04T15:18:31","slug":"donald-trump-le-pedira-a-europa-un-reembolso-por-la-ayuda-de-eeuu-a-ucrania","status":"publish","type":"post","link":"https:\/\/cliente1.publisher.highstack.com.ar\/?p=25038","title":{"rendered":"Donald Trump le pedir\u00e1 a Europa un reembolso por la ayuda de EEUU a Ucrania"},"content":{"rendered":"<div>\t\t<!-- { REGION4 --> <\/p>\n<article class=\"article-body article-body--first-paragraph\" data-td-script-src=\"https:\/\/www.ambito.com\/td\/modulos\/encuestas\/js\/function-embeds-min-version-1788408512.js\">\n<p id=\"p-1788531579151-41814\"><strong> El presidente estadounidense Donald Trump adelant\u00f3 que su pa\u00eds le pedir\u00e1 a los pa\u00edses europeos un reembolso<\/strong> de la ayuda proporcionada a <strong>Ucrania<\/strong>. La suma corresponde al gobierno de su predecesor, <strong> Joe Biden, <\/strong>y la demanda responde a una intenci\u00f3n del republicano de que en el continente asuma una mayor parte del coste del apoyo occidental en la guerra con <strong>Rusia<\/strong>, comenzada en febrero de 2022.<\/p>\n<\/article>\n<article class=\"article-body article-body--second-paragraph\">\n<p id=\"p-1788532363784-26785\">&#8220;Se entregaron cientos de miles de millones de d\u00f3lares a Ucrania y a la <strong>OTAN<\/strong>, gratis, <strong>que Europa habr\u00eda pagado si se lo hubieran pedido, pero pediremos ese dinero, aunque sea con algo de retraso<\/strong>&#8220;, escribi\u00f3 Trump este jueves en su plataforma Truth Social.<\/p>\n<\/article>\n<article class=\"article-body article-body--third-paragraph\">\n<h2 id=\"p-1788532373592-1621\"> Donald Trump le pedir\u00e1 a Europa un reembolso de la ayuda de EEUU a Ucrania<\/h2>\n<p id=\"p-1788532373592-1621\">En su mensaje, no especific\u00f3 qu\u00e9 pa\u00edses consideraba para el pago, a su vez que<strong> rechaz\u00f3 las informaciones de que las fuerzas armadas estadounidenses se est\u00e1n quedando sin municiones en su guerra contra Ir\u00e1n<\/strong>. &#8220;Tenemos cantidades pr\u00e1cticamente ilimitadas de municiones de calibre medio y alto&#8221;, escribi\u00f3, y a\u00f1adi\u00f3 que las municiones se est\u00e1n produciendo a &#8220;niveles nunca antes vistos&#8221;.<\/p>\n<\/article>\n<article class=\"article-body article-body--fourth-paragraph\">\n<p id=\"p-1788531579151-63211\">Trump refiri\u00f3 que su pa\u00eds<strong> acumula reservas y se prepara para contingencias<\/strong>, por lo que hab\u00eda suspendido temporalmente las ventas de armas al exterior. &#8220;Las [municiones] las reservamos para nosotros, Estados Unidos, en lugar de venderlas a otros, pero las ventas a los aliados pronto volver\u00e1n a comenzar&#8221;, indic\u00f3.<\/p>\n<\/article>\n<article class=\"article-body article-body--fifth-paragraph\">\n<div contenteditable=\"false\" class=\"embed_cont type_imagen\" id=\"8173463-Libre-1217884476_wrap\">\n<div id=\"8173463-Libre-1217884476_content\" class=\"embed_content\"><img src=\"https:\/\/media.ambito.com\/p\/cb020b8ab16380bba819cfd5be878976\/adjuntos\/239\/imagenes\/043\/085\/0043085951\/rusia-ataque-ucrania-1.jpg?2026-01-09-11-33-35\" decoding=\"async\" fetchpriority=\"low\" loading=\"lazy\" alt=\"\" se=\"\" entregaron=\"\" cientos=\"\" de=\"\" miles=\"\" millones=\"\" d=\"\" oacute=\"\" lares=\"\" a=\"\" ucrania=\"\" y=\"\" la=\"\" otan=\"\" gratis=\"\" sentenci=\"\" el=\"\" republicano=\"\" title=\"\" width=\"690\" height=\"460\" id=\"8173463-Libre-1217884476_embed\"\/><\/div>\n<div class=\"embed_wrapper-cont\" id=\"p-1788532945067-98495\">\n<div id=\"8173463-Libre-1217884476_epigrafe\" class=\"embed_epigrafe\">\n<p id=\"p-1788533118498-7325\">&#8220;Se entregaron cientos de miles de millones de d\u00f3lares a Ucrania y a la OTAN, gratis&#8221;, sentenci\u00f3 el republicano.<\/p>\n<\/div><\/div>\n<\/p><\/div>\n<h2 id=\"p-1788532842986-28285\">Alerta nuclear en Ucrania: Zaporiyia lleva m\u00e1s de una semana sin electricidad, advirti\u00f3 la OIEA<\/h2>\n<p id=\"p-1788111267750-30684\" class=\"\">La <a href=\"https:\/\/www.ambito.com\/la-guerra-ucrania-deja-la-central-zaporiyia-su-ultima-linea-electrica-externa-n6312907\" target=\"_blank\" rel=\"follow noopener\" data-mrf-recirculation=\"Article - Paragraph Links\" data-mrf-link=\"https:\/\/www.ambito.com\/la-guerra-ucrania-deja-la-central-zaporiyia-su-ultima-linea-electrica-externa-n6312907\" cmp-ltrk=\"Article - Paragraph Links\" cmp-ltrk-idx=\"0\" mrfobservableid=\"537e6faf-10be-42b3-a79e-6465bcaaa3cf\">central nuclear de Zaporiyia permanece desde <strong>hace m\u00e1s de una semana sin suministro el\u00e9ctrico externo y depende de generadores di\u00e9sel de emergencia<\/strong>, inform\u00f3 el Organismo Internacional de Energ\u00eda At\u00f3mica (OIEA). La planta necesita energ\u00eda para mantener refrigerados sus seis reactores, que permanecen fuera de servicio desde 2022.<\/p>\n<\/article>\n<article class=\"article-body article-body--remaining-paragraph\">\n<p id=\"p-1788111267750-14609\" class=\"\">El organismo de vigilancia nuclear de la ONU se\u00f1al\u00f3 que <strong>la reserva de di\u00e9sel disponible alcanza para unos 10 d\u00edas<\/strong>, mientras intenta garantizar el abastecimiento necesario para sostener los sistemas de seguridad. La central no recib\u00eda combustible desde una instalaci\u00f3n de almacenamiento externo desde hac\u00eda aproximadamente seis meses.<\/p>\n<p id=\"p-1788111267750-68301\" class=\"\">Sin embargo, el jueves y el viernes la planta <strong>recibi\u00f3 nuevas provisiones de di\u00e9sel desde otra ubicaci\u00f3n situada fuera de sus instalaciones<\/strong>, lo que permiti\u00f3 reforzar temporalmente las reservas. Para el OIEA, contar con combustible suficiente resulta indispensable mientras contin\u00fae interrumpido el suministro habitual.<\/p>\n<\/article>\n<p>\t\t<!-- REGION4 } --><\/div>\n<p><script>\n!function(f,b,e,v,n,t,s)\n{if(f.fbq)return;n=f.fbq=function(){n.callMethod?\nn.callMethod.apply(n,arguments):n.queue.push(arguments)};\nif(!f._fbq)f._fbq=n;n.push=n;n.loaded=!0;n.version='2.0';\nn.queue=[];t=b.createElement(e);t.async=!0;\nt.src=v;s=b.getElementsByTagName(e)[0];\ns.parentNode.insertBefore(t,s)}(window,document,'script',\n'\nfbq('init', '2047048335588113');\nfbq('track', 'PageView');\n<\/script><\/p>\n","protected":false},"excerpt":{"rendered":"<p>El presidente estadounidense Donald Trump adelant\u00f3 que su pa\u00eds le pedir\u00e1 a los pa\u00edses europeos un reembolso de la ayuda proporcionada a Ucrania. La suma corresponde al gobierno de su predecesor, Joe Biden, y la demanda responde a una intenci\u00f3n del republicano de que en el continente asuma una mayor parte del coste del apoyo [&hellip;]<\/p>\n","protected":false},"author":1,"featured_media":25039,"comment_status":"open","ping_status":"open","sticky":false,"template":"","format":"standard","meta":{"footnotes":""},"categories":[1],"tags":[],"class_list":["post-25038","post","type-post","status-publish","format-standard","has-post-thumbnail","hentry","category-uncategorized"],"_links":{"self":[{"href":"https:\/\/cliente1.publisher.highstack.com.ar\/index.php?rest_route=\/wp\/v2\/posts\/25038","targetHints":{"allow":["GET"]}}],"collection":[{"href":"https:\/\/cliente1.publisher.highstack.com.ar\/index.php?rest_route=\/wp\/v2\/posts"}],"about":[{"href":"https:\/\/cliente1.publisher.highstack.com.ar\/index.php?rest_route=\/wp\/v2\/types\/post"}],"author":[{"embeddable":true,"href":"https:\/\/cliente1.publisher.highstack.com.ar\/index.php?rest_route=\/wp\/v2\/users\/1"}],"replies":[{"embeddable":true,"href":"https:\/\/cliente1.publisher.highstack.com.ar\/index.php?rest_route=%2Fwp%2Fv2%2Fcomments&post=25038"}],"version-history":[{"count":0,"href":"https:\/\/cliente1.publisher.highstack.com.ar\/index.php?rest_route=\/wp\/v2\/posts\/25038\/revisions"}],"wp:featuredmedia":[{"embeddable":true,"href":"https:\/\/cliente1.publisher.highstack.com.ar\/index.php?rest_route=\/wp\/v2\/media\/25039"}],"wp:attachment":[{"href":"https:\/\/cliente1.publisher.highstack.com.ar\/index.php?rest_route=%2Fwp%2Fv2%2Fmedia&parent=25038"}],"wp:term":[{"taxonomy":"category","embeddable":true,"href":"https:\/\/cliente1.publisher.highstack.com.ar\/index.php?rest_route=%2Fwp%2Fv2%2Fcategories&post=25038"},{"taxonomy":"post_tag","embeddable":true,"href":"https:\/\/cliente1.publisher.highstack.com.ar\/index.php?rest_route=%2Fwp%2Fv2%2Ftags&post=25038"}],"curies":[{"name":"wp","href":"https:\/\/api.w.org\/{rel}","templated":true}]}}