{"id":25034,"date":"2026-09-04T12:11:34","date_gmt":"2026-09-04T15:11:34","guid":{"rendered":"https:\/\/cliente1.publisher.highstack.com.ar\/?p=25034"},"modified":"2026-09-04T12:11:34","modified_gmt":"2026-09-04T15:11:34","slug":"crimen-del-arquitecto-bassi-imputaron-a-los-detenidos-y-cumpliran-prision-preventiva-en-la-carcel","status":"publish","type":"post","link":"https:\/\/cliente1.publisher.highstack.com.ar\/?p=25034","title":{"rendered":"Crimen del arquitecto Bassi: imputaron a los detenidos y cumplir\u00e1n prisi\u00f3n preventiva en la c\u00e1rcel"},"content":{"rendered":"<p><\/p>\n<div>\n<p>El Ministerio P\u00fablico Fiscal imput\u00f3 este viernes a dos hombres por el crimen del arquitecto Rodolfo Augusto Bassi, cuyo cuerpo fue encontrado el mi\u00e9rcoles por la tarde en un departamento de su propiedad en el barrio Paran\u00e1 XIV.  <\/p>\n<p><!-- is a <br \/>--><\/p>\n<p>\u00a0<\/p>\n<p><!-- is a <br \/>--><\/p>\n<p>Los acusados son Carlos Gast\u00f3n Aguilar de 48 a\u00f1os, un alba\u00f1il de confianza de la v\u00edctima, y Claudio Ram\u00f3n Inofre de 52 a\u00f1os, considerado c\u00f3mplice y que fue capturado en Federal mientras intentaba escaparse hacia la provincia de Misiones.  <\/p>\n<p><!-- is a <br \/>--><\/p>\n<p><!-- is a object --><br \/>\n<!-- embed start --><\/p>\n<figure class=\"embed\">\n<p>    <img decoding=\"async\" src=\"https:\/\/elonce-media.elonce.com\/fotos\/2026\/09\/04\/e_1788533254_88240.webp\" loading=\"lazy\" width=\"600\" height=\"400\" alt=\"Inofre y Aguirre\"\/><figcaption>\n            <span>Inofre y Aguirre<\/span><br \/>\n        <\/figcaption><\/figure>\n<p><!-- embed end --><br \/>\n<!-- end object --><\/p>\n<p>\u00a0<\/p>\n<p><!-- is a <br \/>--><\/p>\n<p>Los dos hombres fueron imputados por el fiscal Juan Manuel Pereyra en una audiencia que se realiz\u00f3 esta ma\u00f1ana ante el juez de Garant\u00edas Jorge Sueldo. En la ocasi\u00f3n, ambos acusados se abstuvieron de declarar.  <\/p>\n<p><!-- is a <br \/>--><\/p>\n<p>\u00a0<\/p>\n<p><!-- is a <br \/>--><\/p>\n<p>Asimismo, el magistrado hizo lugar al pedido del fiscal y envi\u00f3 a los imputados a la Unidad Penal N\u00b0 1 de Paran\u00e1 con prisi\u00f3n preventiva por 45 d\u00edas, con el objetivo de resguardar la investigaci\u00f3n.  <\/p>\n<p><!-- is a <br \/>--><\/p>\n<p><!-- is a object --><br \/>\n<!-- embed start --><!-- embed end --><br \/>\n<!-- end object --><\/p>\n<p>\u00a0<\/p>\n<p><!-- is a <br \/>--><\/p>\n<p>\u00a0<\/p>\n<p><!-- is a <br \/>--><\/p>\n<p><!-- is a object --><\/p>\n<h3>El crimen<\/h3>\n<p><!-- end object --><\/p>\n<p>El crimen comenz\u00f3 a esclarecerse el martes por la tarde, cuando <b>Bassi dej\u00f3 de mantener contacto con su familia mientras realizaba refacciones en uno de sus departamentos<\/b>, ubicado en la zona de Churruar\u00edn y Blas Parera. El inmueble estaba siendo acondicionado para ponerlo en alquiler.  <\/p>\n<p><!-- is a <br \/>--><\/p>\n<p>\u00a0<\/p>\n<p><!-- is a <br \/>--><\/p>\n<p>Durante la siesta hab\u00eda intercambiado mensajes por WhatsApp con su pareja, pero <b>despu\u00e9s de las 16 dej\u00f3 de responder<\/b>. Con el paso de las horas y ante la falta de noticias, sus familiares comenzaron a preocuparse e iniciaron la b\u00fasqueda.  <\/p>\n<p><!-- is a <br \/>--><\/p>\n<p>Cerca de la medianoche acudieron a la Comisar\u00eda 12\u00b0. Posteriormente, durante la madrugada, regresaron acompa\u00f1ados por un cerrajero para poder ingresar a la vivienda principal de Bassi, ubicada en calle Dupuy.  <\/p>\n<p><!-- is a <br \/>--><\/p>\n<p>\u00a0<\/p>\n<p><!-- is a <br \/>--><\/p>\n<p>Al comprobar que <b>no estaban ni el hombre ni su motocicleta<\/b>, realizaron una exposici\u00f3n en la Comisar\u00eda Cuarta. Para entonces, los mensajes enviados por WhatsApp ya no llegaban al tel\u00e9fono de la v\u00edctima.  <\/p>\n<p><!-- is a <br \/>--><\/p>\n<p>\u00a0<\/p>\n<p><!-- is a <br \/>--><\/p>\n<p>La b\u00fasqueda se concentr\u00f3 nuevamente en el departamento donde Bassi hab\u00eda estado trabajando. Con la colaboraci\u00f3n de una vecina, un efectivo policial logr\u00f3 acceder al balc\u00f3n trasero del inmueble y posteriormente ingresar.  <\/p>\n<p><!-- is a <br \/>--><\/p>\n<p>\u00a0<\/p>\n<p><!-- is a <br \/>--><\/p>\n<p>En el interior <b>encontraron a Bassi sin vida, tendido en el piso y con abundante sangre<\/b>. Ante los signos de violencia, tom\u00f3 intervenci\u00f3n el fiscal Juan Manuel Pereyra, quien dispuso la participaci\u00f3n de la Divisi\u00f3n Homicidios, Polic\u00eda Cient\u00edfica y el Cuerpo M\u00e9dico Forense.  <\/p>\n<p><!-- is a <br \/>--><\/p>\n<p><!-- is a object --><br \/>\n<!-- embed start --><\/p>\n<figure class=\"embed\">\n<p>    <img decoding=\"async\" src=\"https:\/\/elonce-media.elonce.com\/fotos\/2026\/09\/04\/e_1788533254_34131.webp\" loading=\"lazy\" width=\"600\" height=\"400\" alt=\"Carlos Aguilar\"\/><figcaption>\n            <span>Carlos Aguilar<\/span><br \/>\n        <\/figcaption><\/figure>\n<p><!-- embed end --><br \/>\n<!-- end object --><\/p>\n<p><!-- is a object --><br \/>\n<!-- embed start --><\/p>\n<figure class=\"embed\">\n<p>    <img decoding=\"async\" src=\"https:\/\/elonce-media.elonce.com\/fotos\/2026\/09\/04\/e_1788533254_81678.webp\" loading=\"lazy\" width=\"600\" height=\"400\" alt=\"Claudio Infofre\"\/><figcaption>\n            <span>Claudio Infofre<\/span><br \/>\n        <\/figcaption><\/figure>\n<p><!-- embed end --><br \/>\n<!-- end object --><\/p>\n<p>\u00a0<\/p>\n<p><!-- is a <br \/>--><\/p>\n<p>\u00a0<\/p>\n<p><!-- is a <br \/>--><\/p>\n<p><!-- is a object --><br \/>\n<!-- embed start --><!-- embed end --><br \/>\n<!-- end object --><\/p>\n<p><!-- is a object --><br \/>\n<!-- embed start --><!-- embed end --><br \/>\n<!-- end object --><\/p>\n<p><!-- is a object --><br \/>\n<!-- embed start --><!-- embed end --><br \/>\n<!-- end object --><\/p>\n<p><!-- is a object --><br \/>\n<!-- embed start --><!-- embed end --><br \/>\n<!-- end object --><\/p><\/div>\n","protected":false},"excerpt":{"rendered":"<p>El Ministerio P\u00fablico Fiscal imput\u00f3 este viernes a dos hombres por el crimen del arquitecto Rodolfo Augusto Bassi, cuyo cuerpo fue encontrado el mi\u00e9rcoles por la tarde en un departamento de su propiedad en el barrio Paran\u00e1 XIV. \u00a0 Los acusados son Carlos Gast\u00f3n Aguilar de 48 a\u00f1os, un alba\u00f1il de confianza de la v\u00edctima, [&hellip;]<\/p>\n","protected":false},"author":1,"featured_media":25035,"comment_status":"open","ping_status":"open","sticky":false,"template":"","format":"standard","meta":{"footnotes":""},"categories":[1],"tags":[],"class_list":["post-25034","post","type-post","status-publish","format-standard","has-post-thumbnail","hentry","category-uncategorized"],"_links":{"self":[{"href":"https:\/\/cliente1.publisher.highstack.com.ar\/index.php?rest_route=\/wp\/v2\/posts\/25034","targetHints":{"allow":["GET"]}}],"collection":[{"href":"https:\/\/cliente1.publisher.highstack.com.ar\/index.php?rest_route=\/wp\/v2\/posts"}],"about":[{"href":"https:\/\/cliente1.publisher.highstack.com.ar\/index.php?rest_route=\/wp\/v2\/types\/post"}],"author":[{"embeddable":true,"href":"https:\/\/cliente1.publisher.highstack.com.ar\/index.php?rest_route=\/wp\/v2\/users\/1"}],"replies":[{"embeddable":true,"href":"https:\/\/cliente1.publisher.highstack.com.ar\/index.php?rest_route=%2Fwp%2Fv2%2Fcomments&post=25034"}],"version-history":[{"count":0,"href":"https:\/\/cliente1.publisher.highstack.com.ar\/index.php?rest_route=\/wp\/v2\/posts\/25034\/revisions"}],"wp:featuredmedia":[{"embeddable":true,"href":"https:\/\/cliente1.publisher.highstack.com.ar\/index.php?rest_route=\/wp\/v2\/media\/25035"}],"wp:attachment":[{"href":"https:\/\/cliente1.publisher.highstack.com.ar\/index.php?rest_route=%2Fwp%2Fv2%2Fmedia&parent=25034"}],"wp:term":[{"taxonomy":"category","embeddable":true,"href":"https:\/\/cliente1.publisher.highstack.com.ar\/index.php?rest_route=%2Fwp%2Fv2%2Fcategories&post=25034"},{"taxonomy":"post_tag","embeddable":true,"href":"https:\/\/cliente1.publisher.highstack.com.ar\/index.php?rest_route=%2Fwp%2Fv2%2Ftags&post=25034"}],"curies":[{"name":"wp","href":"https:\/\/api.w.org\/{rel}","templated":true}]}}