{"id":25032,"date":"2026-09-04T12:08:18","date_gmt":"2026-09-04T15:08:18","guid":{"rendered":"https:\/\/cliente1.publisher.highstack.com.ar\/?p=25032"},"modified":"2026-09-04T12:08:18","modified_gmt":"2026-09-04T15:08:18","slug":"megajuicio-por-corrupcion-la-decision-de-la-corte-es-un-balsamo-confirma-que-debemos-seguir-por-ese-camino","status":"publish","type":"post","link":"https:\/\/cliente1.publisher.highstack.com.ar\/?p=25032","title":{"rendered":"Megajuicio por corrupci\u00f3n: \u201cLa decisi\u00f3n de la Corte es un b\u00e1lsamo; confirma que debemos seguir por ese camino\u201d"},"content":{"rendered":"<p><\/p>\n<div class=\"body-noticia clearfix text-formatted field field--name-body field--type-text-with-summary field--label-hidden field__item\">\n<p>La procuradora adjunta del Ministerio P\u00fablico Fiscal (MPF) de Entre R\u00edos, Cecilia Goyeneche, se refiri\u00f3 a la decisi\u00f3n de la Corte Suprema de Justicia desestimar los recursos defensivos de Sergio Uribarri, Pedro B\u00e1ez, Juan Pablo Aguilera y el resto de los condenados en el megajuicio de corrupci\u00f3n, y habl\u00f3 de las implicancias de la medida.<\/p>\n<p>En declaraciones realizadas al programa <em>A Quien Corresponda (Radio Plaza 94.7)<\/em>, Goyeneche dijo que est\u00e1n \u201cmuy satisfechos\u201d en el MPF \u201cde que finalmente haya llegado la sentencia que est\u00e1bamos esperando\u201d. \u201cSab\u00edamos con total certeza de que esto iba a ser as\u00ed porque, de hecho, consideramos siempre que no se le deb\u00edan haber concedido estos recursos extraordinarios federales y que esa concesi\u00f3n de recursos fue simplemente una gracia que lo puso en dos a\u00f1os de espera, pero finalmente todo llega, hay que tener la suficiente paciencia y se confirm\u00f3 que todo el trabajo estuvo bien hecho y que esta condena es jur\u00eddicamente v\u00e1lida y valiosa\u201d, defini\u00f3.<\/p>\n<p>Sobre los pr\u00f3ximos pasos a seguir, indic\u00f3 que \u201catento a la decisi\u00f3n de la Corte, ayer los fiscales ya pidieron que se proceda a ejecutar la pena, y quienes tienen que resolver esto son los jueces que lo condenaron, la C\u00e1mara que lo conden\u00f3 que ya no est\u00e1 integrada por Jos\u00e9 Mar\u00eda Chemez, que presid\u00eda la C\u00e1mara y que se jubil\u00f3 poquitos meses despu\u00e9s, y se complet\u00f3 con el doctor Juli\u00e1n Vergara. Vergara, Castagno y Garz\u00f3n van a ser los que tienen que decidir la ejecuci\u00f3n de la pena que ellos impusieron. Algo que va a ocurrir seguramente en breve. Seguramente el expediente est\u00e1 todav\u00eda en la Corte, pero inmediatamente que se notifiquen formalmente de esta decisi\u00f3n van a tener que disponer a la ejecuci\u00f3n de la pena\u201d.<\/p>\n<p>Consultada respecto a la posibilidad de que las defensas puedan realizar alguna presentaci\u00f3n que pueda cambiar el curso de las cosas, Goyeneche afirm\u00f3 que \u201cahora tiene que ejecutarse la pena. Presentaciones no tengo ninguna duda que van a existir porque el derecho a peticionar es un derecho que tenemos todos y, obviamente, si uno est\u00e1 en una situaci\u00f3n cr\u00edtica de tener que empezar a cumplir una pena en la Unidad Penal, entiendo que seguramente sus abogados van a tratar de gestionarle alguna alternativa\u201d.<\/p>\n<p>\u201cLo que tampoco veo posible es que esas alternativas sean eficientes para evitar cumplir la pena en la Unidad Penal que les corresponda, porque las decisiones judiciales se basan en est\u00e1ndares, se basan en criterios que m\u00e1s o menos se tienen que respetar con cierta coherencia. Y, por lo que yo s\u00e9, no hay ning\u00fan motivo para que estas personas sean excepcionadas de lo que tiene que padecer cualquier otro condenado. Estas personas, m\u00e1s all\u00e1 de la situaci\u00f3n de poder que tienen o han tenido, y de lo triste que es que un exgobernador tenga que cumplir pena de prisi\u00f3n, en el sentido del Sistema Penitenciario o del sistema de ejecuci\u00f3n de penas, no tienen una condici\u00f3n que los diferencie del resto de los penados\u201d, advirti\u00f3.<\/p>\n<p>En cuanto al tiempo que puede llevar la comunicaci\u00f3n desde la Corte hacia la justicia entrerriana, explic\u00f3 que \u201cson todos expedientes digitales, con lo cual la bajada de autos es algo que se resuelve en dos o tres movimientos en una computadora. Puede llevar horas, pero hoy es un viernes y puede ser que ocurra hoy, puede ser que ocurra el lunes, puede ser que los vocales de la C\u00e1mara entiendan suficiente la comunicaci\u00f3n de la sentencia que se ha realizado ya que la Corte la publica en la p\u00e1gina oficial. Son los jueces los que deciden, yo no lo puedo aventurar\u201d.<\/p>\n<p>Desde el punto de vista de lo que deber\u00e1 disponer el Servicio Penitenciario para alojar al exgobernador, la fiscal se\u00f1al\u00f3 que \u201ccomo cualquier otro penado, una cama y un lugar con las mismas condiciones de dignidad que cualquiera de los otros penados\u201d. \u201cVivimos en un pa\u00eds donde lo primero que rige es una regla que es la igualdad; esto es una democracia. Entonces, as\u00ed sea exgobernador o exmendigo, las condiciones de igualdad son todas las mismas para todos y tiene que ser la c\u00e1rcel tan digna para uno como para otro, y si no lo es para uno o para otro, estamos en un problema. Con que tenga una cama, un ba\u00f1o y un lugar donde ducharse son m\u00e1s o menos las condiciones que tratan de respetarse; por supuesto tienen que garantizarle la seguridad, pero no veo ning\u00fan motivo por el cual esto sea un problema\u201d.<\/p>\n<p>Respecto del lugar de alojamiento de Urribarri, record\u00f3 que \u201cen su momento \u00e9l estuvo en la Unidad Penal 1, pero no quiere decir que esto vaya a ser el lugar de cumplimiento definitivo. En general, se trata de respetar las posibilidades de cercan\u00eda con los familiares y a esto seguramente \u00e9l o sus abogados lo gestionar\u00e1n en su momento, donde \u00e9l considera m\u00e1s conveniente, m\u00e1s adecuado o m\u00e1s c\u00f3modo poder mantener esos v\u00ednculos y en qu\u00e9 unidad penitenciaria de la provincia eso se satisface\u201d.<\/p>\n<p>En cuanto a un eventual arresto domiciliario, marc\u00f3 que \u201ca partir de los 70 a\u00f1os \u2013que no los tiene Uribarri- se puede disponer el arresto domiciliario. La jurisprudencia ha sido muy enf\u00e1tica en los \u00faltimos a\u00f1os, incluso la del Superior Tribunal de la Provincia Entre R\u00edos, en considerar que esto es una posibilidad, no es una obligaci\u00f3n para los jueces a los 70 a\u00f1os hacer cumplir en domiciliario la pena. As\u00ed que eso es algo que, en su momento, cuando ocurra, tendr\u00e1 que valorar la jueza de ejecuci\u00f3n y los fiscales que intervienen, por supuesto\u201d.<\/p>\n<p>\u201cEl ejemplo m\u00e1s contundente ha sido el de todas las personas condenadas en los delitos de lesa humanidad. En esos casos fue que se sent\u00f3 la jurisprudencia sobre c\u00f3mo resolver estas situaciones. Y en realidad, obviamente, a mayor edad de una persona hay que estar m\u00e1s atento a sus condiciones de salud y a sus condiciones de dignidad en la ejecuci\u00f3n de la pena, porque un deterioro muy importante de la salud puede hacer que la pena, que tiene que ser un lugar de cumplimiento digno, deje de serlo. Hay un mont\u00f3n de personas con problemas de salud en la Unidad Penal, much\u00edsimos, con muchas enfermedades muy diversas, y tambi\u00e9n hay mucha gente mayor de 70. Tener una enfermedad o tener m\u00e1s de 70 no genera la prisi\u00f3n domiciliaria; el valor que se tiene en cuenta all\u00ed es el respeto de la dignidad del penado y si su condici\u00f3n f\u00edsica hace que seguir en la Unidad Penal sea un trato cruel. En ese caso se dispone a domiciliario\u201d.<\/p>\n<p>Por otra parte, consultada sobre lo que implica la decisi\u00f3n de la Corte, Goyeneche asever\u00f3 que \u201cpara nosotros y para todos los fiscales del pa\u00eds es un espaldarazo de mostrarnos algo que es muy necesario poner sobre la mesa en estas democracias latinoamericanas tan vapuleadas, que es v\u00e1lido y es necesario que los fiscales defiendan su autonom\u00eda, su independencia. Y no solamente los fiscales porque este es un trabajo de fiscales, de empleados de Fiscal\u00eda, de profesionales que trabajaron en la causa dando sus conocimientos para esto e incluso de los testigos que se animaron a decir la verdad, que es algo que tambi\u00e9n nos cuesta mucho en \u00e1mbitos como este, que los testigos se animen a decir las cosas. Es mucho m\u00e1s f\u00e1cil encontrar gente olvidadiza que testigos que dicen la verdad. Entonces, para todos los que sentimos que hicimos lo que ten\u00edamos que hacer a\u00fan a costa de sacrificios posteriores, esto es una revalidaci\u00f3n y es un b\u00e1lsamo que llega y nos confirma que tenemos que seguir por ese camino, digamos. Me parece muy valioso socialmente tambi\u00e9n\u201d.<\/p>\n<p>\u201cEs importante para cualquier causa que implique investigar a alguien que tiene en el momento de la investigaci\u00f3n una cuota de poder importante. Creo que tambi\u00e9n para la comunidad. Una de las cuestiones m\u00e1s nocivas para el mantenimiento de las condiciones de la democracia, es esta sensaci\u00f3n que tenemos todos como ciudadanos de que siempre gana la impunidad. Esa sensaci\u00f3n es muy deteriorante institucionalmente, dejamos de confiar en nuestras instituciones porque tenemos esa sensaci\u00f3n de que no vale la pena investigar o ir a decir la verdad como testigo. Ac\u00e1 mostramos en un caso muy importante y con mucha trascendencia p\u00fablica que s\u00ed vale la pena\u201d, analiz\u00f3.<\/p>\n<p>En ese marco, resalt\u00f3 que \u201cpor ejemplo, con la sentencia que qued\u00f3 firme ayer se concretan los decomisos. El inmueble o los inmuebles donde estaban las imprentas en calle Racedo fue decomisado y a partir de ahora ese inmueble pasa a poder del Estado provincial, y ojal\u00e1 que los gobernantes decidan darle un fin muy vinculado al bien com\u00fan. Adem\u00e1s, a partir de ahora la Fiscal\u00eda de Estado tendr\u00eda que recuperar el dinero sustra\u00eddo en esta causa que eran como 9 millones de d\u00f3lares. Entonces, vale la pena. Vale la pena porque nosotros queremos seguir viviendo en esta democracia que es, sin lugar a dudas, la mejor forma que hemos encontrado para organizarnos los humanos. En ese sentido me parece que son muy valiosas estas situaciones\u201d.<\/p>\n<p>Consultada por la estructura judicial para llevar adelante este tipo de investigaciones, la fiscal sostuvo que \u201cen Entre R\u00edos, desde hace ya muchos a\u00f1os, la Procuraci\u00f3n General decidi\u00f3 priorizar las investigaciones de corrupci\u00f3n, y esa es una decisi\u00f3n que no fue solamente discursiva, sino que fue de volcar recursos. Entonces, nosotros ac\u00e1 en la Procuraci\u00f3n General, lo que hacemos es gestionar escasez; tenemos muy poquito personal en el Ministerio P\u00fablico, cada fiscal tiene un empleado y medio empleado m\u00e1s que colabora, y tenemos muy escaso personal. Pero en corrupci\u00f3n se ha tratado de volcar todo lo que se pueda de personal. No obstante, en alg\u00fan punto se ha mejorado desde que yo fui suspendida en el cargo, porque en este momento tenemos dos fiscales en la ciudad de Paran\u00e1 que se dedican exclusivamente a llevar causas de corrupci\u00f3n y tenemos cinco contadores en el Ministerio P\u00fablico que nos ayudan. Eso, si lo comparamos a nivel de las provincias argentinas, es una panacea pr\u00e1cticamente\u201d.<\/p>\n<p>\u201cObviamente que son investigaciones muy lentas, un poco porque uno tiene pocos recursos, pero m\u00e1s todav\u00eda porque se requiere mucha producci\u00f3n de prueba que es engorrosa, que la documental est\u00e1 en oficinas p\u00fablicas, que no necesariamente tienen demasiadas ganas de colaborar en algunos momentos, sobre todo cuando todav\u00eda est\u00e1 en el poder el investigado, y adem\u00e1s porque las defensas muchas veces se orientan a tratar de que pase el tiempo con la expectativa de que cambie el estado de cosas y que los fiscales se cansen, pierdan la informaci\u00f3n o que pase un milagro. Todo eso hace que las causas se demoren much\u00edsimo; el ejemplo son las causas que se remitieron a juicio entre el a\u00f1o pasado y este: la causa Contratos y la causa de Cardona Herreros, el empresario paraguayo que colabor\u00f3 con Urribarri para robar un mont\u00f3n de dinero de contrataciones de software. La audiencia de remisi\u00f3n a juicio de esa causa dur\u00f3 dos a\u00f1os, siendo que esa audiencia est\u00e1 programada en el sistema procesal para que dure un d\u00eda o dos d\u00edas. Esto no es casualidad, esto no es que dure dos a\u00f1os porque tiene que ser as\u00ed, sino que dura dos a\u00f1os porque es una disfuncionalidad buscada. Es decir que muchas veces tienen que ver los investigados en la b\u00fasqueda de la demora\u201d.<\/p>\n<p>\u201cPor eso la situaci\u00f3n en esto es de cultivar la paciencia, y esta condena que ayer se confirm\u00f3, nos muestra un poco que tambi\u00e9n vale la pena, aun cuando pase mucho tiempo\u201d, concluy\u00f3.<\/p>\n<p>\u00a0<\/p>\n<\/p>\n<div data-entity-type=\"node\" data-entity-uuid=\"499f0002-6bbd-4462-820f-8f5ef11f284f\" data-embed-button=\"node\" data-entity-embed-display=\"view_mode:node.imagen_titulo\" data-langcode=\"es\" data-entity-embed-display-settings=\"[]\" class=\"embedded-entity\">\n<article data-history-node-id=\"376213\" class=\"node node--type-noticia node--view-mode-imagen-titulo ds-1col clearfix\">\n<\/article>\n<\/div>\n<\/div>\n","protected":false},"excerpt":{"rendered":"<p>La procuradora adjunta del Ministerio P\u00fablico Fiscal (MPF) de Entre R\u00edos, Cecilia Goyeneche, se refiri\u00f3 a la decisi\u00f3n de la Corte Suprema de Justicia desestimar los recursos defensivos de Sergio Uribarri, Pedro B\u00e1ez, Juan Pablo Aguilera y el resto de los condenados en el megajuicio de corrupci\u00f3n, y habl\u00f3 de las implicancias de la medida. [&hellip;]<\/p>\n","protected":false},"author":1,"featured_media":25033,"comment_status":"open","ping_status":"open","sticky":false,"template":"","format":"standard","meta":{"footnotes":""},"categories":[1],"tags":[],"class_list":["post-25032","post","type-post","status-publish","format-standard","has-post-thumbnail","hentry","category-uncategorized"],"_links":{"self":[{"href":"https:\/\/cliente1.publisher.highstack.com.ar\/index.php?rest_route=\/wp\/v2\/posts\/25032","targetHints":{"allow":["GET"]}}],"collection":[{"href":"https:\/\/cliente1.publisher.highstack.com.ar\/index.php?rest_route=\/wp\/v2\/posts"}],"about":[{"href":"https:\/\/cliente1.publisher.highstack.com.ar\/index.php?rest_route=\/wp\/v2\/types\/post"}],"author":[{"embeddable":true,"href":"https:\/\/cliente1.publisher.highstack.com.ar\/index.php?rest_route=\/wp\/v2\/users\/1"}],"replies":[{"embeddable":true,"href":"https:\/\/cliente1.publisher.highstack.com.ar\/index.php?rest_route=%2Fwp%2Fv2%2Fcomments&post=25032"}],"version-history":[{"count":0,"href":"https:\/\/cliente1.publisher.highstack.com.ar\/index.php?rest_route=\/wp\/v2\/posts\/25032\/revisions"}],"wp:featuredmedia":[{"embeddable":true,"href":"https:\/\/cliente1.publisher.highstack.com.ar\/index.php?rest_route=\/wp\/v2\/media\/25033"}],"wp:attachment":[{"href":"https:\/\/cliente1.publisher.highstack.com.ar\/index.php?rest_route=%2Fwp%2Fv2%2Fmedia&parent=25032"}],"wp:term":[{"taxonomy":"category","embeddable":true,"href":"https:\/\/cliente1.publisher.highstack.com.ar\/index.php?rest_route=%2Fwp%2Fv2%2Fcategories&post=25032"},{"taxonomy":"post_tag","embeddable":true,"href":"https:\/\/cliente1.publisher.highstack.com.ar\/index.php?rest_route=%2Fwp%2Fv2%2Ftags&post=25032"}],"curies":[{"name":"wp","href":"https:\/\/api.w.org\/{rel}","templated":true}]}}