{"id":25027,"date":"2026-09-04T11:41:48","date_gmt":"2026-09-04T14:41:48","guid":{"rendered":"https:\/\/cliente1.publisher.highstack.com.ar\/?p=25027"},"modified":"2026-09-04T11:41:48","modified_gmt":"2026-09-04T14:41:48","slug":"la-nieta-de-salvador-allende-cruzo-a-javier-milei-por-reivindicar-el-golpe-de-estado","status":"publish","type":"post","link":"https:\/\/cliente1.publisher.highstack.com.ar\/?p=25027","title":{"rendered":"La nieta de Salvador Allende cruz\u00f3 a Javier Milei por reivindicar el golpe de Estado"},"content":{"rendered":"<div id=\"\">\n<p id=\"p-1788528377802-63139\" class=\"\">Milei hizo esas declaraciones durante la inauguraci\u00f3n del <strong>Foro Madrid<\/strong>, encuentro que re\u00fane a dirigentes y referentes de la derecha y la ultraderecha iberoamericana. All\u00ed afirm\u00f3 que <strong>\u201ctras el derrocamiento del comunista Allende, Chile entr\u00f3 en un periodo de estabilidad y crecimiento que se extendi\u00f3 por m\u00e1s de 40 a\u00f1os\u201d<\/strong> y sostuvo que ese proceso convirti\u00f3 al pa\u00eds en \u201cla envidia\u201d econ\u00f3mica de la regi\u00f3n.<\/p>\n<\/div>\n<div id=\"\">\n<p id=\"p-1788528377802-92790\" class=\"\"> Fern\u00e1ndez respondi\u00f3 p\u00fablicamente y cuestion\u00f3 que el Presidente argentino <strong>\u201celogia el derrocamiento de un Presidente elegido democr\u00e1ticamente\u201d<\/strong>. Seg\u00fan la exministra del gobierno de <strong>Gabriel Boric<\/strong>, esa mirada sobre la historia chilena <strong>\u201cnormaliza la ruptura institucional y el golpe de Estado\u201d<\/strong>.<\/p>\n<\/div>\n<div id=\"\">\n<p id=\"p-1788528377802-175\" class=\"\">\u201cEs una idea que ning\u00fan pa\u00eds que valore su democracia deber\u00eda tolerar, y menos a\u00fan celebrar destempladamente\u201d, sostuvo. La exfuncionaria tambi\u00e9n puso el foco en la proximidad de las declaraciones con el <strong>53\u00b0 aniversario del golpe militar del 11 de septiembre de 1973<\/strong>, encabezado por Augusto Pinochet.<\/p>\n<\/div>\n<div id=\"\">\n<p id=\"p-1788528377802-90899\" class=\"\">Fern\u00e1ndez record\u00f3 que esa fecha representa <strong>\u201cel inicio de una dictadura responsable de torturas, asesinatos, desapariciones forzadas y graves violaciones a los derechos humanos\u201d<\/strong>.<\/p>\n<\/div>\n<div id=\"\">\n<p id=\"p-1788528377802-69295\" class=\"\">En el tramo m\u00e1s cr\u00edtico de su pronunciamiento, sostuvo que las palabras de Milei <strong>\u201cevidencian una preocupante indolencia hacia las v\u00edctimas y sus familias, una falta de respeto por la memoria democr\u00e1tica de Chile y, en el fondo, una profunda falta de humanidad\u201d<\/strong>.<\/p>\n<h2 id=\"p-1788528377802-320\">La reivindicaci\u00f3n de Milei<\/h2>\n<p id=\"p-1788528377802-41734\" class=\"\">El discurso del Presidente argentino en Santiago estuvo atravesado por su habitual defensa de la denominada <strong>\u201cbatalla cultural\u201d<\/strong> <strong>contra la izquierda<\/strong>. En ese marco, utiliz\u00f3 la historia reciente de Chile como ejemplo de lo que considera la importancia de disputar las ideas en distintos \u00e1mbitos de la sociedad.<\/p>\n<p id=\"p-1788528377802-24663\" class=\"\">\u201cChile es un lugar emblem\u00e1tico, porque con su historia reciente nos recuerda el valor inmenso de dar la batalla cultural tras el derrocamiento del comunista Allende\u201d, afirm\u00f3 Milei, antes de celebrar <strong>\u201cla victoria de mi amigo Jos\u00e9 Antonio Kast\u201d<\/strong>.<\/p>\n<div contenteditable=\"false\" class=\"embed_cont type_imagen\" id=\"8273622-Libre-1340703619_wrap\">\n<div id=\"8273622-Libre-1340703619_content\" class=\"embed_content\"><img src=\"https:\/\/media.ambito.com\/p\/9bf7b3016a6dbb8ba341ecbade24d6de\/adjuntos\/239\/imagenes\/043\/621\/0043621381\/730x0\/801x954:821x974\/javier-milei-jose-kast.jpeg\" decoding=\"async\" fetchpriority=\"low\" loading=\"lazy\" alt=\"Archivo. En Santiago de Chile, Milei revindic\u00f3 el golpe de Estado contra Salvador Allende.\" title=\"Archivo. En Santiago de Chile, Milei revindic\u00f3 el golpe de Estado contra Salvador Allende.\" width=\"730\" height=\"undefined\" id=\"8273622-Libre-1340703619_embed\"\/><\/div>\n<div class=\"embed_wrapper-cont\" id=\"p-1788528837732-37365\">\n<div id=\"8273622-Libre-1340703619_epigrafe\" class=\"embed_epigrafe\">\n<p id=\"p-1788528887023-17586\">Archivo. En Santiago de Chile, Milei revindic\u00f3 el golpe de Estado contra Salvador Allende.<\/p>\n<\/div>\n<p>Casa Rosada<\/p>\n<\/div><\/div>\n<p id=\"p-1788528377802-34772\" class=\"\">El mandatario sostuvo que, despu\u00e9s de la ca\u00edda de Allende, <strong>\u201cganaron las ideas de la libertad\u201d<\/strong>, pero cuestion\u00f3 que la derecha chilena posteriormente abandonara la disputa ideol\u00f3gica en espacios como los medios de comunicaci\u00f3n y las universidades.<\/p>\n<p id=\"p-1788528377802-3252\" class=\"\">Para Milei, ese repliegue contribuy\u00f3 a explicar el escenario que deriv\u00f3 en el <strong>estallido social de 2019: <\/strong>\u201cSabemos que el motivo por el cual el estallido era inevitable fue que por demasiado tiempo aqu\u00ed descuidaron el terreno de la batalla de las ideas\u201d, afirm\u00f3.<\/p>\n<p id=\"p-1788528377802-39573\" class=\"\">El Presidente tambi\u00e9n rechaz\u00f3 que las protestas de 2019 fueran consecuencia de las desigualdades del modelo econ\u00f3mico chileno y sostuvo que las condiciones de vida de los sectores de menores ingresos del pa\u00eds eran superiores a las de otros pa\u00edses de la regi\u00f3n.<\/p>\n<p id=\"p-1788528377802-5472\" class=\"\">Seg\u00fan su interpretaci\u00f3n, la derecha hab\u00eda logrado imponerse durante d\u00e9cadas en el terreno econ\u00f3mico, pero permiti\u00f3 que la izquierda avanzara en el plano cultural. <strong>\u201cY cuando ellos ganan en el terreno del bien y del mal, terminan ganando pol\u00edticamente\u201d, sostuvo.<\/strong><\/p>\n<h2 id=\"p-1788528377802-18370\">Las cr\u00edticas a la izquierda y a Pedro S\u00e1nchez<\/h2>\n<p id=\"p-1788528377802-33657\" class=\"\">Milei extendi\u00f3 su discurso hacia el escenario pol\u00edtico regional y llam\u00f3 a los sectores de derecha a coordinarse frente a la izquierda, a la que acus\u00f3 de utilizar los medios de comunicaci\u00f3n para intentar recuperar espacios de poder. En ese tramo lanz\u00f3 algunas de las expresiones m\u00e1s duras de su intervenci\u00f3n. Calific\u00f3 a sus adversarios ideol\u00f3gicos de <strong>\u201czurdos mugrosos\u201d<\/strong> y defini\u00f3 a la izquierda como un <strong>\u201cc\u00e1ncer\u201d<\/strong>.<\/p>\n<p id=\"p-1788528377802-25865\" class=\"\">Tambi\u00e9n apunt\u00f3 contra <strong>Europa <\/strong>y, en particular, contra el presidente del Gobierno espa\u00f1ol, <strong>Pedro S\u00e1nchez<\/strong>, cuyo Ejecutivo calific\u00f3 como un <strong>\u201cgobierno de ladrones\u201d<\/strong>.<\/p>\n<p id=\"p-1788528377802-58574\" class=\"\">La intervenci\u00f3n de Milei tuvo como uno de sus principales ejes su respaldo a <strong>Jos\u00e9 Antonio Kast<\/strong>, en un contexto de cercan\u00eda pol\u00edtica entre ambos. Sin embargo, sus referencias a Allende y a la dictadura de Pinochet generaron r\u00e1pidamente una nueva controversia en Chile, donde la memoria del golpe de 1973 contin\u00faa siendo un tema especialmente sensible.<\/p>\n<p id=\"p-1788528377802-27279\">El cruce se produjo adem\u00e1s en medio de otra disputa reciente vinculada con <strong>Argentina y Chile<\/strong>. D\u00edas atr\u00e1s, Maya Fern\u00e1ndez hab\u00eda publicado en X un mensaje sobre la controversia bilateral por la soberan\u00eda de la estrat\u00e9gica v\u00eda mar\u00edtima austral: <strong>\u201cEl Estrecho de Magallanes es chileno\u201d<\/strong>.<\/p>\n<\/div>\n<p><script>\n!function(f,b,e,v,n,t,s)\n{if(f.fbq)return;n=f.fbq=function(){n.callMethod?\nn.callMethod.apply(n,arguments):n.queue.push(arguments)};\nif(!f._fbq)f._fbq=n;n.push=n;n.loaded=!0;n.version='2.0';\nn.queue=[];t=b.createElement(e);t.async=!0;\nt.src=v;s=b.getElementsByTagName(e)[0];\ns.parentNode.insertBefore(t,s)}(window,document,'script',\n'\nfbq('init', '2047048335588113');\nfbq('track', 'PageView');\n<\/script><\/p>\n","protected":false},"excerpt":{"rendered":"<p>Milei hizo esas declaraciones durante la inauguraci\u00f3n del Foro Madrid, encuentro que re\u00fane a dirigentes y referentes de la derecha y la ultraderecha iberoamericana. All\u00ed afirm\u00f3 que \u201ctras el derrocamiento del comunista Allende, Chile entr\u00f3 en un periodo de estabilidad y crecimiento que se extendi\u00f3 por m\u00e1s de 40 a\u00f1os\u201d y sostuvo que ese proceso [&hellip;]<\/p>\n","protected":false},"author":1,"featured_media":25028,"comment_status":"open","ping_status":"open","sticky":false,"template":"","format":"standard","meta":{"footnotes":""},"categories":[1],"tags":[],"class_list":["post-25027","post","type-post","status-publish","format-standard","has-post-thumbnail","hentry","category-uncategorized"],"_links":{"self":[{"href":"https:\/\/cliente1.publisher.highstack.com.ar\/index.php?rest_route=\/wp\/v2\/posts\/25027","targetHints":{"allow":["GET"]}}],"collection":[{"href":"https:\/\/cliente1.publisher.highstack.com.ar\/index.php?rest_route=\/wp\/v2\/posts"}],"about":[{"href":"https:\/\/cliente1.publisher.highstack.com.ar\/index.php?rest_route=\/wp\/v2\/types\/post"}],"author":[{"embeddable":true,"href":"https:\/\/cliente1.publisher.highstack.com.ar\/index.php?rest_route=\/wp\/v2\/users\/1"}],"replies":[{"embeddable":true,"href":"https:\/\/cliente1.publisher.highstack.com.ar\/index.php?rest_route=%2Fwp%2Fv2%2Fcomments&post=25027"}],"version-history":[{"count":0,"href":"https:\/\/cliente1.publisher.highstack.com.ar\/index.php?rest_route=\/wp\/v2\/posts\/25027\/revisions"}],"wp:featuredmedia":[{"embeddable":true,"href":"https:\/\/cliente1.publisher.highstack.com.ar\/index.php?rest_route=\/wp\/v2\/media\/25028"}],"wp:attachment":[{"href":"https:\/\/cliente1.publisher.highstack.com.ar\/index.php?rest_route=%2Fwp%2Fv2%2Fmedia&parent=25027"}],"wp:term":[{"taxonomy":"category","embeddable":true,"href":"https:\/\/cliente1.publisher.highstack.com.ar\/index.php?rest_route=%2Fwp%2Fv2%2Fcategories&post=25027"},{"taxonomy":"post_tag","embeddable":true,"href":"https:\/\/cliente1.publisher.highstack.com.ar\/index.php?rest_route=%2Fwp%2Fv2%2Ftags&post=25027"}],"curies":[{"name":"wp","href":"https:\/\/api.w.org\/{rel}","templated":true}]}}