{"id":25021,"date":"2026-09-04T11:00:07","date_gmt":"2026-09-04T14:00:07","guid":{"rendered":"https:\/\/cliente1.publisher.highstack.com.ar\/?p=25021"},"modified":"2026-09-04T11:00:07","modified_gmt":"2026-09-04T14:00:07","slug":"robo-a-una-marroquineria-en-concepcion-del-uruguay-allanaron-una-vivienda-y-recuperaron-parte-de-lo-sustraido","status":"publish","type":"post","link":"https:\/\/cliente1.publisher.highstack.com.ar\/?p=25021","title":{"rendered":"Robo a una marroquiner\u00eda en Concepci\u00f3n del Uruguay: allanaron una vivienda y recuperaron parte de lo sustra\u00eddo"},"content":{"rendered":"<p><\/p>\n<div>\n<p>Un <b>allanamiento por el robo a una marroquiner\u00eda en Concepci\u00f3n del Uruguay<\/b> arroj\u00f3 resultados positivos durante la noche del jueves, en el marco de una investigaci\u00f3n encabezada por personal de la Comisar\u00eda Tercera. <\/p>\n<p><!-- is a <br \/>--><\/p>\n<p>\u00a0<\/p>\n<p><!-- is a <br \/>--><\/p>\n<p>Seg\u00fan fuentes policiales, la causa se inici\u00f3 luego de un robo perpetrado en un comercio dedicado a la marroquiner\u00eda, ubicado sobre calle Balb\u00edn. De acuerdo con la denuncia realizada por el damnificado, desconocidos habr\u00edan forzado la puerta de acceso para ingresar al establecimiento y sustraer diversos elementos. <\/p>\n<p><!-- is a <br \/>--><\/p>\n<p>\u00a0<\/p>\n<p><!-- is a <br \/>--><\/p>\n<p><!-- is a object --><br \/>\n<!-- embed start --><!-- embed end --><br \/>\n<!-- end object --><\/p>\n<p>\u00a0<\/p>\n<p><!-- is a <br \/>--><\/p>\n<p><!-- is a object --><\/p>\n<h3>Secuestraron indumentaria y recuperaron elementos robados<\/h3>\n<p><!-- end object --><\/p>\n<p>\u00a0<\/p>\n<p><!-- is a <br \/>--><\/p>\n<p>Con una orden de allanamiento emitida para un domicilio de la ciudad, el procedimiento se concret\u00f3 alrededor de las 19:30 horas en una vivienda ubicada en inmediaciones de <b>8 del Norte Bis y Cabo Oscar Labalta<\/b>. All\u00ed, los efectivos notificaron a un joven de 26 a\u00f1os, quien fue trasladado a sede policial para su correcta identificaci\u00f3n. <\/p>\n<p><!-- is a <br \/>--><\/p>\n<p>\u00a0<\/p>\n<p><!-- is a <br \/>--><\/p>\n<p><!-- is a object --><br \/>\n<!-- embed start --><\/p>\n<figure class=\"embed\">\n<p>    <img decoding=\"async\" src=\"https:\/\/elonce-media.elonce.com\/fotos\/2026\/09\/04\/e_1788527988_79073.webp\" loading=\"lazy\" width=\"600\" height=\"400\" alt=\"\"\/><\/p>\n<\/figure>\n<p><!-- embed end --><br \/>\n<!-- end object --><\/p>\n<p>\u00a0<\/p>\n<p><!-- is a <br \/>--><\/p>\n<p>Seg\u00fan se inform\u00f3, el hombre qued\u00f3 supeditado a la causa. Durante la requisa del inmueble, los agentes procedieron al secuestro de <b>indumentaria que habr\u00eda sido utilizada al momento de cometer el il\u00edcito<\/b>. <\/p>\n<p><!-- is a <br \/>--><\/p>\n<p>\u00a0<\/p>\n<p><!-- is a <br \/>--><\/p>\n<p><!-- is a object --><br \/>\n<!-- embed start --><\/p>\n<figure class=\"embed\">\n<p>    <img decoding=\"async\" src=\"https:\/\/elonce-media.elonce.com\/fotos\/2026\/09\/04\/e_1788527988_8101.webp\" loading=\"lazy\" width=\"600\" height=\"400\" alt=\"\"\/><\/p>\n<\/figure>\n<p><!-- embed end --><br \/>\n<!-- end object --><\/p>\n<p>\u00a0<\/p>\n<p><!-- is a <br \/>--><\/p>\n<p>Posteriormente, mediante la continuidad de las tareas investigativas, la Polic\u00eda logr\u00f3 recuperar parte de los elementos que hab\u00edan sido sustra\u00eddos del comercio. <\/p>\n<p><!-- is a <br \/>--><\/p>\n<p>\u00a0<\/p>\n<p><!-- is a <br \/>--><\/p>\n<p><!-- is a object --><br \/>\n<!-- embed start --><!-- embed end --><br \/>\n<!-- end object --><\/p>\n<p>\u00a0<\/p>\n<p><!-- is a <br \/>--><\/p>\n<p><!-- is a object --><\/p>\n<h3>La investigaci\u00f3n contin\u00faa<\/h3>\n<p><!-- end object --><\/p>\n<p>\u00a0<\/p>\n<p><!-- is a <br \/>--><\/p>\n<p>Las actuaciones permanecen abiertas con el objetivo de determinar las circunstancias del hecho y recuperar la totalidad de los objetos denunciados como robados. <\/p>\n<p><!-- is a <br \/>--><\/p>\n<p>\u00a0<\/p>\n<p><!-- is a <br \/>--><\/p>\n<p>La investigaci\u00f3n contin\u00faa bajo intervenci\u00f3n de la Fiscal\u00eda, a cargo de la Dra. Luc\u00eda Bourlot, mientras se desarrollan nuevas diligencias vinculadas al hecho ocurrido en el comercio de calle Balb\u00edn. <\/p>\n<p><!-- is a <br \/>--><\/p>\n<p>\u00a0<\/p>\n<p><!-- is a <br \/>--><\/p>\n<p><!-- is a object --><br \/>\n<!-- embed start --><!-- embed end --><br \/>\n<!-- end object --><\/p><\/div>\n","protected":false},"excerpt":{"rendered":"<p>Un allanamiento por el robo a una marroquiner\u00eda en Concepci\u00f3n del Uruguay arroj\u00f3 resultados positivos durante la noche del jueves, en el marco de una investigaci\u00f3n encabezada por personal de la Comisar\u00eda Tercera. \u00a0 Seg\u00fan fuentes policiales, la causa se inici\u00f3 luego de un robo perpetrado en un comercio dedicado a la marroquiner\u00eda, ubicado sobre [&hellip;]<\/p>\n","protected":false},"author":1,"featured_media":25022,"comment_status":"open","ping_status":"open","sticky":false,"template":"","format":"standard","meta":{"footnotes":""},"categories":[1],"tags":[],"class_list":["post-25021","post","type-post","status-publish","format-standard","has-post-thumbnail","hentry","category-uncategorized"],"_links":{"self":[{"href":"https:\/\/cliente1.publisher.highstack.com.ar\/index.php?rest_route=\/wp\/v2\/posts\/25021","targetHints":{"allow":["GET"]}}],"collection":[{"href":"https:\/\/cliente1.publisher.highstack.com.ar\/index.php?rest_route=\/wp\/v2\/posts"}],"about":[{"href":"https:\/\/cliente1.publisher.highstack.com.ar\/index.php?rest_route=\/wp\/v2\/types\/post"}],"author":[{"embeddable":true,"href":"https:\/\/cliente1.publisher.highstack.com.ar\/index.php?rest_route=\/wp\/v2\/users\/1"}],"replies":[{"embeddable":true,"href":"https:\/\/cliente1.publisher.highstack.com.ar\/index.php?rest_route=%2Fwp%2Fv2%2Fcomments&post=25021"}],"version-history":[{"count":0,"href":"https:\/\/cliente1.publisher.highstack.com.ar\/index.php?rest_route=\/wp\/v2\/posts\/25021\/revisions"}],"wp:featuredmedia":[{"embeddable":true,"href":"https:\/\/cliente1.publisher.highstack.com.ar\/index.php?rest_route=\/wp\/v2\/media\/25022"}],"wp:attachment":[{"href":"https:\/\/cliente1.publisher.highstack.com.ar\/index.php?rest_route=%2Fwp%2Fv2%2Fmedia&parent=25021"}],"wp:term":[{"taxonomy":"category","embeddable":true,"href":"https:\/\/cliente1.publisher.highstack.com.ar\/index.php?rest_route=%2Fwp%2Fv2%2Fcategories&post=25021"},{"taxonomy":"post_tag","embeddable":true,"href":"https:\/\/cliente1.publisher.highstack.com.ar\/index.php?rest_route=%2Fwp%2Fv2%2Ftags&post=25021"}],"curies":[{"name":"wp","href":"https:\/\/api.w.org\/{rel}","templated":true}]}}