{"id":25019,"date":"2026-09-04T10:33:44","date_gmt":"2026-09-04T13:33:44","guid":{"rendered":"https:\/\/cliente1.publisher.highstack.com.ar\/?p=25019"},"modified":"2026-09-04T10:33:44","modified_gmt":"2026-09-04T13:33:44","slug":"a-1-000-dias-de-la-llegada-de-milei-los-economistas-aracre-y-chouza-debatieron-sobre-la-politica-economica","status":"publish","type":"post","link":"https:\/\/cliente1.publisher.highstack.com.ar\/?p=25019","title":{"rendered":"A 1.000 d\u00edas de la llegada de Milei, los economistas Aracre y Chouza debatieron sobre la pol\u00edtica econ\u00f3mica"},"content":{"rendered":"<div class=\"jwplayer-ctn\"><script src=\"https:\/\/census-web.scorecardresearch.com\/plugins\/streaming-jwplayer\/v2\/current.js\"><\/script><\/p>\n<div class=\"\">\n<div id=\"RX2B3VRIUVFJJMVQE2UK2WVYOQ-custom_embed0\"><\/div>\n<\/div><figcaption class=\"jwplayer-figcaption\"><\/figcaption><\/div>\n<div class=\"sharebar-container display_flex sharebar-new\" style=\"opacity:1\">\n<div class=\"share-bar-article-date-container \"><span class=\"sharebar-article-date\">04 Sep, 2026 08:36 a. m. EST<\/span><\/div>\n<div class=\"sharebar-buttons-container display_flex\">\n<div aria-label=\"Guardar\" class=\"sharebar-buttons button-save\" role=\"button\" tabindex=\"0\"><svg width=\"9\" height=\"12\" viewbox=\"0 0 8 10\" fill=\"none\" xmlns=\"http:\/\/www.w3.org\/2000\/svg\" class=\"saved-icon saved\"><path d=\"M6.64286 0.5V9.31687L4.1116 7.16407L4.11106 7.16361C3.79894 6.89891 3.34392 6.89891 3.03179 7.16361L3.03126 7.16407L0.5 9.31687V0.5H6.64286Z\"><\/path><\/svg><span class=\"buttons-save-text\">Guardar<\/span><\/div>\n<div class=\"sharebar-buttons-separator\"><\/div>\n<p><button class=\"sharemenu-buttons display_flex\" aria-label=\"Compartir en Telegram\"><svg width=\"38\" height=\"38\" viewbox=\"0 0 38 38\" fill=\"none\" xmlns=\"http:\/\/www.w3.org\/2000\/svg\"><rect x=\"0.5\" y=\"0.5\" width=\"37\" height=\"37\" rx=\"18.5\" fill=\"white\"><\/rect><rect x=\"0.5\" y=\"0.5\" width=\"37\" height=\"37\" rx=\"18.5\" stroke=\"#C2C2C2\"><\/rect><path d=\"M24.9696 12.5511L10.3405 18.0494C10.0623 18.151 9.92701 18.4484 10.0398 18.7168C10.0999 18.8619 10.2277 18.9779 10.3856 19.0214L14.1068 20.0805L15.4975 24.3312C15.6028 24.6576 15.9636 24.839 16.2944 24.7374C16.3921 24.7084 16.4823 24.6504 16.5575 24.5778L18.482 22.6846L22.2558 25.354C22.6091 25.6006 23.0977 25.5281 23.3533 25.1872C23.421 25.1001 23.4661 24.9986 23.4887 24.897L25.9845 13.3707C26.0672 12.979 25.8116 12.5946 25.4056 12.5148C25.2628 12.4858 25.1124 12.5003 24.9771 12.5511M23.1429 15.1116L16.347 20.9147C16.2793 20.9727 16.2342 21.0525 16.2267 21.1395L15.9636 23.381C15.9636 23.4172 15.926 23.4462 15.8884 23.439C15.8583 23.439 15.8358 23.4172 15.8283 23.3955L14.7533 20.0442C14.7007 19.8919 14.7683 19.7251 14.9111 19.638L22.9399 14.836C23.0226 14.7852 23.1353 14.8142 23.1804 14.894C23.2255 14.9666 23.2105 15.0536 23.1504 15.1116\" fill=\"#555555\"><\/path><\/svg><\/button><button class=\"sharemenu-buttons display_flex\" aria-label=\"Compartir en Linkedin\"><svg width=\"38\" height=\"38\" viewbox=\"0 0 38 38\" fill=\"none\" xmlns=\"http:\/\/www.w3.org\/2000\/svg\"><rect x=\"0.5\" y=\"0.5\" width=\"37\" height=\"37\" rx=\"18.5\" fill=\"white\"><\/rect><rect x=\"0.5\" y=\"0.5\" width=\"37\" height=\"37\" rx=\"18.5\" stroke=\"#C2C2C2\"><\/rect><path d=\"M16.5556 27V16.2231H19.963V17.6949C20.0185 17.6368 20.0648 17.5787 20.1111 17.5206C20.8611 16.349 22.2037 15.739 23.537 15.981C25.3889 16.1359 26.8426 17.7046 26.9259 19.6411C26.9722 20.0478 27 20.4641 27 20.8708C27 22.817 27 24.7633 27 26.7095V26.9806H23.5741V26.6805C23.5741 24.8892 23.5741 23.0882 23.5741 21.2969C23.5741 20.8805 23.5278 20.4545 23.4259 20.0478C23.1945 19.1279 22.2963 18.5663 21.4074 18.8084C21.2037 18.8665 21 18.9633 20.8333 19.0989C20.3333 19.4281 20.0185 19.9897 19.9907 20.6094C19.9722 21.1419 19.9722 21.6842 19.9722 22.2167V26.9903H16.5648L16.5556 27ZM11.2222 27V16.2037H11.7407C12.6204 16.2037 13.5 16.2037 14.3796 16.2037C14.5833 16.2037 14.6482 16.2328 14.6482 16.4748V26.9903H11.2222V27ZM11.0093 12.8825C11.0093 11.8465 11.8055 11.0041 12.787 11.0041C12.8426 11.0041 12.8982 11.0041 12.9537 11.0041C13.9445 10.9363 14.7963 11.7206 14.8611 12.7567C14.8611 12.7954 14.8611 12.8438 14.8611 12.8825C14.8426 13.9283 14.0278 14.761 13.0278 14.7416C12.9907 14.7416 12.9537 14.7416 12.9259 14.7416H12.9074C11.9259 14.8191 11.0741 14.0445 11 13.0181C11 12.9697 11 12.931 11 12.8825H11.0093Z\" fill=\"#555555\"><\/path><\/svg><\/button><button class=\"sharemenu-buttons display_flex\" aria-label=\"Compartir en Twitter\"><svg width=\"38\" height=\"38\" viewbox=\"0 0 38 38\" fill=\"none\" xmlns=\"http:\/\/www.w3.org\/2000\/svg\"><rect x=\"0.5\" y=\"0.5\" width=\"37\" height=\"37\" rx=\"18.5\" fill=\"white\"><\/rect><rect x=\"0.5\" y=\"0.5\" width=\"37\" height=\"37\" rx=\"18.5\" stroke=\"#C2C2C2\"><\/rect><path d=\"M11.0391 11L17.2165 19.8249L11 27H12.399L17.8415 20.7182L22.2389 27H27L20.475 17.6786L26.2613 11H24.8623L19.85 16.7855L15.8001 11H11.0391ZM13.0965 12.101H15.2838L24.9423 25.8987H22.7551L13.0965 12.101Z\" fill=\"#555555\"><\/path><\/svg><\/button><button class=\"sharemenu-buttons display_flex\" aria-label=\"Compartir en Facebook\"><svg width=\"38\" height=\"38\" viewbox=\"0 0 38 38\" fill=\"none\" xmlns=\"http:\/\/www.w3.org\/2000\/svg\"><rect x=\"0.5\" y=\"0.5\" width=\"37\" height=\"37\" rx=\"18.5\" fill=\"white\"><\/rect><rect x=\"0.5\" y=\"0.5\" width=\"37\" height=\"37\" rx=\"18.5\" stroke=\"#C2C2C2\"><\/rect><path d=\"M17.3544 26.9921V18.9235H15V16.3346H17.3544V16.0805C17.3544 15.3816 17.3291 14.6748 17.3882 13.976C17.3882 12.8642 18.0633 11.8556 19.1266 11.3712C19.5232 11.1965 19.9452 11.0853 20.3755 11.0376C21.2532 10.9741 22.1308 10.99 23 11.0932V13.4201H22.7722C22.2743 13.4201 21.7848 13.4201 21.2869 13.436C20.73 13.4042 20.2489 13.8013 20.2152 14.3254C20.2152 14.373 20.2152 14.4128 20.2152 14.4604C20.1983 15.0481 20.2152 15.6357 20.2152 16.2234C20.2152 16.2552 20.2152 16.2949 20.2321 16.3267H22.9409C22.8228 17.2082 22.7046 18.0579 22.5865 18.9315H20.2236V27H17.3629L17.3544 26.9921Z\" fill=\"#555555\"><\/path><\/svg><\/button><button class=\"sharemenu-buttons display_flex\" aria-label=\"Compartir en Whatsapp\"><svg width=\"38\" height=\"38\" viewbox=\"0 0 38 38\" fill=\"none\" xmlns=\"http:\/\/www.w3.org\/2000\/svg\"><rect x=\"0.5\" y=\"0.5\" width=\"37\" height=\"37\" rx=\"18.5\" fill=\"white\"><\/rect><rect x=\"0.5\" y=\"0.5\" width=\"37\" height=\"37\" rx=\"18.5\" stroke=\"#C2C2C2\"><\/rect><path d=\"M21.2863 19.9439C21.0997 19.8551 20.9664 19.9262 20.8419 20.0861C20.6731 20.3261 20.4687 20.5483 20.2909 20.7794C20.1665 20.9393 20.0243 20.9749 19.8376 20.8949C18.6645 20.4239 17.7757 19.6506 17.1269 18.5841C17.0292 18.4242 17.038 18.2997 17.1536 18.1575C17.3225 17.9531 17.4824 17.7576 17.6157 17.5354C17.678 17.4287 17.7135 17.2599 17.678 17.1532C17.4735 16.6111 17.2425 16.0867 17.0114 15.5535C16.9669 15.4557 16.8781 15.3313 16.7892 15.3224C16.4248 15.2602 16.0426 15.1891 15.7316 15.4912C15.1094 16.0778 14.8784 16.7977 15.0383 17.6243C15.1805 18.3619 15.5983 18.9663 16.0426 19.5618C16.887 20.6638 17.8646 21.6237 19.1622 22.1925C19.7932 22.4769 20.4331 22.7613 21.1441 22.7613C21.2685 22.7613 21.393 22.7613 21.5085 22.7346C22.4506 22.5391 23.1172 22.0058 23.0816 21.0193C23.0816 20.9216 23.0194 20.7794 22.9483 20.7438C22.3973 20.4594 21.8462 20.2017 21.2863 19.9439Z\" fill=\"#555555\"><\/path><path d=\"M26.9482 17.8724C26.3972 13.4642 22.1401 10.3447 17.7229 11.1179C12.6481 11.9977 9.71521 17.2859 11.6883 21.9963C12.1948 22.6629 12.0615 23.3472 11.8216 24.0849C11.5105 25.027 11.2794 26.0046 11.0039 27C11.1194 26.9733 11.1994 26.9644 11.2794 26.9378C12.5059 26.6178 13.7324 26.3068 14.9411 25.9868C15.1544 25.9335 15.3144 25.9602 15.5099 26.0579C17.1719 26.8667 18.9227 27.0978 20.718 26.7067C24.833 25.7913 27.4548 22.0496 26.9305 17.8902L26.9482 17.8724ZM20.0515 25.4624C18.4784 25.7113 17.003 25.3913 15.6166 24.6003C15.5099 24.5381 15.3411 24.5115 15.2077 24.547C14.4612 24.7248 13.7146 24.9292 12.9147 25.1336C13.1192 24.3693 13.3058 23.6672 13.5102 22.9473C13.5635 22.7606 13.5369 22.6273 13.4391 22.4673C11.0039 18.5479 13.1014 13.5442 17.6163 12.5043C21.2868 11.6511 25.0285 14.1841 25.5884 17.908C26.1395 21.5519 23.6954 24.8936 20.0515 25.4624Z\" fill=\"#555555\"><\/path><\/svg><\/button><\/div>\n<\/div>\n<p class=\"paragraph\" data-paragraph-number=\"1\">A casi 1.000 d\u00edas del inicio del gobierno de <b>Javier Milei<\/b>, los economistas<b> Antonio Aracre<\/b> y<b> Sergio Chouza <\/b>protagonizaron un contrapunto en <b>Infobae en Vivo<\/b> sobre los resultados de la pol\u00edtica econ\u00f3mica y las perspectivas para los pr\u00f3ximos a\u00f1os. Mientras Aracre defendi\u00f3 el orden fiscal, la baja de la inflaci\u00f3n y el cambio en la estructura productiva como condiciones para una mejora social sostenible, Chouza cuestion\u00f3 el desempe\u00f1o de la actividad, el empleo y los salarios y advirti\u00f3 sobre la sostenibilidad del actual esquema macroecon\u00f3mico.<\/p>\n<div class=\"marfeel-recommender marfeel-recommender-1\"><\/div>\n<p class=\"paragraph\" data-paragraph-number=\"2\">Uno de los principales puntos de discusi\u00f3n fue<b> el impacto social<\/b> del programa del Gobierno. Aracre, que se defini\u00f3 como liberal, sostuvo que la baja de la inflaci\u00f3n puede funcionar como una herramienta de movilidad social. Para fundamentarlo, tom\u00f3 como referencia un an\u00e1lisis reciente de Guillermo Olivetto sobre la composici\u00f3n de las clases sociales.<\/p>\n<div class=\"inline ad-wrapper dfpAd ad-inline ad-text ad-component-container\" style=\"--ad-shell-height:250px;--ad-shell-width:300px\" data-ad-wrapper=\"arcad\" data-ad-type=\"inline\" data-ad-slot=\"infobae\/economia\/nota\/inline\" data-ad-container=\"dfp\" data-ad-slot-name=\"infobae\/economia\/nota\/inline\">\n<p class=\"ad-shell-label\">PUBLICIDAD<\/p>\n<div id=\"infobae\/economia\/nota\/inline\" class=\"infobae\/economia\/nota\/inline arcad ad-slot-node ad-slot-node--boxed\" data-ad-slot-id=\"infobae\/economia\/nota\/inline\"><\/div>\n<\/div>\n<p class=\"paragraph\" data-paragraph-number=\"3\">Seg\u00fan explic\u00f3, mientras los porcentajes correspondientes a los sectores de mayores ingresos permanecieron relativamente estables, el segmento de clase baja se redujo del 26% al 22% en el \u00faltimo a\u00f1o, mientras que la diferencia se traslad\u00f3 hacia la clase media baja, que lleg\u00f3 al 30%. Para Aracre, ese movimiento muestra que el ajuste y la reducci\u00f3n de la inflaci\u00f3n pueden generar condiciones para el ascenso social.<\/p>\n<div class=\"marfeel-recommender marfeel-recommender-3\"><\/div>\n<p class=\"paragraph\" data-paragraph-number=\"4\">Chouza cuestion\u00f3 esa interpretaci\u00f3n y sostuvo que el resultado econ\u00f3mico de la gesti\u00f3n es \u201cmediocre\u201d. Se\u00f1al\u00f3 que la principal variable sobre la que trabaj\u00f3 el Gobierno fue la inflaci\u00f3n y consider\u00f3 que, despu\u00e9s de casi tres a\u00f1os, el pa\u00eds volvi\u00f3 a niveles elevados en t\u00e9rminos hist\u00f3ricos.<\/p>\n<div class=\"inline_2 ad-wrapper dfpAd ad-inline ad-text ad-component-container\" style=\"--ad-shell-height:250px;--ad-shell-width:300px\" data-ad-wrapper=\"arcad\" data-ad-type=\"inline_2\" data-ad-slot=\"infobae\/economia\/nota\/inline_2\" data-ad-container=\"dfp\" data-ad-slot-name=\"infobae\/economia\/nota\/inline_2\">\n<p class=\"ad-shell-label\">PUBLICIDAD<\/p>\n<div id=\"infobae\/economia\/nota\/inline_2\" class=\"infobae\/economia\/nota\/inline_2 arcad ad-slot-node ad-slot-node--boxed\" data-ad-slot-id=\"infobae\/economia\/nota\/inline_2\"><\/div>\n<\/div>\n<div class=\"visual__image\"><picture><source srcset=\"https:\/\/www.infobae.com\/resizer\/v2\/KA7WGK6YFRDS5NUYHDAKZGQFWI.jpg?auth=00dbc597587dbb9bdbf4c1d21d58659ee94f6122118acf1cfb89be46e2590123&amp;smart=true&amp;width=992&amp;height=558&amp;quality=85\" media=\"(min-width: 1000px)\"><\/source><source srcset=\"https:\/\/www.infobae.com\/resizer\/v2\/KA7WGK6YFRDS5NUYHDAKZGQFWI.jpg?auth=00dbc597587dbb9bdbf4c1d21d58659ee94f6122118acf1cfb89be46e2590123&amp;smart=true&amp;width=768&amp;height=432&amp;quality=85\" media=\"(min-width: 768px)\"><\/source><source srcset=\"https:\/\/www.infobae.com\/resizer\/v2\/KA7WGK6YFRDS5NUYHDAKZGQFWI.jpg?auth=00dbc597587dbb9bdbf4c1d21d58659ee94f6122118acf1cfb89be46e2590123&amp;smart=true&amp;width=577&amp;height=325&amp;quality=85\" media=\"(min-width: 580px)\"><\/source><source srcset=\"https:\/\/www.infobae.com\/resizer\/v2\/KA7WGK6YFRDS5NUYHDAKZGQFWI.jpg?auth=00dbc597587dbb9bdbf4c1d21d58659ee94f6122118acf1cfb89be46e2590123&amp;smart=true&amp;width=420&amp;height=236&amp;quality=85\" media=\"(min-width: 350px)\"><\/source><source srcset=\"https:\/\/www.infobae.com\/resizer\/v2\/KA7WGK6YFRDS5NUYHDAKZGQFWI.jpg?auth=00dbc597587dbb9bdbf4c1d21d58659ee94f6122118acf1cfb89be46e2590123&amp;smart=true&amp;width=350&amp;height=197&amp;quality=85\" media=\"(min-width: 80px)\"><\/source><img alt=\"Uno de los principales puntos de discusi\u00f3n fue el impacto social del programa del Gobierno\" class=\"global-image\" decoding=\"async\" fetchpriority=\"low\" height=\"720\" loading=\"lazy\" src=\"https:\/\/www.infobae.com\/resizer\/v2\/KA7WGK6YFRDS5NUYHDAKZGQFWI.jpg?auth=00dbc597587dbb9bdbf4c1d21d58659ee94f6122118acf1cfb89be46e2590123&amp;smart=true&amp;width=350&amp;height=197&amp;quality=85\" width=\"1280\"><\/picture><\/div>\n<p class=\"paragraph\" data-paragraph-number=\"5\">Seg\u00fan plante\u00f3, la inflaci\u00f3n anual se ubicar\u00e1 este a\u00f1o alrededor del 30%, frente a un nivel cercano al 25% registrado en 2015. A su entender, esa reducci\u00f3n <b>no compensa el deterioro<\/b> que se produjo durante el proceso de estabilizaci\u00f3n.<\/p>\n<div class=\"marfeel-recommender marfeel-recommender-5\"><\/div>\n<p class=\"paragraph\" data-paragraph-number=\"6\">Chouza mencion\u00f3 una ca\u00edda acumulada de alrededor de 10% en la actividad industrial, una baja del 15% en la construcci\u00f3n, <b>el cierre de unas 30.000 empresas<\/b>, la p\u00e9rdida de 330.000 puestos de trabajo registrados y una disminuci\u00f3n cercana al 5% del salario real.<\/p>\n<div class=\"ad_1 ad-wrapper dfpAd ad-1-al-6 ad-text ad-component-container\" style=\"--ad-shell-height:250px;--ad-shell-width:300px\" data-ad-wrapper=\"arcad\" data-ad-type=\"ad_1\" data-ad-slot=\"infobae\/economia\/nota\/ad_1\" data-ad-container=\"dfp\" data-ad-slot-name=\"infobae\/economia\/nota\/ad_1\">\n<p class=\"ad-shell-label\">PUBLICIDAD<\/p>\n<div id=\"infobae\/economia\/nota\/ad_1\" class=\"infobae\/economia\/nota\/ad_1 arcad ad-slot-node ad-slot-node--boxed\" data-ad-slot-id=\"infobae\/economia\/nota\/ad_1\"><\/div>\n<\/div>\n<p class=\"paragraph\" data-paragraph-number=\"7\">\u201cMe cuesta mucho ver eso como algo meritorio\u201d, resumi\u00f3. Y agreg\u00f3 que, si bien los niveles actuales de inflaci\u00f3n son inferiores a los que dej\u00f3 la administraci\u00f3n anterior, otros procesos de estabilizaci\u00f3n macroecon\u00f3mica ya hab\u00edan mostrado resultados m\u00e1s contundentes a esta altura.<\/p>\n<h2 class=\"text-align-left vertical-align-top line-height-100 header headline-class-h2 headline\" id=\"el-debate-por-la-clase-media-baja\">El debate por la clase media baja<\/h2>\n<p class=\"paragraph\" data-paragraph-number=\"8\">Aracre reconoci\u00f3 que la clase media baja es uno de los sectores que m\u00e1s sufri\u00f3 durante la actual administraci\u00f3n. La describi\u00f3 como un segmento que llega \u201cjustito\u201d a fin de mes y que se encuentra cerca de la l\u00ednea de pobreza, pero que todav\u00eda no es considerado pobre.<\/p>\n<div class=\"ad_2 ad-wrapper dfpAd ad-1-al-6 ad-text ad-component-container\" style=\"--ad-shell-height:250px;--ad-shell-width:300px\" data-ad-wrapper=\"arcad\" data-ad-type=\"ad_2\" data-ad-slot=\"infobae\/economia\/nota\/ad_2\" data-ad-container=\"dfp\" data-ad-slot-name=\"infobae\/economia\/nota\/ad_2\">\n<p class=\"ad-shell-label\">PUBLICIDAD<\/p>\n<div id=\"infobae\/economia\/nota\/ad_2\" class=\"infobae\/economia\/nota\/ad_2 arcad ad-slot-node ad-slot-node--boxed\" data-ad-slot-id=\"infobae\/economia\/nota\/ad_2\"><\/div>\n<\/div>\n<p class=\"paragraph\" data-paragraph-number=\"9\">En particular, se\u00f1al\u00f3 que ese grupo vio reducido su <b>ingreso disponible<\/b> por el impacto de las tarifas de transporte, electricidad y gas, a partir de la <b>reducci\u00f3n de subsidios<\/b>.<\/p>\n<p class=\"paragraph\" data-paragraph-number=\"10\">Sin embargo, defendi\u00f3 el rumbo general del Gobierno y sostuvo que existe una parte importante de la sociedad que no quiere regresar a las pol\u00edticas econ\u00f3micas del pasado. En ese sentido, estim\u00f3 que \u201cel 60% o 70% de la gente no quiere volver atr\u00e1s\u201d y que existe una demanda por mantener la disciplina fiscal y financiera.<\/p>\n<div class=\"ad_3 ad-wrapper dfpAd ad-1-al-6 ad-text ad-component-container\" style=\"--ad-shell-height:250px;--ad-shell-width:300px\" data-ad-wrapper=\"arcad\" data-ad-type=\"ad_3\" data-ad-slot=\"infobae\/economia\/nota\/ad_3\" data-ad-container=\"dfp\" data-ad-slot-name=\"infobae\/economia\/nota\/ad_3\">\n<p class=\"ad-shell-label\">PUBLICIDAD<\/p>\n<div id=\"infobae\/economia\/nota\/ad_3\" class=\"infobae\/economia\/nota\/ad_3 arcad ad-slot-node ad-slot-node--boxed\" data-ad-slot-id=\"infobae\/economia\/nota\/ad_3\"><\/div>\n<\/div>\n<p class=\"paragraph\" data-paragraph-number=\"11\">Para Aracre, el desaf\u00edo consiste en sostener un programa que permita que la Argentina se convierta en un pa\u00eds \u201cviable y confiable\u201d, independientemente de qui\u00e9n gobierne.<\/p>\n<p class=\"paragraph\" data-paragraph-number=\"12\">El economista tambi\u00e9n plante\u00f3 qu\u00e9 podr\u00eda ocurrir si el peronismo regresara al poder en 2027. En su opini\u00f3n, una parte del mercado teme que un eventual cambio de gobierno implique desandar las medidas de disciplina fiscal y financiera implementadas durante la gesti\u00f3n de Milei.<\/p>\n<div class=\"ad_4 ad-wrapper dfpAd ad-1-al-6 ad-text ad-component-container\" style=\"--ad-shell-height:250px;--ad-shell-width:300px\" data-ad-wrapper=\"arcad\" data-ad-type=\"ad_4\" data-ad-slot=\"infobae\/economia\/nota\/ad_4\" data-ad-container=\"dfp\" data-ad-slot-name=\"infobae\/economia\/nota\/ad_4\">\n<p class=\"ad-shell-label\">PUBLICIDAD<\/p>\n<div id=\"infobae\/economia\/nota\/ad_4\" class=\"infobae\/economia\/nota\/ad_4 arcad ad-slot-node ad-slot-node--boxed\" data-ad-slot-id=\"infobae\/economia\/nota\/ad_4\"><\/div>\n<\/div>\n<h2 class=\"text-align-left vertical-align-top line-height-100 header headline-class-h2 headline\" id=\"crecimiento:-dos-lecturas-sobre-la-recuperacion\">Crecimiento: dos lecturas sobre la recuperaci\u00f3n<\/h2>\n<p class=\"paragraph\" data-paragraph-number=\"13\">Otro de los ejes del debate fue el crecimiento econ\u00f3mico. Aracre sostuvo que la econom\u00eda efectivamente est\u00e1 creciendo, aunque reconoci\u00f3 que la recuperaci\u00f3n es heterog\u00e9nea.<\/p>\n<p class=\"paragraph\" data-paragraph-number=\"14\">Explic\u00f3 que mientras los sectores vinculados a las exportaciones muestran una evoluci\u00f3n positiva, actividades m\u00e1s asociadas al mercado interno, como la construcci\u00f3n, la industria y el comercio, se encuentran estancadas o presentan leves ca\u00eddas.<\/p>\n<div class=\"ad_5 ad-wrapper dfpAd ad-1-al-6 ad-text ad-component-container\" style=\"--ad-shell-height:250px;--ad-shell-width:300px\" data-ad-wrapper=\"arcad\" data-ad-type=\"ad_5\" data-ad-slot=\"infobae\/economia\/nota\/ad_5\" data-ad-container=\"dfp\" data-ad-slot-name=\"infobae\/economia\/nota\/ad_5\">\n<p class=\"ad-shell-label\">PUBLICIDAD<\/p>\n<div id=\"infobae\/economia\/nota\/ad_5\" class=\"infobae\/economia\/nota\/ad_5 arcad ad-slot-node ad-slot-node--boxed\" data-ad-slot-id=\"infobae\/economia\/nota\/ad_5\"><\/div>\n<\/div>\n<div class=\"visual__image\"><picture><source srcset=\"https:\/\/www.infobae.com\/resizer\/v2\/OA3GIRMSDFFRPGIKV6AQJEUVYY.jpg?auth=186d515147fe34d92d1b9207569cd22cd8517e7a47b4d4ee108c85bc6872ac3d&amp;smart=true&amp;width=992&amp;height=558&amp;quality=85\" media=\"(min-width: 1000px)\"><\/source><source srcset=\"https:\/\/www.infobae.com\/resizer\/v2\/OA3GIRMSDFFRPGIKV6AQJEUVYY.jpg?auth=186d515147fe34d92d1b9207569cd22cd8517e7a47b4d4ee108c85bc6872ac3d&amp;smart=true&amp;width=768&amp;height=432&amp;quality=85\" media=\"(min-width: 768px)\"><\/source><source srcset=\"https:\/\/www.infobae.com\/resizer\/v2\/OA3GIRMSDFFRPGIKV6AQJEUVYY.jpg?auth=186d515147fe34d92d1b9207569cd22cd8517e7a47b4d4ee108c85bc6872ac3d&amp;smart=true&amp;width=577&amp;height=325&amp;quality=85\" media=\"(min-width: 580px)\"><\/source><source srcset=\"https:\/\/www.infobae.com\/resizer\/v2\/OA3GIRMSDFFRPGIKV6AQJEUVYY.jpg?auth=186d515147fe34d92d1b9207569cd22cd8517e7a47b4d4ee108c85bc6872ac3d&amp;smart=true&amp;width=420&amp;height=236&amp;quality=85\" media=\"(min-width: 350px)\"><\/source><source srcset=\"https:\/\/www.infobae.com\/resizer\/v2\/OA3GIRMSDFFRPGIKV6AQJEUVYY.jpg?auth=186d515147fe34d92d1b9207569cd22cd8517e7a47b4d4ee108c85bc6872ac3d&amp;smart=true&amp;width=350&amp;height=197&amp;quality=85\" media=\"(min-width: 80px)\"><\/source><img alt=\"El economista Sergio Chouza\" class=\"global-image\" decoding=\"async\" fetchpriority=\"low\" height=\"720\" loading=\"lazy\" src=\"https:\/\/www.infobae.com\/resizer\/v2\/OA3GIRMSDFFRPGIKV6AQJEUVYY.jpg?auth=186d515147fe34d92d1b9207569cd22cd8517e7a47b4d4ee108c85bc6872ac3d&amp;smart=true&amp;width=350&amp;height=197&amp;quality=85\" width=\"1280\"><\/picture><\/div>\n<p class=\"paragraph\" data-paragraph-number=\"15\">Para el economista, esa diferencia forma parte de un cambio estructural de la econom\u00eda argentina. Durante d\u00e9cadas, argument\u00f3, los sectores exportadores estuvieron limitados por impuestos, retenciones y restricciones que imped\u00edan que desarrollaran plenamente su potencial.<\/p>\n<p class=\"paragraph\" data-paragraph-number=\"16\">\u201cPrimero reconozcamos que la econom\u00eda crece, porque si no falseamos los datos\u201d, sostuvo.<\/p>\n<p class=\"paragraph\" data-paragraph-number=\"17\">En ese proceso, destac\u00f3 especialmente el potencial de la miner\u00eda, adem\u00e1s de la energ\u00eda y el agro. Tambi\u00e9n se\u00f1al\u00f3 que los servicios tendr\u00e1n un papel creciente en la generaci\u00f3n de empleo y actividad. Seg\u00fan su visi\u00f3n, la industria se concentrar\u00e1 cada vez m\u00e1s en pa\u00edses asi\u00e1ticos altamente competitivos, mientras que econom\u00edas como la argentina podr\u00e1n encontrar oportunidades en el desarrollo de servicios.<\/p>\n<div class=\"ad_6 ad-wrapper dfpAd ad-1-al-6 ad-text ad-component-container\" style=\"--ad-shell-height:250px;--ad-shell-width:300px\" data-ad-wrapper=\"arcad\" data-ad-type=\"ad_6\" data-ad-slot=\"infobae\/economia\/nota\/ad_6\" data-ad-container=\"dfp\" data-ad-slot-name=\"infobae\/economia\/nota\/ad_6\">\n<p class=\"ad-shell-label\">PUBLICIDAD<\/p>\n<div id=\"infobae\/economia\/nota\/ad_6\" class=\"infobae\/economia\/nota\/ad_6 arcad ad-slot-node ad-slot-node--boxed\" data-ad-slot-id=\"infobae\/economia\/nota\/ad_6\"><\/div>\n<\/div>\n<p class=\"paragraph\" data-paragraph-number=\"18\">Chouza coincidi\u00f3 en que existen sectores que est\u00e1n creciendo, pero cuestion\u00f3 que la evoluci\u00f3n del PBI pueda utilizarse como una s\u00edntesis del desempe\u00f1o de toda la econom\u00eda.<\/p>\n<p class=\"paragraph\" data-paragraph-number=\"19\">\u201cSe ve mucho la heterogeneidad en t\u00e9rminos de crecimiento\u201d, se\u00f1al\u00f3. Para el economista, la evoluci\u00f3n positiva del PBI \u201csimplifica realidades muy diversas\u201d, ya que los sectores ganadores est\u00e1n principalmente vinculados con actividades extractivas y exportadoras.<\/p>\n<p class=\"paragraph\" data-paragraph-number=\"20\">Chouza consider\u00f3 positivo que la Argentina aproveche sus recursos naturales \u2014hidrocarburos, gas, miner\u00eda y agro\u2014, pero advirti\u00f3 que ese crecimiento no alcanza por s\u00ed solo para absorber la demanda de empleo del pa\u00eds.<\/p>\n<h2 class=\"text-align-left vertical-align-top line-height-100 header headline-class-h2 headline\" id=\"la-discusion-por-las-inversiones\">La discusi\u00f3n por las inversiones<\/h2>\n<p class=\"paragraph\" data-paragraph-number=\"21\">La inversi\u00f3n fue otro de los puntos de desacuerdo. Aracre sostuvo que existen proyectos relevantes, especialmente en sectores vinculados con los <b>recursos naturales<\/b>, aunque admiti\u00f3 que todav\u00eda no se produjo una llegada masiva de capitales.<\/p>\n<p class=\"paragraph\" data-paragraph-number=\"22\">\u201cYa llevamos dos a\u00f1os y medio de Milei y no hay una inundaci\u00f3n de inversiones\u201d, reconoci\u00f3. A su entender, esto demuestra que no alcanza con esperar que las inversiones lleguen autom\u00e1ticamente: el Gobierno debe generar condiciones suficientemente atractivas para que los capitales conf\u00eden en el pa\u00eds.<\/p>\n<p class=\"paragraph\" data-paragraph-number=\"23\">Para Aracre, la mejora de los salarios tambi\u00e9n depende de ese proceso. \u201cEl salario real solo mejora con mayor productividad o con inversiones\u201d, sostuvo.<\/p>\n<p class=\"paragraph\" data-paragraph-number=\"24\">Chouza, en cambio, consider\u00f3 excesivos los beneficios que otorga el RIGI y que posiblemente las inversiones hubieran llegado de todas formas.<\/p>\n<p class=\"paragraph\" data-paragraph-number=\"25\">El economista tambi\u00e9n puso el foco en la sostenibilidad del esquema macroecon\u00f3mico. Consider\u00f3 que una de las principales dudas del mercado pasa por determinar si la baja de la inflaci\u00f3n es genuina y sostenible o si responde a un esquema de inflaci\u00f3n contenida.<\/p>\n<div class=\"visual__image\"><picture><source srcset=\"https:\/\/www.infobae.com\/resizer\/v2\/3XJCSFZY2FAB5IOIOADUHHUW7M.jpg?auth=918ad0a137ac48e364dd7baa15971d4040dc3ae6d6725ec9354242b4ef9b72de&amp;smart=true&amp;width=992&amp;height=558&amp;quality=85\" media=\"(min-width: 1000px)\"><\/source><source srcset=\"https:\/\/www.infobae.com\/resizer\/v2\/3XJCSFZY2FAB5IOIOADUHHUW7M.jpg?auth=918ad0a137ac48e364dd7baa15971d4040dc3ae6d6725ec9354242b4ef9b72de&amp;smart=true&amp;width=768&amp;height=432&amp;quality=85\" media=\"(min-width: 768px)\"><\/source><source srcset=\"https:\/\/www.infobae.com\/resizer\/v2\/3XJCSFZY2FAB5IOIOADUHHUW7M.jpg?auth=918ad0a137ac48e364dd7baa15971d4040dc3ae6d6725ec9354242b4ef9b72de&amp;smart=true&amp;width=577&amp;height=325&amp;quality=85\" media=\"(min-width: 580px)\"><\/source><source srcset=\"https:\/\/www.infobae.com\/resizer\/v2\/3XJCSFZY2FAB5IOIOADUHHUW7M.jpg?auth=918ad0a137ac48e364dd7baa15971d4040dc3ae6d6725ec9354242b4ef9b72de&amp;smart=true&amp;width=420&amp;height=236&amp;quality=85\" media=\"(min-width: 350px)\"><\/source><source srcset=\"https:\/\/www.infobae.com\/resizer\/v2\/3XJCSFZY2FAB5IOIOADUHHUW7M.jpg?auth=918ad0a137ac48e364dd7baa15971d4040dc3ae6d6725ec9354242b4ef9b72de&amp;smart=true&amp;width=350&amp;height=197&amp;quality=85\" media=\"(min-width: 80px)\"><\/source><img alt=\"El economista Antonio Aracre\" class=\"global-image\" decoding=\"async\" fetchpriority=\"low\" height=\"720\" loading=\"lazy\" src=\"https:\/\/www.infobae.com\/resizer\/v2\/3XJCSFZY2FAB5IOIOADUHHUW7M.jpg?auth=918ad0a137ac48e364dd7baa15971d4040dc3ae6d6725ec9354242b4ef9b72de&amp;smart=true&amp;width=350&amp;height=197&amp;quality=85\" width=\"1280\"><\/picture><\/div>\n<p class=\"paragraph\" data-paragraph-number=\"26\">En particular, cuestion\u00f3 el uso del ancla salarial y del ancla cambiaria. Seg\u00fan sostuvo, ambas herramientas generan distorsiones que pueden contener los precios en el corto plazo, pero terminan afectando el funcionamiento de la econom\u00eda.<\/p>\n<h2 class=\"text-align-left vertical-align-top line-height-100 header headline-class-h2 headline\" id=\"inflacion-pobreza-y-el-reclamo-por-un-cambio-de-rumbo\">Inflaci\u00f3n, pobreza y el reclamo por un cambio de rumbo<\/h2>\n<p class=\"paragraph\" data-paragraph-number=\"27\">Chouza sostuvo que el actual programa no necesariamente desembocar\u00e1 en una crisis como la de 2001, pero s\u00ed describi\u00f3 una econom\u00eda \u201cmediocre\u201d, sin un impulso sostenible que permita mejorar las condiciones de vida de una parte mayoritaria de la poblaci\u00f3n.<\/p>\n<p class=\"paragraph\" data-paragraph-number=\"28\">Tambi\u00e9n relativiz\u00f3 los datos de pobreza. Consider\u00f3 que las mediciones est\u00e1n \u201cun poquito infladas\u201d por cuestiones metodol\u00f3gicas, aunque reconoci\u00f3 que la reducci\u00f3n de la inflaci\u00f3n desde niveles cercanos al 200% hacia la zona del 30% genera un alivio sobre una pobreza estructural que la Argentina arrastra desde comienzos de siglo.<\/p>\n<p class=\"paragraph\" data-paragraph-number=\"29\">Aracre respondi\u00f3 poniendo el foco en el resultado de la \u00faltima gesti\u00f3n del peronismo. Record\u00f3 que el gobierno anterior termin\u00f3 su mandato con una pobreza del 43% en el segundo semestre de 2023, despu\u00e9s de haber comenzado con un nivel de entre 25% y 30%.<\/p>\n<p class=\"paragraph\" data-paragraph-number=\"30\">Para el economista, el desaf\u00edo de mejorar los ingresos requiere aumentar la productividad y las inversiones. En ese punto, advirti\u00f3 que las empresas no pueden incrementar la productividad ni mejorar los salarios si enfrentan una carga impositiva elevada.<\/p>\n<p class=\"paragraph\" data-paragraph-number=\"31\">Hacia el final del debate, Chouza plante\u00f3 la necesidad de modificar varios de los pilares operativos del programa econ\u00f3mico. En particular, reclam\u00f3 al Gobierno flexibilizar el ancla fiscal, tarifaria, salarial y cambiaria.<\/p>\n<p class=\"paragraph\" data-paragraph-number=\"32\">A su entender, esas herramientas permitieron contener determinadas variables en el corto plazo, pero generan costos y distorsiones que terminan limitando la capacidad de crecimiento de la econom\u00eda.<\/p>\n<p class=\"paragraph\" data-paragraph-number=\"33\">El contrapunto dej\u00f3 as\u00ed expuestas dos interpretaciones sobre el rumbo de la Argentina: mientras Aracre defendi\u00f3 la estabilizaci\u00f3n, la disciplina fiscal y el cambio hacia una econom\u00eda m\u00e1s orientada a las exportaciones y los servicios como bases para un crecimiento futuro, Chouza cuestion\u00f3 que esa transformaci\u00f3n est\u00e9 generando todav\u00eda un crecimiento suficientemente amplio y sostenible, y advirti\u00f3 sobre los costos sociales y macroecon\u00f3micos del esquema actual.<\/p>\n<div id=\"fusion-static-enter:raw_html_oembed_response41\" style=\"display:none\" data-fusion-component=\"raw_html_oembed_response41\"><\/div>\n<div class=\"rawHTML rawHTML-youtube \"><iframe loading=\"lazy\" title=\"[DEBATE] El BALANCE de los MIL D\u00cdAS del GOBIERNO de MILEI\" width=\"500\" height=\"281\" src=\"https:\/\/www.youtube.com\/embed\/jOeMNQPn08Q?feature=oembed\" frameborder=\"0\" allow=\"accelerometer; autoplay; clipboard-write; encrypted-media; gyroscope; picture-in-picture; web-share\" referrerpolicy=\"strict-origin-when-cross-origin\" allowfullscreen><\/iframe><\/div>\n<div id=\"fusion-static-exit:raw_html_oembed_response41\" style=\"display:none\" data-fusion-component=\"raw_html_oembed_response41\"><\/div>\n<p class=\"paragraph\" data-paragraph-number=\"34\"><b>Infobae <\/b>te acompa\u00f1a cada d\u00eda en YouTube con entrevistas, an\u00e1lisis y la informaci\u00f3n m\u00e1s destacada, en un formato cercano y din\u00e1mico.<\/p>\n<p class=\"paragraph\" data-paragraph-number=\"35\">\u2022 De 7 a 9: <b>Infobae al Amanecer<\/b>: Nacho Giron, Luciana Rubinska y Bel\u00e9n Escobar.<\/p>\n<p class=\"paragraph\" data-paragraph-number=\"36\">\u2022 De 9 a 12: <b>Infobae a las Nueve<\/b>: Gonzalo S\u00e1nchez, Tatiana Schapiro, Ram\u00f3n Indart y Cecilia Boufflet.<\/p>\n<p class=\"paragraph\" data-paragraph-number=\"37\">\u2022 De 12 a 15: <b>Infobae al Mediodia<\/b>: Maru Duffard, Andrei Serbin Pont, Jimena Grandinetti, Fede Mayol y Facundo Kablan.<\/p>\n<p class=\"paragraph\" data-paragraph-number=\"38\">\u2022 De 15 a 18: <b>Infobae a la Tarde<\/b>: Manu Jove, Maia Jastreblansky y Paula Guardia Bourdin; rotan en la semana Marcos Shaw, Lara L\u00f3pez Calvo y Tom\u00e1s Trap\u00e9<\/p>\n<p class=\"paragraph\" data-paragraph-number=\"39\">\u2022 De 18 a 21: <b>Infobae al Regreso<\/b>: Gonzalo Aziz, Diego Iglesias, Malena de los R\u00edos y Mat\u00edas Barber\u00eda; rotan en la semana Gustavo Lazzari, Mart\u00edn Tetaz y Mica Mendelevich<\/p>\n<p class=\"paragraph\" data-paragraph-number=\"40\">Seguinos en nuestro canal de <b>YouTube <\/b>@infobae.<\/p>\n","protected":false},"excerpt":{"rendered":"<p>04 Sep, 2026 08:36 a. m. EST Guardar A casi 1.000 d\u00edas del inicio del gobierno de Javier Milei, los economistas Antonio Aracre y Sergio Chouza protagonizaron un contrapunto en Infobae en Vivo sobre los resultados de la pol\u00edtica econ\u00f3mica y las perspectivas para los pr\u00f3ximos a\u00f1os. Mientras Aracre defendi\u00f3 el orden fiscal, la baja [&hellip;]<\/p>\n","protected":false},"author":1,"featured_media":25020,"comment_status":"open","ping_status":"open","sticky":false,"template":"","format":"standard","meta":{"footnotes":""},"categories":[1],"tags":[],"class_list":["post-25019","post","type-post","status-publish","format-standard","has-post-thumbnail","hentry","category-uncategorized"],"_links":{"self":[{"href":"https:\/\/cliente1.publisher.highstack.com.ar\/index.php?rest_route=\/wp\/v2\/posts\/25019","targetHints":{"allow":["GET"]}}],"collection":[{"href":"https:\/\/cliente1.publisher.highstack.com.ar\/index.php?rest_route=\/wp\/v2\/posts"}],"about":[{"href":"https:\/\/cliente1.publisher.highstack.com.ar\/index.php?rest_route=\/wp\/v2\/types\/post"}],"author":[{"embeddable":true,"href":"https:\/\/cliente1.publisher.highstack.com.ar\/index.php?rest_route=\/wp\/v2\/users\/1"}],"replies":[{"embeddable":true,"href":"https:\/\/cliente1.publisher.highstack.com.ar\/index.php?rest_route=%2Fwp%2Fv2%2Fcomments&post=25019"}],"version-history":[{"count":0,"href":"https:\/\/cliente1.publisher.highstack.com.ar\/index.php?rest_route=\/wp\/v2\/posts\/25019\/revisions"}],"wp:featuredmedia":[{"embeddable":true,"href":"https:\/\/cliente1.publisher.highstack.com.ar\/index.php?rest_route=\/wp\/v2\/media\/25020"}],"wp:attachment":[{"href":"https:\/\/cliente1.publisher.highstack.com.ar\/index.php?rest_route=%2Fwp%2Fv2%2Fmedia&parent=25019"}],"wp:term":[{"taxonomy":"category","embeddable":true,"href":"https:\/\/cliente1.publisher.highstack.com.ar\/index.php?rest_route=%2Fwp%2Fv2%2Fcategories&post=25019"},{"taxonomy":"post_tag","embeddable":true,"href":"https:\/\/cliente1.publisher.highstack.com.ar\/index.php?rest_route=%2Fwp%2Fv2%2Ftags&post=25019"}],"curies":[{"name":"wp","href":"https:\/\/api.w.org\/{rel}","templated":true}]}}