{"id":25011,"date":"2026-09-04T09:49:24","date_gmt":"2026-09-04T12:49:24","guid":{"rendered":"https:\/\/cliente1.publisher.highstack.com.ar\/?p=25011"},"modified":"2026-09-04T09:49:24","modified_gmt":"2026-09-04T12:49:24","slug":"caso-ruiz-orrico-el-stj-fijo-audiencia-y-la-defensa-buscara-reducir-la-condena-de-cinco-anos","status":"publish","type":"post","link":"https:\/\/cliente1.publisher.highstack.com.ar\/?p=25011","title":{"rendered":"Caso Ruiz Orrico: el STJ fij\u00f3 audiencia y la defensa buscar\u00e1 reducir la condena de cinco a\u00f1os"},"content":{"rendered":"<p><\/p>\n<div>\n<p>El <b>caso Ruiz Orrico<\/b> tendr\u00e1 una instancia decisiva el pr\u00f3ximo <b>23 de septiembre, a las 10<\/b>, cuando la Sala Penal del Superior Tribunal de Justicia de Entre R\u00edos analice el recurso extraordinario presentado por la defensa del exfuncionario provincial. Juan Ruiz Orrico fue condenado a <b>cinco a\u00f1os y ocho meses de prisi\u00f3n efectiva<\/b> por el siniestro vial ocurrido en la Ruta Provincial 39, donde murieron cuatro j\u00f3venes trabajadores oriundos de Basavilbaso. <\/p>\n<p><!-- is a <br \/>--><\/p>\n<p>\u00a0<\/p>\n<p><!-- is a <br \/>--><\/p>\n<p>La defensa, integrada por los abogados <b>F\u00e9lix P\u00e9rez, Leandro Monje y Leopoldo Lambruschini<\/b>, no pretende mediante esta presentaci\u00f3n revertir la declaraci\u00f3n de culpabilidad establecida contra Ruiz Orrico. El planteo est\u00e1 dirigido espec\u00edficamente a conseguir una <b>reducci\u00f3n de la pena impuesta y posteriormente confirmada en una instancia superior, <\/b>public\u00f3 <i>03442.<\/i> <\/p>\n<p><!-- is a <br \/>--><\/p>\n<p>\u00a0<\/p>\n<p><!-- is a <br \/>--><\/p>\n<p>La convocatoria del m\u00e1ximo tribunal provincial abre as\u00ed una nueva etapa en un expediente que gener\u00f3 fuerte repercusi\u00f3n en Entre R\u00edos, particularmente en Basavilbaso y localidades de la zona, por la muerte de <b>Brian Izaguirre, Lucas Izaguirre, Leonardo Almada y Axel Rossi<\/b>. <\/p>\n<p><!-- is a <br \/>--><\/p>\n<p><!-- is a object --><br \/>\n<!-- embed start --><!-- embed end --><br \/>\n<!-- end object --><\/p>\n<p><!-- is a object --><\/p>\n<h3>Qu\u00e9 discutir\u00e1 la defensa ante el Superior Tribunal<\/h3>\n<p><!-- end object --><\/p>\n<p>\u00a0<\/p>\n<p><!-- is a <br \/>--><\/p>\n<p>La audiencia fue fijada para el mi\u00e9rcoles 23 de septiembre a las 10 y tendr\u00e1 como eje el recurso extraordinario promovido por los representantes legales del exfuncionario. <\/p>\n<p><!-- is a <br \/>--><\/p>\n<p>\u00a0<\/p>\n<p><!-- is a <br \/>--><\/p>\n<p>El cuestionamiento de la defensa est\u00e1 centrado en <b>el monto de la condena<\/b>, establecida en cinco a\u00f1os y ocho meses de prisi\u00f3n efectiva, adem\u00e1s de nueve a\u00f1os de inhabilitaci\u00f3n especial para conducir veh\u00edculos automotores. <\/p>\n<p><!-- is a <br \/>--><\/p>\n<p>\u00a0<\/p>\n<p><!-- is a <br \/>--><\/p>\n<p>Ruiz Orrico fue declarado penalmente responsable por el delito de <b>homicidio culposo agravado<\/b> a ra\u00edz del choque frontal ocurrido durante la madrugada del 20 de junio de 2024. <\/p>\n<p><!-- is a <br \/>--><\/p>\n<p>\u00a0<\/p>\n<p><!-- is a <br \/>--><\/p>\n<p>Actualmente, mientras contin\u00faa el tr\u00e1mite de las distintas instancias judiciales, el condenado permanece bajo <b>una modalidad de libertad morigerada con restricciones<\/b>. <\/p>\n<p><!-- is a <br \/>--><\/p>\n<p>\u00a0<\/p>\n<p><!-- is a <br \/>--><\/p>\n<p>La resoluci\u00f3n que adopte la Sala Penal ser\u00e1 determinante para establecer c\u00f3mo contin\u00faa el proceso y qu\u00e9 posibilidades recursivas quedar\u00e1n disponibles para las partes. <\/p>\n<p><!-- is a <br \/>--><\/p>\n<p><!-- is a object --><br \/>\n<!-- embed start --><\/p>\n<figure class=\"embed\">\n<p>    <img decoding=\"async\" src=\"https:\/\/elonce-media.elonce.com\/fotos\/2024\/08\/16\/e_1723804917_68181.webp\" loading=\"lazy\" width=\"600\" height=\"400\" alt=\"\"\/><\/p>\n<\/figure>\n<p><!-- embed end --><br \/>\n<!-- end object --><\/p>\n<p><!-- is a object --><\/p>\n<h3>La tragedia de la Ruta 39<\/h3>\n<p><!-- end object --><\/p>\n<p>\u00a0<\/p>\n<p><!-- is a <br \/>--><\/p>\n<p>El siniestro que origin\u00f3 la causa ocurri\u00f3 durante la madrugada del <b>20 de junio de 2024 sobre la Ruta Provincial 39<\/b>, en el tramo comprendido entre Caseros y Herrera. <\/p>\n<p><!-- is a <br \/>--><\/p>\n<p>\u00a0<\/p>\n<p><!-- is a <br \/>--><\/p>\n<p>Seg\u00fan las pericias consideradas durante el juicio, Ruiz Orrico conduc\u00eda un veh\u00edculo oficial perteneciente al <b>Instituto Portuario Provincial de Entre R\u00edos (IPPER)<\/b> y presentaba <b>1,59 gramos de alcohol por litro de sangre<\/b>. <\/p>\n<p><!-- is a <br \/>--><\/p>\n<p>\u00a0<\/p>\n<p><!-- is a <br \/>--><\/p>\n<p>La reconstrucci\u00f3n judicial determin\u00f3 que el veh\u00edculo conducido por el entonces funcionario <b>invadi\u00f3 el carril contrario y choc\u00f3 frontalmente contra el autom\u00f3vil en el que viajaban cuatro trabajadores<\/b>. <\/p>\n<p><!-- is a <br \/>--><\/p>\n<p><!-- is a object --><br \/>\n<!-- embed start --><\/p>\n<figure class=\"embed\">\n<p>    <img decoding=\"async\" src=\"https:\/\/elonce-media.elonce.com\/fotos\/2026\/02\/06\/e_1770384313_4750.webp\" loading=\"lazy\" width=\"600\" height=\"400\" alt=\"Las v\u00edctimas de la tragedia vial de Ruta 39.-\"\/><figcaption>\n            <span>Las v\u00edctimas de la tragedia vial de Ruta 39.-<\/span><br \/>\n        <\/figcaption><\/figure>\n<p><!-- embed end --><br \/>\n<!-- end object --><\/p>\n<p>Como consecuencia del impacto murieron <b>Brian Izaguirre, de 32 a\u00f1os; Lucas Izaguirre, de 26; Leonardo Almada, de 33; y Axel Rossi, de 23<\/b>. <\/p>\n<p><!-- is a <br \/>--><\/p>\n<p>\u00a0<\/p>\n<p><!-- is a <br \/>--><\/p>\n<p>Los cuatro j\u00f3venes eran oriundos de Basavilbaso y aquella madrugada se trasladaban hacia <b>una planta av\u00edcola ubicada en Pronunciamiento<\/b>, donde deb\u00edan cumplir su jornada laboral. <\/p>\n<p><!-- is a <br \/>--><\/p>\n<p>\u00a0<\/p>\n<p><!-- is a <br \/>--><\/p>\n<p>Esas circunstancias fueron analizadas durante el proceso que termin\u00f3 con la declaraci\u00f3n de responsabilidad penal de Ruiz Orrico y la imposici\u00f3n de la pena que ahora su defensa intenta morigerar. <\/p>\n<p><!-- is a <br \/>--><\/p>\n<p><!-- is a object --><br \/>\n<!-- embed start --><!-- embed end --><br \/>\n<!-- end object --><\/p>\n<p><!-- is a object --><\/p>\n<h3>Qu\u00e9 puede ocurrir despu\u00e9s de la audiencia<\/h3>\n<p><!-- end object --><\/p>\n<p>\u00a0<\/p>\n<p><!-- is a <br \/>--><\/p>\n<p>La instancia ante el Superior Tribunal representa una de las etapas centrales del recorrido recursivo dentro de la Justicia entrerriana. <\/p>\n<p><!-- is a <br \/>--><\/p>\n<p>\u00a0<\/p>\n<p><!-- is a <br \/>--><\/p>\n<p>Si el STJ rechaza el planteo y quedan agotadas las v\u00edas provinciales correspondientes, la defensa podr\u00eda intentar llevar la discusi\u00f3n hasta la <b>Corte Suprema de Justicia de la Naci\u00f3n mediante un recurso extraordinario federal<\/b>, sujeto a los requisitos de admisibilidad propios de esa instancia. <\/p>\n<p><!-- is a <br \/>--><\/p>\n<p>\u00a0<\/p>\n<p><!-- is a <br \/>--><\/p>\n<p>Por lo tanto, la audiencia del 23 de septiembre no estar\u00e1 destinada a realizar nuevamente el juicio ni, de acuerdo con el planteo descripto, a discutir la responsabilidad penal de Ruiz Orrico por el siniestro. <b>El objetivo de sus abogados es conseguir una reducci\u00f3n de los cinco a\u00f1os y ocho meses de prisi\u00f3n efectiva.<\/b> <\/p>\n<p><!-- is a <br \/>--><\/p>\n<p><!-- is a object --><br \/>\n<!-- embed start --><!-- embed end --><br \/>\n<!-- end object --><\/p>\n<p>El resultado es aguardado con especial expectativa por los familiares de las cuatro v\u00edctimas, quienes siguieron las diferentes instancias de una causa que lleva m\u00e1s de dos a\u00f1os de recorrido judicial. <\/p>\n<p><!-- is a <br \/>--><\/p>\n<p>\u00a0<\/p>\n<p><!-- is a <br \/>--><\/p>\n<p>La tragedia provoc\u00f3 adem\u00e1s una fuerte conmoci\u00f3n en Basavilbaso, de donde eran oriundos los cuatro trabajadores que perdieron la vida cuando se dirig\u00edan a cumplir sus tareas. <\/p>\n<p><!-- is a <br \/>--><\/p>\n<p>\u00a0<\/p>\n<p><!-- is a <br \/>--><\/p>\n<p>El pr\u00f3ximo <b>23 de septiembre<\/b>, la Sala Penal del STJ escuchar\u00e1 los argumentos correspondientes y analizar\u00e1 el recurso presentado por la defensa. La resoluci\u00f3n que posteriormente adopte el m\u00e1ximo tribunal entrerriano ser\u00e1 clave para determinar la situaci\u00f3n de la condena impuesta a Juan Ruiz Orrico.<\/p>\n<\/p><\/div>\n","protected":false},"excerpt":{"rendered":"<p>El caso Ruiz Orrico tendr\u00e1 una instancia decisiva el pr\u00f3ximo 23 de septiembre, a las 10, cuando la Sala Penal del Superior Tribunal de Justicia de Entre R\u00edos analice el recurso extraordinario presentado por la defensa del exfuncionario provincial. Juan Ruiz Orrico fue condenado a cinco a\u00f1os y ocho meses de prisi\u00f3n efectiva por el [&hellip;]<\/p>\n","protected":false},"author":1,"featured_media":25012,"comment_status":"open","ping_status":"open","sticky":false,"template":"","format":"standard","meta":{"footnotes":""},"categories":[1],"tags":[],"class_list":["post-25011","post","type-post","status-publish","format-standard","has-post-thumbnail","hentry","category-uncategorized"],"_links":{"self":[{"href":"https:\/\/cliente1.publisher.highstack.com.ar\/index.php?rest_route=\/wp\/v2\/posts\/25011","targetHints":{"allow":["GET"]}}],"collection":[{"href":"https:\/\/cliente1.publisher.highstack.com.ar\/index.php?rest_route=\/wp\/v2\/posts"}],"about":[{"href":"https:\/\/cliente1.publisher.highstack.com.ar\/index.php?rest_route=\/wp\/v2\/types\/post"}],"author":[{"embeddable":true,"href":"https:\/\/cliente1.publisher.highstack.com.ar\/index.php?rest_route=\/wp\/v2\/users\/1"}],"replies":[{"embeddable":true,"href":"https:\/\/cliente1.publisher.highstack.com.ar\/index.php?rest_route=%2Fwp%2Fv2%2Fcomments&post=25011"}],"version-history":[{"count":0,"href":"https:\/\/cliente1.publisher.highstack.com.ar\/index.php?rest_route=\/wp\/v2\/posts\/25011\/revisions"}],"wp:featuredmedia":[{"embeddable":true,"href":"https:\/\/cliente1.publisher.highstack.com.ar\/index.php?rest_route=\/wp\/v2\/media\/25012"}],"wp:attachment":[{"href":"https:\/\/cliente1.publisher.highstack.com.ar\/index.php?rest_route=%2Fwp%2Fv2%2Fmedia&parent=25011"}],"wp:term":[{"taxonomy":"category","embeddable":true,"href":"https:\/\/cliente1.publisher.highstack.com.ar\/index.php?rest_route=%2Fwp%2Fv2%2Fcategories&post=25011"},{"taxonomy":"post_tag","embeddable":true,"href":"https:\/\/cliente1.publisher.highstack.com.ar\/index.php?rest_route=%2Fwp%2Fv2%2Ftags&post=25011"}],"curies":[{"name":"wp","href":"https:\/\/api.w.org\/{rel}","templated":true}]}}