{"id":25005,"date":"2026-09-04T09:12:32","date_gmt":"2026-09-04T12:12:32","guid":{"rendered":"https:\/\/cliente1.publisher.highstack.com.ar\/?p=25005"},"modified":"2026-09-04T09:12:32","modified_gmt":"2026-09-04T12:12:32","slug":"el-incendio-de-una-computadora-genero-alarma-en-una-escuela-de-feliciano","status":"publish","type":"post","link":"https:\/\/cliente1.publisher.highstack.com.ar\/?p=25005","title":{"rendered":"El incendio de una computadora gener\u00f3 alarma en una escuela de Feliciano"},"content":{"rendered":"<p><\/p>\n<div>\n<p><b>Un principio de incendio en una escuela de Feliciano<\/b> gener\u00f3 preocupaci\u00f3n este jueves luego de que comenzara a salir humo desde el interior de la Escuela N\u00ba 43 \u201cPresb\u00edtero Gabriel Vill\u00f3n\u201d. El fuego se habr\u00eda originado en el CPU de una computadora ubicada en la oficina de Direcci\u00f3n y alcanz\u00f3 parte del mobiliario y documentaci\u00f3n, aunque la r\u00e1pida intervenci\u00f3n permiti\u00f3 evitar que las llamas se extendieran hacia otras dependencias. <\/p>\n<p><!-- is a <br \/>--><\/p>\n<p>\u00a0<\/p>\n<p><!-- is a <br \/>--><\/p>\n<p>El episodio se registr\u00f3 alrededor de las 19 y fue un vecino quien detect\u00f3 inicialmente la situaci\u00f3n. Al observar que sal\u00eda humo desde el establecimiento educativo, se comunic\u00f3 telef\u00f3nicamente con la Polic\u00eda para advertir lo que estaba ocurriendo. <\/p>\n<p><!-- is a <br \/>--><\/p>\n<p>\u00a0<\/p>\n<p><!-- is a <br \/>--><\/p>\n<p>Personal policial acudi\u00f3 inmediatamente a la escuela y, al llegar, constat\u00f3 que efectivamente hab\u00eda humo en el interior. Ante esa situaci\u00f3n, los efectivos dieron intervenci\u00f3n a <b>Bomberos Voluntarios de San Jos\u00e9 de Feliciano<\/b> y tambi\u00e9n comunicaron lo sucedido a los responsables de la instituci\u00f3n. <\/p>\n<p><!-- is a <br \/>--><\/p>\n<p><!-- is a object --><\/p>\n<h3> <\/h3>\n<p><!-- end object --><\/p>\n<p>\u00a0<\/p>\n<p><!-- is a <br \/>--><\/p>\n<p><!-- is a object --><\/p>\n<h3>El foco estaba en la oficina de Direcci\u00f3n<\/h3>\n<p><!-- end object --><\/p>\n<p>\u00a0<\/p>\n<p><!-- is a <br \/>--><\/p>\n<p>Con el objetivo de determinar de d\u00f3nde proven\u00eda el humo y conocer la magnitud del incidente, los polic\u00edas ingresaron al predio y localizaron el foco en una de las oficinas correspondientes a la Direcci\u00f3n de la escuela. <\/p>\n<p><!-- is a <br \/>--><\/p>\n<p>\u00a0<\/p>\n<p><!-- is a <br \/>--><\/p>\n<p>Una vez que arrib\u00f3 el responsable del establecimiento, se utilizaron <b>extintores para atacar las llamas<\/b> y evitar que continuaran avanzando sobre los elementos existentes en el lugar. <\/p>\n<p><!-- is a <br \/>--><\/p>\n<p>\u00a0<\/p>\n<p><!-- is a <br \/>--><\/p>\n<p>Seg\u00fan las primeras constataciones realizadas despu\u00e9s del episodio, <b>el fuego se habr\u00eda iniciado en el CPU de una computadora que se encontraba sobre un escritorio<\/b>. <\/p>\n<p><!-- is a <br \/>--><\/p>\n<p>\u00a0<\/p>\n<p><!-- is a <br \/>--><\/p>\n<p>Desde ese equipo, las llamas alcanzaron posteriormente otro mueble y parte de la documentaci\u00f3n que estaba guardada en la oficina. No obstante, el fuego pudo ser contenido antes de alcanzar otros sectores del edificio escolar. <\/p>\n<p><!-- is a <br \/>--><\/p>\n<p>\u00a0<\/p>\n<p><!-- is a <br \/>--><\/p>\n<p>La r\u00e1pida respuesta result\u00f3 determinante para impedir que un foco inicialmente localizado en una oficina terminara transform\u00e1ndose en un incendio de mayores dimensiones. <\/p>\n<p><!-- is a <br \/>--><\/p>\n<p><!-- is a object --><br \/>\n<!-- embed start --><\/p>\n<figure class=\"embed\">\n<p>    <img decoding=\"async\" src=\"https:\/\/elonce-media.elonce.com\/fotos\/2026\/09\/04\/e_1788522067_41411.webp\" loading=\"lazy\" width=\"600\" height=\"400\" alt=\"\"\/><\/p>\n<\/figure>\n<p><!-- embed end --><br \/>\n<!-- end object --><\/p>\n<p><!-- is a object --><\/p>\n<h3>Bomberos trabajaron para establecer las causas<\/h3>\n<p><!-- end object --><\/p>\n<p>\u00a0<\/p>\n<p><!-- is a <br \/>--><\/p>\n<p>Una vez controlada la situaci\u00f3n, los Bomberos Voluntarios realizaron las tareas correspondientes dentro de la instituci\u00f3n y comenzaron con el relevamiento del sector afectado. <\/p>\n<p><!-- is a <br \/>--><\/p>\n<p>\u00a0<\/p>\n<p><!-- is a <br \/>--><\/p>\n<p>El trabajo busca determinar <b>qu\u00e9 provoc\u00f3 el inicio del fuego en el equipo inform\u00e1tico<\/b> y establecer con precisi\u00f3n la secuencia mediante la cual las llamas se propagaron hacia el mobiliario y la documentaci\u00f3n. <\/p>\n<p><!-- is a <br \/>--><\/p>\n<p>\u00a0<\/p>\n<p><!-- is a <br \/>--><\/p>\n<p>Por el momento, el origen en el CPU surge de las primeras constataciones realizadas en el lugar, mientras contin\u00faan las actuaciones para establecer las causas del incidente. <\/p>\n<p><!-- is a <br \/>--><\/p>\n<p>\u00a0<\/p>\n<p><!-- is a <br \/>--><\/p>\n<p>El hecho tambi\u00e9n fue comunicado a la <b>autoridad judicial<\/b>, desde donde se impartieron las directivas correspondientes para continuar con las diligencias. <\/p>\n<p><!-- is a <br \/>--><\/p>\n<p>\u00a0<\/p>\n<p><!-- is a <br \/>--><\/p>\n<p>A partir del r\u00e1pido aviso del vecino y la posterior intervenci\u00f3n de polic\u00edas, responsables de la instituci\u00f3n y bomberos, <b>el principio de incendio qued\u00f3 <\/b><b>circunscripto a la oficina de Direcci\u00f3n y no lleg\u00f3 a extenderse al resto de la Escuela N\u00ba 43<\/b>. <\/p>\n<p><!-- is a <br \/>--><\/p>\n<p>\u00a0<\/p>\n<p><!-- is a <br \/>--><\/p>\n<p>El episodio dej\u00f3 da\u00f1os materiales en los elementos alcanzados por las llamas, principalmente la computadora, mobiliario y documentaci\u00f3n. No se informaron personas lesionadas como consecuencia del incidente.<\/p>\n<\/p><\/div>\n","protected":false},"excerpt":{"rendered":"<p>Un principio de incendio en una escuela de Feliciano gener\u00f3 preocupaci\u00f3n este jueves luego de que comenzara a salir humo desde el interior de la Escuela N\u00ba 43 \u201cPresb\u00edtero Gabriel Vill\u00f3n\u201d. El fuego se habr\u00eda originado en el CPU de una computadora ubicada en la oficina de Direcci\u00f3n y alcanz\u00f3 parte del mobiliario y documentaci\u00f3n, [&hellip;]<\/p>\n","protected":false},"author":1,"featured_media":25006,"comment_status":"open","ping_status":"open","sticky":false,"template":"","format":"standard","meta":{"footnotes":""},"categories":[1],"tags":[],"class_list":["post-25005","post","type-post","status-publish","format-standard","has-post-thumbnail","hentry","category-uncategorized"],"_links":{"self":[{"href":"https:\/\/cliente1.publisher.highstack.com.ar\/index.php?rest_route=\/wp\/v2\/posts\/25005","targetHints":{"allow":["GET"]}}],"collection":[{"href":"https:\/\/cliente1.publisher.highstack.com.ar\/index.php?rest_route=\/wp\/v2\/posts"}],"about":[{"href":"https:\/\/cliente1.publisher.highstack.com.ar\/index.php?rest_route=\/wp\/v2\/types\/post"}],"author":[{"embeddable":true,"href":"https:\/\/cliente1.publisher.highstack.com.ar\/index.php?rest_route=\/wp\/v2\/users\/1"}],"replies":[{"embeddable":true,"href":"https:\/\/cliente1.publisher.highstack.com.ar\/index.php?rest_route=%2Fwp%2Fv2%2Fcomments&post=25005"}],"version-history":[{"count":0,"href":"https:\/\/cliente1.publisher.highstack.com.ar\/index.php?rest_route=\/wp\/v2\/posts\/25005\/revisions"}],"wp:featuredmedia":[{"embeddable":true,"href":"https:\/\/cliente1.publisher.highstack.com.ar\/index.php?rest_route=\/wp\/v2\/media\/25006"}],"wp:attachment":[{"href":"https:\/\/cliente1.publisher.highstack.com.ar\/index.php?rest_route=%2Fwp%2Fv2%2Fmedia&parent=25005"}],"wp:term":[{"taxonomy":"category","embeddable":true,"href":"https:\/\/cliente1.publisher.highstack.com.ar\/index.php?rest_route=%2Fwp%2Fv2%2Fcategories&post=25005"},{"taxonomy":"post_tag","embeddable":true,"href":"https:\/\/cliente1.publisher.highstack.com.ar\/index.php?rest_route=%2Fwp%2Fv2%2Ftags&post=25005"}],"curies":[{"name":"wp","href":"https:\/\/api.w.org\/{rel}","templated":true}]}}