{"id":25002,"date":"2026-09-04T08:33:57","date_gmt":"2026-09-04T11:33:57","guid":{"rendered":"https:\/\/cliente1.publisher.highstack.com.ar\/?p=25002"},"modified":"2026-09-04T08:33:57","modified_gmt":"2026-09-04T11:33:57","slug":"acordo-mas-de-cinco-anos-de-prision-el-acusado-de-balear-un-comisario-en-un-centro-de-salud","status":"publish","type":"post","link":"https:\/\/cliente1.publisher.highstack.com.ar\/?p=25002","title":{"rendered":"Acord\u00f3 m\u00e1s de cinco a\u00f1os de prisi\u00f3n el acusado de balear un comisario en un centro de salud"},"content":{"rendered":"<p><\/p>\n<div>\n<p><b>Alberto Morales fue condenado por balear al comisario Gast\u00f3n Heinze<\/b> dentro del Centro de Salud Dr. Ram\u00f3n Carrillo de Paran\u00e1 y deber\u00e1 cumplir una pena de <b>cinco a\u00f1os y cinco meses de prisi\u00f3n efectiva<\/b>, seg\u00fan el acuerdo alcanzado mediante juicio abreviado. El episodio ocurri\u00f3 el 5 de marzo de este a\u00f1o, cuando el acusado le quit\u00f3 el arma reglamentaria al oficial Lautaro Silvestre durante un forcejeo y realiz\u00f3 dos disparos dentro del establecimiento sanitario.  <\/p>\n<p><!-- is a <br \/>--><\/p>\n<p>\u00a0<\/p>\n<p><!-- is a <br \/>--><\/p>\n<p>El ataque no solamente puso en riesgo a los polic\u00edas que hab\u00edan acudido ante una situaci\u00f3n violenta. <b>Dentro del centro de salud se encontraban m\u00e9dicos, enfermeros, pacientes y otras personas<\/b> cuando Morales se apoder\u00f3 del arma y efectu\u00f3 los disparos, uno de los cuales impact\u00f3 en Heinze.  <\/p>\n<p><!-- is a <br \/>--><\/p>\n<p>\u00a0<\/p>\n<p><!-- is a <br \/>--><\/p>\n<p>El Tribunal de Juicio y Apelaciones homolog\u00f3 el acuerdo mediante el cual Morales, de 38 a\u00f1os, recibi\u00f3 la pena de cumplimiento efectivo. En la resoluci\u00f3n tambi\u00e9n tuvo incidencia una condena condicional que pesaba sobre el acusado desde 2023 por una causa vinculada con estupefacientes y que fue unificada con la nueva sanci\u00f3n.  <\/p>\n<p><!-- is a <br \/>--><\/p>\n<p><!-- is a object --><br \/>\n<!-- embed start --><\/p>\n<figure class=\"embed\">\n<p>    <img decoding=\"async\" src=\"https:\/\/elonce-media.elonce.com\/fotos\/2026\/09\/04\/e_1788520145_90292.webp\" loading=\"lazy\" width=\"600\" height=\"400\" alt=\"\"\/><\/p>\n<\/figure>\n<p><!-- embed end --><br \/>\n<!-- end object --><\/p>\n<p><!-- is a object --><\/p>\n<h3>Le quit\u00f3 el arma a un oficial y dispar\u00f3 dos veces<\/h3>\n<p><!-- end object --><\/p>\n<p>\u00a0<\/p>\n<p><!-- is a <br \/>--><\/p>\n<p>El grave episodio se produjo alrededor de las <b>13 del 5 de marzo en el Centro de Salud Dr. Ram\u00f3n Carrillo, ubicado sobre calle Montiel de Paran\u00e1<\/b>. La Polic\u00eda hab\u00eda recibido un llamado solicitando intervenci\u00f3n ante una situaci\u00f3n violenta dentro del establecimiento.  <\/p>\n<p><!-- is a <br \/>--><\/p>\n<p>\u00a0<\/p>\n<p><!-- is a <br \/>--><\/p>\n<p>Hasta all\u00ed concurri\u00f3 una dotaci\u00f3n policial encabezada por el comisario Gast\u00f3n Heinze, quien se desempe\u00f1aba como jefe de Comisar\u00eda Quinta despu\u00e9s de haber cumplido funciones como segundo jefe de la Comisar\u00eda de Crespo. Entre los efectivos que participaron del procedimiento se encontraba el oficial <b>Lautaro Silvestre<\/b>.  <\/p>\n<p><!-- is a <br \/>--><\/p>\n<p>\u00a0<\/p>\n<p><!-- is a <br \/>--><\/p>\n<p>Durante la intervenci\u00f3n se produjo un forcejeo y <b>Morales consigui\u00f3 apoderarse del arma reglamentaria de Silvestre<\/b>. Con la pistola en sus manos accion\u00f3 el arma y efectu\u00f3 dos disparos dentro del centro asistencial.  <\/p>\n<p><!-- is a <br \/>--><\/p>\n<p>\u00a0<\/p>\n<p><!-- is a <br \/>--><\/p>\n<p>Uno de los proyectiles alcanz\u00f3 al comisario Heinze en la zona alta del muslo izquierdo y le provoc\u00f3 <b>una herida con orificio de entrada y salida<\/b>. Como consecuencia del impacto, el funcionario cay\u00f3 y sufri\u00f3 adem\u00e1s una fractura en uno de sus codos.  <\/p>\n<p><!-- is a <br \/>--><\/p>\n<p>\u00a0<\/p>\n<p><!-- is a <br \/>--><\/p>\n<p>Pese a la situaci\u00f3n, Morales pudo ser reducido y qued\u00f3 a disposici\u00f3n de la Justicia. El arma tambi\u00e9n fue recuperada.  <\/p>\n<p><!-- is a <br \/>--><\/p>\n<p><!-- is a object --><br \/>\n<!-- code --><\/p>\n<blockquote class=\"twitter-tweet\" data-media-max-width=\"560\">\n<p lang=\"es\" dir=\"ltr\">Cinco a\u00f1os de prisi\u00f3n para quien bale\u00f3 al comisario Heintz en marzo de 2026 (im\u00e1genes gentileza de C\u00f3digos) <a href=\"https:\/\/t.co\/wloZ3ieg3r\">pic.twitter.com\/wloZ3ieg3r<\/a><\/p>\n<p>\u2014 ELONCE WEB (@ElonceW56269) <a href=\"https:\/\/x.com\/ElonceW56269\/status\/2095832953137873248?ref_src=twsrc%5Etfw\">September 4, 2026<\/a><\/p><\/blockquote>\n<p> <!-- end code --><br \/>\n<!-- end object --><\/p>\n<p><!-- is a object --><\/p>\n<h3>M\u00e9dicos, enfermeros y civiles estaban dentro del centro de salud<\/h3>\n<p><!-- end object --><\/p>\n<p>\u00a0<\/p>\n<p><!-- is a <br \/>--><\/p>\n<p>Una de las circunstancias relevantes del episodio fue el lugar y el horario en que se produjeron los disparos. Eran aproximadamente las 13 y el Centro de Salud Carrillo se encontraba en funcionamiento, con personal sanitario y civiles en su interior.  <\/p>\n<p><!-- is a <br \/>--><\/p>\n<p>\u00a0<\/p>\n<p><!-- is a <br \/>--><\/p>\n<p>De esta manera, <b>polic\u00edas, m\u00e9dicos, enfermeros, pacientes y otras personas presentes quedaron expuestos a una situaci\u00f3n de extrema peligrosidad<\/b> cuando el acusado consigui\u00f3 quitarle el arma a uno de los efectivos y dispar\u00f3 dos veces.  <\/p>\n<p><!-- is a <br \/>--><\/p>\n<p>\u00a0<\/p>\n<p><!-- is a <br \/>--><\/p>\n<p>Dentro del establecimiento tambi\u00e9n se encontraba <b>una hermana de Morales<\/b>. Seg\u00fan trascendi\u00f3, la mujer lleg\u00f3 a considerar que el acusado hab\u00eda intentado matarla durante el incidente.  <\/p>\n<p><!-- is a <br \/>--><\/p>\n<p>\u00a0<\/p>\n<p><!-- is a <br \/>--><\/p>\n<p>Sin embargo, esa posibilidad <b>fue descartada por el fiscal que intervino en la investigaci\u00f3n<\/b>, por lo que no form\u00f3 parte de la acusaci\u00f3n finalmente acordada en el procedimiento abreviado.  <\/p>\n<p><!-- is a <br \/>--><\/p>\n<p>\u00a0<\/p>\n<p><!-- is a <br \/>--><\/p>\n<p>El caso avanz\u00f3 entonces sobre la conducta atribuida a Morales durante el forcejeo, la sustracci\u00f3n del arma reglamentaria y las lesiones provocadas al comisario. <\/p>\n<p><!-- is a <br \/>--><\/p>\n<p>\u00a0<\/p>\n<p><!-- is a <br \/>--><\/p>\n<p><!-- is a object --><\/p>\n<h3>Heinze contin\u00faa con tratamiento por estr\u00e9s postraum\u00e1tico<\/h3>\n<p><!-- end object --><\/p>\n<p>\u00a0<\/p>\n<p><!-- is a <br \/>--><\/p>\n<p>Las consecuencias para el funcionario policial no terminaron con las heridas f\u00edsicas. Durante la audiencia se conoci\u00f3 que Heinze contin\u00faa actualmente <b>bajo tratamiento psicol\u00f3gico por un cuadro de estr\u00e9s postraum\u00e1tico<\/b> relacionado con el ataque.  <\/p>\n<p><!-- is a <br \/>--><\/p>\n<p>\u00a0<\/p>\n<p><!-- is a <br \/>--><\/p>\n<p>Adem\u00e1s de la herida de bala que atraves\u00f3 la parte superior de su muslo izquierdo, sufri\u00f3 una fractura de codo producto de la ca\u00edda posterior al disparo.  <\/p>\n<p><!-- is a <br \/>--><\/p>\n<p>\u00a0<\/p>\n<p><!-- is a <br \/>--><\/p>\n<p>El impacto psicol\u00f3gico del episodio tambi\u00e9n fue incorporado entre las consecuencias sufridas por el polic\u00eda despu\u00e9s de una intervenci\u00f3n que comenz\u00f3 como una convocatoria para controlar una situaci\u00f3n violenta y termin\u00f3 con el propio funcionario herido por un arma policial.  <\/p>\n<p><!-- is a <br \/>--><\/p>\n<p><!-- is a object --><\/p>\n<h3> <\/h3>\n<p><!-- end object --><\/p>\n<p>\u00a0<\/p>\n<p><!-- is a <br \/>--><\/p>\n<p><!-- is a object --><\/p>\n<h3>La condena anterior que ten\u00eda Morales<\/h3>\n<p><!-- end object --><\/p>\n<p>\u00a0<\/p>\n<p><!-- is a <br \/>--><\/p>\n<p>Al momento del ataque del 5 de marzo, Morales no llegaba al proceso sin antecedentes judiciales. En <b>2023 hab\u00eda recibido una condena condicional por un delito vinculado con estupefacientes<\/b>.  <\/p>\n<p><!-- is a <br \/>--><\/p>\n<p>\u00a0<\/p>\n<p><!-- is a <br \/>--><\/p>\n<p>Aquella pena fue tenida en cuenta y <b>unificada con la correspondiente a la nueva causa<\/b>, lo que deriv\u00f3 finalmente en los cinco a\u00f1os y cinco meses de prisi\u00f3n efectiva acordados por las partes y homologados por el Tribunal.  <\/p>\n<p><!-- is a <br \/>--><\/p>\n<p>\u00a0<\/p>\n<p><!-- is a <br \/>--><\/p>\n<p>De no haber existido esa condena anterior, la sanci\u00f3n correspondiente exclusivamente al nuevo expediente habr\u00eda sido inferior a la pena \u00fanica finalmente establecida.  <\/p>\n<p><!-- is a <br \/>--><\/p>\n<p>\u00a0<\/p>\n<p><!-- is a <br \/>--><\/p>\n<p>El juicio abreviado permiti\u00f3 cerrar el proceso sin llegar a un debate oral completo, mediante el reconocimiento de responsabilidad y el acuerdo sobre la pena, posteriormente sometido al control y homologaci\u00f3n judicial.  <\/p>\n<p><!-- is a <br \/>--><\/p>\n<p>\u00a0<\/p>\n<p><!-- is a <br \/>--><\/p>\n<p>De esta manera, <b>Alberto Morales deber\u00e1 cumplir cinco a\u00f1os y cinco meses de prisi\u00f3n efectiva por el violento episodio ocurrido en el Centro de Salud Carrillo<\/b>, donde arrebat\u00f3 el arma reglamentaria de un polic\u00eda, efectu\u00f3 dos disparos y uno de ellos hiri\u00f3 al comisario Gast\u00f3n Heinze, mientras trabajadores de la salud y civiles se encontraban dentro del establecimiento. <i>(con informaci\u00f3n de C\u00f3digos y Estaci\u00f3n Plus)<\/i><\/p>\n<\/p><\/div>\n<p><script async src=\"\/\/platform.twitter.com\/widgets.js\" charset=\"utf-8\"><\/script><\/p>\n","protected":false},"excerpt":{"rendered":"<p>Alberto Morales fue condenado por balear al comisario Gast\u00f3n Heinze dentro del Centro de Salud Dr. Ram\u00f3n Carrillo de Paran\u00e1 y deber\u00e1 cumplir una pena de cinco a\u00f1os y cinco meses de prisi\u00f3n efectiva, seg\u00fan el acuerdo alcanzado mediante juicio abreviado. El episodio ocurri\u00f3 el 5 de marzo de este a\u00f1o, cuando el acusado le [&hellip;]<\/p>\n","protected":false},"author":1,"featured_media":25003,"comment_status":"open","ping_status":"open","sticky":false,"template":"","format":"standard","meta":{"footnotes":""},"categories":[1],"tags":[],"class_list":["post-25002","post","type-post","status-publish","format-standard","has-post-thumbnail","hentry","category-uncategorized"],"_links":{"self":[{"href":"https:\/\/cliente1.publisher.highstack.com.ar\/index.php?rest_route=\/wp\/v2\/posts\/25002","targetHints":{"allow":["GET"]}}],"collection":[{"href":"https:\/\/cliente1.publisher.highstack.com.ar\/index.php?rest_route=\/wp\/v2\/posts"}],"about":[{"href":"https:\/\/cliente1.publisher.highstack.com.ar\/index.php?rest_route=\/wp\/v2\/types\/post"}],"author":[{"embeddable":true,"href":"https:\/\/cliente1.publisher.highstack.com.ar\/index.php?rest_route=\/wp\/v2\/users\/1"}],"replies":[{"embeddable":true,"href":"https:\/\/cliente1.publisher.highstack.com.ar\/index.php?rest_route=%2Fwp%2Fv2%2Fcomments&post=25002"}],"version-history":[{"count":0,"href":"https:\/\/cliente1.publisher.highstack.com.ar\/index.php?rest_route=\/wp\/v2\/posts\/25002\/revisions"}],"wp:featuredmedia":[{"embeddable":true,"href":"https:\/\/cliente1.publisher.highstack.com.ar\/index.php?rest_route=\/wp\/v2\/media\/25003"}],"wp:attachment":[{"href":"https:\/\/cliente1.publisher.highstack.com.ar\/index.php?rest_route=%2Fwp%2Fv2%2Fmedia&parent=25002"}],"wp:term":[{"taxonomy":"category","embeddable":true,"href":"https:\/\/cliente1.publisher.highstack.com.ar\/index.php?rest_route=%2Fwp%2Fv2%2Fcategories&post=25002"},{"taxonomy":"post_tag","embeddable":true,"href":"https:\/\/cliente1.publisher.highstack.com.ar\/index.php?rest_route=%2Fwp%2Fv2%2Ftags&post=25002"}],"curies":[{"name":"wp","href":"https:\/\/api.w.org\/{rel}","templated":true}]}}