{"id":24998,"date":"2026-09-04T08:01:21","date_gmt":"2026-09-04T11:01:21","guid":{"rendered":"https:\/\/cliente1.publisher.highstack.com.ar\/?p=24998"},"modified":"2026-09-04T08:01:21","modified_gmt":"2026-09-04T11:01:21","slug":"accidente-en-concordia-dejo-a-una-joven-hospitalizada-tras-una-maniobra-de-adelantamiento","status":"publish","type":"post","link":"https:\/\/cliente1.publisher.highstack.com.ar\/?p=24998","title":{"rendered":"Accidente en Concordia dej\u00f3 a una joven hospitalizada tras una maniobra de adelantamiento"},"content":{"rendered":"<p><\/p>\n<div>\n<p>Una joven de 21 a\u00f1os result\u00f3 lesionada este jueves por la noche tras protagonizar un accidente de tr\u00e1nsito en <b>Concordia<\/b>, en la intersecci\u00f3n de avenida Eva Per\u00f3n y calle Von Wernich. <\/p>\n<p><!-- is a <br \/>--><\/p>\n<p>\u00a0<\/p>\n<p><!-- is a <br \/>--><\/p>\n<p>El hecho ocurri\u00f3 alrededor de las 22.20 y fue protagonizado por una camioneta Volkswagen Saveiro y una motocicleta Yamaha FZ16 de 160 cent\u00edmetros c\u00fabicos. La camioneta era conducida por un hombre de 40 a\u00f1os, mientras que la joven circulaba al mando de la motocicleta. <\/p>\n<p><!-- is a <br \/>--><\/p>\n<p>\u00a0<\/p>\n<p><!-- is a <br \/>--><\/p>\n<p><!-- is a object --><br \/>\n<!-- embed start --><!-- embed end --><br \/>\n<!-- end object --><\/p>\n<p>\u00a0<\/p>\n<p><!-- is a <br \/>--><\/p>\n<p><!-- is a object --><\/p>\n<h2><b>La maniobra que se investiga<\/b><\/h2>\n<p><!-- end object --><\/p>\n<p>\u00a0<\/p>\n<p><!-- is a <br \/>--><\/p>\n<p>De acuerdo con la informaci\u00f3n policial, ambos veh\u00edculos transitaban por avenida Eva Per\u00f3n en sentido sur-norte cuando se produjo el accidente. <\/p>\n<p><!-- is a <br \/>--><\/p>\n<p>Por causas que todav\u00eda se intentan establecer, la motociclista habr\u00eda intentado sobrepasar a la camioneta por el sector izquierdo. <\/p>\n<p><!-- is a <br \/>--><\/p>\n<p>\u00a0<\/p>\n<p><!-- is a <br \/>--><\/p>\n<p>Luego de esa maniobra perdi\u00f3 el control del rodado y termin\u00f3 involucrada en la colisi\u00f3n, seg\u00fan las primeras actuaciones realizadas en <b>Concordia<\/b>. <\/p>\n<p><!-- is a <br \/>--><\/p>\n<p>\u00a0<\/p>\n<p><!-- is a <br \/>--><\/p>\n<p><!-- is a object --><br \/>\n<!-- embed start --><\/p>\n<figure class=\"embed\">\n<p>    <img decoding=\"async\" src=\"https:\/\/elonce-media.elonce.com\/fotos\/2026\/09\/04\/e_1788514746_93551.webp\" loading=\"lazy\" width=\"600\" height=\"400\" alt=\"\"\/><\/p>\n<\/figure>\n<p><!-- embed end --><br \/>\n<!-- end object --><\/p>\n<p>\u00a0<\/p>\n<p><!-- is a <br \/>--><\/p>\n<p>Como consecuencia del impacto, la joven sufri\u00f3 lesiones y debi\u00f3 recibir asistencia m\u00e9dica en el lugar. Posteriormente fue trasladada al Hospital Delicia Concepci\u00f3n Masvernat, donde qued\u00f3 bajo observaci\u00f3n de los profesionales. <\/p>\n<p><!-- is a <br \/>--><\/p>\n<p>\u00a0<\/p>\n<p><!-- is a <br \/>--><\/p>\n<p>Hasta el momento de emitirse el parte policial, todav\u00eda se aguardaba conocer el car\u00e1cter y la gravedad de las lesiones sufridas por la motociclista. <\/p>\n<p><!-- is a <br \/>--><\/p>\n<p>\u00a0<\/p>\n<p><!-- is a <br \/>--><\/p>\n<p><!-- is a object --><\/p>\n<h2><b>Trabaj\u00f3 Polic\u00eda Cient\u00edfica<\/b><\/h2>\n<p><!-- end object --><\/p>\n<p>\u00a0<\/p>\n<p><!-- is a <br \/>--><\/p>\n<p>Personal de la Comisar\u00eda Tercera intervino inicialmente en el lugar del accidente y realiz\u00f3 las primeras actuaciones. <\/p>\n<p><!-- is a <br \/>--><\/p>\n<p>\u00a0<\/p>\n<p><!-- is a <br \/>--><\/p>\n<p><!-- is a object --><br \/>\n<!-- embed start --><!-- embed end --><br \/>\n<!-- end object --><\/p>\n<p>\u00a0<\/p>\n<p><!-- is a <br \/>--><\/p>\n<p>Tambi\u00e9n trabajaron efectivos de la Divisi\u00f3n Polic\u00eda Cient\u00edfica, encargados de efectuar las pericias correspondientes para determinar c\u00f3mo ocurri\u00f3 el choque. <\/p>\n<p><!-- is a <br \/>--><\/p>\n<p>\u00a0<\/p>\n<p><!-- is a <br \/>--><\/p>\n<p>La investigaci\u00f3n continuar\u00e1 con el an\u00e1lisis de esas medidas para establecer con precisi\u00f3n la mec\u00e1nica del accidente registrado durante la noche en <b>Concordia<\/b>.<\/p>\n<\/p><\/div>\n","protected":false},"excerpt":{"rendered":"<p>Una joven de 21 a\u00f1os result\u00f3 lesionada este jueves por la noche tras protagonizar un accidente de tr\u00e1nsito en Concordia, en la intersecci\u00f3n de avenida Eva Per\u00f3n y calle Von Wernich. \u00a0 El hecho ocurri\u00f3 alrededor de las 22.20 y fue protagonizado por una camioneta Volkswagen Saveiro y una motocicleta Yamaha FZ16 de 160 cent\u00edmetros [&hellip;]<\/p>\n","protected":false},"author":1,"featured_media":24999,"comment_status":"open","ping_status":"open","sticky":false,"template":"","format":"standard","meta":{"footnotes":""},"categories":[1],"tags":[],"class_list":["post-24998","post","type-post","status-publish","format-standard","has-post-thumbnail","hentry","category-uncategorized"],"_links":{"self":[{"href":"https:\/\/cliente1.publisher.highstack.com.ar\/index.php?rest_route=\/wp\/v2\/posts\/24998","targetHints":{"allow":["GET"]}}],"collection":[{"href":"https:\/\/cliente1.publisher.highstack.com.ar\/index.php?rest_route=\/wp\/v2\/posts"}],"about":[{"href":"https:\/\/cliente1.publisher.highstack.com.ar\/index.php?rest_route=\/wp\/v2\/types\/post"}],"author":[{"embeddable":true,"href":"https:\/\/cliente1.publisher.highstack.com.ar\/index.php?rest_route=\/wp\/v2\/users\/1"}],"replies":[{"embeddable":true,"href":"https:\/\/cliente1.publisher.highstack.com.ar\/index.php?rest_route=%2Fwp%2Fv2%2Fcomments&post=24998"}],"version-history":[{"count":0,"href":"https:\/\/cliente1.publisher.highstack.com.ar\/index.php?rest_route=\/wp\/v2\/posts\/24998\/revisions"}],"wp:featuredmedia":[{"embeddable":true,"href":"https:\/\/cliente1.publisher.highstack.com.ar\/index.php?rest_route=\/wp\/v2\/media\/24999"}],"wp:attachment":[{"href":"https:\/\/cliente1.publisher.highstack.com.ar\/index.php?rest_route=%2Fwp%2Fv2%2Fmedia&parent=24998"}],"wp:term":[{"taxonomy":"category","embeddable":true,"href":"https:\/\/cliente1.publisher.highstack.com.ar\/index.php?rest_route=%2Fwp%2Fv2%2Fcategories&post=24998"},{"taxonomy":"post_tag","embeddable":true,"href":"https:\/\/cliente1.publisher.highstack.com.ar\/index.php?rest_route=%2Fwp%2Fv2%2Ftags&post=24998"}],"curies":[{"name":"wp","href":"https:\/\/api.w.org\/{rel}","templated":true}]}}