{"id":24994,"date":"2026-09-04T07:14:32","date_gmt":"2026-09-04T10:14:32","guid":{"rendered":"https:\/\/cliente1.publisher.highstack.com.ar\/?p=24994"},"modified":"2026-09-04T07:14:32","modified_gmt":"2026-09-04T10:14:32","slug":"se-triplico-el-costo-de-la-luz-para-las-empresas-y-tres-gobernadores-anunciaron-que-saldran-a-financiarlas","status":"publish","type":"post","link":"https:\/\/cliente1.publisher.highstack.com.ar\/?p=24994","title":{"rendered":"Se triplic\u00f3 el costo de la luz para las empresas y tres gobernadores anunciaron que saldr\u00e1n a financiarlas"},"content":{"rendered":"<p><\/p>\n<div class=\"sc-45461e9c-0 eqiBeF container-text text-embed \" id=\"element-body-0\">\n<p>Los gobiernos de <strong>Santa Fe, C\u00f3rdoba y Entre R\u00edos<\/strong> acordaron una medida conjunta para <strong>financiar a las empresas que tuvieron fuertes aumentos en las tarifas de energ\u00eda<\/strong> el\u00e9ctrica este a\u00f1o, a partir de la reforma del mercado que tiende a sacar al Estado nacional del medio e impulsar los contratos entre privados.<\/p>\n<\/div>\n<div class=\"sc-45461e9c-0 eqiBeF container-text text-embed \" id=\"element-body-1\">\n<p>Ser\u00e1 un financiamiento en 8 cuotas, con adhesi\u00f3n voluntaria y a una tasa de inter\u00e9s nominal anual de 15%, a trav\u00e9s de las distribuidoras provinciales o cooperativas municipales.<\/p>\n<\/div>\n<div class=\"sc-45461e9c-0 eqiBeF container-text text-embed \" id=\"element-body-2\">\n<p>La decisi\u00f3n responde a las subas de la luz que tuvieron impacto en junio, julio y agosto, los meses con mayores <strong>importaciones de gas <\/strong>para el uso en la generaci\u00f3n el\u00e9ctrica. Este invierno peg\u00f3 en las cuentas del sector la <strong>guerra en Ir\u00e1n y el bloqueo del Estrecho de Ormuz<\/strong>, que duplic\u00f3 los precios del gas licuado.<\/p>\n<\/div>\n<div class=\"sc-45461e9c-0 eqiBeF container-text text-embed \" id=\"element-body-3\">\n<p><strong>Durante julio los precios de la energ\u00eda sin contractualizar tocaron un pico de 168,6 d\u00f3lares por megavatio-hora (MWh) y poco menos que se triplicaron<\/strong> respecto a los meses de verano. Esos son los costos mayoristas que pagan los grandes usuarios industriales y comerciales, mientras que el Gobierno decidi\u00f3 seguir subsidiando a los hogares.<\/p>\n<\/div>\n<div class=\"sc-45461e9c-0 eqiBeF container-text text-embed \" id=\"element-body-4\">\n<p>En el invierno, los comercios y las industrias sintieron los incrementos de la energ\u00eda el\u00e9ctrica, del gas natural y hasta hubo faltantes en el Norte, porque decenas de empresas no quisieron pagar los altos precios y decidieron parar sus plantas. La energ\u00eda, como insumo central para la producci\u00f3n, tuvo efecto sobre los costos y los precios finales.<\/p>\n<\/div>\n<div class=\"sc-45461e9c-0 eqiBeF container-text text-embed \" id=\"element-body-5\">\n<p>El anuncio de la medida estuvo a cargo del gobernador de Santa Fe, Maximiliano Pullaro, quien detall\u00f3 que &#8220;las tres provincias brindar\u00e1n asistencia financiera para que las industrias alcanzadas y que as\u00ed lo deseen puedan pagar en cuotas los denominados cargos estabilizados GUDIs correspondientes al Mercado El\u00e9ctrico Mayorista, sumando una herramienta para dar mayor previsibilidad y sostener su competitividad ante el aumento de este componente de la tarifa el\u00e9ctrica&#8221;.<\/p>\n<\/div>\n<div class=\"sc-106e49c0-0 dcVumd freeHtml-embed undefined\" id=\"element-body-6\">\n<blockquote class=\"twitter-tweet\">\n<p lang=\"es\" dir=\"ltr\">ALIVIO PARA EL SECTOR INDUSTRIAL<br \/>Los gobiernos de Entre R\u00edos, C\u00f3rdoba y Santa Fe acordaron una medida conjunta para seguir acompa\u00f1ando a quienes producen, invierten y generan trabajo en la regi\u00f3n.<br \/>Las tres provincias brindar\u00e1n asistencia financiera para que las industrias\u2026<\/p>\n<p>\u2014 Maximiliano Pullaro (@maxipullaro) <a href=\"https:\/\/x.com\/maxipullaro\/status\/2095285259835191397?ref_src=twsrc%5Etfw\">September 2, 2026<\/a><\/p><\/blockquote>\n<p><script async src=\"https:\/\/platform.x.com\/widgets.js\" charset=\"utf-8\"><\/script><\/p>\n<\/div>\n<div class=\"sc-45461e9c-0 eqiBeF container-text text-embed \" id=\"element-body-7\">\n<p>&#8220;Entre R\u00edos, C\u00f3rdoba y Santa Fe comparten un mismo rumbo: hacer todo lo que est\u00e9 a su alcance para bajar costos, facilitar la producci\u00f3n y generar mejores condiciones para que nuestras industrias sean cada vez m\u00e1s competitivas&#8221;, sum\u00f3.<\/p>\n<\/div>\n<div class=\"sc-45461e9c-0 eqiBeF container-text text-embed \" id=\"element-body-8\">\n<p>El cargo a los Grandes Usuarios del Distribuidor (GUDI) se implement\u00f3 en 2023 para igualar los costos de los grandes comercios y peque\u00f1as industrias con el resto de las grandes f\u00e1bricas.<\/p>\n<\/div>\n<div class=\"sc-45461e9c-0 eqiBeF container-text text-embed \" id=\"element-body-9\">\n<p>Ahora, seg\u00fan una carta que revel\u00f3 el sitio <em>El Post Energ\u00e9tico<\/em>, siete empresas de Misiones y Chaco le reclamaron a la Secretar\u00eda de Energ\u00eda que ese cargo lleg\u00f3 a representar la mitad de la factura, cuando habitualmente era el 5% a 10%.<\/p>\n<\/div>\n<div class=\"sc-45461e9c-0 eqiBeF container-text text-embed \" id=\"element-body-10\">\n<p>El gobernador de Entre R\u00edos, Rogelio Frigerio, se\u00f1al\u00f3: &#8220;En el D\u00eda de la Industria, damos un paso m\u00e1s para acompa\u00f1ar a quienes invierten, producen y generan trabajo en nuestra provincia. Esta herramienta les permitir\u00e1 diferir el pago del Cargo del Mercado El\u00e9ctrico Mayorista (MEM) en cuotas&#8221;.<\/p>\n<\/div>\n<div class=\"sc-45461e9c-0 eqiBeF container-text text-embed \" id=\"element-body-11\">\n<p>&#8220;Nuestro punto de partida fue tener la energ\u00eda m\u00e1s cara del pa\u00eds. Hoy estamos en la mitad de la tabla y vamos a seguir haciendo todo lo que est\u00e9 a nuestro alcance para que Entre R\u00edos sea cada vez m\u00e1s competitiva y elegir invertir ac\u00e1 sea cada vez una mejor decisi\u00f3n&#8221;, agreg\u00f3.<\/p>\n<\/div>\n","protected":false},"excerpt":{"rendered":"<p>Los gobiernos de Santa Fe, C\u00f3rdoba y Entre R\u00edos acordaron una medida conjunta para financiar a las empresas que tuvieron fuertes aumentos en las tarifas de energ\u00eda el\u00e9ctrica este a\u00f1o, a partir de la reforma del mercado que tiende a sacar al Estado nacional del medio e impulsar los contratos entre privados. Ser\u00e1 un financiamiento [&hellip;]<\/p>\n","protected":false},"author":1,"featured_media":24995,"comment_status":"open","ping_status":"open","sticky":false,"template":"","format":"standard","meta":{"footnotes":""},"categories":[1],"tags":[4,3],"class_list":["post-24994","post","type-post","status-publish","format-standard","has-post-thumbnail","hentry","category-uncategorized","tag-entre-rios","tag-rogelio-frigerio"],"_links":{"self":[{"href":"https:\/\/cliente1.publisher.highstack.com.ar\/index.php?rest_route=\/wp\/v2\/posts\/24994","targetHints":{"allow":["GET"]}}],"collection":[{"href":"https:\/\/cliente1.publisher.highstack.com.ar\/index.php?rest_route=\/wp\/v2\/posts"}],"about":[{"href":"https:\/\/cliente1.publisher.highstack.com.ar\/index.php?rest_route=\/wp\/v2\/types\/post"}],"author":[{"embeddable":true,"href":"https:\/\/cliente1.publisher.highstack.com.ar\/index.php?rest_route=\/wp\/v2\/users\/1"}],"replies":[{"embeddable":true,"href":"https:\/\/cliente1.publisher.highstack.com.ar\/index.php?rest_route=%2Fwp%2Fv2%2Fcomments&post=24994"}],"version-history":[{"count":0,"href":"https:\/\/cliente1.publisher.highstack.com.ar\/index.php?rest_route=\/wp\/v2\/posts\/24994\/revisions"}],"wp:featuredmedia":[{"embeddable":true,"href":"https:\/\/cliente1.publisher.highstack.com.ar\/index.php?rest_route=\/wp\/v2\/media\/24995"}],"wp:attachment":[{"href":"https:\/\/cliente1.publisher.highstack.com.ar\/index.php?rest_route=%2Fwp%2Fv2%2Fmedia&parent=24994"}],"wp:term":[{"taxonomy":"category","embeddable":true,"href":"https:\/\/cliente1.publisher.highstack.com.ar\/index.php?rest_route=%2Fwp%2Fv2%2Fcategories&post=24994"},{"taxonomy":"post_tag","embeddable":true,"href":"https:\/\/cliente1.publisher.highstack.com.ar\/index.php?rest_route=%2Fwp%2Fv2%2Ftags&post=24994"}],"curies":[{"name":"wp","href":"https:\/\/api.w.org\/{rel}","templated":true}]}}