{"id":24991,"date":"2026-09-04T06:12:34","date_gmt":"2026-09-04T09:12:34","guid":{"rendered":"https:\/\/cliente1.publisher.highstack.com.ar\/?p=24991"},"modified":"2026-09-04T06:12:34","modified_gmt":"2026-09-04T09:12:34","slug":"milei-cumple-1000-dias-de-gobierno-expectativa-por-la-economia-inquietud-por-las-paso-y-entusiasmo-inesperado-por-malvinas","status":"publish","type":"post","link":"https:\/\/cliente1.publisher.highstack.com.ar\/?p=24991","title":{"rendered":"Milei cumple 1000 d\u00edas de gobierno: expectativa por la econom\u00eda, inquietud por las PASO y entusiasmo inesperado por Malvinas"},"content":{"rendered":"<div class=\"visual__image image-initial-width\"><picture><source srcset=\"https:\/\/www.infobae.com\/resizer\/v2\/RFPX5KLEUVA43DZDKDIEYZI224.JPG?auth=686c05212f7071ada9279a3f1e6926588f8686aab4ed432529b2396261044c88&amp;smart=true&amp;width=992&amp;height=657&amp;quality=85\" media=\"(min-width: 1000px)\"><\/source><source srcset=\"https:\/\/www.infobae.com\/resizer\/v2\/RFPX5KLEUVA43DZDKDIEYZI224.JPG?auth=686c05212f7071ada9279a3f1e6926588f8686aab4ed432529b2396261044c88&amp;smart=true&amp;width=768&amp;height=509&amp;quality=85\" media=\"(min-width: 768px)\"><\/source><source srcset=\"https:\/\/www.infobae.com\/resizer\/v2\/RFPX5KLEUVA43DZDKDIEYZI224.JPG?auth=686c05212f7071ada9279a3f1e6926588f8686aab4ed432529b2396261044c88&amp;smart=true&amp;width=577&amp;height=382&amp;quality=85\" media=\"(min-width: 580px)\"><\/source><source srcset=\"https:\/\/www.infobae.com\/resizer\/v2\/RFPX5KLEUVA43DZDKDIEYZI224.JPG?auth=686c05212f7071ada9279a3f1e6926588f8686aab4ed432529b2396261044c88&amp;smart=true&amp;width=420&amp;height=278&amp;quality=85\" media=\"(min-width: 350px)\"><\/source><source srcset=\"https:\/\/www.infobae.com\/resizer\/v2\/RFPX5KLEUVA43DZDKDIEYZI224.JPG?auth=686c05212f7071ada9279a3f1e6926588f8686aab4ed432529b2396261044c88&amp;smart=true&amp;width=350&amp;height=232&amp;quality=85\" media=\"(min-width: 80px)\"><\/source><img alt=\"Milei cumpli\u00f3 sus 1000 d\u00edas en el gobierno (REUTERS)\" class=\"global-image\" decoding=\"async\" fetchpriority=\"high\" height=\"2352\" loading=\"eager\" src=\"https:\/\/www.infobae.com\/resizer\/v2\/RFPX5KLEUVA43DZDKDIEYZI224.JPG?auth=686c05212f7071ada9279a3f1e6926588f8686aab4ed432529b2396261044c88&amp;smart=true&amp;width=350&amp;height=232&amp;quality=85\" width=\"3552\"><\/picture><\/div>\n<div class=\"sharebar-container display_flex sharebar-new\" style=\"opacity:1\">\n<div class=\"share-bar-article-date-container \"><span class=\"sharebar-article-date\">04 Sep, 2026 04:38 a. m. EST<\/span><\/div>\n<div class=\"sharebar-buttons-container display_flex\">\n<div aria-label=\"Guardar\" class=\"sharebar-buttons button-save\" role=\"button\" tabindex=\"0\"><svg width=\"9\" height=\"12\" viewbox=\"0 0 8 10\" fill=\"none\" xmlns=\"http:\/\/www.w3.org\/2000\/svg\" class=\"saved-icon saved\"><path d=\"M6.64286 0.5V9.31687L4.1116 7.16407L4.11106 7.16361C3.79894 6.89891 3.34392 6.89891 3.03179 7.16361L3.03126 7.16407L0.5 9.31687V0.5H6.64286Z\"><\/path><\/svg><span class=\"buttons-save-text\">Guardar<\/span><\/div>\n<div class=\"sharebar-buttons-separator\"><\/div>\n<p><button class=\"sharemenu-buttons display_flex\" aria-label=\"Compartir en Telegram\"><svg width=\"38\" height=\"38\" viewbox=\"0 0 38 38\" fill=\"none\" xmlns=\"http:\/\/www.w3.org\/2000\/svg\"><rect x=\"0.5\" y=\"0.5\" width=\"37\" height=\"37\" rx=\"18.5\" fill=\"white\"><\/rect><rect x=\"0.5\" y=\"0.5\" width=\"37\" height=\"37\" rx=\"18.5\" stroke=\"#C2C2C2\"><\/rect><path d=\"M24.9696 12.5511L10.3405 18.0494C10.0623 18.151 9.92701 18.4484 10.0398 18.7168C10.0999 18.8619 10.2277 18.9779 10.3856 19.0214L14.1068 20.0805L15.4975 24.3312C15.6028 24.6576 15.9636 24.839 16.2944 24.7374C16.3921 24.7084 16.4823 24.6504 16.5575 24.5778L18.482 22.6846L22.2558 25.354C22.6091 25.6006 23.0977 25.5281 23.3533 25.1872C23.421 25.1001 23.4661 24.9986 23.4887 24.897L25.9845 13.3707C26.0672 12.979 25.8116 12.5946 25.4056 12.5148C25.2628 12.4858 25.1124 12.5003 24.9771 12.5511M23.1429 15.1116L16.347 20.9147C16.2793 20.9727 16.2342 21.0525 16.2267 21.1395L15.9636 23.381C15.9636 23.4172 15.926 23.4462 15.8884 23.439C15.8583 23.439 15.8358 23.4172 15.8283 23.3955L14.7533 20.0442C14.7007 19.8919 14.7683 19.7251 14.9111 19.638L22.9399 14.836C23.0226 14.7852 23.1353 14.8142 23.1804 14.894C23.2255 14.9666 23.2105 15.0536 23.1504 15.1116\" fill=\"#555555\"><\/path><\/svg><\/button><button class=\"sharemenu-buttons display_flex\" aria-label=\"Compartir en Linkedin\"><svg width=\"38\" height=\"38\" viewbox=\"0 0 38 38\" fill=\"none\" xmlns=\"http:\/\/www.w3.org\/2000\/svg\"><rect x=\"0.5\" y=\"0.5\" width=\"37\" height=\"37\" rx=\"18.5\" fill=\"white\"><\/rect><rect x=\"0.5\" y=\"0.5\" width=\"37\" height=\"37\" rx=\"18.5\" stroke=\"#C2C2C2\"><\/rect><path d=\"M16.5556 27V16.2231H19.963V17.6949C20.0185 17.6368 20.0648 17.5787 20.1111 17.5206C20.8611 16.349 22.2037 15.739 23.537 15.981C25.3889 16.1359 26.8426 17.7046 26.9259 19.6411C26.9722 20.0478 27 20.4641 27 20.8708C27 22.817 27 24.7633 27 26.7095V26.9806H23.5741V26.6805C23.5741 24.8892 23.5741 23.0882 23.5741 21.2969C23.5741 20.8805 23.5278 20.4545 23.4259 20.0478C23.1945 19.1279 22.2963 18.5663 21.4074 18.8084C21.2037 18.8665 21 18.9633 20.8333 19.0989C20.3333 19.4281 20.0185 19.9897 19.9907 20.6094C19.9722 21.1419 19.9722 21.6842 19.9722 22.2167V26.9903H16.5648L16.5556 27ZM11.2222 27V16.2037H11.7407C12.6204 16.2037 13.5 16.2037 14.3796 16.2037C14.5833 16.2037 14.6482 16.2328 14.6482 16.4748V26.9903H11.2222V27ZM11.0093 12.8825C11.0093 11.8465 11.8055 11.0041 12.787 11.0041C12.8426 11.0041 12.8982 11.0041 12.9537 11.0041C13.9445 10.9363 14.7963 11.7206 14.8611 12.7567C14.8611 12.7954 14.8611 12.8438 14.8611 12.8825C14.8426 13.9283 14.0278 14.761 13.0278 14.7416C12.9907 14.7416 12.9537 14.7416 12.9259 14.7416H12.9074C11.9259 14.8191 11.0741 14.0445 11 13.0181C11 12.9697 11 12.931 11 12.8825H11.0093Z\" fill=\"#555555\"><\/path><\/svg><\/button><button class=\"sharemenu-buttons display_flex\" aria-label=\"Compartir en Twitter\"><svg width=\"38\" height=\"38\" viewbox=\"0 0 38 38\" fill=\"none\" xmlns=\"http:\/\/www.w3.org\/2000\/svg\"><rect x=\"0.5\" y=\"0.5\" width=\"37\" height=\"37\" rx=\"18.5\" fill=\"white\"><\/rect><rect x=\"0.5\" y=\"0.5\" width=\"37\" height=\"37\" rx=\"18.5\" stroke=\"#C2C2C2\"><\/rect><path d=\"M11.0391 11L17.2165 19.8249L11 27H12.399L17.8415 20.7182L22.2389 27H27L20.475 17.6786L26.2613 11H24.8623L19.85 16.7855L15.8001 11H11.0391ZM13.0965 12.101H15.2838L24.9423 25.8987H22.7551L13.0965 12.101Z\" fill=\"#555555\"><\/path><\/svg><\/button><button class=\"sharemenu-buttons display_flex\" aria-label=\"Compartir en Facebook\"><svg width=\"38\" height=\"38\" viewbox=\"0 0 38 38\" fill=\"none\" xmlns=\"http:\/\/www.w3.org\/2000\/svg\"><rect x=\"0.5\" y=\"0.5\" width=\"37\" height=\"37\" rx=\"18.5\" fill=\"white\"><\/rect><rect x=\"0.5\" y=\"0.5\" width=\"37\" height=\"37\" rx=\"18.5\" stroke=\"#C2C2C2\"><\/rect><path d=\"M17.3544 26.9921V18.9235H15V16.3346H17.3544V16.0805C17.3544 15.3816 17.3291 14.6748 17.3882 13.976C17.3882 12.8642 18.0633 11.8556 19.1266 11.3712C19.5232 11.1965 19.9452 11.0853 20.3755 11.0376C21.2532 10.9741 22.1308 10.99 23 11.0932V13.4201H22.7722C22.2743 13.4201 21.7848 13.4201 21.2869 13.436C20.73 13.4042 20.2489 13.8013 20.2152 14.3254C20.2152 14.373 20.2152 14.4128 20.2152 14.4604C20.1983 15.0481 20.2152 15.6357 20.2152 16.2234C20.2152 16.2552 20.2152 16.2949 20.2321 16.3267H22.9409C22.8228 17.2082 22.7046 18.0579 22.5865 18.9315H20.2236V27H17.3629L17.3544 26.9921Z\" fill=\"#555555\"><\/path><\/svg><\/button><button class=\"sharemenu-buttons display_flex\" aria-label=\"Compartir en Whatsapp\"><svg width=\"38\" height=\"38\" viewbox=\"0 0 38 38\" fill=\"none\" xmlns=\"http:\/\/www.w3.org\/2000\/svg\"><rect x=\"0.5\" y=\"0.5\" width=\"37\" height=\"37\" rx=\"18.5\" fill=\"white\"><\/rect><rect x=\"0.5\" y=\"0.5\" width=\"37\" height=\"37\" rx=\"18.5\" stroke=\"#C2C2C2\"><\/rect><path d=\"M21.2863 19.9439C21.0997 19.8551 20.9664 19.9262 20.8419 20.0861C20.6731 20.3261 20.4687 20.5483 20.2909 20.7794C20.1665 20.9393 20.0243 20.9749 19.8376 20.8949C18.6645 20.4239 17.7757 19.6506 17.1269 18.5841C17.0292 18.4242 17.038 18.2997 17.1536 18.1575C17.3225 17.9531 17.4824 17.7576 17.6157 17.5354C17.678 17.4287 17.7135 17.2599 17.678 17.1532C17.4735 16.6111 17.2425 16.0867 17.0114 15.5535C16.9669 15.4557 16.8781 15.3313 16.7892 15.3224C16.4248 15.2602 16.0426 15.1891 15.7316 15.4912C15.1094 16.0778 14.8784 16.7977 15.0383 17.6243C15.1805 18.3619 15.5983 18.9663 16.0426 19.5618C16.887 20.6638 17.8646 21.6237 19.1622 22.1925C19.7932 22.4769 20.4331 22.7613 21.1441 22.7613C21.2685 22.7613 21.393 22.7613 21.5085 22.7346C22.4506 22.5391 23.1172 22.0058 23.0816 21.0193C23.0816 20.9216 23.0194 20.7794 22.9483 20.7438C22.3973 20.4594 21.8462 20.2017 21.2863 19.9439Z\" fill=\"#555555\"><\/path><path d=\"M26.9482 17.8724C26.3972 13.4642 22.1401 10.3447 17.7229 11.1179C12.6481 11.9977 9.71521 17.2859 11.6883 21.9963C12.1948 22.6629 12.0615 23.3472 11.8216 24.0849C11.5105 25.027 11.2794 26.0046 11.0039 27C11.1194 26.9733 11.1994 26.9644 11.2794 26.9378C12.5059 26.6178 13.7324 26.3068 14.9411 25.9868C15.1544 25.9335 15.3144 25.9602 15.5099 26.0579C17.1719 26.8667 18.9227 27.0978 20.718 26.7067C24.833 25.7913 27.4548 22.0496 26.9305 17.8902L26.9482 17.8724ZM20.0515 25.4624C18.4784 25.7113 17.003 25.3913 15.6166 24.6003C15.5099 24.5381 15.3411 24.5115 15.2077 24.547C14.4612 24.7248 13.7146 24.9292 12.9147 25.1336C13.1192 24.3693 13.3058 23.6672 13.5102 22.9473C13.5635 22.7606 13.5369 22.6273 13.4391 22.4673C11.0039 18.5479 13.1014 13.5442 17.6163 12.5043C21.2868 11.6511 25.0285 14.1841 25.5884 17.908C26.1395 21.5519 23.6954 24.8936 20.0515 25.4624Z\" fill=\"#555555\"><\/path><\/svg><\/button><\/div>\n<\/div>\n<p class=\"paragraph\" data-paragraph-number=\"1\"><b>Javier Milei<\/b> cumple este viernes 1000 d\u00edas como Presidente de la Argentina. Lleg\u00f3 a la Casa Rosada el 10 de diciembre de 2023 como un <i><b>outsider<\/b><\/i><b> <\/b>que promet\u00eda dinamitar el sistema pol\u00edtico con una motosierra en la mano y <b>encara el \u00faltimo tramo de su gesti\u00f3n convertido en el due\u00f1o de un gobierno que ya atraves\u00f3 m\u00e1s victorias que las que esperaban los partidos tradicionales <\/b>y m\u00e1s derrotas que las que hubieran preferido en el espacio violeta. En el medio, un ajuste econ\u00f3mico de una intensidad pocas veces vista acompa\u00f1ado por reformas profundas que convivieron con esc\u00e1ndalos resonantes y peleas internas interminables.<\/p>\n<div class=\"marfeel-recommender marfeel-recommender-1\"><\/div>\n<p class=\"paragraph\" data-paragraph-number=\"2\">Milei sigue gobernando con varias de las certezas, obsesiones y enemigos con los que desembarc\u00f3 en Balcarce 50 hace mil d\u00edas, aunque ya no est\u00e1 parado en el mismo lugar. El personaje disruptivo que pod\u00eda atribuir cada inconveniente a la herencia recibida ahora carga sobre sus espaldas casi tres a\u00f1os de mandato; el economista que explicaba que el super\u00e1vit fiscal iba a abrir las puertas de una etapa de prosperidad<b> enfrenta una sociedad que reconoce buena parte del ordenamiento macroecon\u00f3mico, pero mantiene dolores evidentes en el poder adquisitivo y el consumo<\/b>; el l\u00edder que ven\u00eda a acabar con \u201cla casta\u201d necesit\u00f3 de muchos de sus representantes para construir m\u00fasculo y no quedar aislado.<\/p>\n<div class=\"inline ad-wrapper dfpAd ad-inline ad-text ad-component-container\" style=\"--ad-shell-height:250px;--ad-shell-width:300px\" data-ad-wrapper=\"arcad\" data-ad-type=\"inline\" data-ad-slot=\"infobae\/politica\/nota\/inline\" data-ad-container=\"dfp\" data-ad-slot-name=\"infobae\/politica\/nota\/inline\">\n<p class=\"ad-shell-label\">PUBLICIDAD<\/p>\n<div id=\"infobae\/politica\/nota\/inline\" class=\"infobae\/politica\/nota\/inline arcad ad-slot-node ad-slot-node--boxed\" data-ad-slot-id=\"infobae\/politica\/nota\/inline\"><\/div>\n<\/div>\n<p class=\"paragraph\" data-paragraph-number=\"3\"><b>\u201cGobernar viene siendo agotador para nosotros\u201d<\/b>, se sincera ante <b>Infobae <\/b>uno de los ministros m\u00e1s populares cuando se le pide una evaluaci\u00f3n de lo transitado hasta ac\u00e1. Y remata: \u201cYo me quedo con el hecho de que, aun con nuestros infinitos errores, en las legislativas de 2025 conseguimos una victoria que confirm\u00f3 lo que seguimos sintiendo: que una porci\u00f3n importante de la poblaci\u00f3n todav\u00eda estaba y est\u00e1 dispuesta a renovarnos el cr\u00e9dito\u201d.<\/p>\n<div class=\"marfeel-recommender marfeel-recommender-3\"><\/div>\n<p class=\"paragraph\" data-paragraph-number=\"4\">En 1000 d\u00edas pas\u00f3 de todo. El primer mandatario liberal libertario de la historia vern\u00e1cula, que asumi\u00f3 con apenas <b>38 diputados y 7 senadores propios<\/b>, traz\u00f3 un panorama sombr\u00edo y sin met\u00e1foras cuando, de espaldas al Congreso, analiz\u00f3 lo que le hab\u00eda dejado el tr\u00edo <b>Alberto Fern\u00e1ndez\/Cristina Kirchner\/Sergio Massa<\/b>. Pese a estar en franca minor\u00eda,<b> aprovech\u00f3 el envi\u00f3n de las urnas<\/b>, autoriz\u00f3 una brusca devaluaci\u00f3n y se apur\u00f3 en lanzar un DNU de dimensiones in\u00e9ditas que fue la antesala de la aprobaci\u00f3n en general de una primera y complej\u00edsima versi\u00f3n de la<b> Ley Bases<\/b>.<\/p>\n<div class=\"inline_2 ad-wrapper dfpAd ad-inline ad-text ad-component-container\" style=\"--ad-shell-height:250px;--ad-shell-width:300px\" data-ad-wrapper=\"arcad\" data-ad-type=\"inline_2\" data-ad-slot=\"infobae\/politica\/nota\/inline_2\" data-ad-container=\"dfp\" data-ad-slot-name=\"infobae\/politica\/nota\/inline_2\">\n<p class=\"ad-shell-label\">PUBLICIDAD<\/p>\n<div id=\"infobae\/politica\/nota\/inline_2\" class=\"infobae\/politica\/nota\/inline_2 arcad ad-slot-node ad-slot-node--boxed\" data-ad-slot-id=\"infobae\/politica\/nota\/inline_2\"><\/div>\n<\/div>\n<div class=\"visual__image\"><picture><source srcset=\"https:\/\/www.infobae.com\/resizer\/v2\/EBNHJBMRTNGDVMIBEKPUDLGS2M.jpg?auth=1ce77d00e7f1fa9cea12252e373e549ca0a726366ae78de655d995d59c69f1b0&amp;smart=true&amp;width=992&amp;height=661&amp;quality=85\" media=\"(min-width: 1000px)\"><\/source><source srcset=\"https:\/\/www.infobae.com\/resizer\/v2\/EBNHJBMRTNGDVMIBEKPUDLGS2M.jpg?auth=1ce77d00e7f1fa9cea12252e373e549ca0a726366ae78de655d995d59c69f1b0&amp;smart=true&amp;width=768&amp;height=512&amp;quality=85\" media=\"(min-width: 768px)\"><\/source><source srcset=\"https:\/\/www.infobae.com\/resizer\/v2\/EBNHJBMRTNGDVMIBEKPUDLGS2M.jpg?auth=1ce77d00e7f1fa9cea12252e373e549ca0a726366ae78de655d995d59c69f1b0&amp;smart=true&amp;width=577&amp;height=385&amp;quality=85\" media=\"(min-width: 580px)\"><\/source><source srcset=\"https:\/\/www.infobae.com\/resizer\/v2\/EBNHJBMRTNGDVMIBEKPUDLGS2M.jpg?auth=1ce77d00e7f1fa9cea12252e373e549ca0a726366ae78de655d995d59c69f1b0&amp;smart=true&amp;width=420&amp;height=280&amp;quality=85\" media=\"(min-width: 350px)\"><\/source><source srcset=\"https:\/\/www.infobae.com\/resizer\/v2\/EBNHJBMRTNGDVMIBEKPUDLGS2M.jpg?auth=1ce77d00e7f1fa9cea12252e373e549ca0a726366ae78de655d995d59c69f1b0&amp;smart=true&amp;width=350&amp;height=233&amp;quality=85\" media=\"(min-width: 80px)\"><\/source><img alt=\"Ley bases en diputados - 27.06.2024 - Recinto Ganancias Congreso\" class=\"global-image\" decoding=\"async\" fetchpriority=\"low\" height=\"2000\" loading=\"lazy\" src=\"https:\/\/www.infobae.com\/resizer\/v2\/EBNHJBMRTNGDVMIBEKPUDLGS2M.jpg?auth=1ce77d00e7f1fa9cea12252e373e549ca0a726366ae78de655d995d59c69f1b0&amp;smart=true&amp;width=350&amp;height=233&amp;quality=85\" width=\"3000\"><\/picture><\/div>\n<p class=\"paragraph\" data-paragraph-number=\"5\">Como era de esperar, ah\u00ed lleg\u00f3 el ba\u00f1o de realidad: la discusi\u00f3n art\u00edculo por art\u00edculo hizo estallar el texto original y dio el pie ideal para los insultos a los \u201ctraidores\u201d. Aprendizaje: <b>hubo que negociar<\/b>. Con el transcurrir de los meses se alcanz\u00f3 el primer super\u00e1vit financiero anual en m\u00e1s de una d\u00e9cada gracias a medidas como el congelamiento de las transferencias a las provincias y la pulverizaci\u00f3n de la obra p\u00fablica. La pobreza subi\u00f3 a 52,9% y termin\u00f3 bajando con fuerza. El \u00cdndice de Precios al Consumidor (IPC) inici\u00f3 una senda descendente y el cepo se flexibiliz\u00f3, con un nuevo acuerdo con el Fondo Monetario Internacional (FMI) mediante.<\/p>\n<div class=\"marfeel-recommender marfeel-recommender-5\"><\/div>\n<p class=\"paragraph\" data-paragraph-number=\"6\">Se firm\u00f3 un Pacto de Mayo que no fue m\u00e1s que un compendio de buenas intenciones, se eyectaron funcionarios, se firmaron vetos, se intent\u00f3 completar la Corte Suprema, se afrontaron marchas multitudinarias, se armaron guerras con el C\u00edrculo Rojo. Las redes sociales se convirtieron en una cloaca. Qued\u00f3 tiempo tambi\u00e9n para el esc\u00e1ndalo LIBRA, para el expediente ANDIS y para los problemas patrimoniales de <b>Manuel Adorni<\/b>, adem\u00e1s de las batallas intestinas entre <b>Karina Milei <\/b>y<b> Santiago Caputo<\/b>, una relaci\u00f3n destruida con <b>Victoria Villarruel<\/b> y el ocaso de la sociedad con <b>Mauricio Macri<\/b>.<\/p>\n<div class=\"ad_1 ad-wrapper dfpAd ad-1-al-6 ad-text ad-component-container\" style=\"--ad-shell-height:250px;--ad-shell-width:300px\" data-ad-wrapper=\"arcad\" data-ad-type=\"ad_1\" data-ad-slot=\"infobae\/politica\/nota\/ad_1\" data-ad-container=\"dfp\" data-ad-slot-name=\"infobae\/politica\/nota\/ad_1\">\n<p class=\"ad-shell-label\">PUBLICIDAD<\/p>\n<div id=\"infobae\/politica\/nota\/ad_1\" class=\"infobae\/politica\/nota\/ad_1 arcad ad-slot-node ad-slot-node--boxed\" data-ad-slot-id=\"infobae\/politica\/nota\/ad_1\"><\/div>\n<\/div>\n<p class=\"paragraph\" data-paragraph-number=\"7\">Sin embargo, en <b>La Libertad Avanza (LLA) <\/b>no est\u00e1n demasiado interesados en mirar hacia atr\u00e1s: mientras completa 32 meses de gesti\u00f3n, buena parte de sus movimientos empiezan a explicarse por los 415 d\u00edas que todav\u00eda los separan de<b> las elecciones generales del 24 de octubre de 2027<\/b>.<\/p>\n<p class=\"paragraph\" data-paragraph-number=\"8\">Hay una diferencia evidente entre el Milei de hace algunas semanas y el que llega a su jornada n\u00famero 1000: volvi\u00f3 a salir. Despu\u00e9s de un per\u00edodo en el que se recluy\u00f3 en la Quinta de Olivos y evit\u00f3 pisar su despacho de la Rosada, el Presidente llen\u00f3 otra vez su agenda de reuniones, actos y viajes tanto al interior como al exterior. Es un movimiento que entusiasma a los que reclamaban mayor presencia pol\u00edtica, pero que tambi\u00e9n aumenta los riesgos de exposici\u00f3n de un hombre que, cuando se aleja de los discursos preparados, levanta la mirada de sus hojas impresas y se quita los anteojos de lectura, suele transformarse en el principal vocero, comentarista y, eventualmente, generador de problemas de su propia gesti\u00f3n.<\/p>\n<div class=\"ad_2 ad-wrapper dfpAd ad-1-al-6 ad-text ad-component-container\" style=\"--ad-shell-height:250px;--ad-shell-width:300px\" data-ad-wrapper=\"arcad\" data-ad-type=\"ad_2\" data-ad-slot=\"infobae\/politica\/nota\/ad_2\" data-ad-container=\"dfp\" data-ad-slot-name=\"infobae\/politica\/nota\/ad_2\">\n<p class=\"ad-shell-label\">PUBLICIDAD<\/p>\n<div id=\"infobae\/politica\/nota\/ad_2\" class=\"infobae\/politica\/nota\/ad_2 arcad ad-slot-node ad-slot-node--boxed\" data-ad-slot-id=\"infobae\/politica\/nota\/ad_2\"><\/div>\n<\/div>\n<div class=\"visual__image\"><picture><source srcset=\"https:\/\/www.infobae.com\/resizer\/v2\/CLJ3HF5KU5CM5DNEG5WOOASZJQ.png?auth=7521eded9998257ff461dec58d0fe42c9da12036cb1d2305710c340886c4bcaa&amp;smart=true&amp;width=992&amp;height=670&amp;quality=85\" media=\"(min-width: 1000px)\"><\/source><source srcset=\"https:\/\/www.infobae.com\/resizer\/v2\/CLJ3HF5KU5CM5DNEG5WOOASZJQ.png?auth=7521eded9998257ff461dec58d0fe42c9da12036cb1d2305710c340886c4bcaa&amp;smart=true&amp;width=768&amp;height=519&amp;quality=85\" media=\"(min-width: 768px)\"><\/source><source srcset=\"https:\/\/www.infobae.com\/resizer\/v2\/CLJ3HF5KU5CM5DNEG5WOOASZJQ.png?auth=7521eded9998257ff461dec58d0fe42c9da12036cb1d2305710c340886c4bcaa&amp;smart=true&amp;width=577&amp;height=390&amp;quality=85\" media=\"(min-width: 580px)\"><\/source><source srcset=\"https:\/\/www.infobae.com\/resizer\/v2\/CLJ3HF5KU5CM5DNEG5WOOASZJQ.png?auth=7521eded9998257ff461dec58d0fe42c9da12036cb1d2305710c340886c4bcaa&amp;smart=true&amp;width=420&amp;height=284&amp;quality=85\" media=\"(min-width: 350px)\"><\/source><source srcset=\"https:\/\/www.infobae.com\/resizer\/v2\/CLJ3HF5KU5CM5DNEG5WOOASZJQ.png?auth=7521eded9998257ff461dec58d0fe42c9da12036cb1d2305710c340886c4bcaa&amp;smart=true&amp;width=350&amp;height=236&amp;quality=85\" media=\"(min-width: 80px)\"><\/source><img alt=\"Las elecciones presidenciales ser\u00e1n el 24 de octubre de 202\" class=\"global-image\" decoding=\"async\" fetchpriority=\"low\" height=\"804\" loading=\"lazy\" src=\"https:\/\/www.infobae.com\/resizer\/v2\/CLJ3HF5KU5CM5DNEG5WOOASZJQ.png?auth=7521eded9998257ff461dec58d0fe42c9da12036cb1d2305710c340886c4bcaa&amp;smart=true&amp;width=350&amp;height=236&amp;quality=85\" width=\"1190\"><\/picture><\/div>\n<p class=\"paragraph\" data-paragraph-number=\"9\">\u201cLa foto todav\u00eda sigue siendo mala\u201d, reconoci\u00f3 en una de sus \u00faltimas presentaciones antes de completar la idea a su manera: <b>\u201cLa pel\u00edcula es la mejor de la historia\u201d<\/b>. Desde los atriles, el mandatario no se cansa de repetir su guion las veces que sean necesarias para anclar expectativas y desalentar cualquier pedido de cambio que huela a \u201cpopulismo\u201d. En estas horas, jug\u00f3 fuerte en t\u00e9rminos dial\u00e9cticos y llev\u00f3 su l\u00f3gica binaria hasta el terreno electoral: \u201cSi no ganamos, es porque como sociedad estamos decidiendo suicidarnos\u201d. <\/p>\n<p class=\"paragraph\" data-paragraph-number=\"10\">El razonamiento que circula en <b>su entorno busca que los habitantes de Argentina midan la experiencia libertaria por las cat\u00e1strofes que evit\u00f3<\/b>. En ese punto se cierran las grietas. Santiago Caputo poste\u00f3 que Milei \u201csalv\u00f3 a la rep\u00fablica de una muerte segura\u201d. <b>Mart\u00edn Menem<\/b> fue menos l\u00fagubre, pero fue por la misma l\u00ednea: \u201cNunca se va a hablar de lo que no pas\u00f3. Fueron cinco salvadas del arquero en el minuto noventa\u201d.<\/p>\n<div class=\"ad_3 ad-wrapper dfpAd ad-1-al-6 ad-text ad-component-container\" style=\"--ad-shell-height:250px;--ad-shell-width:300px\" data-ad-wrapper=\"arcad\" data-ad-type=\"ad_3\" data-ad-slot=\"infobae\/politica\/nota\/ad_3\" data-ad-container=\"dfp\" data-ad-slot-name=\"infobae\/politica\/nota\/ad_3\">\n<p class=\"ad-shell-label\">PUBLICIDAD<\/p>\n<div id=\"infobae\/politica\/nota\/ad_3\" class=\"infobae\/politica\/nota\/ad_3 arcad ad-slot-node ad-slot-node--boxed\" data-ad-slot-id=\"infobae\/politica\/nota\/ad_3\"><\/div>\n<\/div>\n<p class=\"paragraph\" data-paragraph-number=\"11\">La renovada hiperactividad presidencial encontr\u00f3 una <b>\u201ccausa sagrada\u201d<\/b> por la que, juran cerca suyo, siempre trabaj\u00f3 sigilosamente: <b>la soberan\u00eda sobre Malvinas<\/b>. Consciente de las controversias que generaron en el pasado sus apreciaciones positivas sobre la ex premier brit\u00e1nica durante la guerra de 1982 (\u201cme siento muy identificado, en t\u00e9rminos hist\u00f3ricos, b\u00e1sicamente con Churchill, con Reagan y con Margaret Thatcher\u201d) o sus opiniones sobre la autodeterminaci\u00f3n de los pueblos (\u201canhelamos que los malvinenses decidan alg\u00fan d\u00eda votarnos con los pies a nosotros\u201d), Milei apareci\u00f3 en cadena nacional y anunci\u00f3 una <b>bater\u00eda de medidas para sancionar e impedir las exploraciones de petr\u00f3leo <\/b>en ese territorio: \u201cLa Argentina no se quedar\u00e1 de brazos cruzados\u201d, sostuvo. \u201cHagamos nuestras armas a un lado y mostremos un frente unido como naci\u00f3n\u201d, sorprendi\u00f3, conciliador. Para marcar la importancia del mensaje, grabado tras el encuentro con Jos\u00e9 Antonio Kast en Chile, el espacio violeta decidi\u00f3 que todos los ministros estuvieran presentes.<\/p>\n<p class=\"paragraph\" data-paragraph-number=\"12\"><b>La jugada tiene un trasfondo geopol\u00edtico<\/b> que el Gobierno observa con atenci\u00f3n. Antes que nada, se dio 72 horas despu\u00e9s de que<b> Donald Trump<\/b> abriera una inesperada puerta al admitir que<b> Estados Unidos podr\u00eda rever su hist\u00f3rica posici\u00f3n de neutralidad en el conflicto diplom\u00e1tico con Inglaterra<\/b>. Es que desde hace meses la administraci\u00f3n norteamericana utiliza la relaci\u00f3n con Londres y la cuesti\u00f3n del Atl\u00e1ntico Sur como una pieza clave dentro de sus presiones para que el Reino Unido eleve su gasto en defensa y acompa\u00f1e con mayor firmeza operaciones y objetivos estrat\u00e9gicos de Washington. Nadie en la Canciller\u00eda argentina da todav\u00eda por hecho un giro de semejante dimensi\u00f3n, pero entienden que cualquier hendija <b>que se abra en una posici\u00f3n enquistada desde hace d\u00e9cadas merece ser aprovechada<\/b>. As\u00ed, en el d\u00eda 1000, Milei encontr\u00f3 tambi\u00e9n una oportunidad para envolverse en la bandera que sus detractores tantas veces le reprocharon no abrazar con suficiente entusiasmo.<\/p>\n<div class=\"ad_4 ad-wrapper dfpAd ad-1-al-6 ad-text ad-component-container\" style=\"--ad-shell-height:250px;--ad-shell-width:300px\" data-ad-wrapper=\"arcad\" data-ad-type=\"ad_4\" data-ad-slot=\"infobae\/politica\/nota\/ad_4\" data-ad-container=\"dfp\" data-ad-slot-name=\"infobae\/politica\/nota\/ad_4\">\n<p class=\"ad-shell-label\">PUBLICIDAD<\/p>\n<div id=\"infobae\/politica\/nota\/ad_4\" class=\"infobae\/politica\/nota\/ad_4 arcad ad-slot-node ad-slot-node--boxed\" data-ad-slot-id=\"infobae\/politica\/nota\/ad_4\"><\/div>\n<\/div>\n<div class=\"visual__image\"><picture><source srcset=\"https:\/\/www.infobae.com\/resizer\/v2\/3JMJCMSHUVHZDC2TREYZDQ42XA.png?auth=8c478fb11f5e7a21f15576f35124218872a491405ca3620022746fa907cb7c8d&amp;smart=true&amp;width=992&amp;height=554&amp;quality=85\" media=\"(min-width: 1000px)\"><\/source><source srcset=\"https:\/\/www.infobae.com\/resizer\/v2\/3JMJCMSHUVHZDC2TREYZDQ42XA.png?auth=8c478fb11f5e7a21f15576f35124218872a491405ca3620022746fa907cb7c8d&amp;smart=true&amp;width=768&amp;height=429&amp;quality=85\" media=\"(min-width: 768px)\"><\/source><source srcset=\"https:\/\/www.infobae.com\/resizer\/v2\/3JMJCMSHUVHZDC2TREYZDQ42XA.png?auth=8c478fb11f5e7a21f15576f35124218872a491405ca3620022746fa907cb7c8d&amp;smart=true&amp;width=577&amp;height=322&amp;quality=85\" media=\"(min-width: 580px)\"><\/source><source srcset=\"https:\/\/www.infobae.com\/resizer\/v2\/3JMJCMSHUVHZDC2TREYZDQ42XA.png?auth=8c478fb11f5e7a21f15576f35124218872a491405ca3620022746fa907cb7c8d&amp;smart=true&amp;width=420&amp;height=234&amp;quality=85\" media=\"(min-width: 350px)\"><\/source><source srcset=\"https:\/\/www.infobae.com\/resizer\/v2\/3JMJCMSHUVHZDC2TREYZDQ42XA.png?auth=8c478fb11f5e7a21f15576f35124218872a491405ca3620022746fa907cb7c8d&amp;smart=true&amp;width=350&amp;height=195&amp;quality=85\" media=\"(min-width: 80px)\"><\/source><img alt=\"Ilustraci\u00f3n de las siluetas oscuras de las Islas Malvinas contra un cielo azul claro con nubes blancas, sobre m\u00e1stiles azules y blancos y hierba verde en primer plano.\" class=\"global-image\" decoding=\"async\" fetchpriority=\"low\" height=\"1536\" loading=\"lazy\" src=\"https:\/\/www.infobae.com\/resizer\/v2\/3JMJCMSHUVHZDC2TREYZDQ42XA.png?auth=8c478fb11f5e7a21f15576f35124218872a491405ca3620022746fa907cb7c8d&amp;smart=true&amp;width=350&amp;height=195&amp;quality=85\" width=\"2752\"><\/picture><\/div>\n<p class=\"paragraph\" data-paragraph-number=\"13\">M\u00e1s all\u00e1 de las actividades p\u00fablicas, <b>el inquilino del Sill\u00f3n de Rivadavia decidi\u00f3 \u201cdinamizar\u201d su gesti\u00f3n <\/b>haciendo, siempre de la mano de su todopoderosa hermana Karina, algunos retoques en el funcionamiento interno. El m\u00e1s concreto: <b>las flamantes reuniones de gabinete de los lunes<\/b>. La intimidad de esos encuentros permite comprender los pliegues del l\u00edder que enamora y descoloca a m\u00e1s de un colaborador fiel. Los invitados dejan los celulares afuera del Sal\u00f3n Eva Per\u00f3n de Balcarce 50 antes de ingresar a un lugar casi en penumbras y refrigerado a 16 grados. Los habitu\u00e9s aprendieron otra regla no escrita: \u201cHay que hacer pis antes para no perturbarlo\u201d, se r\u00ede, pero no exagera, alguien acostumbrado a luchar con su vejiga. Cuando se cierran las puertas y no vuela una mosca, llega el mon\u00f3logo. El Presidente habla, desarrolla sus teor\u00edas, baja l\u00ednea y reci\u00e9n despu\u00e9s algunos funcionarios designados ponen en com\u00fan la letra chica de algunas de sus misiones.<\/p>\n<p class=\"paragraph\" data-paragraph-number=\"14\">Sobre un escenario o en la cabecera de una larga mesa, Milei sigue sufriendo dolores de espalda y, para colmo, por razones jam\u00e1s explicitadas, ya no cuenta con las visitas frecuentes a Olivos de la kinesi\u00f3loga Leandra Protolongo: los registros oficiales contabilizaron 72 ingresos a la residencia de la provincia de Buenos Aires que se cortaron abruptamente este a\u00f1o. El c\u00edrculo m\u00e1s cercano al primer mandatario jura que ning\u00fan sufrimiento parece reducir la voluntad presidencial de recuperar centralidad.<\/p>\n<div class=\"ad_5 ad-wrapper dfpAd ad-1-al-6 ad-text ad-component-container\" style=\"--ad-shell-height:250px;--ad-shell-width:300px\" data-ad-wrapper=\"arcad\" data-ad-type=\"ad_5\" data-ad-slot=\"infobae\/politica\/nota\/ad_5\" data-ad-container=\"dfp\" data-ad-slot-name=\"infobae\/politica\/nota\/ad_5\">\n<p class=\"ad-shell-label\">PUBLICIDAD<\/p>\n<div id=\"infobae\/politica\/nota\/ad_5\" class=\"infobae\/politica\/nota\/ad_5 arcad ad-slot-node ad-slot-node--boxed\" data-ad-slot-id=\"infobae\/politica\/nota\/ad_5\"><\/div>\n<\/div>\n<p class=\"paragraph\" data-paragraph-number=\"15\">El \u00faltimo mitin ministerial incluy\u00f3 un largo elogio a <b>Federico Sturzenegger<\/b>, que puso por escrito en un art\u00edculo publicado en La Naci\u00f3n la tesis que mejor representa el pensamiento actual de LLA: ante el ruido, describi\u00f3, un gobernante debe mantenerse fiel al rumbo y a sus ideas incluso cuando la oposici\u00f3n intente construir la sensaci\u00f3n de que las cosas funcionan mal. No significa, concedi\u00f3, que todo est\u00e9 bien: una sociedad es un caleidoscopio de realidades buenas y malas. Pero la conclusi\u00f3n es inequ\u00edvoca. Los datos, y no el clima, tienen que ordenar las decisiones. Traducido al lenguaje menos elegante de la mesa pol\u00edtica: nada de patear el equilibrio de las cuentas p\u00fablicas, nada de \u201cplan platita\u201d, nada de abandonar el coraz\u00f3n del modelo para comprar unos cuantos puntos en las encuestas.<\/p>\n<p class=\"paragraph\" data-paragraph-number=\"16\">Un estudio nacional de Hugo Haime &amp; Asociados reci\u00e9n terminado pone esa rigidez frente a un espejo inc\u00f3modo. Apenas el 11% de los consultados quiere mantener el actual modelo econ\u00f3mico exactamente como est\u00e1 y otro 22% pretende conservarlo con algunas modificaciones. Del otro lado, 23% pide cambiarlo manteniendo algunos elementos y 42% modificarlo por completo. En total, <b>65% reclama alg\u00fan tipo de viraje frente a 34% que se inclina por sostener el esquema<\/b>. La sutileza est\u00e1 en lo que ocurre cuando se pregunta qu\u00e9 deber\u00eda sobrevivir: 55% menciona una inflaci\u00f3n baja y controlada, 33% que no haya piquetes ni cortes, 32% el control de los planes sociales y 30% la estabilidad del d\u00f3lar. Es decir: cambiar no necesariamente equivale a volver atr\u00e1s.<\/p>\n<div class=\"ad_6 ad-wrapper dfpAd ad-1-al-6 ad-text ad-component-container\" style=\"--ad-shell-height:250px;--ad-shell-width:300px\" data-ad-wrapper=\"arcad\" data-ad-type=\"ad_6\" data-ad-slot=\"infobae\/politica\/nota\/ad_6\" data-ad-container=\"dfp\" data-ad-slot-name=\"infobae\/politica\/nota\/ad_6\">\n<p class=\"ad-shell-label\">PUBLICIDAD<\/p>\n<div id=\"infobae\/politica\/nota\/ad_6\" class=\"infobae\/politica\/nota\/ad_6 arcad ad-slot-node ad-slot-node--boxed\" data-ad-slot-id=\"infobae\/politica\/nota\/ad_6\"><\/div>\n<\/div>\n<p class=\"paragraph\" data-paragraph-number=\"17\">El mismo relevamiento permite mirar la otra mitad de la ecuaci\u00f3n. Ante la consulta sobre qu\u00e9 deber\u00eda mejorar, <b>73% reclama m\u00e1s oportunidades laborales y 51% aumentos salariales y paritarias libres<\/b>. Los bajos salarios aparecen, adem\u00e1s, como el principal problema de la vida cotidiana para 45% de los encuestados. La aprobaci\u00f3n del Presidente qued\u00f3 en 33% contra una desaprobaci\u00f3n del 64%, mientras que 40% considera que la sociedad est\u00e1 triste y desanimada y 38% la percibe con bronca. Hay un dato que sintetiza todav\u00eda mejor los desaf\u00edos que enfrenta Milei: solo el 34% cree que, pese a las dificultades, el esfuerzo realizado vali\u00f3 la pena.<\/p>\n<div class=\"visual__image\"><picture><source srcset=\"https:\/\/www.infobae.com\/resizer\/v2\/X4HXLAB4VZAOBBOOD2MHSEVTJI.jpg?auth=55c2656f334e6612ab89456a5f7a5607bf7201e2a4d1dbc2272f43724908954d&amp;smart=true&amp;width=992&amp;height=558&amp;quality=85\" media=\"(min-width: 1000px)\"><\/source><source srcset=\"https:\/\/www.infobae.com\/resizer\/v2\/X4HXLAB4VZAOBBOOD2MHSEVTJI.jpg?auth=55c2656f334e6612ab89456a5f7a5607bf7201e2a4d1dbc2272f43724908954d&amp;smart=true&amp;width=768&amp;height=432&amp;quality=85\" media=\"(min-width: 768px)\"><\/source><source srcset=\"https:\/\/www.infobae.com\/resizer\/v2\/X4HXLAB4VZAOBBOOD2MHSEVTJI.jpg?auth=55c2656f334e6612ab89456a5f7a5607bf7201e2a4d1dbc2272f43724908954d&amp;smart=true&amp;width=577&amp;height=325&amp;quality=85\" media=\"(min-width: 580px)\"><\/source><source srcset=\"https:\/\/www.infobae.com\/resizer\/v2\/X4HXLAB4VZAOBBOOD2MHSEVTJI.jpg?auth=55c2656f334e6612ab89456a5f7a5607bf7201e2a4d1dbc2272f43724908954d&amp;smart=true&amp;width=420&amp;height=236&amp;quality=85\" media=\"(min-width: 350px)\"><\/source><source srcset=\"https:\/\/www.infobae.com\/resizer\/v2\/X4HXLAB4VZAOBBOOD2MHSEVTJI.jpg?auth=55c2656f334e6612ab89456a5f7a5607bf7201e2a4d1dbc2272f43724908954d&amp;smart=true&amp;width=350&amp;height=197&amp;quality=85\" media=\"(min-width: 80px)\"><\/source><img alt=\"Javier Milei habla en cadena nacional por la causa Malvinas\" class=\"global-image\" decoding=\"async\" fetchpriority=\"low\" height=\"720\" loading=\"lazy\" src=\"https:\/\/www.infobae.com\/resizer\/v2\/X4HXLAB4VZAOBBOOD2MHSEVTJI.jpg?auth=55c2656f334e6612ab89456a5f7a5607bf7201e2a4d1dbc2272f43724908954d&amp;smart=true&amp;width=350&amp;height=197&amp;quality=85\" width=\"1280\"><\/picture><\/div>\n<p class=\"paragraph\" data-paragraph-number=\"18\">La radiograf\u00eda explica por qu\u00e9 el Gobierno insiste en que los pr\u00f3ximos meses ser\u00e1n definitorios. En el Palacio de Hacienda sue\u00f1an con llegar al tramo decisivo de 2027 con registros mensuales de inflaci\u00f3n cercanos a cero y con una mejora de la actividad, el cr\u00e9dito y los ingresos que permitan mostrar alivio sin necesidad de violentar el dogma fiscal. El economista <b>Antonio Aracre<\/b> hizo llegar en estas horas una estimaci\u00f3n especialmente agradable para los o\u00eddos oficiales: calcula que el IPC de agosto podr\u00eda ubicarse alrededor del 1,5%. <\/p>\n<p class=\"paragraph\" data-paragraph-number=\"19\">Un par\u00e9ntesis sobre <b>Luis Caputo<\/b>. El ministro tambi\u00e9n completa en este inicio de septiembre 1000 d\u00edas consecutivos al frente de Econom\u00eda y ya ocupa un lugar poco habitual para una tarea que se realiza sobre una silla el\u00e9ctrica. \u201cToto\u201d ya se qued\u00f3 con el sexto puesto de permanencia en su cartera: lo superan Domingo Cavallo, Jos\u00e9 Alfredo Mart\u00ednez de Hoz, Juan Vital Sourrouille, Roberto Lavagna y Roque Fern\u00e1ndez, pero dej\u00f3 atr\u00e1s a Nicol\u00e1s Dujovne y Mart\u00edn Guzm\u00e1n. <\/p>\n<p class=\"paragraph\" data-paragraph-number=\"20\">La marca es todav\u00eda m\u00e1s llamativa porque Caputo maneja una econom\u00eda en la que conviven relatos incompatibles. Un informe de la consultora One618 que circula por relevantes edificios empresariales calcula, a partir de los precios del Merval, los bonos y el tipo de cambio, una probabilidad impl\u00edcita de continuidad libertaria cercana al 70%. El n\u00famero parece formidable para un oficialismo golpeado en las encuestas, aunque la propia consultora considera que semejante optimismo es excesivo cuando todav\u00eda falta m\u00e1s de un a\u00f1o para elegir Presidente. La macro sigue importando, pero cada vez m\u00e1s en funci\u00f3n de la pol\u00edtica: si la recuperaci\u00f3n no llega a los hogares antes de que lleguen las boletas, el mercado tambi\u00e9n tendr\u00e1 que recalcular. El reporte describe tambi\u00e9n la famosa Argentina \u201ca dos velocidades\u201d: los sectores exportables empujan mientras los ligados a la demanda interna tienen serias dificultades.<\/p>\n<p class=\"paragraph\" data-paragraph-number=\"21\">La reciente pelea con la <b>Uni\u00f3n Industrial Argentina (UIA)<\/b> condens\u00f3 ese conflicto. En el D\u00eda de la Industria, la entidad reclam\u00f3 la reducci\u00f3n del costo argentino, la reconstrucci\u00f3n del cr\u00e9dito, inversi\u00f3n en infraestructura y herramientas para competir ante la apertura econ\u00f3mica. Aunque el titular Mart\u00edn Rapallini trat\u00f3 de ser ecu\u00e1nime, el vicepresidente de la organizaci\u00f3n abandon\u00f3 cualquier protocolo y acus\u00f3 al oficialismo de no conocer la industria: Guillermo Moretti defini\u00f3 a Caputo como \u201cun trader que no sabe lo que es un torno\u201d. El ministro no se qued\u00f3 callado y contest\u00f3 que es injusto obligar a los argentinos a comprar bienes de menor calidad a precios dos, tres o hasta cuatro veces superiores a los internacionales. La tesis del Gobierno es que est\u00e1 cambiando la matriz productiva y que petr\u00f3leo, gas, miner\u00eda, agro y nuevas inversiones terminar\u00e1n generando demanda para otras ramas. \u201cTodo bien, pero necesitamos sobrevivir hasta que llegue ese futuro\u201d, ironizan los industriales.<\/p>\n<p class=\"paragraph\" data-paragraph-number=\"22\">Por eso el equipo econ\u00f3mico empez\u00f3 a habilitar herramientas que buscan generar movimiento sin traicionar la ortodoxia. Entre las decisiones ya tomadas aparecen la utilizaci\u00f3n de recursos del Fondo de Garant\u00eda de Sustentabilidad como fondeo de largo plazo para cr\u00e9ditos hipotecarios, la flexibilizaci\u00f3n de pr\u00e9stamos en d\u00f3lares para empresas y mecanismos del Banco Central destinados a mejorar el funcionamiento del cr\u00e9dito justo cuando la morosidad se transform\u00f3 en una nueva preocupaci\u00f3n social. \u201cNi de cerca es un cambio de modelo, eh\u201d, se apuran en aclarar en Hacienda.<\/p>\n<p class=\"paragraph\" data-paragraph-number=\"23\">Ahora, los estrategas partidarios tienen que hacer el resto. \u201cLa econom\u00eda ayud\u00f3 mucho tiempo a la pol\u00edtica; ahora la pol\u00edtica tiene que ayudar a la econom\u00eda\u201d, es un concepto que Luis Caputo viene repitiendo entre los integrantes del Gobierno. Eso significa aprobar leyes, reducir incertidumbre y, especialmente, llegar a 2027 con las reglas electorales que la Casa Rosada considera m\u00e1s convenientes para sus propios intereses.<\/p>\n<p class=\"paragraph\" data-paragraph-number=\"24\">Patricia Bullrich qued\u00f3 en el centro de esa responsabilidad: la senadora prometi\u00f3 que el pr\u00f3ximo 15 de septiembre comenzar\u00e1 en el Senado la discusi\u00f3n de la reforma electoral. Spoiler: hacia afuera, los libertarios dir\u00e1n que van a defender el paquete completo; en privado, dicen en voz muy baja que si para conseguir los votos necesarios tienen que dejar cap\u00edtulos tirados en el camino, est\u00e1n dispuestos a hacerlo. <b>La obsesi\u00f3n es eliminar o, lo que es m\u00e1s probable, volver a suspender las PASO.<\/b> No saben todav\u00eda si les alcanza. <\/p>\n<p class=\"paragraph\" data-paragraph-number=\"25\">El proyecto, presentado el 22 de abril, tiene bastante m\u00e1s que lo que suele destacarse: por caso, un art\u00edculo fundamental introduce modificaciones en la Boleta \u00danica de Papel para permitir, si las provincias adhieren y las elecciones son simult\u00e1neas, un casillero que facilite votar todas las categor\u00edas de un mismo espacio. En paralelo, cambia requisitos para la conformaci\u00f3n y supervivencia de partidos pol\u00edticos, ampl\u00eda las posibilidades de financiamiento privado, elimina el actual reparto estatal de espacios publicitarios y deja sin recursos espec\u00edficos la elecci\u00f3n de representantes al Parlasur. Entre sus pliegues aparece una curiosidad poco difundida: <b>la eliminaci\u00f3n de la obligatoriedad del debate presidencial<\/b>, incorporada al sistema argentino en 2016. El paquete se completa con el proyecto de Ficha Limpia.<\/p>\n<p class=\"paragraph\" data-paragraph-number=\"26\">En la mesa pol\u00edtica desconf\u00edan de los gobernadores, de sus emisarios y hasta de afirmaciones hechas en encuentros privados porque las negociaciones entraron en una etapa en la que, seg\u00fan una persona involucrada, \u201cnadie dice realmente lo que est\u00e1 pensando\u201d. Los mandatarios provinciales saben que su voto vale cada vez m\u00e1s a medida que se acerca el calendario electoral y tambi\u00e9n que las primarias pueden ser una herramienta fundamental para ordenar coaliciones que hoy no tienen conducci\u00f3n clara.<\/p>\n<p class=\"paragraph\" data-paragraph-number=\"27\">La matem\u00e1tica federal vuelve todo m\u00e1s enrevesado. Milei necesita convencer a gobernadores cuyos n\u00fameros est\u00e1n cada d\u00eda m\u00e1s comprometidos por el ajuste nacional. Seg\u00fan el \u00faltimo an\u00e1lisis de Politik\u00f3n Chaco, de Alejandro Pegoraro, las transferencias no autom\u00e1ticas a las provincias totalizaron en agosto $68.288 millones y sufrieron una ca\u00edda real interanual del 66,4%, el peor registro para ese mes desde al menos 2005. Como si esto fuera poco, no hubo un solo peso de Aportes del Tesoro Nacional, aunque el fondo recaud\u00f3 durante ese per\u00edodo $107.987 millones. La paradoja es dif\u00edcil de esconder: <b>La Libertad Avanza necesita que los caciques del interior le presten votos mientras Econom\u00eda les retacea plata<\/b>.<\/p>\n<p class=\"paragraph\" data-paragraph-number=\"28\">Diego Santilli intenta hacer lo que mejor sabe: equilibrismo. Sus \u00faltimos movimientos se concentraron en aceitar conversaciones con los mandatarios de la regi\u00f3n centro porque sabe que C\u00f3rdoba, Santa Fe y otros distritos de peso re\u00fanen millones de votos que podr\u00edan ser decisivos para la reelecci\u00f3n. Javier y Karina Milei empezaron incluso a suavizar la voluntad de competir contra todos los oficialismos provinciales sin excepci\u00f3n. El pragmatismo le vuelve a ganar una pelea de pu\u00f1os a la pureza.<\/p>\n<p class=\"paragraph\" data-paragraph-number=\"29\">El Congreso, de todas maneras, se encarga de recordarles todas las semanas que los acuerdos son fr\u00e1giles. En Diputados, la oposici\u00f3n mantiene para el 9 de septiembre una sesi\u00f3n especial con la que pretende discutir el crecimiento del endeudamiento familiar, la morosidad y distintos proyectos sobre tarjetas de cr\u00e9dito y asistencia a deudores, pese a que el oficialismo intent\u00f3 desactivar la convocatoria fijando un cronograma de tratamiento. En el Senado, el Gobierno ni siquiera logr\u00f3 dictamen para su S\u00faper RIGI pese a haber aceptado modificaciones: PRO, radicales y Provincias Unidas reclamaron nuevas condiciones para favorecer a proveedores locales. El bloque de aliados funciona, pero no siempre obedece.<\/p>\n<p class=\"paragraph\" data-paragraph-number=\"30\">Y mientras Milei polariza con el peronismo y sus m\u00faltiples tribus, sus equipos estudian tambi\u00e9n lo que ocurre bastante m\u00e1s cerca de su propio electorado. En Olivos reciben informes peri\u00f3dicos sobre dirigentes, empresarios, ex funcionarios y figuras que podr\u00edan intentar armar una opci\u00f3n por la centroderecha. Miden conocimiento, intenci\u00f3n de voto y potencial de crecimiento. Por ahora ninguno genera p\u00e1nico. Pero ninguno es ignorado.<\/p>\n<p class=\"paragraph\" data-paragraph-number=\"31\">En su rosca cotidiana, los movimientos del PRO forman parte de los an\u00e1lisis peri\u00f3dicos de la Mesa Pol\u00edtica. Entre los nombres que empiezan a circular aparece Hern\u00e1n Lacunza, que intenta delimitar un territorio propio: afinidades con La Libertad Avanza, s\u00ed; identidad compartida, no. Esta semana cuestion\u00f3 en una <a rel=\"noopener\" href=\"https:\/\/www.youtube.com\/watch?v=ltbOt8Mj-So\" target=\"_blank\"><u>entrevista en las ma\u00f1anas de Infobae en vivo<\/u><\/a> una contradicci\u00f3n que considera dif\u00edcil de defender: que el Gobierno se niegue a auxiliar deudores porque podr\u00eda premiar comportamientos irresponsables mientras habilita beneficios fiscales que alcanzan a personas que no cumplieron con todas sus obligaciones tributarias. Despu\u00e9s del llamado de Karina Milei a Mauricio Macri se concretaron dos reuniones para recomponer puentes, aunque el v\u00ednculo sigue lleno de desconfianza.<\/p>\n<p class=\"paragraph\" data-paragraph-number=\"32\">QSocial encontr\u00f3 una explicaci\u00f3n concreta de por qu\u00e9 el segmento amarillo merece la atenci\u00f3n de los violetas. Seg\u00fan su \u00faltimo trabajo, <b>tres de cada diez personas que votaron a Milei en la primera vuelta de 2023 hoy desaprueban su gesti\u00f3n<\/b>. Ese universo representa aproximadamente el 12% del electorado argentino. La consultora los bautiz\u00f3 \u201carrepentidos libertarios\u201d y encontr\u00f3 que la ruptura no se produjo esencialmente por las formas del Presidente: 89% sostiene que el esfuerzo del ajuste no vali\u00f3 la pena y 91% considera que la gesti\u00f3n perjudica a los sectores m\u00e1s vulnerables. Es decir: conoc\u00edan al personaje cuando lo eligieron; lo que cuestionan son los resultados. <\/p>\n<p class=\"paragraph\" data-paragraph-number=\"33\">\u00bfAd\u00f3nde pueden ir esos votos? Es el dato que m\u00e1s preocupa. El arrepentimiento no migra en bloque hacia el peronismo: Sergio Massa registra una apertura potencial del 40% dentro de ese universo y Axel Kicillof del 35%; Mauricio Macri alcanza el 27%; y Patricia Bullrich, medida por el estudio como figura del centro, el 25%. El propio informe advierte que no se trata de intenci\u00f3n de voto consolidada, sino de disposici\u00f3n a considerar esas alternativas. Alcanza, sin embargo, para entender por qu\u00e9 Milei monitorea tanto a los enemigos de enfrente como a los vecinos de al lado. <\/p>\n<p class=\"paragraph\" data-paragraph-number=\"34\">El Presidente observa semejantes movimientos con una combinaci\u00f3n dif\u00edcil de encasillar entre seguridad, obstinaci\u00f3n y desapego. La reelecci\u00f3n es el objetivo que ordena pr\u00e1cticamente todas las conversaciones de quienes lo rodean, aunque \u00e9l insiste ante algunos interlocutores en una idea que desconcierta por igual a fan\u00e1ticos y estrategas: <b>no tiene ning\u00fan drama en perder<\/b>.<\/p>\n<p class=\"paragraph\" data-paragraph-number=\"35\">Milei asegura en p\u00fablico y confirma en privado que, si la sociedad decide que su proyecto no merece continuidad, podr\u00e1 volver sin traumas a una vida de conferencias internacionales y libros sobre econom\u00eda. No lo plantea como pose estoica, sino casi como un plan B perfectamente aceptable. Por estos d\u00edas, de hecho, reserva una porci\u00f3n llamativamente grande de su cabeza para su nuevo proyecto editorial, que bautiz\u00f3 \u201c<i>La moral como pol\u00edtica de Estado\u201d<\/i>. No hay todav\u00eda una fecha firme ni una organizaci\u00f3n cerrada para presentarlo, pero fantasea con hacerlo en un microestadio y cerrar el evento con su banda de rock.<\/p>\n<p class=\"paragraph\" data-paragraph-number=\"36\">La contradicci\u00f3n ofrece una postal adecuada para el d\u00eda 1000. <b>Todo el Gobierno empieza a trabajar para que Javier Milei pueda quedarse en la Casa Rosada hasta diciembre de 2031. El l\u00edder libertario, mientras tanto, dice estar preparado para subirse a un avi\u00f3n y volver a cobrar en d\u00f3lares por explicar sus ideas alrededor del mundo. <\/b>Faltan 415 d\u00edas para saber cu\u00e1l de las dos agendas se impone.<\/p>\n","protected":false},"excerpt":{"rendered":"<p>04 Sep, 2026 04:38 a. m. EST Guardar Javier Milei cumple este viernes 1000 d\u00edas como Presidente de la Argentina. Lleg\u00f3 a la Casa Rosada el 10 de diciembre de 2023 como un outsider que promet\u00eda dinamitar el sistema pol\u00edtico con una motosierra en la mano y encara el \u00faltimo tramo de su gesti\u00f3n convertido [&hellip;]<\/p>\n","protected":false},"author":1,"featured_media":24992,"comment_status":"open","ping_status":"open","sticky":false,"template":"","format":"standard","meta":{"footnotes":""},"categories":[1],"tags":[],"class_list":["post-24991","post","type-post","status-publish","format-standard","has-post-thumbnail","hentry","category-uncategorized"],"_links":{"self":[{"href":"https:\/\/cliente1.publisher.highstack.com.ar\/index.php?rest_route=\/wp\/v2\/posts\/24991","targetHints":{"allow":["GET"]}}],"collection":[{"href":"https:\/\/cliente1.publisher.highstack.com.ar\/index.php?rest_route=\/wp\/v2\/posts"}],"about":[{"href":"https:\/\/cliente1.publisher.highstack.com.ar\/index.php?rest_route=\/wp\/v2\/types\/post"}],"author":[{"embeddable":true,"href":"https:\/\/cliente1.publisher.highstack.com.ar\/index.php?rest_route=\/wp\/v2\/users\/1"}],"replies":[{"embeddable":true,"href":"https:\/\/cliente1.publisher.highstack.com.ar\/index.php?rest_route=%2Fwp%2Fv2%2Fcomments&post=24991"}],"version-history":[{"count":0,"href":"https:\/\/cliente1.publisher.highstack.com.ar\/index.php?rest_route=\/wp\/v2\/posts\/24991\/revisions"}],"wp:featuredmedia":[{"embeddable":true,"href":"https:\/\/cliente1.publisher.highstack.com.ar\/index.php?rest_route=\/wp\/v2\/media\/24992"}],"wp:attachment":[{"href":"https:\/\/cliente1.publisher.highstack.com.ar\/index.php?rest_route=%2Fwp%2Fv2%2Fmedia&parent=24991"}],"wp:term":[{"taxonomy":"category","embeddable":true,"href":"https:\/\/cliente1.publisher.highstack.com.ar\/index.php?rest_route=%2Fwp%2Fv2%2Fcategories&post=24991"},{"taxonomy":"post_tag","embeddable":true,"href":"https:\/\/cliente1.publisher.highstack.com.ar\/index.php?rest_route=%2Fwp%2Fv2%2Ftags&post=24991"}],"curies":[{"name":"wp","href":"https:\/\/api.w.org\/{rel}","templated":true}]}}