{"id":24989,"date":"2026-09-04T06:12:31","date_gmt":"2026-09-04T09:12:31","guid":{"rendered":"https:\/\/cliente1.publisher.highstack.com.ar\/?p=24989"},"modified":"2026-09-04T06:12:31","modified_gmt":"2026-09-04T09:12:31","slug":"crimen-del-arquitecto-bassi-hallaron-la-moto-robada-a-la-victima","status":"publish","type":"post","link":"https:\/\/cliente1.publisher.highstack.com.ar\/?p=24989","title":{"rendered":"Crimen del arquitecto Bassi: hallaron la moto robada a la v\u00edctima"},"content":{"rendered":"<p><\/p>\n<div>\n<p>En el marco de la investigaci\u00f3n por el <b>crimen del arquitecto Rodolfo Augusto Bassi<\/b>, hallado sin vida en un departamento del barrio Paran\u00e1 XIV de la capital entrerriana, la Polic\u00eda recuper\u00f3 la motocicleta que hab\u00eda sido sustra\u00edda a la v\u00edctima. <\/p>\n<p><!-- is a <br \/>--><\/p>\n<p>\u00a0<\/p>\n<p><!-- is a <br \/>--><\/p>\n<p>Por el hecho, hay dos hombres detenidos, de 48 y 52 a\u00f1os. Se prev\u00e9 que este viernes se realice una audiencia en la que podr\u00eda definirse su situaci\u00f3n procesal. <\/p>\n<p><!-- is a <br \/>--><\/p>\n<p>\u00a0<\/p>\n<p><!-- is a <br \/>--><\/p>\n<p>Otro avance relevante se produjo durante las \u00faltimas horas de la tarde de este jueves, cuando personal de la Divisi\u00f3n Homicidios localiz\u00f3 la motocicleta perteneciente al arquitecto. El veh\u00edculo hab\u00eda desaparecido luego del crimen y su recorrido constituye uno de los elementos analizados por los investigadores. <\/p>\n<p><!-- is a <br \/>--><\/p>\n<p><!-- is a object --><br \/>\n<!-- embed start --><!-- embed end --><br \/>\n<!-- end object --><\/p>\n<p><!-- is a object --><\/p>\n<h2>Qu\u00e9 revel\u00f3 la autopsia de Bassi<\/h2>\n<p><!-- end object --><\/p>\n<p>El cuerpo de Bassi fue encontrado el mi\u00e9rcoles al mediod\u00eda en un departamento del barrio Paran\u00e1 XIV. Sin embargo, las primeras pericias ubicar\u00edan la muerte durante la noche del martes. <\/p>\n<p><!-- is a <br \/>--><\/p>\n<p>\u00a0<\/p>\n<p><!-- is a <br \/>--><\/p>\n<p>La preocupaci\u00f3n comenz\u00f3 cuando el arquitecto dej\u00f3 de responder mensajes de WhatsApp durante la tarde de ese d\u00eda. Ante la falta de noticias, familiares y allegados comenzaron a buscarlo hasta que finalmente se produjo el ingreso a la propiedad. <\/p>\n<p><!-- is a <br \/>--><\/p>\n<p>\u00a0<\/p>\n<p><!-- is a <br \/>--><\/p>\n<p>Un efectivo policial accedi\u00f3 al departamento por el sector trasero y encontr\u00f3 a Bassi sin vida en el piso. En el lugar hab\u00eda rastros de sangre y se dio intervenci\u00f3n a las \u00e1reas especializadas para preservar y analizar la escena. <\/p>\n<p><!-- is a <br \/>--><\/p>\n<p>\u00a0<\/p>\n<p><!-- is a <br \/>--><\/p>\n<p><!-- is a object --><\/p>\n<h2>Investigan los golpes que provocaron la muerte<\/h2>\n<p><!-- end object --><\/p>\n<p>Entre los elementos secuestrados durante las pericias se encuentra una <b>maza con manchas de sangre y restos capilares<\/b>, que ser\u00e1 sometida a los estudios correspondientes para determinar su vinculaci\u00f3n con el homicidio. <\/p>\n<p><!-- is a <br \/>--><\/p>\n<p>\u00a0<\/p>\n<p><!-- is a <br \/>--><\/p>\n<p>En tanto, el informe preliminar de la autopsia determin\u00f3 que la v\u00edctima presentaba <b>m\u00faltiples lesiones y golpes en el cr\u00e1neo<\/b>, que habr\u00edan resultado mortales. <\/p>\n<p><!-- is a <br \/>--><\/p>\n<p>\u00a0<\/p>\n<p><!-- is a <br \/>--><\/p>\n<p>Los investigadores trabajan sobre la hip\u00f3tesis de que el homicidio podr\u00eda haberse producido en el contexto de un robo.   <\/p>\n<p><!-- is a <br \/>--><\/p>\n<p><!-- is a object --><br \/>\n<!-- embed start --><!-- embed end --><br \/>\n<!-- end object --><\/p>\n<p>\u00a0<\/p>\n<p><!-- is a <br \/>--><\/p>\n<p><!-- is a object --><\/p>\n<h2>Dos hombres permanecen detenidos<\/h2>\n<p><!-- end object --><\/p>\n<p>En el marco de la investigaci\u00f3n fueron detenidos dos hombres, de <b>48 y 52 a\u00f1os<\/b>. Uno de ellos fue localizado por efectivos policiales en la zona de Bajada Grande, en Paran\u00e1. El otro fue interceptado mientras viajaba en un colectivo hacia la provincia de Misiones. Tras emitirse una alerta, personal policial detuvo el \u00f3mnibus sobre la Ruta Nacional 127, a la altura de Federal. <\/p>\n<p><!-- is a <br \/>--><\/p>\n<p>\u00a0<\/p>\n<p><!-- is a <br \/>--><\/p>\n<p>El detenido permanec\u00eda en esa ciudad a la espera de su traslado a Paran\u00e1. Hasta el momento, <b>ninguno de los dos fue formalmente imputado por el homicidio<\/b>, situaci\u00f3n que podr\u00eda modificarse durante la jornada de este viernes de acuerdo con el avance de las actuaciones judiciales. <\/p>\n<p><!-- is a <br \/>--><\/p>\n<p><!-- is a object --><br \/>\n<!-- embed start --><!-- embed end --><br \/>\n<!-- end object --><\/p>\n<p><!-- is a object --><\/p>\n<h2>Recuperaron la motocicleta del arquitecto<\/h2>\n<p><!-- end object --><\/p>\n<p>Las c\u00e1maras de seguridad y diferentes testimonios forman parte de las evidencias analizadas para reconstruir los movimientos ocurridos despu\u00e9s del crimen. Dentro de esa pesquisa, personal de la Divisi\u00f3n Homicidios logr\u00f3 localizar la moto que hab\u00eda sido robada al arquitecto. Estaba en la vivienda de una tercera persona. <\/p>\n<p><!-- is a <br \/>--><\/p>\n<p>\u00a0<\/p>\n<p><!-- is a <br \/>--><\/p>\n<p>El testimonio de quien ten\u00eda el veh\u00edculo tambi\u00e9n ser\u00e1 incorporado a la investigaci\u00f3n, mientras se intenta determinar c\u00f3mo lleg\u00f3 la motocicleta hasta ese lugar y reconstruir su recorrido desde el departamento donde fue encontrado Bassi. <\/p>\n<p><!-- is a <br \/>--><\/p>\n<p>\u00a0<\/p>\n<p><!-- is a <br \/>--><\/p>\n<p>La causa est\u00e1 a cargo del fiscal <b>Juan Manuel Pereyra<\/b>.<\/p>\n<\/p><\/div>\n","protected":false},"excerpt":{"rendered":"<p>En el marco de la investigaci\u00f3n por el crimen del arquitecto Rodolfo Augusto Bassi, hallado sin vida en un departamento del barrio Paran\u00e1 XIV de la capital entrerriana, la Polic\u00eda recuper\u00f3 la motocicleta que hab\u00eda sido sustra\u00edda a la v\u00edctima. \u00a0 Por el hecho, hay dos hombres detenidos, de 48 y 52 a\u00f1os. Se prev\u00e9 [&hellip;]<\/p>\n","protected":false},"author":1,"featured_media":24990,"comment_status":"open","ping_status":"open","sticky":false,"template":"","format":"standard","meta":{"footnotes":""},"categories":[1],"tags":[],"class_list":["post-24989","post","type-post","status-publish","format-standard","has-post-thumbnail","hentry","category-uncategorized"],"_links":{"self":[{"href":"https:\/\/cliente1.publisher.highstack.com.ar\/index.php?rest_route=\/wp\/v2\/posts\/24989","targetHints":{"allow":["GET"]}}],"collection":[{"href":"https:\/\/cliente1.publisher.highstack.com.ar\/index.php?rest_route=\/wp\/v2\/posts"}],"about":[{"href":"https:\/\/cliente1.publisher.highstack.com.ar\/index.php?rest_route=\/wp\/v2\/types\/post"}],"author":[{"embeddable":true,"href":"https:\/\/cliente1.publisher.highstack.com.ar\/index.php?rest_route=\/wp\/v2\/users\/1"}],"replies":[{"embeddable":true,"href":"https:\/\/cliente1.publisher.highstack.com.ar\/index.php?rest_route=%2Fwp%2Fv2%2Fcomments&post=24989"}],"version-history":[{"count":0,"href":"https:\/\/cliente1.publisher.highstack.com.ar\/index.php?rest_route=\/wp\/v2\/posts\/24989\/revisions"}],"wp:featuredmedia":[{"embeddable":true,"href":"https:\/\/cliente1.publisher.highstack.com.ar\/index.php?rest_route=\/wp\/v2\/media\/24990"}],"wp:attachment":[{"href":"https:\/\/cliente1.publisher.highstack.com.ar\/index.php?rest_route=%2Fwp%2Fv2%2Fmedia&parent=24989"}],"wp:term":[{"taxonomy":"category","embeddable":true,"href":"https:\/\/cliente1.publisher.highstack.com.ar\/index.php?rest_route=%2Fwp%2Fv2%2Fcategories&post=24989"},{"taxonomy":"post_tag","embeddable":true,"href":"https:\/\/cliente1.publisher.highstack.com.ar\/index.php?rest_route=%2Fwp%2Fv2%2Ftags&post=24989"}],"curies":[{"name":"wp","href":"https:\/\/api.w.org\/{rel}","templated":true}]}}