{"id":24985,"date":"2026-09-04T02:36:48","date_gmt":"2026-09-04T05:36:48","guid":{"rendered":"https:\/\/cliente1.publisher.highstack.com.ar\/?p=24985"},"modified":"2026-09-04T02:36:48","modified_gmt":"2026-09-04T05:36:48","slug":"javier-milei-pidio-a-la-oposicion-una-pausa-en-la-confrontacion-politica-y-mostrar-un-frente-unido-por-la-causa-malvinas","status":"publish","type":"post","link":"https:\/\/cliente1.publisher.highstack.com.ar\/?p=24985","title":{"rendered":"Javier Milei pidi\u00f3 a la oposici\u00f3n una pausa en la confrontaci\u00f3n pol\u00edtica y \u201cmostrar un frente unido\u201d por la causa Malvinas"},"content":{"rendered":"<div class=\"visual__image image-initial-width\"><picture><source srcset=\"https:\/\/www.infobae.com\/resizer\/v2\/7ZBQ64NBQNHOVOK63FKBWFUXXI.png?auth=b9ec285c55cff7ec7c6223d219bc503ae9988ab185356f92cbf6e0ba98016931&amp;smart=true&amp;width=992&amp;height=558&amp;quality=85\" media=\"(min-width: 1000px)\"><\/source><source srcset=\"https:\/\/www.infobae.com\/resizer\/v2\/7ZBQ64NBQNHOVOK63FKBWFUXXI.png?auth=b9ec285c55cff7ec7c6223d219bc503ae9988ab185356f92cbf6e0ba98016931&amp;smart=true&amp;width=768&amp;height=432&amp;quality=85\" media=\"(min-width: 768px)\"><\/source><source srcset=\"https:\/\/www.infobae.com\/resizer\/v2\/7ZBQ64NBQNHOVOK63FKBWFUXXI.png?auth=b9ec285c55cff7ec7c6223d219bc503ae9988ab185356f92cbf6e0ba98016931&amp;smart=true&amp;width=577&amp;height=325&amp;quality=85\" media=\"(min-width: 580px)\"><\/source><source srcset=\"https:\/\/www.infobae.com\/resizer\/v2\/7ZBQ64NBQNHOVOK63FKBWFUXXI.png?auth=b9ec285c55cff7ec7c6223d219bc503ae9988ab185356f92cbf6e0ba98016931&amp;smart=true&amp;width=420&amp;height=236&amp;quality=85\" media=\"(min-width: 350px)\"><\/source><source srcset=\"https:\/\/www.infobae.com\/resizer\/v2\/7ZBQ64NBQNHOVOK63FKBWFUXXI.png?auth=b9ec285c55cff7ec7c6223d219bc503ae9988ab185356f92cbf6e0ba98016931&amp;smart=true&amp;width=350&amp;height=197&amp;quality=85\" media=\"(min-width: 80px)\"><\/source><img alt=\"Javier Milei habla en cadena nacional por la causa Malvinas\" class=\"global-image\" decoding=\"async\" fetchpriority=\"high\" height=\"1080\" loading=\"eager\" src=\"https:\/\/www.infobae.com\/resizer\/v2\/7ZBQ64NBQNHOVOK63FKBWFUXXI.png?auth=b9ec285c55cff7ec7c6223d219bc503ae9988ab185356f92cbf6e0ba98016931&amp;smart=true&amp;width=350&amp;height=197&amp;quality=85\" width=\"1920\"><\/picture><\/div>\n<div class=\"sharebar-container display_flex sharebar-new\" style=\"opacity:1\">\n<div class=\"share-bar-article-date-container \"><span class=\"sharebar-article-date\">04 Sep, 2026 12:52 a. m. EST<\/span><\/div>\n<div class=\"sharebar-buttons-container display_flex\">\n<div aria-label=\"Guardar\" class=\"sharebar-buttons button-save\" role=\"button\" tabindex=\"0\"><svg width=\"9\" height=\"12\" viewbox=\"0 0 8 10\" fill=\"none\" xmlns=\"http:\/\/www.w3.org\/2000\/svg\" class=\"saved-icon saved\"><path d=\"M6.64286 0.5V9.31687L4.1116 7.16407L4.11106 7.16361C3.79894 6.89891 3.34392 6.89891 3.03179 7.16361L3.03126 7.16407L0.5 9.31687V0.5H6.64286Z\"><\/path><\/svg><span class=\"buttons-save-text\">Guardar<\/span><\/div>\n<div class=\"sharebar-buttons-separator\"><\/div>\n<p><button class=\"sharemenu-buttons display_flex\" aria-label=\"Compartir en Telegram\"><svg width=\"38\" height=\"38\" viewbox=\"0 0 38 38\" fill=\"none\" xmlns=\"http:\/\/www.w3.org\/2000\/svg\"><rect x=\"0.5\" y=\"0.5\" width=\"37\" height=\"37\" rx=\"18.5\" fill=\"white\"><\/rect><rect x=\"0.5\" y=\"0.5\" width=\"37\" height=\"37\" rx=\"18.5\" stroke=\"#C2C2C2\"><\/rect><path d=\"M24.9696 12.5511L10.3405 18.0494C10.0623 18.151 9.92701 18.4484 10.0398 18.7168C10.0999 18.8619 10.2277 18.9779 10.3856 19.0214L14.1068 20.0805L15.4975 24.3312C15.6028 24.6576 15.9636 24.839 16.2944 24.7374C16.3921 24.7084 16.4823 24.6504 16.5575 24.5778L18.482 22.6846L22.2558 25.354C22.6091 25.6006 23.0977 25.5281 23.3533 25.1872C23.421 25.1001 23.4661 24.9986 23.4887 24.897L25.9845 13.3707C26.0672 12.979 25.8116 12.5946 25.4056 12.5148C25.2628 12.4858 25.1124 12.5003 24.9771 12.5511M23.1429 15.1116L16.347 20.9147C16.2793 20.9727 16.2342 21.0525 16.2267 21.1395L15.9636 23.381C15.9636 23.4172 15.926 23.4462 15.8884 23.439C15.8583 23.439 15.8358 23.4172 15.8283 23.3955L14.7533 20.0442C14.7007 19.8919 14.7683 19.7251 14.9111 19.638L22.9399 14.836C23.0226 14.7852 23.1353 14.8142 23.1804 14.894C23.2255 14.9666 23.2105 15.0536 23.1504 15.1116\" fill=\"#555555\"><\/path><\/svg><\/button><button class=\"sharemenu-buttons display_flex\" aria-label=\"Compartir en Linkedin\"><svg width=\"38\" height=\"38\" viewbox=\"0 0 38 38\" fill=\"none\" xmlns=\"http:\/\/www.w3.org\/2000\/svg\"><rect x=\"0.5\" y=\"0.5\" width=\"37\" height=\"37\" rx=\"18.5\" fill=\"white\"><\/rect><rect x=\"0.5\" y=\"0.5\" width=\"37\" height=\"37\" rx=\"18.5\" stroke=\"#C2C2C2\"><\/rect><path d=\"M16.5556 27V16.2231H19.963V17.6949C20.0185 17.6368 20.0648 17.5787 20.1111 17.5206C20.8611 16.349 22.2037 15.739 23.537 15.981C25.3889 16.1359 26.8426 17.7046 26.9259 19.6411C26.9722 20.0478 27 20.4641 27 20.8708C27 22.817 27 24.7633 27 26.7095V26.9806H23.5741V26.6805C23.5741 24.8892 23.5741 23.0882 23.5741 21.2969C23.5741 20.8805 23.5278 20.4545 23.4259 20.0478C23.1945 19.1279 22.2963 18.5663 21.4074 18.8084C21.2037 18.8665 21 18.9633 20.8333 19.0989C20.3333 19.4281 20.0185 19.9897 19.9907 20.6094C19.9722 21.1419 19.9722 21.6842 19.9722 22.2167V26.9903H16.5648L16.5556 27ZM11.2222 27V16.2037H11.7407C12.6204 16.2037 13.5 16.2037 14.3796 16.2037C14.5833 16.2037 14.6482 16.2328 14.6482 16.4748V26.9903H11.2222V27ZM11.0093 12.8825C11.0093 11.8465 11.8055 11.0041 12.787 11.0041C12.8426 11.0041 12.8982 11.0041 12.9537 11.0041C13.9445 10.9363 14.7963 11.7206 14.8611 12.7567C14.8611 12.7954 14.8611 12.8438 14.8611 12.8825C14.8426 13.9283 14.0278 14.761 13.0278 14.7416C12.9907 14.7416 12.9537 14.7416 12.9259 14.7416H12.9074C11.9259 14.8191 11.0741 14.0445 11 13.0181C11 12.9697 11 12.931 11 12.8825H11.0093Z\" fill=\"#555555\"><\/path><\/svg><\/button><button class=\"sharemenu-buttons display_flex\" aria-label=\"Compartir en Twitter\"><svg width=\"38\" height=\"38\" viewbox=\"0 0 38 38\" fill=\"none\" xmlns=\"http:\/\/www.w3.org\/2000\/svg\"><rect x=\"0.5\" y=\"0.5\" width=\"37\" height=\"37\" rx=\"18.5\" fill=\"white\"><\/rect><rect x=\"0.5\" y=\"0.5\" width=\"37\" height=\"37\" rx=\"18.5\" stroke=\"#C2C2C2\"><\/rect><path d=\"M11.0391 11L17.2165 19.8249L11 27H12.399L17.8415 20.7182L22.2389 27H27L20.475 17.6786L26.2613 11H24.8623L19.85 16.7855L15.8001 11H11.0391ZM13.0965 12.101H15.2838L24.9423 25.8987H22.7551L13.0965 12.101Z\" fill=\"#555555\"><\/path><\/svg><\/button><button class=\"sharemenu-buttons display_flex\" aria-label=\"Compartir en Facebook\"><svg width=\"38\" height=\"38\" viewbox=\"0 0 38 38\" fill=\"none\" xmlns=\"http:\/\/www.w3.org\/2000\/svg\"><rect x=\"0.5\" y=\"0.5\" width=\"37\" height=\"37\" rx=\"18.5\" fill=\"white\"><\/rect><rect x=\"0.5\" y=\"0.5\" width=\"37\" height=\"37\" rx=\"18.5\" stroke=\"#C2C2C2\"><\/rect><path d=\"M17.3544 26.9921V18.9235H15V16.3346H17.3544V16.0805C17.3544 15.3816 17.3291 14.6748 17.3882 13.976C17.3882 12.8642 18.0633 11.8556 19.1266 11.3712C19.5232 11.1965 19.9452 11.0853 20.3755 11.0376C21.2532 10.9741 22.1308 10.99 23 11.0932V13.4201H22.7722C22.2743 13.4201 21.7848 13.4201 21.2869 13.436C20.73 13.4042 20.2489 13.8013 20.2152 14.3254C20.2152 14.373 20.2152 14.4128 20.2152 14.4604C20.1983 15.0481 20.2152 15.6357 20.2152 16.2234C20.2152 16.2552 20.2152 16.2949 20.2321 16.3267H22.9409C22.8228 17.2082 22.7046 18.0579 22.5865 18.9315H20.2236V27H17.3629L17.3544 26.9921Z\" fill=\"#555555\"><\/path><\/svg><\/button><button class=\"sharemenu-buttons display_flex\" aria-label=\"Compartir en Whatsapp\"><svg width=\"38\" height=\"38\" viewbox=\"0 0 38 38\" fill=\"none\" xmlns=\"http:\/\/www.w3.org\/2000\/svg\"><rect x=\"0.5\" y=\"0.5\" width=\"37\" height=\"37\" rx=\"18.5\" fill=\"white\"><\/rect><rect x=\"0.5\" y=\"0.5\" width=\"37\" height=\"37\" rx=\"18.5\" stroke=\"#C2C2C2\"><\/rect><path d=\"M21.2863 19.9439C21.0997 19.8551 20.9664 19.9262 20.8419 20.0861C20.6731 20.3261 20.4687 20.5483 20.2909 20.7794C20.1665 20.9393 20.0243 20.9749 19.8376 20.8949C18.6645 20.4239 17.7757 19.6506 17.1269 18.5841C17.0292 18.4242 17.038 18.2997 17.1536 18.1575C17.3225 17.9531 17.4824 17.7576 17.6157 17.5354C17.678 17.4287 17.7135 17.2599 17.678 17.1532C17.4735 16.6111 17.2425 16.0867 17.0114 15.5535C16.9669 15.4557 16.8781 15.3313 16.7892 15.3224C16.4248 15.2602 16.0426 15.1891 15.7316 15.4912C15.1094 16.0778 14.8784 16.7977 15.0383 17.6243C15.1805 18.3619 15.5983 18.9663 16.0426 19.5618C16.887 20.6638 17.8646 21.6237 19.1622 22.1925C19.7932 22.4769 20.4331 22.7613 21.1441 22.7613C21.2685 22.7613 21.393 22.7613 21.5085 22.7346C22.4506 22.5391 23.1172 22.0058 23.0816 21.0193C23.0816 20.9216 23.0194 20.7794 22.9483 20.7438C22.3973 20.4594 21.8462 20.2017 21.2863 19.9439Z\" fill=\"#555555\"><\/path><path d=\"M26.9482 17.8724C26.3972 13.4642 22.1401 10.3447 17.7229 11.1179C12.6481 11.9977 9.71521 17.2859 11.6883 21.9963C12.1948 22.6629 12.0615 23.3472 11.8216 24.0849C11.5105 25.027 11.2794 26.0046 11.0039 27C11.1194 26.9733 11.1994 26.9644 11.2794 26.9378C12.5059 26.6178 13.7324 26.3068 14.9411 25.9868C15.1544 25.9335 15.3144 25.9602 15.5099 26.0579C17.1719 26.8667 18.9227 27.0978 20.718 26.7067C24.833 25.7913 27.4548 22.0496 26.9305 17.8902L26.9482 17.8724ZM20.0515 25.4624C18.4784 25.7113 17.003 25.3913 15.6166 24.6003C15.5099 24.5381 15.3411 24.5115 15.2077 24.547C14.4612 24.7248 13.7146 24.9292 12.9147 25.1336C13.1192 24.3693 13.3058 23.6672 13.5102 22.9473C13.5635 22.7606 13.5369 22.6273 13.4391 22.4673C11.0039 18.5479 13.1014 13.5442 17.6163 12.5043C21.2868 11.6511 25.0285 14.1841 25.5884 17.908C26.1395 21.5519 23.6954 24.8936 20.0515 25.4624Z\" fill=\"#555555\"><\/path><\/svg><\/button><\/div>\n<\/div>\n<p class=\"paragraph\" data-paragraph-number=\"1\">Javier Milei dej\u00f3 para el final de su mensaje por cadena nacional sobre las Islas Malvinas una de las definiciones pol\u00edticas m\u00e1s singulares de su discurso:<b> pidi\u00f3 hacer una pausa en la confrontaci\u00f3n con sus adversarios alrededor del reclamo de soberan\u00eda y convoc\u00f3 a la dirigencia a mostrar \u201cun frente unido ante el mundo\u201d<\/b>.<\/p>\n<div class=\"marfeel-recommender marfeel-recommender-1\"><\/div>\n<p class=\"paragraph\" data-paragraph-number=\"2\">El planteo result\u00f3 inusual para la din\u00e1mica pol\u00edtica que caracteriz\u00f3 hasta ahora al gobierno libertario. Despu\u00e9s de casi tres a\u00f1os de una relaci\u00f3n atravesada por enfrentamientos, acusaciones, dur\u00edsimas cr\u00edticas y, en ocasiones, insultos hacia sus adversarios, el Presidente cambi\u00f3 por unos minutos el registro habitual para plantear que existe al menos una cuesti\u00f3n que debe quedar por encima de esa disputa: Malvinas.<\/p>\n<div class=\"inline ad-wrapper dfpAd ad-inline ad-text ad-component-container\" style=\"--ad-shell-height:250px;--ad-shell-width:300px\" data-ad-wrapper=\"arcad\" data-ad-type=\"inline\" data-ad-slot=\"infobae\/politica\/nota\/inline\" data-ad-container=\"dfp\" data-ad-slot-name=\"infobae\/politica\/nota\/inline\">\n<p class=\"ad-shell-label\">PUBLICIDAD<\/p>\n<div id=\"infobae\/politica\/nota\/inline\" class=\"infobae\/politica\/nota\/inline arcad ad-slot-node ad-slot-node--boxed\" data-ad-slot-id=\"infobae\/politica\/nota\/inline\"><\/div>\n<\/div>\n<p class=\"paragraph\" data-paragraph-number=\"3\">El contexto vuelve todav\u00eda m\u00e1s significativa la convocatoria. El oficialismo mantiene una dura pulseada con distintos sectores de la oposici\u00f3n en el Congreso y fuera de \u00e9l, mientras el tiempo preelectoral profundiza las diferencias y obliga a cada espacio a marcar posiciones y construir su propia estrategia. Milei no propuso terminar con esas diferencias ni modificar su relaci\u00f3n pol\u00edtica con sus adversarios. <b>Lo que hizo fue pedir que esa confrontaci\u00f3n encuentre un l\u00edmite frente a la causa Malvinas<\/b>.<\/p>\n<div class=\"marfeel-recommender marfeel-recommender-3\"><\/div>\n<p class=\"paragraph\" data-paragraph-number=\"4\">Y lo expres\u00f3 con una frase particularmente significativa para un Presidente cuyo estilo constituye tambi\u00e9n uno de los principales motivos de enfrentamiento con la oposici\u00f3n.<\/p>\n<div class=\"inline_2 ad-wrapper dfpAd ad-inline ad-text ad-component-container\" style=\"--ad-shell-height:250px;--ad-shell-width:300px\" data-ad-wrapper=\"arcad\" data-ad-type=\"inline_2\" data-ad-slot=\"infobae\/politica\/nota\/inline_2\" data-ad-container=\"dfp\" data-ad-slot-name=\"infobae\/politica\/nota\/inline_2\">\n<p class=\"ad-shell-label\">PUBLICIDAD<\/p>\n<div id=\"infobae\/politica\/nota\/inline_2\" class=\"infobae\/politica\/nota\/inline_2 arcad ad-slot-node ad-slot-node--boxed\" data-ad-slot-id=\"infobae\/politica\/nota\/inline_2\"><\/div>\n<\/div>\n<p class=\"paragraph\" data-paragraph-number=\"5\">\u201cY a todos los argentinos, y en especial a la pol\u00edtica, quiero transmitirle lo siguiente: podemos discutir sobre cualquier otra cosa, <b>podemos discutir mis formas<\/b>, podemos estar en desacuerdo sobre la pol\u00edtica fiscal o cambiaria, pero este tema demanda una pausa\u201d, afirm\u00f3.<\/p>\n<div class=\"marfeel-recommender marfeel-recommender-5\"><\/div>\n<p class=\"paragraph\" data-paragraph-number=\"6\">Despu\u00e9s complet\u00f3 la idea: \u201cDemanda que hagamos nuestras armas a un lado y mostremos un frente unido ante el mundo, como naci\u00f3n y como sociedad. Porque hay causas que est\u00e1n por encima de cualquier diferencia pol\u00edtica. Malvinas es una de ellas\u201d.<\/p>\n<div class=\"ad_1 ad-wrapper dfpAd ad-1-al-6 ad-text ad-component-container\" style=\"--ad-shell-height:250px;--ad-shell-width:300px\" data-ad-wrapper=\"arcad\" data-ad-type=\"ad_1\" data-ad-slot=\"infobae\/politica\/nota\/ad_1\" data-ad-container=\"dfp\" data-ad-slot-name=\"infobae\/politica\/nota\/ad_1\">\n<p class=\"ad-shell-label\">PUBLICIDAD<\/p>\n<div id=\"infobae\/politica\/nota\/ad_1\" class=\"infobae\/politica\/nota\/ad_1 arcad ad-slot-node ad-slot-node--boxed\" data-ad-slot-id=\"infobae\/politica\/nota\/ad_1\"><\/div>\n<\/div>\n<div class=\"visual__image\"><picture><source srcset=\"https:\/\/www.infobae.com\/resizer\/v2\/N6DNYERFDNCDDO742RMLABVGYQ.jpeg?auth=23315ed00a74f1068c14843d82870ff8ac8eb787549a0704cc7078f285cd8335&amp;smart=true&amp;width=992&amp;height=662&amp;quality=85\" media=\"(min-width: 1000px)\"><\/source><source srcset=\"https:\/\/www.infobae.com\/resizer\/v2\/N6DNYERFDNCDDO742RMLABVGYQ.jpeg?auth=23315ed00a74f1068c14843d82870ff8ac8eb787549a0704cc7078f285cd8335&amp;smart=true&amp;width=768&amp;height=512&amp;quality=85\" media=\"(min-width: 768px)\"><\/source><source srcset=\"https:\/\/www.infobae.com\/resizer\/v2\/N6DNYERFDNCDDO742RMLABVGYQ.jpeg?auth=23315ed00a74f1068c14843d82870ff8ac8eb787549a0704cc7078f285cd8335&amp;smart=true&amp;width=577&amp;height=385&amp;quality=85\" media=\"(min-width: 580px)\"><\/source><source srcset=\"https:\/\/www.infobae.com\/resizer\/v2\/N6DNYERFDNCDDO742RMLABVGYQ.jpeg?auth=23315ed00a74f1068c14843d82870ff8ac8eb787549a0704cc7078f285cd8335&amp;smart=true&amp;width=420&amp;height=280&amp;quality=85\" media=\"(min-width: 350px)\"><\/source><source srcset=\"https:\/\/www.infobae.com\/resizer\/v2\/N6DNYERFDNCDDO742RMLABVGYQ.jpeg?auth=23315ed00a74f1068c14843d82870ff8ac8eb787549a0704cc7078f285cd8335&amp;smart=true&amp;width=350&amp;height=234&amp;quality=85\" media=\"(min-width: 80px)\"><\/source><img alt=\"Javier Milei habla en cadena nacional por la causa Malvinas\" class=\"global-image\" decoding=\"async\" fetchpriority=\"low\" height=\"854\" loading=\"lazy\" src=\"https:\/\/www.infobae.com\/resizer\/v2\/N6DNYERFDNCDDO742RMLABVGYQ.jpeg?auth=23315ed00a74f1068c14843d82870ff8ac8eb787549a0704cc7078f285cd8335&amp;smart=true&amp;width=350&amp;height=234&amp;quality=85\" width=\"1280\"><\/picture><\/div>\n<p class=\"paragraph\" data-paragraph-number=\"7\">La elecci\u00f3n de esas palabras no fue menor. Milei hizo desde antes de llegar a la Casa Rosada de la confrontaci\u00f3n con lo que denomina \u201cla casta\u201d uno de los elementos centrales de su identidad pol\u00edtica. Ya como Presidente mantuvo esa l\u00f3gica frente al kirchnerismo, el peronismo y otros sectores opositores, pero tambi\u00e9n en distintas oportunidades frente a gobernadores, legisladores y dirigentes que hab\u00edan colaborado con el oficialismo para aprobar algunas de sus reformas.<\/p>\n<p class=\"paragraph\" data-paragraph-number=\"8\">Esta vez plante\u00f3 una excepci\u00f3n concreta. No para el resto de la agenda pol\u00edtica, econ\u00f3mica o electoral, sino espec\u00edficamente para Malvinas.<\/p>\n<p class=\"paragraph\" data-paragraph-number=\"9\">La convocatoria hab\u00eda sido preparada conceptualmente desde el comienzo de la cadena nacional. Milei record\u00f3 que las Naciones Unidas reconocen la existencia de una disputa de soberan\u00eda entre la Argentina y el Reino Unido y que han reclamado reiteradamente una soluci\u00f3n mediante negociaciones bilaterales y pac\u00edficas.<\/p>\n<div class=\"ad_2 ad-wrapper dfpAd ad-1-al-6 ad-text ad-component-container\" style=\"--ad-shell-height:250px;--ad-shell-width:300px\" data-ad-wrapper=\"arcad\" data-ad-type=\"ad_2\" data-ad-slot=\"infobae\/politica\/nota\/ad_2\" data-ad-container=\"dfp\" data-ad-slot-name=\"infobae\/politica\/nota\/ad_2\">\n<p class=\"ad-shell-label\">PUBLICIDAD<\/p>\n<div id=\"infobae\/politica\/nota\/ad_2\" class=\"infobae\/politica\/nota\/ad_2 arcad ad-slot-node ad-slot-node--boxed\" data-ad-slot-id=\"infobae\/politica\/nota\/ad_2\"><\/div>\n<\/div>\n<p class=\"paragraph\" data-paragraph-number=\"10\">\u201cPor eso la causa Malvinas no pertenece a un gobierno ni a un partido pol\u00edtico, es una causa nacional\u201d, sostuvo.<\/p>\n<p class=\"paragraph\" data-paragraph-number=\"11\">Sobre esa premisa construy\u00f3 despu\u00e9s su convocatoria. Y no la limit\u00f3 a los partidos que habitualmente colaboran con el Gobierno ni a los bloques parlamentarios con los que La Libertad Avanza negocia sus iniciativas.<\/p>\n<div class=\"ad_3 ad-wrapper dfpAd ad-1-al-6 ad-text ad-component-container\" style=\"--ad-shell-height:250px;--ad-shell-width:300px\" data-ad-wrapper=\"arcad\" data-ad-type=\"ad_3\" data-ad-slot=\"infobae\/politica\/nota\/ad_3\" data-ad-container=\"dfp\" data-ad-slot-name=\"infobae\/politica\/nota\/ad_3\">\n<p class=\"ad-shell-label\">PUBLICIDAD<\/p>\n<div id=\"infobae\/politica\/nota\/ad_3\" class=\"infobae\/politica\/nota\/ad_3 arcad ad-slot-node ad-slot-node--boxed\" data-ad-slot-id=\"infobae\/politica\/nota\/ad_3\"><\/div>\n<\/div>\n<p class=\"paragraph\" data-paragraph-number=\"12\">\u201cPor eso quiero invitar a toda la dirigencia pol\u00edtica, econ\u00f3mica y social de la Argentina, a sumarse con una misma voz a este reclamo. Porque este reclamo es justo. Porque las islas son nuestras y nos las arrebataron y porque son indispensables para la proyecci\u00f3n de la Argentina en las pr\u00f3ximas d\u00e9cadas\u201d, resalt\u00f3 el Presidente.<\/p>\n<p class=\"paragraph\" data-paragraph-number=\"13\">La decisi\u00f3n de colocar Malvinas por encima de las diferencias partidarias <b>pone tambi\u00e9n a la oposici\u00f3n ante una situaci\u00f3n pol\u00edtica particular<\/b>.<\/p>\n<p class=\"paragraph\" data-paragraph-number=\"14\">Los adversarios del Gobierno pueden mantener \u2014y seguramente mantendr\u00e1n\u2014 sus cuestionamientos a la pol\u00edtica econ\u00f3mica, al rumbo institucional, a las reformas impulsadas por la Casa Rosada y a las propias \u201cformas\u201d de Milei. Tambi\u00e9n podr\u00e1n discutir las herramientas espec\u00edficas elegidas por el Ejecutivo para enfrentar la explotaci\u00f3n de recursos naturales en las islas.<\/p>\n<div class=\"ad_4 ad-wrapper dfpAd ad-1-al-6 ad-text ad-component-container\" style=\"--ad-shell-height:250px;--ad-shell-width:300px\" data-ad-wrapper=\"arcad\" data-ad-type=\"ad_4\" data-ad-slot=\"infobae\/politica\/nota\/ad_4\" data-ad-container=\"dfp\" data-ad-slot-name=\"infobae\/politica\/nota\/ad_4\">\n<p class=\"ad-shell-label\">PUBLICIDAD<\/p>\n<div id=\"infobae\/politica\/nota\/ad_4\" class=\"infobae\/politica\/nota\/ad_4 arcad ad-slot-node ad-slot-node--boxed\" data-ad-slot-id=\"infobae\/politica\/nota\/ad_4\"><\/div>\n<\/div>\n<div class=\"visual__image\"><picture><source srcset=\"https:\/\/www.infobae.com\/resizer\/v2\/3JMJCMSHUVHZDC2TREYZDQ42XA.png?auth=8c478fb11f5e7a21f15576f35124218872a491405ca3620022746fa907cb7c8d&amp;smart=true&amp;width=992&amp;height=554&amp;quality=85\" media=\"(min-width: 1000px)\"><\/source><source srcset=\"https:\/\/www.infobae.com\/resizer\/v2\/3JMJCMSHUVHZDC2TREYZDQ42XA.png?auth=8c478fb11f5e7a21f15576f35124218872a491405ca3620022746fa907cb7c8d&amp;smart=true&amp;width=768&amp;height=429&amp;quality=85\" media=\"(min-width: 768px)\"><\/source><source srcset=\"https:\/\/www.infobae.com\/resizer\/v2\/3JMJCMSHUVHZDC2TREYZDQ42XA.png?auth=8c478fb11f5e7a21f15576f35124218872a491405ca3620022746fa907cb7c8d&amp;smart=true&amp;width=577&amp;height=322&amp;quality=85\" media=\"(min-width: 580px)\"><\/source><source srcset=\"https:\/\/www.infobae.com\/resizer\/v2\/3JMJCMSHUVHZDC2TREYZDQ42XA.png?auth=8c478fb11f5e7a21f15576f35124218872a491405ca3620022746fa907cb7c8d&amp;smart=true&amp;width=420&amp;height=234&amp;quality=85\" media=\"(min-width: 350px)\"><\/source><source srcset=\"https:\/\/www.infobae.com\/resizer\/v2\/3JMJCMSHUVHZDC2TREYZDQ42XA.png?auth=8c478fb11f5e7a21f15576f35124218872a491405ca3620022746fa907cb7c8d&amp;smart=true&amp;width=350&amp;height=195&amp;quality=85\" media=\"(min-width: 80px)\"><\/source><img alt=\"Ilustraci\u00f3n de las siluetas oscuras de las Islas Malvinas contra un cielo azul claro con nubes blancas, sobre m\u00e1stiles azules y blancos y hierba verde en primer plano.\" class=\"global-image\" decoding=\"async\" fetchpriority=\"low\" height=\"1536\" loading=\"lazy\" src=\"https:\/\/www.infobae.com\/resizer\/v2\/3JMJCMSHUVHZDC2TREYZDQ42XA.png?auth=8c478fb11f5e7a21f15576f35124218872a491405ca3620022746fa907cb7c8d&amp;smart=true&amp;width=350&amp;height=195&amp;quality=85\" width=\"2752\"><\/picture><\/div>\n<p class=\"paragraph\" data-paragraph-number=\"15\">Pero trasladar una l\u00f3gica de oposici\u00f3n absoluta al reclamo argentino de soberan\u00eda presenta una dificultad diferente.<\/p>\n<p class=\"paragraph\" data-paragraph-number=\"16\">Malvinas atraviesa hist\u00f3ricamente a fuerzas pol\u00edticas enfrentadas entre s\u00ed y el reclamo est\u00e1 consagrado en la propia Constituci\u00f3n Nacional como un objetivo \u201cpermanente e irrenunciable\u201d del pueblo argentino. Milei eligi\u00f3, de hecho, comenzar su discurso recordando la primera disposici\u00f3n transitoria de la Carta Magna, que ratifica la \u201cleg\u00edtima e imprescriptible soberan\u00eda\u201d argentina sobre las islas y los espacios mar\u00edtimos correspondientes.<\/p>\n<div class=\"ad_5 ad-wrapper dfpAd ad-1-al-6 ad-text ad-component-container\" style=\"--ad-shell-height:250px;--ad-shell-width:300px\" data-ad-wrapper=\"arcad\" data-ad-type=\"ad_5\" data-ad-slot=\"infobae\/politica\/nota\/ad_5\" data-ad-container=\"dfp\" data-ad-slot-name=\"infobae\/politica\/nota\/ad_5\">\n<p class=\"ad-shell-label\">PUBLICIDAD<\/p>\n<div id=\"infobae\/politica\/nota\/ad_5\" class=\"infobae\/politica\/nota\/ad_5 arcad ad-slot-node ad-slot-node--boxed\" data-ad-slot-id=\"infobae\/politica\/nota\/ad_5\"><\/div>\n<\/div>\n<p class=\"paragraph\" data-paragraph-number=\"17\">Eso no significa, sin embargo, que acompa\u00f1ar el objetivo de soberan\u00eda obligue a la oposici\u00f3n a respaldar cada uno de los instrumentos que proponga el Poder Ejecutivo.<\/p>\n<p class=\"paragraph\" data-paragraph-number=\"18\">All\u00ed aparece precisamente uno de los interrogantes pol\u00edticos que dej\u00f3 la cadena nacional: <b>hasta d\u00f3nde puede extenderse el consenso alrededor de Malvinas cuando llegue el momento de discutir las medidas concretas<\/b>.<\/p>\n<div class=\"ad_6 ad-wrapper dfpAd ad-1-al-6 ad-text ad-component-container\" style=\"--ad-shell-height:250px;--ad-shell-width:300px\" data-ad-wrapper=\"arcad\" data-ad-type=\"ad_6\" data-ad-slot=\"infobae\/politica\/nota\/ad_6\" data-ad-container=\"dfp\" data-ad-slot-name=\"infobae\/politica\/nota\/ad_6\">\n<p class=\"ad-shell-label\">PUBLICIDAD<\/p>\n<div id=\"infobae\/politica\/nota\/ad_6\" class=\"infobae\/politica\/nota\/ad_6 arcad ad-slot-node ad-slot-node--boxed\" data-ad-slot-id=\"infobae\/politica\/nota\/ad_6\"><\/div>\n<\/div>\n<p class=\"paragraph\" data-paragraph-number=\"19\">La respuesta comenzar\u00e1 a conocerse r\u00e1pidamente en el Congreso.<\/p>\n<p class=\"paragraph\" data-paragraph-number=\"20\">Milei anunci\u00f3 que enviar\u00e1 con car\u00e1cter urgente un proyecto de <b>Ley de Defensa de la Soberan\u00eda Nacional<\/b>, una iniciativa para cuya aprobaci\u00f3n La Libertad Avanza deber\u00e1 construir mayor\u00edas y, por lo tanto, necesitar\u00e1 votos de otras fuerzas pol\u00edticas.<\/p>\n<p class=\"paragraph\" data-paragraph-number=\"21\">El proyecto tendr\u00e1 entre sus objetivos modificar la ley 26.659 para endurecer las sanciones y penas contra las compa\u00f1\u00edas vinculadas con operaciones no autorizadas por la Argentina en las islas. El Presidente anticip\u00f3 que los proveedores de esos proyectos recibir\u00e1n las mismas penas y prohibiciones que las empresas con las que colaboren.<\/p>\n<p class=\"paragraph\" data-paragraph-number=\"22\">Los infractores tampoco podr\u00e1n contratar en territorio argentino, tanto con el sector p\u00fablico como con el privado. El proyecto contempla adem\u00e1s, cuando corresponda, la aplicaci\u00f3n del juicio en ausencia y la extensi\u00f3n del r\u00e9gimen a otras actividades desarrolladas en las islas que afecten los recursos naturales argentinos.<\/p>\n<p class=\"paragraph\" data-paragraph-number=\"23\">La iniciativa tambi\u00e9n prev\u00e9 la creaci\u00f3n de un <b>Consejo de Seguridad Nacional<\/b>, que tendr\u00e1 a su cargo la definici\u00f3n de una pol\u00edtica de seguridad nacional \u201cde aplicaci\u00f3n obligatoria y transversal a todo el Estado\u201d, con la articulaci\u00f3n de \u00e1reas como Canciller\u00eda, Defensa, Inteligencia y Econom\u00eda. Adem\u00e1s establecer\u00e1 un marco para la protecci\u00f3n de la infraestructura cr\u00edtica y para la defensa aeroespacial y mar\u00edtima del pa\u00eds.<\/p>\n<p class=\"paragraph\" data-paragraph-number=\"24\">Finalmente, Milei pedir\u00e1 al Congreso que otorgue a ese organismo facultades para que el Estado pueda utilizar herramientas econ\u00f3micas y diplom\u00e1ticas frente a actores estatales o no estatales que amenacen la seguridad nacional.<\/p>\n<p class=\"paragraph\" data-paragraph-number=\"25\">Ese proyecto ser\u00e1 <b>la primera traducci\u00f3n pol\u00edtica concreta de la convocatoria que hizo el Presidente<\/b>.<\/p>\n<p class=\"paragraph\" data-paragraph-number=\"26\">Los bloques opositores deber\u00e1n definir si acompa\u00f1an la iniciativa completa, si reclaman modificaciones o si diferencian su respaldo al reclamo de soberan\u00eda de sus posiciones sobre algunas de las herramientas propuestas por el Ejecutivo.<\/p>\n<p class=\"paragraph\" data-paragraph-number=\"27\">Pero tambi\u00e9n habr\u00e1 una prueba para el propio Gobierno. Si Malvinas \u201cno pertenece a un gobierno ni a un partido pol\u00edtico\u201d, como afirm\u00f3 Milei, la b\u00fasqueda de una posici\u00f3n com\u00fan podr\u00eda obligar a la Casa Rosada a negociar el contenido de la iniciativa con sectores a los que enfrenta habitualmente.<\/p>\n<p class=\"paragraph\" data-paragraph-number=\"28\">El desaf\u00edo, por lo tanto, ser\u00e1 doble: <b>la oposici\u00f3n deber\u00e1 resolver hasta d\u00f3nde acompa\u00f1a las herramientas impulsadas por Milei y el oficialismo deber\u00e1 demostrar cu\u00e1nto est\u00e1 dispuesto a consensuar para convertir su convocatoria en una verdadera pol\u00edtica de Estado<\/b>.<\/p>\n<p class=\"paragraph\" data-paragraph-number=\"29\">La invitaci\u00f3n presidencial adquiere adem\u00e1s otra dimensi\u00f3n cuando se observa el orden elegido para el tramo final del discurso.<\/p>\n<p class=\"paragraph\" data-paragraph-number=\"30\">Antes de dirigirse a la pol\u00edtica argentina, Milei habl\u00f3 de los aliados internacionales del pa\u00eds. Sostuvo que durante sus tres a\u00f1os de gobierno se construyeron \u201clazos estrechos con pa\u00edses afines\u201d con los que existe una convergencia de intereses y manifest\u00f3 su expectativa de que esos mismos gobiernos respalden el reclamo argentino.<\/p>\n<p class=\"paragraph\" data-paragraph-number=\"31\">\u201cLes pedimos a quienes son amigos de la Argentina que no miren para otro lado cuando se vulnera nuestra soberan\u00eda y se llevan nuestros recursos\u201d, afirm\u00f3.<\/p>\n<p class=\"paragraph\" data-paragraph-number=\"32\">Inmediatamente despu\u00e9s lleg\u00f3 el mensaje \u201ca todos los argentinos, y en especial a la pol\u00edtica\u201d.<\/p>\n<p class=\"paragraph\" data-paragraph-number=\"33\">La secuencia permite advertir uno de los objetivos de la convocatoria: <b>Milei reclam\u00f3 respaldo internacional, pero al mismo tiempo busc\u00f3 mostrar hacia afuera una Argentina pol\u00edticamente unida alrededor del reclamo de soberan\u00eda sobre Malvinas<\/b>.<\/p>\n<p class=\"paragraph\" data-paragraph-number=\"34\">Ese planteo estuvo directamente relacionado con la estrategia m\u00e1s amplia que present\u00f3 durante la cadena nacional. El Presidente vincul\u00f3 la cuesti\u00f3n Malvinas con el Atl\u00e1ntico Sur, la Ant\u00e1rtida, los recursos naturales, las capacidades militares y la posibilidad de que la Argentina proyecte poder e influencia en una regi\u00f3n que considera estrat\u00e9gica para las pr\u00f3ximas d\u00e9cadas.<\/p>\n<p class=\"paragraph\" data-paragraph-number=\"35\">El disparador inmediato es el avance del proyecto petrolero Sea Lion, operado por Navitas Petroleum y Rockhopper Exploration, que el Gobierno considera una explotaci\u00f3n ileg\u00edtima de recursos naturales argentinos. Milei advirti\u00f3 que el emprendimiento se encuentra pr\u00f3ximo a ingresar en una etapa decisiva y asegur\u00f3 que la Argentina utilizar\u00e1 herramientas diplom\u00e1ticas, econ\u00f3micas, judiciales y legales para intentar impedir que las compa\u00f1\u00edas que operan sin autorizaci\u00f3n puedan hacerlo sin consecuencias.<\/p>\n<p class=\"paragraph\" data-paragraph-number=\"36\">Pero el Presidente intent\u00f3 llevar el argumento m\u00e1s all\u00e1 de la explotaci\u00f3n petrolera.<\/p>\n<p class=\"paragraph\" data-paragraph-number=\"37\">\u201cMalvinas es el futuro. No es solamente una cuesti\u00f3n de nuestro pasado\u201d, se\u00f1al\u00f3.<\/p>\n<p class=\"paragraph\" data-paragraph-number=\"38\">En su planteo, recuperar las islas requiere que la Argentina vuelva a convertirse en una naci\u00f3n \u201cpol\u00edticamente relevante, econ\u00f3micamente influyente y militarmente respetable\u201d. La reivindicaci\u00f3n hist\u00f3rica qued\u00f3 as\u00ed integrada a una concepci\u00f3n m\u00e1s amplia sobre el lugar que el pa\u00eds deber\u00eda ocupar en el Atl\u00e1ntico Sur y en el escenario internacional durante las pr\u00f3ximas d\u00e9cadas.<\/p>\n<p class=\"paragraph\" data-paragraph-number=\"39\">Sobre ese horizonte busc\u00f3 colocar tambi\u00e9n a sus adversarios pol\u00edticos.<\/p>\n<p class=\"paragraph\" data-paragraph-number=\"40\">\u201cComo naci\u00f3n tenemos por delante dos caminos. O nos convertimos en una gran naci\u00f3n capaz de defender de verdad nuestra soberan\u00eda, o persistimos en un sendero de deterioro que nos conducir\u00e1 inevitablemente al sometimiento\u201d, expuso.<\/p>\n<p class=\"paragraph\" data-paragraph-number=\"41\">Y concluy\u00f3: \u201cLos invito a elegir el primer camino\u201d.<\/p>\n<p class=\"paragraph\" data-paragraph-number=\"42\">El mensaje no supone un cambio general en la relaci\u00f3n entre Milei y la oposici\u00f3n. Tampoco implica que el Presidente haya decidido abandonar una estrategia pol\u00edtica basada en la confrontaci\u00f3n ni que sus adversarios vayan a dejar de cuestionar al Gobierno.<\/p>\n<p class=\"paragraph\" data-paragraph-number=\"43\">El propio Milei se encarg\u00f3 de establecer ese l\u00edmite cuando enumer\u00f3 todo aquello sobre lo que las diferencias pueden continuar: la pol\u00edtica fiscal, la pol\u00edtica cambiaria e, incluso, sus propias \u201cformas\u201d.<\/p>\n<p class=\"paragraph\" data-paragraph-number=\"44\"><b>Lo novedoso fue que pidi\u00f3 una pausa para Malvinas<\/b>.<\/p>\n<p class=\"paragraph\" data-paragraph-number=\"45\">En plena confrontaci\u00f3n pol\u00edtica y cuando el tiempo preelectoral tiende a profundizar las diferencias, Milei busc\u00f3 colocar la causa por las islas por encima de esa batalla y convoc\u00f3 a la dirigencia a mostrar \u201cun frente unido ante el mundo\u201d.<\/p>\n<p class=\"paragraph\" data-paragraph-number=\"46\">Ahora deber\u00e1 comenzar la etapa m\u00e1s dif\u00edcil de esa convocatoria. La primera respuesta no estar\u00e1 solamente en los comunicados o declaraciones de los dirigentes opositores despu\u00e9s de la cadena nacional. <b>Estar\u00e1 en el Congreso<\/b>, cuando comience a discutirse la Ley de Defensa de la Soberan\u00eda Nacional.<\/p>\n<p class=\"paragraph\" data-paragraph-number=\"47\">Ser\u00e1 all\u00ed donde se ver\u00e1 si la apelaci\u00f3n de Milei consigue transformar una coincidencia hist\u00f3rica alrededor de la soberan\u00eda argentina sobre las Malvinas en un acuerdo pol\u00edtico sobre las herramientas concretas para defenderla. <\/p>\n","protected":false},"excerpt":{"rendered":"<p>04 Sep, 2026 12:52 a. m. EST Guardar Javier Milei dej\u00f3 para el final de su mensaje por cadena nacional sobre las Islas Malvinas una de las definiciones pol\u00edticas m\u00e1s singulares de su discurso: pidi\u00f3 hacer una pausa en la confrontaci\u00f3n con sus adversarios alrededor del reclamo de soberan\u00eda y convoc\u00f3 a la dirigencia a [&hellip;]<\/p>\n","protected":false},"author":1,"featured_media":24986,"comment_status":"open","ping_status":"open","sticky":false,"template":"","format":"standard","meta":{"footnotes":""},"categories":[1],"tags":[],"class_list":["post-24985","post","type-post","status-publish","format-standard","has-post-thumbnail","hentry","category-uncategorized"],"_links":{"self":[{"href":"https:\/\/cliente1.publisher.highstack.com.ar\/index.php?rest_route=\/wp\/v2\/posts\/24985","targetHints":{"allow":["GET"]}}],"collection":[{"href":"https:\/\/cliente1.publisher.highstack.com.ar\/index.php?rest_route=\/wp\/v2\/posts"}],"about":[{"href":"https:\/\/cliente1.publisher.highstack.com.ar\/index.php?rest_route=\/wp\/v2\/types\/post"}],"author":[{"embeddable":true,"href":"https:\/\/cliente1.publisher.highstack.com.ar\/index.php?rest_route=\/wp\/v2\/users\/1"}],"replies":[{"embeddable":true,"href":"https:\/\/cliente1.publisher.highstack.com.ar\/index.php?rest_route=%2Fwp%2Fv2%2Fcomments&post=24985"}],"version-history":[{"count":0,"href":"https:\/\/cliente1.publisher.highstack.com.ar\/index.php?rest_route=\/wp\/v2\/posts\/24985\/revisions"}],"wp:featuredmedia":[{"embeddable":true,"href":"https:\/\/cliente1.publisher.highstack.com.ar\/index.php?rest_route=\/wp\/v2\/media\/24986"}],"wp:attachment":[{"href":"https:\/\/cliente1.publisher.highstack.com.ar\/index.php?rest_route=%2Fwp%2Fv2%2Fmedia&parent=24985"}],"wp:term":[{"taxonomy":"category","embeddable":true,"href":"https:\/\/cliente1.publisher.highstack.com.ar\/index.php?rest_route=%2Fwp%2Fv2%2Fcategories&post=24985"},{"taxonomy":"post_tag","embeddable":true,"href":"https:\/\/cliente1.publisher.highstack.com.ar\/index.php?rest_route=%2Fwp%2Fv2%2Ftags&post=24985"}],"curies":[{"name":"wp","href":"https:\/\/api.w.org\/{rel}","templated":true}]}}