{"id":24982,"date":"2026-09-04T01:56:37","date_gmt":"2026-09-04T04:56:37","guid":{"rendered":"https:\/\/cliente1.publisher.highstack.com.ar\/?p=24982"},"modified":"2026-09-04T01:56:37","modified_gmt":"2026-09-04T04:56:37","slug":"sergio-urribarri-podria-quedar-detenido-en-una-unidad-penal-en-las-proximas-horas","status":"publish","type":"post","link":"https:\/\/cliente1.publisher.highstack.com.ar\/?p=24982","title":{"rendered":"Sergio Urribarri podr\u00eda quedar detenido en una unidad penal en las pr\u00f3ximas horas"},"content":{"rendered":"<div>\n<div class=\"visual__image image-initial-width\"><picture><source srcset=\"https:\/\/www.infobae.com\/resizer\/v2\/L4POXVYFRRBBVB76GMO2MXOGCA.jpg?auth=25d8c4c28195163bebf4ffba4d0d640db770f4ad052ad4ce5b529672aa50696a&amp;smart=true&amp;width=992&amp;height=557&amp;quality=85\" media=\"(min-width: 1000px)\"\/><source srcset=\"https:\/\/www.infobae.com\/resizer\/v2\/L4POXVYFRRBBVB76GMO2MXOGCA.jpg?auth=25d8c4c28195163bebf4ffba4d0d640db770f4ad052ad4ce5b529672aa50696a&amp;smart=true&amp;width=768&amp;height=432&amp;quality=85\" media=\"(min-width: 768px)\"\/><source srcset=\"https:\/\/www.infobae.com\/resizer\/v2\/L4POXVYFRRBBVB76GMO2MXOGCA.jpg?auth=25d8c4c28195163bebf4ffba4d0d640db770f4ad052ad4ce5b529672aa50696a&amp;smart=true&amp;width=577&amp;height=324&amp;quality=85\" media=\"(min-width: 580px)\"\/><source srcset=\"https:\/\/www.infobae.com\/resizer\/v2\/L4POXVYFRRBBVB76GMO2MXOGCA.jpg?auth=25d8c4c28195163bebf4ffba4d0d640db770f4ad052ad4ce5b529672aa50696a&amp;smart=true&amp;width=420&amp;height=236&amp;quality=85\" media=\"(min-width: 350px)\"\/><source srcset=\"https:\/\/www.infobae.com\/resizer\/v2\/L4POXVYFRRBBVB76GMO2MXOGCA.jpg?auth=25d8c4c28195163bebf4ffba4d0d640db770f4ad052ad4ce5b529672aa50696a&amp;smart=true&amp;width=350&amp;height=197&amp;quality=85\" media=\"(min-width: 80px)\"\/><\/picture><\/div>\n<div class=\"sharebar-container display_flex sharebar-new\" style=\"opacity:1\">\n<p><span class=\"sharebar-article-date\">04 Sep, 2026 12:51 a. m. EST<\/span><\/p>\n<\/div>\n<p class=\"paragraph\" data-paragraph-number=\"1\">Con el proceso judicial terminado, <b>Urribarri qued\u00f3 en condiciones de ser detenido<\/b>. Por la tarde del jueves, las distintas partes recibieron las notificaciones de la decisi\u00f3n de la Corte. Con este antecedente, la Fiscal\u00eda deber\u00e1 dar la orden a la Polic\u00eda para que proceda al traslado.<\/p>\n<p class=\"paragraph\" data-paragraph-number=\"2\">Hay tres alternativas a la hora de definir cu\u00e1l ser\u00e1 el lugar donde deber\u00e1 cumplir la <b>condena de 8 a\u00f1os por corrupci\u00f3n<\/b> que le impuso la Justicia. La primera es la <b>Unidad Penal 3 de Concordia<\/b>. La raz\u00f3n principal es el arraigo, Urribarri y la mayor\u00eda de su familia viven en esa ciudad. La segunda posibilidad es la <b>Unidad Penal 9 de Gualeguaych\u00fa<\/b>. Se trata de una colonia penitenciaria que tiene un r\u00e9gimen m\u00e1s laxo y con mayores comodidades.<\/p>\n<p class=\"paragraph\" data-paragraph-number=\"3\">La \u00faltima alternativa es la <b>UP1 de Paran\u00e1<\/b>. El ex mandatario <b>ya estuvo alojado all\u00ed <\/b>hace dos a\u00f1os. Pas\u00f3 50 d\u00edas en la celda luego de que se agotaran las instancias provinciales de apelaci\u00f3n de la condena. El <b>Superior Tribunal de Justicia<\/b> decret\u00f3 su libertad mientras tramitaba el proceso en la Corte que concluy\u00f3 este mi\u00e9rcoles con la ratificaci\u00f3n.<\/p>\n<p class=\"paragraph\" data-paragraph-number=\"4\">Fuentes de Tribunales indicaron a <b>Infobae <\/b>que la detenci\u00f3n del ex mandatario podr\u00eda producirse entre el viernes y el martes. Hasta \u00faltima hora del jueves por la tarde, la Polic\u00eda no hab\u00eda recibido la orden de proceder. El <b>Servicio Penitenciario<\/b> tampoco ten\u00eda la notificaci\u00f3n para preparar un lugar donde alojarlo.<\/p>\n<div class=\"visual__image\"><picture><source srcset=\"https:\/\/www.infobae.com\/resizer\/v2\/JAAC5UWJO5BQZAGLUV4GPZJ37Y.jpg?auth=1faea1e06ce4bf8f729f3253702eab1c0743abad79f4c4878a537e2ea80dc2d7&amp;smart=true&amp;width=992&amp;height=558&amp;quality=85\" media=\"(min-width: 1000px)\"\/><source srcset=\"https:\/\/www.infobae.com\/resizer\/v2\/JAAC5UWJO5BQZAGLUV4GPZJ37Y.jpg?auth=1faea1e06ce4bf8f729f3253702eab1c0743abad79f4c4878a537e2ea80dc2d7&amp;smart=true&amp;width=768&amp;height=432&amp;quality=85\" media=\"(min-width: 768px)\"\/><source srcset=\"https:\/\/www.infobae.com\/resizer\/v2\/JAAC5UWJO5BQZAGLUV4GPZJ37Y.jpg?auth=1faea1e06ce4bf8f729f3253702eab1c0743abad79f4c4878a537e2ea80dc2d7&amp;smart=true&amp;width=577&amp;height=325&amp;quality=85\" media=\"(min-width: 580px)\"\/><source srcset=\"https:\/\/www.infobae.com\/resizer\/v2\/JAAC5UWJO5BQZAGLUV4GPZJ37Y.jpg?auth=1faea1e06ce4bf8f729f3253702eab1c0743abad79f4c4878a537e2ea80dc2d7&amp;smart=true&amp;width=420&amp;height=236&amp;quality=85\" media=\"(min-width: 350px)\"\/><source srcset=\"https:\/\/www.infobae.com\/resizer\/v2\/JAAC5UWJO5BQZAGLUV4GPZJ37Y.jpg?auth=1faea1e06ce4bf8f729f3253702eab1c0743abad79f4c4878a537e2ea80dc2d7&amp;smart=true&amp;width=350&amp;height=197&amp;quality=85\" media=\"(min-width: 80px)\"\/><img alt=\"Vista frontal de la entrada principal de la Unidad Penal N\u00b01 Dr. Juan J. O'Connor, con su arco blanco y grandes portones grises, y una persona a la izquierda\" class=\"global-image\" decoding=\"async\" fetchpriority=\"low\" height=\"608\" loading=\"lazy\" src=\"https:\/\/www.infobae.com\/resizer\/v2\/JAAC5UWJO5BQZAGLUV4GPZJ37Y.jpg?auth=1faea1e06ce4bf8f729f3253702eab1c0743abad79f4c4878a537e2ea80dc2d7&amp;smart=true&amp;width=350&amp;height=197&amp;quality=85\" width=\"1080\"\/><\/picture><\/div>\n<p class=\"paragraph\" data-paragraph-number=\"5\">Urribarri llegar\u00e1 a los 68 a\u00f1os el pr\u00f3ximo 7 de octubre. No podr\u00e1, por tanto, reclamar cumplir la condena en su domicilio por ser mayor de 70. Eso fue lo que hizo <b>Cristina Fern\u00e1ndez <\/b>tras la causa \u00abVialidad\u00bb. Sin embargo, el C\u00f3digo Penal establece que ese beneficio tambi\u00e9n se puede otorgar por razones de salud.<\/p>\n<p class=\"paragraph\" data-paragraph-number=\"6\"><b>El ex gobernador tiene hipertensi\u00f3n y problemas de coraz\u00f3n<\/b>. Cuando en 2024 se lo detuvo y traslad\u00f3 a la c\u00e1rcel de Paran\u00e1 tuvo que viajar acompa\u00f1ado por un cardi\u00f3logo debido a que hab\u00eda tenido un pico de tensi\u00f3n cuando se enter\u00f3 de la noticia. Es un antecedente que su defensa t\u00e9cnica podr\u00eda esgrimir para evitar que termine tras las rejas.<\/p>\n<p class=\"paragraph\" data-paragraph-number=\"7\">Cabe destacar que esta posibilidad quedar\u00e1 al arbitrio de la Justicia, llegado el caso. En las<b> c\u00e1rceles de Entre R\u00edos<\/b> hay internos con <b>HIV-Sida<\/b> a los que no se les otorga el beneficio. El criterio de los magistrados es que el Estado debe garantizar la salud de aquellos que tiene bajo custodia.<\/p>\n<p class=\"paragraph\" data-paragraph-number=\"8\">Urribarri recibi\u00f3 la noticia de que la Corte rechaz\u00f3 el recurso que le quedaba para revertir la condena en su casa de Concordia. A \u00faltima hora de la tarde, varios familiares se fueron acercando a la residencia para contenerlo.<\/p>\n<p class=\"paragraph\" data-paragraph-number=\"9\">El ex jefe provincial recibi\u00f3 una condena de 8 a\u00f1os de c\u00e1rcel por <b>negociaciones incompatibles con la funci\u00f3n p\u00fablica y peculado<\/b> en abril de 2022. Las audiencias estuvieron a cargo del Tribunal de Juicio integrado por <b>Jos\u00e9 Mar\u00eda Chemes<\/b>; <b>Carolina Castagno <\/b>y<b> Elvio Garz\u00f3n<\/b>.<\/p>\n<p class=\"paragraph\" data-paragraph-number=\"10\">Al momento de la sentencia de primera instancia, Urribarri era <b>embajador argentino en Israel<\/b>. Cuando se conoci\u00f3 el fallo, el entonces presidente <b>Alberto Fern\u00e1ndez le pidi\u00f3 la renuncia<\/b>.<\/p>\n<div class=\"visual__image\"><picture><source srcset=\"https:\/\/www.infobae.com\/resizer\/v2\/42EX2V2B4FCDZDYTMPNDI5GQ3A.jpeg?auth=a92ed389f4c6975ebe6601c245c085bd5041cd07e08c779f7df5cb80152527a7&amp;smart=true&amp;width=992&amp;height=782&amp;quality=85\" media=\"(min-width: 1000px)\"\/><source srcset=\"https:\/\/www.infobae.com\/resizer\/v2\/42EX2V2B4FCDZDYTMPNDI5GQ3A.jpeg?auth=a92ed389f4c6975ebe6601c245c085bd5041cd07e08c779f7df5cb80152527a7&amp;smart=true&amp;width=768&amp;height=606&amp;quality=85\" media=\"(min-width: 768px)\"\/><source srcset=\"https:\/\/www.infobae.com\/resizer\/v2\/42EX2V2B4FCDZDYTMPNDI5GQ3A.jpeg?auth=a92ed389f4c6975ebe6601c245c085bd5041cd07e08c779f7df5cb80152527a7&amp;smart=true&amp;width=577&amp;height=455&amp;quality=85\" media=\"(min-width: 580px)\"\/><source srcset=\"https:\/\/www.infobae.com\/resizer\/v2\/42EX2V2B4FCDZDYTMPNDI5GQ3A.jpeg?auth=a92ed389f4c6975ebe6601c245c085bd5041cd07e08c779f7df5cb80152527a7&amp;smart=true&amp;width=420&amp;height=331&amp;quality=85\" media=\"(min-width: 350px)\"\/><source srcset=\"https:\/\/www.infobae.com\/resizer\/v2\/42EX2V2B4FCDZDYTMPNDI5GQ3A.jpeg?auth=a92ed389f4c6975ebe6601c245c085bd5041cd07e08c779f7df5cb80152527a7&amp;smart=true&amp;width=350&amp;height=276&amp;quality=85\" media=\"(min-width: 80px)\"\/><img alt=\"Sergio Urribarri diplom\u00e1tico Israel\" class=\"global-image\" decoding=\"async\" fetchpriority=\"low\" height=\"1514\" loading=\"lazy\" src=\"https:\/\/www.infobae.com\/resizer\/v2\/42EX2V2B4FCDZDYTMPNDI5GQ3A.jpeg?auth=a92ed389f4c6975ebe6601c245c085bd5041cd07e08c779f7df5cb80152527a7&amp;smart=true&amp;width=350&amp;height=276&amp;quality=85\" width=\"1920\"\/><\/picture><\/div>\n<p class=\"paragraph\" data-paragraph-number=\"11\">La Justicia consider\u00f3 probado que el ex gobernador de Entre R\u00edos entre 2007 y 2015 direccion\u00f3 contrataciones de publicidad del Estado provincial hacia fines particulares. El juicio concentr\u00f3 cinco denuncias en su contra promovidas por los abogados radicales <b>Rub\u00e9n Pagliotto<\/b> y <b>Guillermo Mulet. <\/b><\/p>\n<p class=\"paragraph\" data-paragraph-number=\"12\">Una de ellas fue favorecer a su cu\u00f1ado, <b>Juan Pablo Aguilera<\/b>. Seg\u00fan el fallo, Aguilera oper\u00f3 un esquema de <b>testaferros <\/b>y de <b>cartelizaci\u00f3n <\/b>para quedarse con los fondos de la publicidad en v\u00eda p\u00fablica. Tambi\u00e9n fue juzgado y <b>recibi\u00f3 una pena de seis a\u00f1os y seis meses.<\/b><\/p>\n<p class=\"paragraph\" data-paragraph-number=\"13\">A su vez, los jueces consideraron probado que utiliz\u00f3 tres acciones a fin de promover sus intenciones de suceder a <b>Cristina Fern\u00e1ndez <\/b>en la presidencia. La primera fue el montaje de un parador en Mar del Plata en 2015. La segunda, una solicitada publicada en varios medios contra los fondos buitres. La tercera, la difusi\u00f3n de spots con \u00e9l como protagonista durante la <b>Cumbre del Mercosur<\/b> que se realiz\u00f3 en Paran\u00e1 en diciembre de 2014.<\/p>\n<p class=\"paragraph\" data-paragraph-number=\"14\">Por \u00faltimo, se lo acus\u00f3 por la contrataci\u00f3n de publicidad oficial a trav\u00e9s de una empresa denominada <b>Global Means<\/b> sin haber cumplido con los requisitos formales.<\/p>\n<\/div>\n<p><script defer>try{!function(f,b,e,v,n,t,s) {if(f.fbq)return;n=f.fbq=function(){n.callMethod? n.callMethod.apply(n,arguments):n.queue.push(arguments)}; if(!f._fbq)f._fbq=n;n.push=n;n.loaded=!0;n.version='2.0'; n.queue=[];t=b.createElement(e);t.async=!0; t.src=v;s=b.getElementsByTagName(e)[0]; s.parentNode.insertBefore(t,s)}(window, document,'script', ' fbq('init', '336383993555320'); fbq('track', 'PageView'); fbq('track', 'ViewContent');}catch(error){console.log(\"Error al inicializar facebookPixelRawCodeScript:\",error);}<\/script><\/p>\n","protected":false},"excerpt":{"rendered":"<p>04 Sep, 2026 12:51 a. m. EST Con el proceso judicial terminado, Urribarri qued\u00f3 en condiciones de ser detenido. Por la tarde del jueves, las distintas partes recibieron las notificaciones de la decisi\u00f3n de la Corte. Con este antecedente, la Fiscal\u00eda deber\u00e1 dar la orden a la Polic\u00eda para que proceda al traslado. Hay tres [&hellip;]<\/p>\n","protected":false},"author":1,"featured_media":24983,"comment_status":"open","ping_status":"open","sticky":false,"template":"","format":"standard","meta":{"footnotes":""},"categories":[1],"tags":[4,15,99],"class_list":["post-24982","post","type-post","status-publish","format-standard","has-post-thumbnail","hentry","category-uncategorized","tag-entre-rios","tag-gualeguaychu","tag-sergio-urribarri"],"_links":{"self":[{"href":"https:\/\/cliente1.publisher.highstack.com.ar\/index.php?rest_route=\/wp\/v2\/posts\/24982","targetHints":{"allow":["GET"]}}],"collection":[{"href":"https:\/\/cliente1.publisher.highstack.com.ar\/index.php?rest_route=\/wp\/v2\/posts"}],"about":[{"href":"https:\/\/cliente1.publisher.highstack.com.ar\/index.php?rest_route=\/wp\/v2\/types\/post"}],"author":[{"embeddable":true,"href":"https:\/\/cliente1.publisher.highstack.com.ar\/index.php?rest_route=\/wp\/v2\/users\/1"}],"replies":[{"embeddable":true,"href":"https:\/\/cliente1.publisher.highstack.com.ar\/index.php?rest_route=%2Fwp%2Fv2%2Fcomments&post=24982"}],"version-history":[{"count":0,"href":"https:\/\/cliente1.publisher.highstack.com.ar\/index.php?rest_route=\/wp\/v2\/posts\/24982\/revisions"}],"wp:featuredmedia":[{"embeddable":true,"href":"https:\/\/cliente1.publisher.highstack.com.ar\/index.php?rest_route=\/wp\/v2\/media\/24983"}],"wp:attachment":[{"href":"https:\/\/cliente1.publisher.highstack.com.ar\/index.php?rest_route=%2Fwp%2Fv2%2Fmedia&parent=24982"}],"wp:term":[{"taxonomy":"category","embeddable":true,"href":"https:\/\/cliente1.publisher.highstack.com.ar\/index.php?rest_route=%2Fwp%2Fv2%2Fcategories&post=24982"},{"taxonomy":"post_tag","embeddable":true,"href":"https:\/\/cliente1.publisher.highstack.com.ar\/index.php?rest_route=%2Fwp%2Fv2%2Ftags&post=24982"}],"curies":[{"name":"wp","href":"https:\/\/api.w.org\/{rel}","templated":true}]}}