{"id":24980,"date":"2026-09-04T01:25:52","date_gmt":"2026-09-04T04:25:52","guid":{"rendered":"https:\/\/cliente1.publisher.highstack.com.ar\/?p=24980"},"modified":"2026-09-04T01:25:52","modified_gmt":"2026-09-04T04:25:52","slug":"el-gobernador-de-tierra-del-fuego-respaldo-el-anuncio-del-gobierno-sobre-malvinas-y-pidio-presupuesto-y-plazos","status":"publish","type":"post","link":"https:\/\/cliente1.publisher.highstack.com.ar\/?p=24980","title":{"rendered":"El gobernador de Tierra del Fuego respald\u00f3 el anuncio del Gobierno sobre Malvinas y pidi\u00f3 presupuesto y plazos"},"content":{"rendered":"<div class=\"visual__image image-initial-width\"><picture><source srcset=\"https:\/\/www.infobae.com\/resizer\/v2\/D5NSKNQWC5FSNNII4B36HDQFVE.jpg?auth=1715c219102059e9473eeaae6b1fa4b69e89f13d53c304602c60f0468412d969&amp;smart=true&amp;width=992&amp;height=558&amp;quality=85\" media=\"(min-width: 1000px)\"><\/source><source srcset=\"https:\/\/www.infobae.com\/resizer\/v2\/D5NSKNQWC5FSNNII4B36HDQFVE.jpg?auth=1715c219102059e9473eeaae6b1fa4b69e89f13d53c304602c60f0468412d969&amp;smart=true&amp;width=768&amp;height=432&amp;quality=85\" media=\"(min-width: 768px)\"><\/source><source srcset=\"https:\/\/www.infobae.com\/resizer\/v2\/D5NSKNQWC5FSNNII4B36HDQFVE.jpg?auth=1715c219102059e9473eeaae6b1fa4b69e89f13d53c304602c60f0468412d969&amp;smart=true&amp;width=577&amp;height=325&amp;quality=85\" media=\"(min-width: 580px)\"><\/source><source srcset=\"https:\/\/www.infobae.com\/resizer\/v2\/D5NSKNQWC5FSNNII4B36HDQFVE.jpg?auth=1715c219102059e9473eeaae6b1fa4b69e89f13d53c304602c60f0468412d969&amp;smart=true&amp;width=420&amp;height=236&amp;quality=85\" media=\"(min-width: 350px)\"><\/source><source srcset=\"https:\/\/www.infobae.com\/resizer\/v2\/D5NSKNQWC5FSNNII4B36HDQFVE.jpg?auth=1715c219102059e9473eeaae6b1fa4b69e89f13d53c304602c60f0468412d969&amp;smart=true&amp;width=350&amp;height=197&amp;quality=85\" media=\"(min-width: 80px)\"><\/source><img alt=\"Gustavo Melella\" class=\"global-image\" decoding=\"async\" fetchpriority=\"high\" height=\"1080\" loading=\"eager\" src=\"https:\/\/www.infobae.com\/resizer\/v2\/D5NSKNQWC5FSNNII4B36HDQFVE.jpg?auth=1715c219102059e9473eeaae6b1fa4b69e89f13d53c304602c60f0468412d969&amp;smart=true&amp;width=350&amp;height=197&amp;quality=85\" width=\"1920\"><\/picture><\/div>\n<div class=\"sharebar-container display_flex sharebar-new\" style=\"opacity:1\">\n<div class=\"share-bar-article-date-container \"><span class=\"sharebar-article-date\">04 Sep, 2026 12:13 a. m. EST<\/span><\/div>\n<div class=\"sharebar-buttons-container display_flex\">\n<div aria-label=\"Guardar\" class=\"sharebar-buttons button-save\" role=\"button\" tabindex=\"0\"><svg width=\"9\" height=\"12\" viewbox=\"0 0 8 10\" fill=\"none\" xmlns=\"http:\/\/www.w3.org\/2000\/svg\" class=\"saved-icon saved\"><path d=\"M6.64286 0.5V9.31687L4.1116 7.16407L4.11106 7.16361C3.79894 6.89891 3.34392 6.89891 3.03179 7.16361L3.03126 7.16407L0.5 9.31687V0.5H6.64286Z\"><\/path><\/svg><span class=\"buttons-save-text\">Guardar<\/span><\/div>\n<div class=\"sharebar-buttons-separator\"><\/div>\n<p><button class=\"sharemenu-buttons display_flex\" aria-label=\"Compartir en Telegram\"><svg width=\"38\" height=\"38\" viewbox=\"0 0 38 38\" fill=\"none\" xmlns=\"http:\/\/www.w3.org\/2000\/svg\"><rect x=\"0.5\" y=\"0.5\" width=\"37\" height=\"37\" rx=\"18.5\" fill=\"white\"><\/rect><rect x=\"0.5\" y=\"0.5\" width=\"37\" height=\"37\" rx=\"18.5\" stroke=\"#C2C2C2\"><\/rect><path d=\"M24.9696 12.5511L10.3405 18.0494C10.0623 18.151 9.92701 18.4484 10.0398 18.7168C10.0999 18.8619 10.2277 18.9779 10.3856 19.0214L14.1068 20.0805L15.4975 24.3312C15.6028 24.6576 15.9636 24.839 16.2944 24.7374C16.3921 24.7084 16.4823 24.6504 16.5575 24.5778L18.482 22.6846L22.2558 25.354C22.6091 25.6006 23.0977 25.5281 23.3533 25.1872C23.421 25.1001 23.4661 24.9986 23.4887 24.897L25.9845 13.3707C26.0672 12.979 25.8116 12.5946 25.4056 12.5148C25.2628 12.4858 25.1124 12.5003 24.9771 12.5511M23.1429 15.1116L16.347 20.9147C16.2793 20.9727 16.2342 21.0525 16.2267 21.1395L15.9636 23.381C15.9636 23.4172 15.926 23.4462 15.8884 23.439C15.8583 23.439 15.8358 23.4172 15.8283 23.3955L14.7533 20.0442C14.7007 19.8919 14.7683 19.7251 14.9111 19.638L22.9399 14.836C23.0226 14.7852 23.1353 14.8142 23.1804 14.894C23.2255 14.9666 23.2105 15.0536 23.1504 15.1116\" fill=\"#555555\"><\/path><\/svg><\/button><button class=\"sharemenu-buttons display_flex\" aria-label=\"Compartir en Linkedin\"><svg width=\"38\" height=\"38\" viewbox=\"0 0 38 38\" fill=\"none\" xmlns=\"http:\/\/www.w3.org\/2000\/svg\"><rect x=\"0.5\" y=\"0.5\" width=\"37\" height=\"37\" rx=\"18.5\" fill=\"white\"><\/rect><rect x=\"0.5\" y=\"0.5\" width=\"37\" height=\"37\" rx=\"18.5\" stroke=\"#C2C2C2\"><\/rect><path d=\"M16.5556 27V16.2231H19.963V17.6949C20.0185 17.6368 20.0648 17.5787 20.1111 17.5206C20.8611 16.349 22.2037 15.739 23.537 15.981C25.3889 16.1359 26.8426 17.7046 26.9259 19.6411C26.9722 20.0478 27 20.4641 27 20.8708C27 22.817 27 24.7633 27 26.7095V26.9806H23.5741V26.6805C23.5741 24.8892 23.5741 23.0882 23.5741 21.2969C23.5741 20.8805 23.5278 20.4545 23.4259 20.0478C23.1945 19.1279 22.2963 18.5663 21.4074 18.8084C21.2037 18.8665 21 18.9633 20.8333 19.0989C20.3333 19.4281 20.0185 19.9897 19.9907 20.6094C19.9722 21.1419 19.9722 21.6842 19.9722 22.2167V26.9903H16.5648L16.5556 27ZM11.2222 27V16.2037H11.7407C12.6204 16.2037 13.5 16.2037 14.3796 16.2037C14.5833 16.2037 14.6482 16.2328 14.6482 16.4748V26.9903H11.2222V27ZM11.0093 12.8825C11.0093 11.8465 11.8055 11.0041 12.787 11.0041C12.8426 11.0041 12.8982 11.0041 12.9537 11.0041C13.9445 10.9363 14.7963 11.7206 14.8611 12.7567C14.8611 12.7954 14.8611 12.8438 14.8611 12.8825C14.8426 13.9283 14.0278 14.761 13.0278 14.7416C12.9907 14.7416 12.9537 14.7416 12.9259 14.7416H12.9074C11.9259 14.8191 11.0741 14.0445 11 13.0181C11 12.9697 11 12.931 11 12.8825H11.0093Z\" fill=\"#555555\"><\/path><\/svg><\/button><button class=\"sharemenu-buttons display_flex\" aria-label=\"Compartir en Twitter\"><svg width=\"38\" height=\"38\" viewbox=\"0 0 38 38\" fill=\"none\" xmlns=\"http:\/\/www.w3.org\/2000\/svg\"><rect x=\"0.5\" y=\"0.5\" width=\"37\" height=\"37\" rx=\"18.5\" fill=\"white\"><\/rect><rect x=\"0.5\" y=\"0.5\" width=\"37\" height=\"37\" rx=\"18.5\" stroke=\"#C2C2C2\"><\/rect><path d=\"M11.0391 11L17.2165 19.8249L11 27H12.399L17.8415 20.7182L22.2389 27H27L20.475 17.6786L26.2613 11H24.8623L19.85 16.7855L15.8001 11H11.0391ZM13.0965 12.101H15.2838L24.9423 25.8987H22.7551L13.0965 12.101Z\" fill=\"#555555\"><\/path><\/svg><\/button><button class=\"sharemenu-buttons display_flex\" aria-label=\"Compartir en Facebook\"><svg width=\"38\" height=\"38\" viewbox=\"0 0 38 38\" fill=\"none\" xmlns=\"http:\/\/www.w3.org\/2000\/svg\"><rect x=\"0.5\" y=\"0.5\" width=\"37\" height=\"37\" rx=\"18.5\" fill=\"white\"><\/rect><rect x=\"0.5\" y=\"0.5\" width=\"37\" height=\"37\" rx=\"18.5\" stroke=\"#C2C2C2\"><\/rect><path d=\"M17.3544 26.9921V18.9235H15V16.3346H17.3544V16.0805C17.3544 15.3816 17.3291 14.6748 17.3882 13.976C17.3882 12.8642 18.0633 11.8556 19.1266 11.3712C19.5232 11.1965 19.9452 11.0853 20.3755 11.0376C21.2532 10.9741 22.1308 10.99 23 11.0932V13.4201H22.7722C22.2743 13.4201 21.7848 13.4201 21.2869 13.436C20.73 13.4042 20.2489 13.8013 20.2152 14.3254C20.2152 14.373 20.2152 14.4128 20.2152 14.4604C20.1983 15.0481 20.2152 15.6357 20.2152 16.2234C20.2152 16.2552 20.2152 16.2949 20.2321 16.3267H22.9409C22.8228 17.2082 22.7046 18.0579 22.5865 18.9315H20.2236V27H17.3629L17.3544 26.9921Z\" fill=\"#555555\"><\/path><\/svg><\/button><button class=\"sharemenu-buttons display_flex\" aria-label=\"Compartir en Whatsapp\"><svg width=\"38\" height=\"38\" viewbox=\"0 0 38 38\" fill=\"none\" xmlns=\"http:\/\/www.w3.org\/2000\/svg\"><rect x=\"0.5\" y=\"0.5\" width=\"37\" height=\"37\" rx=\"18.5\" fill=\"white\"><\/rect><rect x=\"0.5\" y=\"0.5\" width=\"37\" height=\"37\" rx=\"18.5\" stroke=\"#C2C2C2\"><\/rect><path d=\"M21.2863 19.9439C21.0997 19.8551 20.9664 19.9262 20.8419 20.0861C20.6731 20.3261 20.4687 20.5483 20.2909 20.7794C20.1665 20.9393 20.0243 20.9749 19.8376 20.8949C18.6645 20.4239 17.7757 19.6506 17.1269 18.5841C17.0292 18.4242 17.038 18.2997 17.1536 18.1575C17.3225 17.9531 17.4824 17.7576 17.6157 17.5354C17.678 17.4287 17.7135 17.2599 17.678 17.1532C17.4735 16.6111 17.2425 16.0867 17.0114 15.5535C16.9669 15.4557 16.8781 15.3313 16.7892 15.3224C16.4248 15.2602 16.0426 15.1891 15.7316 15.4912C15.1094 16.0778 14.8784 16.7977 15.0383 17.6243C15.1805 18.3619 15.5983 18.9663 16.0426 19.5618C16.887 20.6638 17.8646 21.6237 19.1622 22.1925C19.7932 22.4769 20.4331 22.7613 21.1441 22.7613C21.2685 22.7613 21.393 22.7613 21.5085 22.7346C22.4506 22.5391 23.1172 22.0058 23.0816 21.0193C23.0816 20.9216 23.0194 20.7794 22.9483 20.7438C22.3973 20.4594 21.8462 20.2017 21.2863 19.9439Z\" fill=\"#555555\"><\/path><path d=\"M26.9482 17.8724C26.3972 13.4642 22.1401 10.3447 17.7229 11.1179C12.6481 11.9977 9.71521 17.2859 11.6883 21.9963C12.1948 22.6629 12.0615 23.3472 11.8216 24.0849C11.5105 25.027 11.2794 26.0046 11.0039 27C11.1194 26.9733 11.1994 26.9644 11.2794 26.9378C12.5059 26.6178 13.7324 26.3068 14.9411 25.9868C15.1544 25.9335 15.3144 25.9602 15.5099 26.0579C17.1719 26.8667 18.9227 27.0978 20.718 26.7067C24.833 25.7913 27.4548 22.0496 26.9305 17.8902L26.9482 17.8724ZM20.0515 25.4624C18.4784 25.7113 17.003 25.3913 15.6166 24.6003C15.5099 24.5381 15.3411 24.5115 15.2077 24.547C14.4612 24.7248 13.7146 24.9292 12.9147 25.1336C13.1192 24.3693 13.3058 23.6672 13.5102 22.9473C13.5635 22.7606 13.5369 22.6273 13.4391 22.4673C11.0039 18.5479 13.1014 13.5442 17.6163 12.5043C21.2868 11.6511 25.0285 14.1841 25.5884 17.908C26.1395 21.5519 23.6954 24.8936 20.0515 25.4624Z\" fill=\"#555555\"><\/path><\/svg><\/button><\/div>\n<\/div>\n<p class=\"paragraph\" data-paragraph-number=\"1\">El gobernador de <b>Tierra del Fuego, Gustavo Melella<\/b>, respald\u00f3 el cambio de posici\u00f3n del Gobierno nacional sobre la <a rel=\"noopener noreferrer\" href=\"https:\/\/www.infobae.com\/politica\/2026\/09\/04\/punto-por-punto-cuales-son-las-medidas-que-anuncio-javier-milei-en-el-reclamo-de-soberania-sobre-las-islas-malvinas\/\">causa de las Islas Malvinas<\/a> y reclam\u00f3 que los anuncios se traduzcan en presupuesto, plazos y participaci\u00f3n provincial en las decisiones sobre el Atl\u00e1ntico Sur.<\/p>\n<div class=\"marfeel-recommender marfeel-recommender-1\"><\/div>\n<p class=\"paragraph\" data-paragraph-number=\"2\">En un posteo publicado en X, el mandatario provincial sostuvo que Malvinas debe quedar al margen de las diferencias partidarias y propuso construir un frente pol\u00edtico e institucional para defender la soberan\u00eda argentina. \u201c<b>Hay causas que est\u00e1n por encima de cualquier diferencia pol\u00edtica<\/b>\u201d, afirm\u00f3.<\/p>\n<div class=\"inline ad-wrapper dfpAd ad-inline ad-text ad-component-container\" style=\"--ad-shell-height:250px;--ad-shell-width:300px\" data-ad-wrapper=\"arcad\" data-ad-type=\"inline\" data-ad-slot=\"infobae\/politica\/nota\/inline\" data-ad-container=\"dfp\" data-ad-slot-name=\"infobae\/politica\/nota\/inline\">\n<p class=\"ad-shell-label\">PUBLICIDAD<\/p>\n<div id=\"infobae\/politica\/nota\/inline\" class=\"infobae\/politica\/nota\/inline arcad ad-slot-node ad-slot-node--boxed\" data-ad-slot-id=\"infobae\/politica\/nota\/inline\"><\/div>\n<\/div>\n<p class=\"paragraph\" data-paragraph-number=\"3\">Melella plante\u00f3 que no puede definirse una pol\u00edtica nacional sobre Malvinas sin la intervenci\u00f3n de <b>Tierra del Fuego, Ant\u00e1rtida e Islas del Atl\u00e1ntico Sur<\/b>, la provincia que incluye a las Islas Malvinas en su jurisdicci\u00f3n. Por ese motivo, anticip\u00f3 que solicitar\u00e1n formalmente mayor apertura al di\u00e1logo y una participaci\u00f3n efectiva en cada medida vinculada con las islas y el Atl\u00e1ntico Sur.<\/p>\n<div class=\"marfeel-recommender marfeel-recommender-3\"><\/div>\n<p class=\"paragraph\" data-paragraph-number=\"4\"><a rel=\"noopener noreferrer\" href=\"https:\/\/www.infobae.com\/politica\/2026\/09\/04\/que-dijo-milei-sobre-la-construccion-de-una-base-naval-en-tierra-del-fuego-como-inicio-el-proyecto\/\">El gobernador valor\u00f3 la decisi\u00f3n de avanzar con una Base Naval Integrada.<\/a> Seg\u00fan se\u00f1al\u00f3, el proyecto permitir\u00eda fortalecer la presencia argentina en el Atl\u00e1ntico Sur y la proyecci\u00f3n ant\u00e1rtica, adem\u00e1s de reafirmar la condici\u00f3n bicontinental del pa\u00eds. A\u00f1adi\u00f3 que su concreci\u00f3n requerir\u00e1 \u201c<b>presupuesto, plazos y una articulaci\u00f3n efectiva<\/b>\u201d con la Provincia.<\/p>\n<div class=\"inline_2 ad-wrapper dfpAd ad-inline ad-text ad-component-container\" style=\"--ad-shell-height:250px;--ad-shell-width:300px\" data-ad-wrapper=\"arcad\" data-ad-type=\"inline_2\" data-ad-slot=\"infobae\/politica\/nota\/inline_2\" data-ad-container=\"dfp\" data-ad-slot-name=\"infobae\/politica\/nota\/inline_2\">\n<p class=\"ad-shell-label\">PUBLICIDAD<\/p>\n<div id=\"infobae\/politica\/nota\/inline_2\" class=\"infobae\/politica\/nota\/inline_2 arcad ad-slot-node ad-slot-node--boxed\" data-ad-slot-id=\"infobae\/politica\/nota\/inline_2\"><\/div>\n<\/div>\n<div class=\"visual__image\"><picture><source srcset=\"https:\/\/www.infobae.com\/resizer\/v2\/4JYX3PVBXBB2TBXS6E7HLNVQBE.png?auth=f854d650cd4cd55c3fca7a749135e5999727e1ef93a77b54258d7284f7a30e18&amp;smart=true&amp;width=992&amp;height=295&amp;quality=85\" media=\"(min-width: 1000px)\"><\/source><source srcset=\"https:\/\/www.infobae.com\/resizer\/v2\/4JYX3PVBXBB2TBXS6E7HLNVQBE.png?auth=f854d650cd4cd55c3fca7a749135e5999727e1ef93a77b54258d7284f7a30e18&amp;smart=true&amp;width=768&amp;height=229&amp;quality=85\" media=\"(min-width: 768px)\"><\/source><source srcset=\"https:\/\/www.infobae.com\/resizer\/v2\/4JYX3PVBXBB2TBXS6E7HLNVQBE.png?auth=f854d650cd4cd55c3fca7a749135e5999727e1ef93a77b54258d7284f7a30e18&amp;smart=true&amp;width=577&amp;height=172&amp;quality=85\" media=\"(min-width: 580px)\"><\/source><source srcset=\"https:\/\/www.infobae.com\/resizer\/v2\/4JYX3PVBXBB2TBXS6E7HLNVQBE.png?auth=f854d650cd4cd55c3fca7a749135e5999727e1ef93a77b54258d7284f7a30e18&amp;smart=true&amp;width=420&amp;height=125&amp;quality=85\" media=\"(min-width: 350px)\"><\/source><source srcset=\"https:\/\/www.infobae.com\/resizer\/v2\/4JYX3PVBXBB2TBXS6E7HLNVQBE.png?auth=f854d650cd4cd55c3fca7a749135e5999727e1ef93a77b54258d7284f7a30e18&amp;smart=true&amp;width=350&amp;height=104&amp;quality=85\" media=\"(min-width: 80px)\"><\/source><img alt=\"Imagen 4JYX3PVBXBB2TBXS6E7HLNVQBE\" class=\"global-image\" decoding=\"async\" fetchpriority=\"low\" height=\"176\" loading=\"lazy\" src=\"https:\/\/www.infobae.com\/resizer\/v2\/4JYX3PVBXBB2TBXS6E7HLNVQBE.png?auth=f854d650cd4cd55c3fca7a749135e5999727e1ef93a77b54258d7284f7a30e18&amp;smart=true&amp;width=350&amp;height=104&amp;quality=85\" width=\"591\"><\/picture><\/div>\n<p class=\"paragraph\" data-paragraph-number=\"5\">El mandatario tambi\u00e9n pidi\u00f3 profundizar la estrategia diplom\u00e1tica y jur\u00eddica internacional, reactivar el Consejo Nacional de Malvinas y reforzar las herramientas destinadas a impedir la explotaci\u00f3n que calific\u00f3 como ileg\u00edtima de los recursos naturales del territorio nacional y provincial.<\/p>\n<div class=\"marfeel-recommender marfeel-recommender-5\"><\/div>\n<p class=\"paragraph\" data-paragraph-number=\"6\">Melella sostuvo que Tierra del Fuego reclamaba desde hace a\u00f1os una modificaci\u00f3n de la postura nacional y pidi\u00f3 convertir los anuncios en una pol\u00edtica de Estado sostenida. \u201cLas Malvinas fueron, son y ser\u00e1n argentinas. Y fueron, son y ser\u00e1n fueguinas\u201d, expres\u00f3.<\/p>\n<div class=\"ad_1 ad-wrapper dfpAd ad-1-al-6 ad-text ad-component-container\" style=\"--ad-shell-height:250px;--ad-shell-width:300px\" data-ad-wrapper=\"arcad\" data-ad-type=\"ad_1\" data-ad-slot=\"infobae\/politica\/nota\/ad_1\" data-ad-container=\"dfp\" data-ad-slot-name=\"infobae\/politica\/nota\/ad_1\">\n<p class=\"ad-shell-label\">PUBLICIDAD<\/p>\n<div id=\"infobae\/politica\/nota\/ad_1\" class=\"infobae\/politica\/nota\/ad_1 arcad ad-slot-node ad-slot-node--boxed\" data-ad-slot-id=\"infobae\/politica\/nota\/ad_1\"><\/div>\n<\/div>\n<h2 class=\"text-align-left vertical-align-top line-height-100 header headline-class-h2 headline\" id=\"milei-anuncio-la-construccion-de-una-base-naval-en-tierra-del-fuego\">Milei anunci\u00f3 la construcci\u00f3n de una base naval en Tierra del Fuego<\/h2>\n<p class=\"paragraph\" data-paragraph-number=\"7\">El presidente <b>Javier<\/b> <b>Milei<\/b> anunci\u00f3 este jueves en <b>cadena<\/b> <b>nacional<\/b> que aumentar\u00e1 el presupuesto del Ministerio de Defensa para construir una base naval integrada en Tierra del Fuego, una obra que vincul\u00f3 con el reclamo de soberan\u00eda sobre las Islas Malvinas y con la necesidad de fortalecer la posici\u00f3n argentina en el Atl\u00e1ntico Sur frente a la explotaci\u00f3n de recursos en el territorio en disputa.<\/p>\n<p class=\"paragraph\" data-paragraph-number=\"8\">En el mismo mensaje, el mandatario advirti\u00f3 sobre el proyecto petrolero Sea Lion y sostuvo que, si la Argentina no act\u00faa \u201ccon firmeza y celeridad\u201d, en pocos meses habr\u00e1 capacidad material para apropiarse de las reservas de petr\u00f3leo bajo el mar argentino. Tambi\u00e9n record\u00f3 que desde hace 50 a\u00f1os las Naciones Unidas piden a la Argentina y al Reino Unido no realizar acciones unilaterales mientras contin\u00fae la controversia de soberan\u00eda.<\/p>\n<div class=\"ad_2 ad-wrapper dfpAd ad-1-al-6 ad-text ad-component-container\" style=\"--ad-shell-height:250px;--ad-shell-width:300px\" data-ad-wrapper=\"arcad\" data-ad-type=\"ad_2\" data-ad-slot=\"infobae\/politica\/nota\/ad_2\" data-ad-container=\"dfp\" data-ad-slot-name=\"infobae\/politica\/nota\/ad_2\">\n<p class=\"ad-shell-label\">PUBLICIDAD<\/p>\n<div id=\"infobae\/politica\/nota\/ad_2\" class=\"infobae\/politica\/nota\/ad_2 arcad ad-slot-node ad-slot-node--boxed\" data-ad-slot-id=\"infobae\/politica\/nota\/ad_2\"><\/div>\n<\/div>\n<p class=\"paragraph\" data-paragraph-number=\"9\">Milei firmar\u00e1 un Decreto de Necesidad y Urgencia para ampliar los recursos de la cartera que conduce Carlos Presti. Explic\u00f3 que el objetivo prioritario es \u201cconstruir una base naval integrada en Tierra del Fuego e incrementar nuestras capacidades en telecomunicaciones\u201d.<\/p>\n<div class=\"jwplayer-ctn\"><script src=\"https:\/\/census-web.scorecardresearch.com\/plugins\/streaming-jwplayer\/v2\/current.js\"><\/script><\/p>\n<div class=\"\">\n<div id=\"SEZSYATQ7JHTZO23M3BU2BIIBQ-custom_embed12\"><\/div>\n<\/div><figcaption class=\"jwplayer-figcaption\">Javier Milei habla en cadena nacional por la causa Malvinas<br \/>\n<\/figcaption><\/div>\n<p class=\"paragraph\" data-paragraph-number=\"10\">El Presidente defini\u00f3 el alcance estrat\u00e9gico de la iniciativa con una f\u00f3rmula precisa: \u201cEsta base nos convertir\u00e1 en el polo log\u00edstico m\u00e1s importante del Atl\u00e1ntico Sur y ser\u00e1 fundamental para la proyecci\u00f3n geopol\u00edtica de la Argentina\u201d.<\/p>\n<div class=\"ad_3 ad-wrapper dfpAd ad-1-al-6 ad-text ad-component-container\" style=\"--ad-shell-height:250px;--ad-shell-width:300px\" data-ad-wrapper=\"arcad\" data-ad-type=\"ad_3\" data-ad-slot=\"infobae\/politica\/nota\/ad_3\" data-ad-container=\"dfp\" data-ad-slot-name=\"infobae\/politica\/nota\/ad_3\">\n<p class=\"ad-shell-label\">PUBLICIDAD<\/p>\n<div id=\"infobae\/politica\/nota\/ad_3\" class=\"infobae\/politica\/nota\/ad_3 arcad ad-slot-node ad-slot-node--boxed\" data-ad-slot-id=\"infobae\/politica\/nota\/ad_3\"><\/div>\n<\/div>\n<p class=\"paragraph\" data-paragraph-number=\"11\">El proyecto no apareci\u00f3 por primera vez en la cadena nacional. En 2024, <b>Milei<\/b> viaj\u00f3 a <b>Ushuaia<\/b> junto a la general <b>Laura Richardson<\/b>, jefa del Comando Sur de Estados Unidos, para anticipar el desarrollo de esa base naval integrada.<\/p>\n<p class=\"paragraph\" data-paragraph-number=\"12\">En esa visita, el jefe de Estado present\u00f3 la futura instalaci\u00f3n como un gran centro log\u00edstico para dar servicio a cruceros y buques comerciales que operan en el Atl\u00e1ntico Sur. Tambi\u00e9n la describi\u00f3 como el punto de apoyo m\u00e1s cercano a la Ant\u00e1rtida.<\/p>\n<div class=\"ad_4 ad-wrapper dfpAd ad-1-al-6 ad-text ad-component-container\" style=\"--ad-shell-height:250px;--ad-shell-width:300px\" data-ad-wrapper=\"arcad\" data-ad-type=\"ad_4\" data-ad-slot=\"infobae\/politica\/nota\/ad_4\" data-ad-container=\"dfp\" data-ad-slot-name=\"infobae\/politica\/nota\/ad_4\">\n<p class=\"ad-shell-label\">PUBLICIDAD<\/p>\n<div id=\"infobae\/politica\/nota\/ad_4\" class=\"infobae\/politica\/nota\/ad_4 arcad ad-slot-node ad-slot-node--boxed\" data-ad-slot-id=\"infobae\/politica\/nota\/ad_4\"><\/div>\n<\/div>\n<p class=\"paragraph\" data-paragraph-number=\"13\">Durante aquel acto en la capital fueguina, sostuvo: \u201cEstamos aqu\u00ed para ratificar nuestro esfuerzo en el desarrollo de nuestra base naval integrada. Se trata de un gran centro log\u00edstico que constituir\u00e1 el puerto de desarrollo m\u00e1s cercano a la Ant\u00e1rtida y convertir\u00e1 a nuestros pa\u00edses en la puerta de entrada al continente blanco\u201d.<\/p>\n<p class=\"paragraph\" data-paragraph-number=\"14\">En la misma intervenci\u00f3n agreg\u00f3 que la obra permitir\u00eda desarrollar la econom\u00eda local y ofrecer servicios log\u00edsticos, reparaciones y apoyo a los cruceros y buques comerciales de la regi\u00f3n. La iniciativa qued\u00f3 as\u00ed asociada no solo a la defensa, sino tambi\u00e9n a una funci\u00f3n operativa y comercial.<\/p>\n<div class=\"ad_5 ad-wrapper dfpAd ad-1-al-6 ad-text ad-component-container\" style=\"--ad-shell-height:250px;--ad-shell-width:300px\" data-ad-wrapper=\"arcad\" data-ad-type=\"ad_5\" data-ad-slot=\"infobae\/politica\/nota\/ad_5\" data-ad-container=\"dfp\" data-ad-slot-name=\"infobae\/politica\/nota\/ad_5\">\n<p class=\"ad-shell-label\">PUBLICIDAD<\/p>\n<div id=\"infobae\/politica\/nota\/ad_5\" class=\"infobae\/politica\/nota\/ad_5 arcad ad-slot-node ad-slot-node--boxed\" data-ad-slot-id=\"infobae\/politica\/nota\/ad_5\"><\/div>\n<\/div>\n","protected":false},"excerpt":{"rendered":"<p>04 Sep, 2026 12:13 a. m. EST Guardar El gobernador de Tierra del Fuego, Gustavo Melella, respald\u00f3 el cambio de posici\u00f3n del Gobierno nacional sobre la causa de las Islas Malvinas y reclam\u00f3 que los anuncios se traduzcan en presupuesto, plazos y participaci\u00f3n provincial en las decisiones sobre el Atl\u00e1ntico Sur. En un posteo publicado [&hellip;]<\/p>\n","protected":false},"author":1,"featured_media":24981,"comment_status":"open","ping_status":"open","sticky":false,"template":"","format":"standard","meta":{"footnotes":""},"categories":[1],"tags":[],"class_list":["post-24980","post","type-post","status-publish","format-standard","has-post-thumbnail","hentry","category-uncategorized"],"_links":{"self":[{"href":"https:\/\/cliente1.publisher.highstack.com.ar\/index.php?rest_route=\/wp\/v2\/posts\/24980","targetHints":{"allow":["GET"]}}],"collection":[{"href":"https:\/\/cliente1.publisher.highstack.com.ar\/index.php?rest_route=\/wp\/v2\/posts"}],"about":[{"href":"https:\/\/cliente1.publisher.highstack.com.ar\/index.php?rest_route=\/wp\/v2\/types\/post"}],"author":[{"embeddable":true,"href":"https:\/\/cliente1.publisher.highstack.com.ar\/index.php?rest_route=\/wp\/v2\/users\/1"}],"replies":[{"embeddable":true,"href":"https:\/\/cliente1.publisher.highstack.com.ar\/index.php?rest_route=%2Fwp%2Fv2%2Fcomments&post=24980"}],"version-history":[{"count":0,"href":"https:\/\/cliente1.publisher.highstack.com.ar\/index.php?rest_route=\/wp\/v2\/posts\/24980\/revisions"}],"wp:featuredmedia":[{"embeddable":true,"href":"https:\/\/cliente1.publisher.highstack.com.ar\/index.php?rest_route=\/wp\/v2\/media\/24981"}],"wp:attachment":[{"href":"https:\/\/cliente1.publisher.highstack.com.ar\/index.php?rest_route=%2Fwp%2Fv2%2Fmedia&parent=24980"}],"wp:term":[{"taxonomy":"category","embeddable":true,"href":"https:\/\/cliente1.publisher.highstack.com.ar\/index.php?rest_route=%2Fwp%2Fv2%2Fcategories&post=24980"},{"taxonomy":"post_tag","embeddable":true,"href":"https:\/\/cliente1.publisher.highstack.com.ar\/index.php?rest_route=%2Fwp%2Fv2%2Ftags&post=24980"}],"curies":[{"name":"wp","href":"https:\/\/api.w.org\/{rel}","templated":true}]}}