{"id":24979,"date":"2026-09-03T23:36:42","date_gmt":"2026-09-04T02:36:42","guid":{"rendered":"https:\/\/cliente1.publisher.highstack.com.ar\/?p=24979"},"modified":"2026-09-03T23:36:42","modified_gmt":"2026-09-04T02:36:42","slug":"las-reacciones-del-arco-politico-tras-los-anuncios-de-milei-sobre-malvinas","status":"publish","type":"post","link":"https:\/\/cliente1.publisher.highstack.com.ar\/?p=24979","title":{"rendered":"Las reacciones del arco pol\u00edtico tras los anuncios de Milei sobre Malvinas"},"content":{"rendered":"<div class=\"visual__image image-initial-width\"><picture><source srcset=\"https:\/\/www.infobae.com\/resizer\/v2\/N6DNYERFDNCDDO742RMLABVGYQ.jpeg?auth=23315ed00a74f1068c14843d82870ff8ac8eb787549a0704cc7078f285cd8335&amp;smart=true&amp;width=992&amp;height=662&amp;quality=85\" media=\"(min-width: 1000px)\"><\/source><source srcset=\"https:\/\/www.infobae.com\/resizer\/v2\/N6DNYERFDNCDDO742RMLABVGYQ.jpeg?auth=23315ed00a74f1068c14843d82870ff8ac8eb787549a0704cc7078f285cd8335&amp;smart=true&amp;width=768&amp;height=512&amp;quality=85\" media=\"(min-width: 768px)\"><\/source><source srcset=\"https:\/\/www.infobae.com\/resizer\/v2\/N6DNYERFDNCDDO742RMLABVGYQ.jpeg?auth=23315ed00a74f1068c14843d82870ff8ac8eb787549a0704cc7078f285cd8335&amp;smart=true&amp;width=577&amp;height=385&amp;quality=85\" media=\"(min-width: 580px)\"><\/source><source srcset=\"https:\/\/www.infobae.com\/resizer\/v2\/N6DNYERFDNCDDO742RMLABVGYQ.jpeg?auth=23315ed00a74f1068c14843d82870ff8ac8eb787549a0704cc7078f285cd8335&amp;smart=true&amp;width=420&amp;height=280&amp;quality=85\" media=\"(min-width: 350px)\"><\/source><source srcset=\"https:\/\/www.infobae.com\/resizer\/v2\/N6DNYERFDNCDDO742RMLABVGYQ.jpeg?auth=23315ed00a74f1068c14843d82870ff8ac8eb787549a0704cc7078f285cd8335&amp;smart=true&amp;width=350&amp;height=234&amp;quality=85\" media=\"(min-width: 80px)\"><\/source><img alt=\"Javier Milei habla en cadena nacional por la causa Malvinas\" class=\"global-image\" decoding=\"async\" fetchpriority=\"high\" height=\"854\" loading=\"eager\" src=\"https:\/\/www.infobae.com\/resizer\/v2\/N6DNYERFDNCDDO742RMLABVGYQ.jpeg?auth=23315ed00a74f1068c14843d82870ff8ac8eb787549a0704cc7078f285cd8335&amp;smart=true&amp;width=350&amp;height=234&amp;quality=85\" width=\"1280\"><\/picture><\/div>\n<div class=\"sharebar-container display_flex sharebar-new\" style=\"opacity:1\">\n<div class=\"share-bar-article-date-container \"><span class=\"sharebar-article-date\">03 Sep, 2026 09:54 p. m. EST<\/span><\/div>\n<div class=\"sharebar-buttons-container display_flex\">\n<div aria-label=\"Guardar\" class=\"sharebar-buttons button-save\" role=\"button\" tabindex=\"0\"><svg width=\"9\" height=\"12\" viewbox=\"0 0 8 10\" fill=\"none\" xmlns=\"http:\/\/www.w3.org\/2000\/svg\" class=\"saved-icon saved\"><path d=\"M6.64286 0.5V9.31687L4.1116 7.16407L4.11106 7.16361C3.79894 6.89891 3.34392 6.89891 3.03179 7.16361L3.03126 7.16407L0.5 9.31687V0.5H6.64286Z\"><\/path><\/svg><span class=\"buttons-save-text\">Guardar<\/span><\/div>\n<div class=\"sharebar-buttons-separator\"><\/div>\n<p><button class=\"sharemenu-buttons display_flex\" aria-label=\"Compartir en Telegram\"><svg width=\"38\" height=\"38\" viewbox=\"0 0 38 38\" fill=\"none\" xmlns=\"http:\/\/www.w3.org\/2000\/svg\"><rect x=\"0.5\" y=\"0.5\" width=\"37\" height=\"37\" rx=\"18.5\" fill=\"white\"><\/rect><rect x=\"0.5\" y=\"0.5\" width=\"37\" height=\"37\" rx=\"18.5\" stroke=\"#C2C2C2\"><\/rect><path d=\"M24.9696 12.5511L10.3405 18.0494C10.0623 18.151 9.92701 18.4484 10.0398 18.7168C10.0999 18.8619 10.2277 18.9779 10.3856 19.0214L14.1068 20.0805L15.4975 24.3312C15.6028 24.6576 15.9636 24.839 16.2944 24.7374C16.3921 24.7084 16.4823 24.6504 16.5575 24.5778L18.482 22.6846L22.2558 25.354C22.6091 25.6006 23.0977 25.5281 23.3533 25.1872C23.421 25.1001 23.4661 24.9986 23.4887 24.897L25.9845 13.3707C26.0672 12.979 25.8116 12.5946 25.4056 12.5148C25.2628 12.4858 25.1124 12.5003 24.9771 12.5511M23.1429 15.1116L16.347 20.9147C16.2793 20.9727 16.2342 21.0525 16.2267 21.1395L15.9636 23.381C15.9636 23.4172 15.926 23.4462 15.8884 23.439C15.8583 23.439 15.8358 23.4172 15.8283 23.3955L14.7533 20.0442C14.7007 19.8919 14.7683 19.7251 14.9111 19.638L22.9399 14.836C23.0226 14.7852 23.1353 14.8142 23.1804 14.894C23.2255 14.9666 23.2105 15.0536 23.1504 15.1116\" fill=\"#555555\"><\/path><\/svg><\/button><button class=\"sharemenu-buttons display_flex\" aria-label=\"Compartir en Linkedin\"><svg width=\"38\" height=\"38\" viewbox=\"0 0 38 38\" fill=\"none\" xmlns=\"http:\/\/www.w3.org\/2000\/svg\"><rect x=\"0.5\" y=\"0.5\" width=\"37\" height=\"37\" rx=\"18.5\" fill=\"white\"><\/rect><rect x=\"0.5\" y=\"0.5\" width=\"37\" height=\"37\" rx=\"18.5\" stroke=\"#C2C2C2\"><\/rect><path d=\"M16.5556 27V16.2231H19.963V17.6949C20.0185 17.6368 20.0648 17.5787 20.1111 17.5206C20.8611 16.349 22.2037 15.739 23.537 15.981C25.3889 16.1359 26.8426 17.7046 26.9259 19.6411C26.9722 20.0478 27 20.4641 27 20.8708C27 22.817 27 24.7633 27 26.7095V26.9806H23.5741V26.6805C23.5741 24.8892 23.5741 23.0882 23.5741 21.2969C23.5741 20.8805 23.5278 20.4545 23.4259 20.0478C23.1945 19.1279 22.2963 18.5663 21.4074 18.8084C21.2037 18.8665 21 18.9633 20.8333 19.0989C20.3333 19.4281 20.0185 19.9897 19.9907 20.6094C19.9722 21.1419 19.9722 21.6842 19.9722 22.2167V26.9903H16.5648L16.5556 27ZM11.2222 27V16.2037H11.7407C12.6204 16.2037 13.5 16.2037 14.3796 16.2037C14.5833 16.2037 14.6482 16.2328 14.6482 16.4748V26.9903H11.2222V27ZM11.0093 12.8825C11.0093 11.8465 11.8055 11.0041 12.787 11.0041C12.8426 11.0041 12.8982 11.0041 12.9537 11.0041C13.9445 10.9363 14.7963 11.7206 14.8611 12.7567C14.8611 12.7954 14.8611 12.8438 14.8611 12.8825C14.8426 13.9283 14.0278 14.761 13.0278 14.7416C12.9907 14.7416 12.9537 14.7416 12.9259 14.7416H12.9074C11.9259 14.8191 11.0741 14.0445 11 13.0181C11 12.9697 11 12.931 11 12.8825H11.0093Z\" fill=\"#555555\"><\/path><\/svg><\/button><button class=\"sharemenu-buttons display_flex\" aria-label=\"Compartir en Twitter\"><svg width=\"38\" height=\"38\" viewbox=\"0 0 38 38\" fill=\"none\" xmlns=\"http:\/\/www.w3.org\/2000\/svg\"><rect x=\"0.5\" y=\"0.5\" width=\"37\" height=\"37\" rx=\"18.5\" fill=\"white\"><\/rect><rect x=\"0.5\" y=\"0.5\" width=\"37\" height=\"37\" rx=\"18.5\" stroke=\"#C2C2C2\"><\/rect><path d=\"M11.0391 11L17.2165 19.8249L11 27H12.399L17.8415 20.7182L22.2389 27H27L20.475 17.6786L26.2613 11H24.8623L19.85 16.7855L15.8001 11H11.0391ZM13.0965 12.101H15.2838L24.9423 25.8987H22.7551L13.0965 12.101Z\" fill=\"#555555\"><\/path><\/svg><\/button><button class=\"sharemenu-buttons display_flex\" aria-label=\"Compartir en Facebook\"><svg width=\"38\" height=\"38\" viewbox=\"0 0 38 38\" fill=\"none\" xmlns=\"http:\/\/www.w3.org\/2000\/svg\"><rect x=\"0.5\" y=\"0.5\" width=\"37\" height=\"37\" rx=\"18.5\" fill=\"white\"><\/rect><rect x=\"0.5\" y=\"0.5\" width=\"37\" height=\"37\" rx=\"18.5\" stroke=\"#C2C2C2\"><\/rect><path d=\"M17.3544 26.9921V18.9235H15V16.3346H17.3544V16.0805C17.3544 15.3816 17.3291 14.6748 17.3882 13.976C17.3882 12.8642 18.0633 11.8556 19.1266 11.3712C19.5232 11.1965 19.9452 11.0853 20.3755 11.0376C21.2532 10.9741 22.1308 10.99 23 11.0932V13.4201H22.7722C22.2743 13.4201 21.7848 13.4201 21.2869 13.436C20.73 13.4042 20.2489 13.8013 20.2152 14.3254C20.2152 14.373 20.2152 14.4128 20.2152 14.4604C20.1983 15.0481 20.2152 15.6357 20.2152 16.2234C20.2152 16.2552 20.2152 16.2949 20.2321 16.3267H22.9409C22.8228 17.2082 22.7046 18.0579 22.5865 18.9315H20.2236V27H17.3629L17.3544 26.9921Z\" fill=\"#555555\"><\/path><\/svg><\/button><button class=\"sharemenu-buttons display_flex\" aria-label=\"Compartir en Whatsapp\"><svg width=\"38\" height=\"38\" viewbox=\"0 0 38 38\" fill=\"none\" xmlns=\"http:\/\/www.w3.org\/2000\/svg\"><rect x=\"0.5\" y=\"0.5\" width=\"37\" height=\"37\" rx=\"18.5\" fill=\"white\"><\/rect><rect x=\"0.5\" y=\"0.5\" width=\"37\" height=\"37\" rx=\"18.5\" stroke=\"#C2C2C2\"><\/rect><path d=\"M21.2863 19.9439C21.0997 19.8551 20.9664 19.9262 20.8419 20.0861C20.6731 20.3261 20.4687 20.5483 20.2909 20.7794C20.1665 20.9393 20.0243 20.9749 19.8376 20.8949C18.6645 20.4239 17.7757 19.6506 17.1269 18.5841C17.0292 18.4242 17.038 18.2997 17.1536 18.1575C17.3225 17.9531 17.4824 17.7576 17.6157 17.5354C17.678 17.4287 17.7135 17.2599 17.678 17.1532C17.4735 16.6111 17.2425 16.0867 17.0114 15.5535C16.9669 15.4557 16.8781 15.3313 16.7892 15.3224C16.4248 15.2602 16.0426 15.1891 15.7316 15.4912C15.1094 16.0778 14.8784 16.7977 15.0383 17.6243C15.1805 18.3619 15.5983 18.9663 16.0426 19.5618C16.887 20.6638 17.8646 21.6237 19.1622 22.1925C19.7932 22.4769 20.4331 22.7613 21.1441 22.7613C21.2685 22.7613 21.393 22.7613 21.5085 22.7346C22.4506 22.5391 23.1172 22.0058 23.0816 21.0193C23.0816 20.9216 23.0194 20.7794 22.9483 20.7438C22.3973 20.4594 21.8462 20.2017 21.2863 19.9439Z\" fill=\"#555555\"><\/path><path d=\"M26.9482 17.8724C26.3972 13.4642 22.1401 10.3447 17.7229 11.1179C12.6481 11.9977 9.71521 17.2859 11.6883 21.9963C12.1948 22.6629 12.0615 23.3472 11.8216 24.0849C11.5105 25.027 11.2794 26.0046 11.0039 27C11.1194 26.9733 11.1994 26.9644 11.2794 26.9378C12.5059 26.6178 13.7324 26.3068 14.9411 25.9868C15.1544 25.9335 15.3144 25.9602 15.5099 26.0579C17.1719 26.8667 18.9227 27.0978 20.718 26.7067C24.833 25.7913 27.4548 22.0496 26.9305 17.8902L26.9482 17.8724ZM20.0515 25.4624C18.4784 25.7113 17.003 25.3913 15.6166 24.6003C15.5099 24.5381 15.3411 24.5115 15.2077 24.547C14.4612 24.7248 13.7146 24.9292 12.9147 25.1336C13.1192 24.3693 13.3058 23.6672 13.5102 22.9473C13.5635 22.7606 13.5369 22.6273 13.4391 22.4673C11.0039 18.5479 13.1014 13.5442 17.6163 12.5043C21.2868 11.6511 25.0285 14.1841 25.5884 17.908C26.1395 21.5519 23.6954 24.8936 20.0515 25.4624Z\" fill=\"#555555\"><\/path><\/svg><\/button><\/div>\n<\/div>\n<p class=\"paragraph\" data-paragraph-number=\"1\"><b>Javier Milei<\/b> se refiri\u00f3 a la causa de las Islas Malvinas y comunic\u00f3 que <a href=\"https:\/\/www.infobae.com\/politica\/2026\/09\/04\/milei-enviara-al-congreso-un-paquete-de-proyectos-para-resguardar-la-soberania-de-la-argentina-en-las-islas-malvinas\/\" target=\"_blank\" rel=\"noreferrer\" title=\"https:\/\/www.infobae.com\/politica\/2026\/09\/04\/milei-enviara-al-congreso-un-paquete-de-proyectos-para-resguardar-la-soberania-de-la-argentina-en-las-islas-malvinas\/\">presentar\u00e1 ante el Congreso una serie de proyectos dirigidos a <b>proteger la soberan\u00eda sobre el terrorio<\/b>, en cadena nacional. Anunci\u00f3 que <b>prev\u00e9 edificar una base naval en Tierra del Fuego y aplicar mayores sanciones a aquellas compa\u00f1\u00edas extranjeras presentes en el territorio<\/b><\/a>. Al comenzar su mensaje, afirm\u00f3: \u201cLas Malvinas son argentinas por historia y por derecho, no hay discusi\u00f3n al respecto\u201d.<\/p>\n<div class=\"marfeel-recommender marfeel-recommender-1\"><\/div>\n<p class=\"paragraph\" data-paragraph-number=\"2\">\u201cPor eso, no alcanza con sostener nuestro reclamo: el Estado argentino tiene la obligaci\u00f3n de utilizar todas las herramientas diplom\u00e1ticas, econ\u00f3micas, judiciales y legales disponibles para defender nuestra soberan\u00eda y nuestros recursos. <b>Eso exige leyes adecuadas, organismos del Estado coordinados y herramientas efectivas para avanzar en un objetivo que trasciende a cualquier gobierno<\/b>\u201d, indic\u00f3 el Presidente.<\/p>\n<div class=\"inline ad-wrapper dfpAd ad-inline ad-text ad-component-container\" style=\"--ad-shell-height:250px;--ad-shell-width:300px\" data-ad-wrapper=\"arcad\" data-ad-type=\"inline\" data-ad-slot=\"infobae\/politica\/nota\/inline\" data-ad-container=\"dfp\" data-ad-slot-name=\"infobae\/politica\/nota\/inline\">\n<p class=\"ad-shell-label\">PUBLICIDAD<\/p>\n<div id=\"infobae\/politica\/nota\/inline\" class=\"infobae\/politica\/nota\/inline arcad ad-slot-node ad-slot-node--boxed\" data-ad-slot-id=\"infobae\/politica\/nota\/inline\"><\/div>\n<\/div>\n<p class=\"paragraph\" data-paragraph-number=\"3\">A los pocos minutos del comunicado, que dur\u00f3 aproximadamente 15 minutos, en las redes sociales comenzaron a responder desde la oposici\u00f3n. As\u00ed como personalidades del oficialismo ratificaron el apoyo al Presidente. Incluso <b>la Oficina del Presidente emiti\u00f3 un comunicado en el que contaba, nuevamente, lo que dijo Milei<\/b>.<\/p>\n<div class=\"marfeel-recommender marfeel-recommender-3\"><\/div>\n<div class=\"visual__image\"><picture><source srcset=\"https:\/\/www.infobae.com\/resizer\/v2\/KEX6CZBCVRCSTKJWQWUW5WIODU.jpg?auth=d7497c89a06edb80bbfd4e11cf66326351cee48b8ea5c0e5e2c2ede562398335&amp;smart=true&amp;width=992&amp;height=1403&amp;quality=85\" media=\"(min-width: 1000px)\"><\/source><source srcset=\"https:\/\/www.infobae.com\/resizer\/v2\/KEX6CZBCVRCSTKJWQWUW5WIODU.jpg?auth=d7497c89a06edb80bbfd4e11cf66326351cee48b8ea5c0e5e2c2ede562398335&amp;smart=true&amp;width=768&amp;height=1086&amp;quality=85\" media=\"(min-width: 768px)\"><\/source><source srcset=\"https:\/\/www.infobae.com\/resizer\/v2\/KEX6CZBCVRCSTKJWQWUW5WIODU.jpg?auth=d7497c89a06edb80bbfd4e11cf66326351cee48b8ea5c0e5e2c2ede562398335&amp;smart=true&amp;width=577&amp;height=816&amp;quality=85\" media=\"(min-width: 580px)\"><\/source><source srcset=\"https:\/\/www.infobae.com\/resizer\/v2\/KEX6CZBCVRCSTKJWQWUW5WIODU.jpg?auth=d7497c89a06edb80bbfd4e11cf66326351cee48b8ea5c0e5e2c2ede562398335&amp;smart=true&amp;width=420&amp;height=594&amp;quality=85\" media=\"(min-width: 350px)\"><\/source><source srcset=\"https:\/\/www.infobae.com\/resizer\/v2\/KEX6CZBCVRCSTKJWQWUW5WIODU.jpg?auth=d7497c89a06edb80bbfd4e11cf66326351cee48b8ea5c0e5e2c2ede562398335&amp;smart=true&amp;width=350&amp;height=495&amp;quality=85\" media=\"(min-width: 80px)\"><\/source><img alt=\"El comunicado que emiti\u00f3 la Oficina del Presidente luego de la cadena nacional de Javier Milei\" class=\"global-image\" decoding=\"async\" fetchpriority=\"low\" height=\"1482\" loading=\"lazy\" src=\"https:\/\/www.infobae.com\/resizer\/v2\/KEX6CZBCVRCSTKJWQWUW5WIODU.jpg?auth=d7497c89a06edb80bbfd4e11cf66326351cee48b8ea5c0e5e2c2ede562398335&amp;smart=true&amp;width=350&amp;height=495&amp;quality=85\" width=\"1048\"><\/picture><\/div>\n<p class=\"paragraph\" data-paragraph-number=\"4\"><b>Gisela Scaglia<\/b>, diputada nacional y Presidenta del Bloque Provincias Unidas, se mostr\u00f3 contenta con el mensaje que dio Milei. \u201cLas Malvinas son Argentinas. Es la reinvidicaci\u00f3n m\u00e1s profunda de todo un pueblo que reclama por su soberan\u00eda en las islas. <b>Me parece muy bien que esta cadena nacional haya buscado unirnos en una causa. Todos desde nuestros lugares tenemos que seguir apoyando el camino diplom\u00e1tico que Argentina se propuso.<\/b> No bajaremos nunca los brazos y lo lograremos\u201d.<\/p>\n<div class=\"inline_2 ad-wrapper dfpAd ad-inline ad-text ad-component-container\" style=\"--ad-shell-height:250px;--ad-shell-width:300px\" data-ad-wrapper=\"arcad\" data-ad-type=\"inline_2\" data-ad-slot=\"infobae\/politica\/nota\/inline_2\" data-ad-container=\"dfp\" data-ad-slot-name=\"infobae\/politica\/nota\/inline_2\">\n<p class=\"ad-shell-label\">PUBLICIDAD<\/p>\n<div id=\"infobae\/politica\/nota\/inline_2\" class=\"infobae\/politica\/nota\/inline_2 arcad ad-slot-node ad-slot-node--boxed\" data-ad-slot-id=\"infobae\/politica\/nota\/inline_2\"><\/div>\n<\/div>\n<div class=\"visual__image\"><picture><source srcset=\"https:\/\/www.infobae.com\/resizer\/v2\/IMNQOERWDJFRHATGS4LSVXB2S4.jpeg?auth=b33a9004a80beb8c7952bf1fe85e2f5ab39782c400f8e8231cbe38178c7745b2&amp;smart=true&amp;width=992&amp;height=551&amp;quality=85\" media=\"(min-width: 1000px)\"><\/source><source srcset=\"https:\/\/www.infobae.com\/resizer\/v2\/IMNQOERWDJFRHATGS4LSVXB2S4.jpeg?auth=b33a9004a80beb8c7952bf1fe85e2f5ab39782c400f8e8231cbe38178c7745b2&amp;smart=true&amp;width=768&amp;height=426&amp;quality=85\" media=\"(min-width: 768px)\"><\/source><source srcset=\"https:\/\/www.infobae.com\/resizer\/v2\/IMNQOERWDJFRHATGS4LSVXB2S4.jpeg?auth=b33a9004a80beb8c7952bf1fe85e2f5ab39782c400f8e8231cbe38178c7745b2&amp;smart=true&amp;width=577&amp;height=320&amp;quality=85\" media=\"(min-width: 580px)\"><\/source><source srcset=\"https:\/\/www.infobae.com\/resizer\/v2\/IMNQOERWDJFRHATGS4LSVXB2S4.jpeg?auth=b33a9004a80beb8c7952bf1fe85e2f5ab39782c400f8e8231cbe38178c7745b2&amp;smart=true&amp;width=420&amp;height=233&amp;quality=85\" media=\"(min-width: 350px)\"><\/source><source srcset=\"https:\/\/www.infobae.com\/resizer\/v2\/IMNQOERWDJFRHATGS4LSVXB2S4.jpeg?auth=b33a9004a80beb8c7952bf1fe85e2f5ab39782c400f8e8231cbe38178c7745b2&amp;smart=true&amp;width=350&amp;height=194&amp;quality=85\" media=\"(min-width: 80px)\"><\/source><img alt=\"Imagen IMNQOERWDJFRHATGS4LSVXB2S4\" class=\"global-image\" decoding=\"async\" fetchpriority=\"low\" height=\"328\" loading=\"lazy\" src=\"https:\/\/www.infobae.com\/resizer\/v2\/IMNQOERWDJFRHATGS4LSVXB2S4.jpeg?auth=b33a9004a80beb8c7952bf1fe85e2f5ab39782c400f8e8231cbe38178c7745b2&amp;smart=true&amp;width=350&amp;height=194&amp;quality=85\" width=\"591\"><\/picture><\/div>\n<p class=\"paragraph\" data-paragraph-number=\"5\">En cuanto al oficialismo, la banca lleg\u00f3 r\u00e1pidamente de <b>Daniel Scioli<\/b>, actual secretario de Turismo, Ambiente y Deportes de la Rep\u00fablica Argentina. Con una foto de Milei y las Islas Malvinas de fondo, escribi\u00f3: <b>\u201cBrillante Cadena Nacional del Presidente Javier Milei sobre nuestras Islas Malvinas. La defensa firme e innegociable de la soberan\u00eda nacional y la libertad es el \u00fanico camino para una Argentina pr\u00f3spera, potencia y respetada en el mundo. \u200b\u00a1VIVA LA PATRIA!\u201d<\/b>.<\/p>\n<div class=\"marfeel-recommender marfeel-recommender-5\"><\/div>\n<div class=\"visual__image\"><picture><source srcset=\"https:\/\/www.infobae.com\/resizer\/v2\/DK7QE4J3VRFM5MQ446JCJISYHY.jpeg?auth=5564cfba7e4a476c63a7d29c2065666e434b6fd4b1b573d0753a434087789639&amp;smart=true&amp;width=992&amp;height=1313&amp;quality=85\" media=\"(min-width: 1000px)\"><\/source><source srcset=\"https:\/\/www.infobae.com\/resizer\/v2\/DK7QE4J3VRFM5MQ446JCJISYHY.jpeg?auth=5564cfba7e4a476c63a7d29c2065666e434b6fd4b1b573d0753a434087789639&amp;smart=true&amp;width=768&amp;height=1017&amp;quality=85\" media=\"(min-width: 768px)\"><\/source><source srcset=\"https:\/\/www.infobae.com\/resizer\/v2\/DK7QE4J3VRFM5MQ446JCJISYHY.jpeg?auth=5564cfba7e4a476c63a7d29c2065666e434b6fd4b1b573d0753a434087789639&amp;smart=true&amp;width=577&amp;height=764&amp;quality=85\" media=\"(min-width: 580px)\"><\/source><source srcset=\"https:\/\/www.infobae.com\/resizer\/v2\/DK7QE4J3VRFM5MQ446JCJISYHY.jpeg?auth=5564cfba7e4a476c63a7d29c2065666e434b6fd4b1b573d0753a434087789639&amp;smart=true&amp;width=420&amp;height=556&amp;quality=85\" media=\"(min-width: 350px)\"><\/source><source srcset=\"https:\/\/www.infobae.com\/resizer\/v2\/DK7QE4J3VRFM5MQ446JCJISYHY.jpeg?auth=5564cfba7e4a476c63a7d29c2065666e434b6fd4b1b573d0753a434087789639&amp;smart=true&amp;width=350&amp;height=463&amp;quality=85\" media=\"(min-width: 80px)\"><\/source><img alt=\"Imagen DK7QE4J3VRFM5MQ446JCJISYHY\" class=\"global-image\" decoding=\"async\" fetchpriority=\"low\" height=\"785\" loading=\"lazy\" src=\"https:\/\/www.infobae.com\/resizer\/v2\/DK7QE4J3VRFM5MQ446JCJISYHY.jpeg?auth=5564cfba7e4a476c63a7d29c2065666e434b6fd4b1b573d0753a434087789639&amp;smart=true&amp;width=350&amp;height=463&amp;quality=85\" width=\"593\"><\/picture><\/div>\n<p class=\"paragraph\" data-paragraph-number=\"6\"><b>Patricia Bullrich<\/b>, actual senadora nacional por CABA y ex ministra de Seguridad, cit\u00f3 el video de la Oficina del Presidente con la cadena nacional y escribi\u00f3 un descargo propio. \u201c<b>Este es el paso m\u00e1s importante de nuestra historia sobre nuestra soberan\u00eda por las Islas Malvinas. Por primera vez, nuestro Gobierno logra resultados concretos en una causa que durante d\u00e9cadas estuvo atrapada en discursos y gestos vac\u00edos<\/b>. La defensa de nuestra soberan\u00eda se hace con hechos: medidas contra empresas que operan en las islas, aumento del presupuesto y fortalecimiento de nuestra presencia estrat\u00e9gica en Tierra del Fuego\u201d, comenz\u00f3 el mensaje.<\/p>\n<div class=\"ad_1 ad-wrapper dfpAd ad-1-al-6 ad-text ad-component-container\" style=\"--ad-shell-height:250px;--ad-shell-width:300px\" data-ad-wrapper=\"arcad\" data-ad-type=\"ad_1\" data-ad-slot=\"infobae\/politica\/nota\/ad_1\" data-ad-container=\"dfp\" data-ad-slot-name=\"infobae\/politica\/nota\/ad_1\">\n<p class=\"ad-shell-label\">PUBLICIDAD<\/p>\n<div id=\"infobae\/politica\/nota\/ad_1\" class=\"infobae\/politica\/nota\/ad_1 arcad ad-slot-node ad-slot-node--boxed\" data-ad-slot-id=\"infobae\/politica\/nota\/ad_1\"><\/div>\n<\/div>\n<p class=\"paragraph\" data-paragraph-number=\"7\">\u201c<b>Y hay un cambio hist\u00f3rico: por primera vez, un Presidente de Estados Unidos comienza a reconocer que la soberan\u00eda argentina sobre las Malvinas es una cuesti\u00f3n que debe ser escuchada. <\/b>Se rompe una cadena hist\u00f3rica de respaldos a la posici\u00f3n colonialista. Esto es resultado de una decisi\u00f3n clara: diplomacia, firmeza y decisi\u00f3n para defender nuestro territorio nacional por parte del Presidente Javier Milei. Las Islas Malvinas fueron, son y ser\u00e1n argentinas\u201d, finaliz\u00f3.<\/p>\n<div class=\"visual__image\"><picture><source srcset=\"https:\/\/www.infobae.com\/resizer\/v2\/RRDWKPDXTBC2FFKJDBNJ7HT4YU.jpeg?auth=c47f7c0e24601bbcd8e805e41acf02112f0ffe06c77ae1d114aecf4ec18fade6&amp;smart=true&amp;width=992&amp;height=1005&amp;quality=85\" media=\"(min-width: 1000px)\"><\/source><source srcset=\"https:\/\/www.infobae.com\/resizer\/v2\/RRDWKPDXTBC2FFKJDBNJ7HT4YU.jpeg?auth=c47f7c0e24601bbcd8e805e41acf02112f0ffe06c77ae1d114aecf4ec18fade6&amp;smart=true&amp;width=768&amp;height=778&amp;quality=85\" media=\"(min-width: 768px)\"><\/source><source srcset=\"https:\/\/www.infobae.com\/resizer\/v2\/RRDWKPDXTBC2FFKJDBNJ7HT4YU.jpeg?auth=c47f7c0e24601bbcd8e805e41acf02112f0ffe06c77ae1d114aecf4ec18fade6&amp;smart=true&amp;width=577&amp;height=585&amp;quality=85\" media=\"(min-width: 580px)\"><\/source><source srcset=\"https:\/\/www.infobae.com\/resizer\/v2\/RRDWKPDXTBC2FFKJDBNJ7HT4YU.jpeg?auth=c47f7c0e24601bbcd8e805e41acf02112f0ffe06c77ae1d114aecf4ec18fade6&amp;smart=true&amp;width=420&amp;height=426&amp;quality=85\" media=\"(min-width: 350px)\"><\/source><source srcset=\"https:\/\/www.infobae.com\/resizer\/v2\/RRDWKPDXTBC2FFKJDBNJ7HT4YU.jpeg?auth=c47f7c0e24601bbcd8e805e41acf02112f0ffe06c77ae1d114aecf4ec18fade6&amp;smart=true&amp;width=350&amp;height=355&amp;quality=85\" media=\"(min-width: 80px)\"><\/source><img alt=\"Bullrich mostr\u00f3 un apoyo total al discurso de Milei en redes sociales, adem\u00e1s de que lo acompa\u00f1\u00f3 durante la cadena nacional\" class=\"global-image\" decoding=\"async\" fetchpriority=\"low\" height=\"597\" loading=\"lazy\" src=\"https:\/\/www.infobae.com\/resizer\/v2\/RRDWKPDXTBC2FFKJDBNJ7HT4YU.jpeg?auth=c47f7c0e24601bbcd8e805e41acf02112f0ffe06c77ae1d114aecf4ec18fade6&amp;smart=true&amp;width=350&amp;height=355&amp;quality=85\" width=\"589\"><\/picture><\/div>\n<p class=\"paragraph\" data-paragraph-number=\"8\"><b>Luis Petri<\/b>, ex ministro de Defensa de la Naci\u00f3n, comparti\u00f3 un mensaje m\u00e1s corto, pero directo: <b>\u201c\u00a1Las Malvinas son Argentinas! \u00a1Las Malvinas son el Futuro y solo una Argentina grande, como la que estamos construyendo, las va a recuperar! Viva la patria\u201d<\/b>.<\/p>\n<div class=\"ad_2 ad-wrapper dfpAd ad-1-al-6 ad-text ad-component-container\" style=\"--ad-shell-height:250px;--ad-shell-width:300px\" data-ad-wrapper=\"arcad\" data-ad-type=\"ad_2\" data-ad-slot=\"infobae\/politica\/nota\/ad_2\" data-ad-container=\"dfp\" data-ad-slot-name=\"infobae\/politica\/nota\/ad_2\">\n<p class=\"ad-shell-label\">PUBLICIDAD<\/p>\n<div id=\"infobae\/politica\/nota\/ad_2\" class=\"infobae\/politica\/nota\/ad_2 arcad ad-slot-node ad-slot-node--boxed\" data-ad-slot-id=\"infobae\/politica\/nota\/ad_2\"><\/div>\n<\/div>\n<div class=\"visual__image\"><picture><source srcset=\"https:\/\/www.infobae.com\/resizer\/v2\/HD64TV3VOVAYZEWFNZ5GR46K7Q.jpeg?auth=dc5b2e53c46a1e010c7f2105f9fc27e30b1f73c79b95bcec75b393607d4467f3&amp;smart=true&amp;width=992&amp;height=1245&amp;quality=85\" media=\"(min-width: 1000px)\"><\/source><source srcset=\"https:\/\/www.infobae.com\/resizer\/v2\/HD64TV3VOVAYZEWFNZ5GR46K7Q.jpeg?auth=dc5b2e53c46a1e010c7f2105f9fc27e30b1f73c79b95bcec75b393607d4467f3&amp;smart=true&amp;width=768&amp;height=964&amp;quality=85\" media=\"(min-width: 768px)\"><\/source><source srcset=\"https:\/\/www.infobae.com\/resizer\/v2\/HD64TV3VOVAYZEWFNZ5GR46K7Q.jpeg?auth=dc5b2e53c46a1e010c7f2105f9fc27e30b1f73c79b95bcec75b393607d4467f3&amp;smart=true&amp;width=577&amp;height=724&amp;quality=85\" media=\"(min-width: 580px)\"><\/source><source srcset=\"https:\/\/www.infobae.com\/resizer\/v2\/HD64TV3VOVAYZEWFNZ5GR46K7Q.jpeg?auth=dc5b2e53c46a1e010c7f2105f9fc27e30b1f73c79b95bcec75b393607d4467f3&amp;smart=true&amp;width=420&amp;height=527&amp;quality=85\" media=\"(min-width: 350px)\"><\/source><source srcset=\"https:\/\/www.infobae.com\/resizer\/v2\/HD64TV3VOVAYZEWFNZ5GR46K7Q.jpeg?auth=dc5b2e53c46a1e010c7f2105f9fc27e30b1f73c79b95bcec75b393607d4467f3&amp;smart=true&amp;width=350&amp;height=439&amp;quality=85\" media=\"(min-width: 80px)\"><\/source><img alt=\"El mensaje de Luis Petri\" class=\"global-image\" decoding=\"async\" fetchpriority=\"low\" height=\"733\" loading=\"lazy\" src=\"https:\/\/www.infobae.com\/resizer\/v2\/HD64TV3VOVAYZEWFNZ5GR46K7Q.jpeg?auth=dc5b2e53c46a1e010c7f2105f9fc27e30b1f73c79b95bcec75b393607d4467f3&amp;smart=true&amp;width=350&amp;height=439&amp;quality=85\" width=\"584\"><\/picture><\/div>\n<p class=\"paragraph\" data-paragraph-number=\"9\">Por parte del PRO, el jefe del bloque amarillo en Diputados, <b>Cristian Ritondo<\/b>, expres\u00f3: \u201cMalvinas nos tiene que encontrar unidos.<b> Valoro el llamado del Presidente a construir una posici\u00f3n com\u00fan y desde el Bloque PRO esperamos que el proyecto anunciado llegue al Congreso para poder debatirlo y tratarlo<\/b>\u201d. \u201c<b>La defensa de la soberan\u00eda es una causa que nos une a todos los argentinos<\/b>\u201d, concluy\u00f3.<\/p>\n<div class=\"visual__image\"><picture><source srcset=\"https:\/\/www.infobae.com\/resizer\/v2\/OZVPLJXJPNEOZGRRY2IQUO6QZ4.jpg?auth=ea8a67527bc64f20f763202e08ccf17b4d2f66f6f464151f71102bbfb14ee707&amp;smart=true&amp;width=992&amp;height=770&amp;quality=85\" media=\"(min-width: 1000px)\"><\/source><source srcset=\"https:\/\/www.infobae.com\/resizer\/v2\/OZVPLJXJPNEOZGRRY2IQUO6QZ4.jpg?auth=ea8a67527bc64f20f763202e08ccf17b4d2f66f6f464151f71102bbfb14ee707&amp;smart=true&amp;width=768&amp;height=596&amp;quality=85\" media=\"(min-width: 768px)\"><\/source><source srcset=\"https:\/\/www.infobae.com\/resizer\/v2\/OZVPLJXJPNEOZGRRY2IQUO6QZ4.jpg?auth=ea8a67527bc64f20f763202e08ccf17b4d2f66f6f464151f71102bbfb14ee707&amp;smart=true&amp;width=577&amp;height=448&amp;quality=85\" media=\"(min-width: 580px)\"><\/source><source srcset=\"https:\/\/www.infobae.com\/resizer\/v2\/OZVPLJXJPNEOZGRRY2IQUO6QZ4.jpg?auth=ea8a67527bc64f20f763202e08ccf17b4d2f66f6f464151f71102bbfb14ee707&amp;smart=true&amp;width=420&amp;height=326&amp;quality=85\" media=\"(min-width: 350px)\"><\/source><source srcset=\"https:\/\/www.infobae.com\/resizer\/v2\/OZVPLJXJPNEOZGRRY2IQUO6QZ4.jpg?auth=ea8a67527bc64f20f763202e08ccf17b4d2f66f6f464151f71102bbfb14ee707&amp;smart=true&amp;width=350&amp;height=272&amp;quality=85\" media=\"(min-width: 80px)\"><\/source><img alt=\"Cristian Ritondo -Malvinas - Milei\" class=\"global-image\" decoding=\"async\" fetchpriority=\"low\" height=\"935\" loading=\"lazy\" src=\"https:\/\/www.infobae.com\/resizer\/v2\/OZVPLJXJPNEOZGRRY2IQUO6QZ4.jpg?auth=ea8a67527bc64f20f763202e08ccf17b4d2f66f6f464151f71102bbfb14ee707&amp;smart=true&amp;width=350&amp;height=272&amp;quality=85\" width=\"1204\"><\/picture><\/div>\n<p class=\"paragraph\" data-paragraph-number=\"10\">Desde el peronismo, el ex canciller y diputado nacional<b> Santiago Cafiero <\/b>record\u00f3 la ic\u00f3nica bandera que utilizaron los jugadores de la selecci\u00f3n tras el partido ante Inglaterra que rezaba: \u201c<b>Las Malvinas son argentinas<\/b>\u201d. <\/p>\n<div class=\"ad_3 ad-wrapper dfpAd ad-1-al-6 ad-text ad-component-container\" style=\"--ad-shell-height:250px;--ad-shell-width:300px\" data-ad-wrapper=\"arcad\" data-ad-type=\"ad_3\" data-ad-slot=\"infobae\/politica\/nota\/ad_3\" data-ad-container=\"dfp\" data-ad-slot-name=\"infobae\/politica\/nota\/ad_3\">\n<p class=\"ad-shell-label\">PUBLICIDAD<\/p>\n<div id=\"infobae\/politica\/nota\/ad_3\" class=\"infobae\/politica\/nota\/ad_3 arcad ad-slot-node ad-slot-node--boxed\" data-ad-slot-id=\"infobae\/politica\/nota\/ad_3\"><\/div>\n<\/div>\n<div class=\"visual__image\"><picture><source srcset=\"https:\/\/www.infobae.com\/resizer\/v2\/YNADKD4MTRC4RIFGR7X2DY2IUY.jpg?auth=ad2a03fd4848def959a25f3d6afb675a385e7a4ad38a5fd17b10abbb0965c9c0&amp;smart=true&amp;width=992&amp;height=770&amp;quality=85\" media=\"(min-width: 1000px)\"><\/source><source srcset=\"https:\/\/www.infobae.com\/resizer\/v2\/YNADKD4MTRC4RIFGR7X2DY2IUY.jpg?auth=ad2a03fd4848def959a25f3d6afb675a385e7a4ad38a5fd17b10abbb0965c9c0&amp;smart=true&amp;width=768&amp;height=596&amp;quality=85\" media=\"(min-width: 768px)\"><\/source><source srcset=\"https:\/\/www.infobae.com\/resizer\/v2\/YNADKD4MTRC4RIFGR7X2DY2IUY.jpg?auth=ad2a03fd4848def959a25f3d6afb675a385e7a4ad38a5fd17b10abbb0965c9c0&amp;smart=true&amp;width=577&amp;height=448&amp;quality=85\" media=\"(min-width: 580px)\"><\/source><source srcset=\"https:\/\/www.infobae.com\/resizer\/v2\/YNADKD4MTRC4RIFGR7X2DY2IUY.jpg?auth=ad2a03fd4848def959a25f3d6afb675a385e7a4ad38a5fd17b10abbb0965c9c0&amp;smart=true&amp;width=420&amp;height=326&amp;quality=85\" media=\"(min-width: 350px)\"><\/source><source srcset=\"https:\/\/www.infobae.com\/resizer\/v2\/YNADKD4MTRC4RIFGR7X2DY2IUY.jpg?auth=ad2a03fd4848def959a25f3d6afb675a385e7a4ad38a5fd17b10abbb0965c9c0&amp;smart=true&amp;width=350&amp;height=272&amp;quality=85\" media=\"(min-width: 80px)\"><\/source><img alt=\"Cafiero Presidente Malvinas\" class=\"global-image\" decoding=\"async\" fetchpriority=\"low\" height=\"935\" loading=\"lazy\" src=\"https:\/\/www.infobae.com\/resizer\/v2\/YNADKD4MTRC4RIFGR7X2DY2IUY.jpg?auth=ad2a03fd4848def959a25f3d6afb675a385e7a4ad38a5fd17b10abbb0965c9c0&amp;smart=true&amp;width=350&amp;height=272&amp;quality=85\" width=\"1204\"><\/picture><\/div>\n<p class=\"paragraph\" data-paragraph-number=\"11\">\u201cEl ejemplo m\u00e1s claro de lo que genera la diplomacia del f\u00fatbol\u201d, comenz\u00f3 diciendo en su mensaje. Luego, consider\u00f3 que, con esto, <b>el Presidente \u201cretom\u00f3 el trabajo diplom\u00e1tico y pol\u00edtico realizado por el peronismo hasta 2023<\/b>\u2033. \u201cLas sanciones ya exist\u00edan y la construcci\u00f3n de la Base la par\u00f3 Milei\u201d, mencion\u00f3. <\/p>\n<p class=\"paragraph\" data-paragraph-number=\"12\">Mientras tanto, el ex ministro de Defensa de la gesti\u00f3n de Alberto Fern\u00e1ndez, <b>Agust\u00edn Rossi<\/b>, analiz\u00f3: \u201c<b>\u2018Bienvenido\u2019 Milei a la Causa Malvinas<\/b>: Milei decide aplicar una ley que fue sancionada en 2011. Milei decide mandar fondos para la Base Naval en Ushuaia, construcci\u00f3n que fue iniciada en 2022 (Pero, en 2024 y 2025, ofreci\u00f3 a EEUU construirla en forma conjunta. Y, contradictoriamente, hace semanas pusieron en venta terrenos aleda\u00f1os a la Base). <b>Por primera vez, Milei reconoce que los isle\u00f1os son una poblaci\u00f3n implantada<\/b>\u201d. <\/p>\n<div class=\"ad_4 ad-wrapper dfpAd ad-1-al-6 ad-text ad-component-container\" style=\"--ad-shell-height:250px;--ad-shell-width:300px\" data-ad-wrapper=\"arcad\" data-ad-type=\"ad_4\" data-ad-slot=\"infobae\/politica\/nota\/ad_4\" data-ad-container=\"dfp\" data-ad-slot-name=\"infobae\/politica\/nota\/ad_4\">\n<p class=\"ad-shell-label\">PUBLICIDAD<\/p>\n<div id=\"infobae\/politica\/nota\/ad_4\" class=\"infobae\/politica\/nota\/ad_4 arcad ad-slot-node ad-slot-node--boxed\" data-ad-slot-id=\"infobae\/politica\/nota\/ad_4\"><\/div>\n<\/div>\n<div class=\"visual__image\"><picture><source srcset=\"https:\/\/www.infobae.com\/resizer\/v2\/FAR4NYEBCNC4DFEEWTUDEHHYS4.jpg?auth=64c4483c7a71df3ce7c29f15c32dbb51fe80dbe9fe37a2a3d719a674410316a5&amp;smart=true&amp;width=992&amp;height=770&amp;quality=85\" media=\"(min-width: 1000px)\"><\/source><source srcset=\"https:\/\/www.infobae.com\/resizer\/v2\/FAR4NYEBCNC4DFEEWTUDEHHYS4.jpg?auth=64c4483c7a71df3ce7c29f15c32dbb51fe80dbe9fe37a2a3d719a674410316a5&amp;smart=true&amp;width=768&amp;height=596&amp;quality=85\" media=\"(min-width: 768px)\"><\/source><source srcset=\"https:\/\/www.infobae.com\/resizer\/v2\/FAR4NYEBCNC4DFEEWTUDEHHYS4.jpg?auth=64c4483c7a71df3ce7c29f15c32dbb51fe80dbe9fe37a2a3d719a674410316a5&amp;smart=true&amp;width=577&amp;height=448&amp;quality=85\" media=\"(min-width: 580px)\"><\/source><source srcset=\"https:\/\/www.infobae.com\/resizer\/v2\/FAR4NYEBCNC4DFEEWTUDEHHYS4.jpg?auth=64c4483c7a71df3ce7c29f15c32dbb51fe80dbe9fe37a2a3d719a674410316a5&amp;smart=true&amp;width=420&amp;height=326&amp;quality=85\" media=\"(min-width: 350px)\"><\/source><source srcset=\"https:\/\/www.infobae.com\/resizer\/v2\/FAR4NYEBCNC4DFEEWTUDEHHYS4.jpg?auth=64c4483c7a71df3ce7c29f15c32dbb51fe80dbe9fe37a2a3d719a674410316a5&amp;smart=true&amp;width=350&amp;height=272&amp;quality=85\" media=\"(min-width: 80px)\"><\/source><img alt=\"Captura de pantalla de una publicaci\u00f3n en redes sociales de Agust\u00edn Rossi con texto referido a Javier Milei y las islas Malvinas\" class=\"global-image\" decoding=\"async\" fetchpriority=\"low\" height=\"935\" loading=\"lazy\" src=\"https:\/\/www.infobae.com\/resizer\/v2\/FAR4NYEBCNC4DFEEWTUDEHHYS4.jpg?auth=64c4483c7a71df3ce7c29f15c32dbb51fe80dbe9fe37a2a3d719a674410316a5&amp;smart=true&amp;width=350&amp;height=272&amp;quality=85\" width=\"1204\"><\/picture><\/div>\n<p class=\"paragraph\" data-paragraph-number=\"13\">En ese sentido, destac\u00f3 que \u201c<b>si el Presidente finalmente adopta una posici\u00f3n que acerca a la Argentina a su pol\u00edtica hist\u00f3rica de defensa de la soberan\u00eda sobre Malvinas, es un paso positivo<\/b>\u201d. \u201cLo preocupante es que hace muy poco sosten\u00eda exactamente lo contrario. <b>La pol\u00edtica exterior no puede cambiar seg\u00fan el humor presidencial: necesita coherencia, previsibilidad y acciones concretas<\/b>\u201d, asegur\u00f3 antes de cerrar reafirmando que \u201clas Malvinas son argentinas\u201d. <\/p>\n","protected":false},"excerpt":{"rendered":"<p>03 Sep, 2026 09:54 p. m. EST Guardar Javier Milei se refiri\u00f3 a la causa de las Islas Malvinas y comunic\u00f3 que presentar\u00e1 ante el Congreso una serie de proyectos dirigidos a proteger la soberan\u00eda sobre el terrorio, en cadena nacional. Anunci\u00f3 que prev\u00e9 edificar una base naval en Tierra del Fuego y aplicar mayores [&hellip;]<\/p>\n","protected":false},"author":1,"featured_media":24130,"comment_status":"open","ping_status":"open","sticky":false,"template":"","format":"standard","meta":{"footnotes":""},"categories":[1],"tags":[],"class_list":["post-24979","post","type-post","status-publish","format-standard","has-post-thumbnail","hentry","category-uncategorized"],"_links":{"self":[{"href":"https:\/\/cliente1.publisher.highstack.com.ar\/index.php?rest_route=\/wp\/v2\/posts\/24979","targetHints":{"allow":["GET"]}}],"collection":[{"href":"https:\/\/cliente1.publisher.highstack.com.ar\/index.php?rest_route=\/wp\/v2\/posts"}],"about":[{"href":"https:\/\/cliente1.publisher.highstack.com.ar\/index.php?rest_route=\/wp\/v2\/types\/post"}],"author":[{"embeddable":true,"href":"https:\/\/cliente1.publisher.highstack.com.ar\/index.php?rest_route=\/wp\/v2\/users\/1"}],"replies":[{"embeddable":true,"href":"https:\/\/cliente1.publisher.highstack.com.ar\/index.php?rest_route=%2Fwp%2Fv2%2Fcomments&post=24979"}],"version-history":[{"count":0,"href":"https:\/\/cliente1.publisher.highstack.com.ar\/index.php?rest_route=\/wp\/v2\/posts\/24979\/revisions"}],"wp:featuredmedia":[{"embeddable":true,"href":"https:\/\/cliente1.publisher.highstack.com.ar\/index.php?rest_route=\/wp\/v2\/media\/24130"}],"wp:attachment":[{"href":"https:\/\/cliente1.publisher.highstack.com.ar\/index.php?rest_route=%2Fwp%2Fv2%2Fmedia&parent=24979"}],"wp:term":[{"taxonomy":"category","embeddable":true,"href":"https:\/\/cliente1.publisher.highstack.com.ar\/index.php?rest_route=%2Fwp%2Fv2%2Fcategories&post=24979"},{"taxonomy":"post_tag","embeddable":true,"href":"https:\/\/cliente1.publisher.highstack.com.ar\/index.php?rest_route=%2Fwp%2Fv2%2Ftags&post=24979"}],"curies":[{"name":"wp","href":"https:\/\/api.w.org\/{rel}","templated":true}]}}