{"id":24977,"date":"2026-09-03T22:58:49","date_gmt":"2026-09-04T01:58:49","guid":{"rendered":"https:\/\/cliente1.publisher.highstack.com.ar\/?p=24977"},"modified":"2026-09-03T22:58:49","modified_gmt":"2026-09-04T01:58:49","slug":"vecinos-denunciaron-un-incendio-intencional-y-ataques-a-balazos-en-el-barrio-los-hornos-de-parana","status":"publish","type":"post","link":"https:\/\/cliente1.publisher.highstack.com.ar\/?p=24977","title":{"rendered":"Vecinos denunciaron un incendio intencional y ataques a balazos en el barrio Los Hornos de Paran\u00e1"},"content":{"rendered":"<p><\/p>\n<div>\n<p>Vecinos del barrio<b> Los Hornos de Paran\u00e1<\/b> denunciaron una situaci\u00f3n de extrema tensi\u00f3n luego de que se registrara<b> un incendio en una vivienda de calle Pedro Mart\u00ednez<\/b>, a pocos metros de Miguel David. Seg\u00fan relataron,<b> el fuego habr\u00eda sido intencional y el conflicto incluir\u00eda amenazas, piedrazos y disparos<\/b> contra distintas casas de la zona.  <\/p>\n<p><!-- is a <br \/>--><\/p>\n<p><!-- is a object --><br \/>\n<!-- embed start --><!-- embed end --><br \/>\n<!-- end object --><\/p>\n<p><!-- is a object --><br \/>\n<!-- embed start --><\/p>\n<figure class=\"embed\">\n<p>    <img decoding=\"async\" src=\"https:\/\/elonce-media.elonce.com\/fotos\/2026\/09\/03\/e_1788486432_16141.webp\" loading=\"lazy\" width=\"600\" height=\"400\" alt=\"Cr\u00e9ditos: Cuerpo Activo de Bomberos Voluntarios Paran\u00e1\"\/><figcaption>\n            <span>Cr\u00e9ditos: Cuerpo Activo de Bomberos Voluntarios Paran\u00e1<\/span><br \/>\n        <\/figcaption><\/figure>\n<p><!-- embed end --><br \/>\n<!-- end object --><\/p>\n<p>\u00a0<\/p>\n<p><!-- is a <br \/>--><\/p>\n<p>El incendio fue sofocado por una dotaci\u00f3n de Bomberos Zapadores que trabaj\u00f3 en el lugar. Mientras tanto, vecinos aseguraron que <b>desde el domingo viven en medio de un conflicto<\/b> que, seg\u00fan indicaron, <b>estar\u00eda vinculado a una disputa entre familias por un terreno<\/b>.  <\/p>\n<p><!-- is a <br \/>--><\/p>\n<p><!-- is a object --><br \/>\n<!-- embed start --><!-- embed end --><br \/>\n<!-- end object --><\/p>\n<p><!-- is a object --><br \/>\n<!-- embed start --><\/p>\n<figure class=\"embed\">\n<p>    <img decoding=\"async\" src=\"https:\/\/elonce-media.elonce.com\/fotos\/2026\/09\/03\/e_1788486432_14366.webp\" loading=\"lazy\" width=\"600\" height=\"400\" alt=\"Cr\u00e9ditos: Cuerpo Activo de Bomberos Voluntarios Paran\u00e1\"\/><figcaption>\n            <span>Cr\u00e9ditos: Cuerpo Activo de Bomberos Voluntarios Paran\u00e1<\/span><br \/>\n        <\/figcaption><\/figure>\n<p><!-- embed end --><br \/>\n<!-- end object --><\/p>\n<p>\u00a0<\/p>\n<p><!-- is a <br \/>--><\/p>\n<p>Lorena, una de las vecinas afectadas, relat\u00f3 la situaci\u00f3n que atraviesa el barrio. \u201cDesde el domingo estamos en conflicto. No nos dejan ni dormir, nos tiran tiros, nos tiran piedras y nos amenazan\u201d, denunci\u00f3. La mujer se\u00f1al\u00f3 que el conflicto estar\u00eda relacionado con una disputa por un terreno entre familias, aunque asegur\u00f3 desconocer los detalles del problema.  <\/p>\n<p><!-- is a <br \/>--><\/p>\n<p><!-- is a object --><br \/>\n<!-- embed start --><!-- embed end --><br \/>\n<!-- end object --><\/p>\n<p><!-- is a object --><br \/>\n<!-- embed start --><\/p>\n<figure class=\"embed\">\n<p>    <img decoding=\"async\" src=\"https:\/\/elonce-media.elonce.com\/fotos\/2026\/09\/03\/e_1788486432_64202.webp\" loading=\"lazy\" width=\"600\" height=\"400\" alt=\"Cr\u00e9ditos: Cuerpo Activo de Bomberos Voluntarios Paran\u00e1\"\/><figcaption>\n            <span>Cr\u00e9ditos: Cuerpo Activo de Bomberos Voluntarios Paran\u00e1<\/span><br \/>\n        <\/figcaption><\/figure>\n<p><!-- embed end --><br \/>\n<!-- end object --><\/p>\n<p><!-- is a object --><\/p>\n<h3>\u201cNo sabemos qu\u00e9 hacer\u201d<\/h3>\n<p><!-- end object --><\/p>\n<p>\u00a0<\/p>\n<p><!-- is a <br \/>--><\/p>\n<p>La vecina indic\u00f3 que los episodios comenzaron el domingo y que la situaci\u00f3n gener\u00f3 preocupaci\u00f3n en todo el sector. &#8220;A la una o dos de la ma\u00f1ana me llamaron porque hab\u00eda problemas ac\u00e1\u201d, relat\u00f3. Consultada sobre la respuesta policial, expres\u00f3 su preocupaci\u00f3n por la continuidad de los hechos. \u201c<b>Hacemos las denuncias y no s\u00e9 qu\u00e9 pasa. Viene la Polic\u00eda un ratito y se va<\/b>\u201d, cuestion\u00f3.  <\/p>\n<p><!-- is a <br \/>--><\/p>\n<p><!-- is a object --><br \/>\n<!-- embed start --><\/p>\n<figure class=\"embed\">\n<p>    <img decoding=\"async\" src=\"https:\/\/elonce-media.elonce.com\/fotos\/2026\/09\/03\/e_1788484174_5769.webp\" loading=\"lazy\" width=\"600\" height=\"400\" alt=\"\"\/><\/p>\n<\/figure>\n<p><!-- embed end --><br \/>\n<!-- end object --><\/p>\n<p>\u00a0<\/p>\n<p><!-- is a <br \/>--><\/p>\n<p>Lorena destac\u00f3 la solidaridad entre los vecinos y asegur\u00f3 que el apoyo mutuo se volvi\u00f3 fundamental frente a la situaci\u00f3n. Sobre el incendio registrado en las \u00faltimas horas, indic\u00f3 que desconoc\u00edan qui\u00e9n podr\u00eda haber sido responsable.  <\/p>\n<p><!-- is a <br \/>--><\/p>\n<p><!-- is a object --><br \/>\n<!-- embed start --><!-- embed end --><br \/>\n<!-- end object --><\/p>\n<p>\u00a0<\/p>\n<p><!-- is a <br \/>--><\/p>\n<p>\u201c<b>No sabemos qui\u00e9n fue. Mi vecina, que vive al lado de mi casa, tambi\u00e9n recibi\u00f3 disparos. Es una se\u00f1ora de 80 a\u00f1os que no se mete con nadie<\/b>\u201d, sostuvo. La mujer asegur\u00f3 que el conflicto alter\u00f3 por completo la tranquilidad del barrio. \u201cYo vivo trabajando y ya no sabemos qu\u00e9 hacer\u201d, manifest\u00f3. <\/p>\n<p><!-- is a <br \/>--><\/p>\n<p><!-- is a object --><br \/>\n<!-- embed start --><\/p>\n<figure class=\"embed\">\n<p>    <img decoding=\"async\" src=\"https:\/\/elonce-media.elonce.com\/fotos\/2026\/09\/03\/e_1788486432_22504.webp\" loading=\"lazy\" width=\"600\" height=\"400\" alt=\"Cr\u00e9ditos: Cuerpo Activo de Bomberos Voluntarios Paran\u00e1\"\/><figcaption>\n            <span>Cr\u00e9ditos: Cuerpo Activo de Bomberos Voluntarios Paran\u00e1<\/span><br \/>\n        <\/figcaption><\/figure>\n<p><!-- embed end --><br \/>\n<!-- end object --><\/p>\n<p><!-- is a object --><\/p>\n<h3>Una mujer denunci\u00f3 que recibi\u00f3 disparos en su vivienda<\/h3>\n<p><!-- end object --><\/p>\n<p>\u00a0<\/p>\n<p><!-- is a <br \/>--><\/p>\n<p>Rosa, otra vecina del barrio, cont\u00f3 que vive sola y denunci\u00f3 haber recibido dos disparos contra su vivienda. \u201cVivo sola y recib\u00ed dos tiros en mi casa sin meterme porque yo ni los conozco. No tengo problemas con nadie\u201d, afirm\u00f3. La mujer destac\u00f3 que otros vecinos fueron quienes la acompa\u00f1aron durante los momentos de mayor tensi\u00f3n.  <\/p>\n<p><!-- is a <br \/>--><\/p>\n<p><!-- is a object --><br \/>\n<!-- embed start --><\/p>\n<figure class=\"embed\">\n<p>    <img decoding=\"async\" src=\"https:\/\/elonce-media.elonce.com\/fotos\/2026\/09\/03\/e_1788484174_16813.webp\" loading=\"lazy\" width=\"600\" height=\"400\" alt=\"\"\/><\/p>\n<\/figure>\n<p><!-- embed end --><br \/>\n<!-- end object --><\/p>\n<p>\u00a0<\/p>\n<p><!-- is a <br \/>--><\/p>\n<p>\u201c<b>Los vecinos son los que me est\u00e1n sacando adelante<\/b>. Entre todos estamos ayud\u00e1ndonos\u201d, se\u00f1al\u00f3. Sin embargo, expres\u00f3 su preocupaci\u00f3n por la continuidad de los hechos. \u201cEsto ya no da m\u00e1s. Ya no se puede seguir as\u00ed. Si est\u00e1 amenazado el barrio, me incluyen a m\u00ed tambi\u00e9n y yo no tengo problema con nadie\u201d, sostuvo.  <\/p>\n<p><!-- is a <br \/>--><\/p>\n<p><!-- is a object --><br \/>\n<!-- embed start --><\/p>\n<figure class=\"embed\">\n<p>    <img decoding=\"async\" src=\"https:\/\/elonce-media.elonce.com\/fotos\/2026\/09\/03\/e_1788484174_49416.webp\" loading=\"lazy\" width=\"600\" height=\"400\" alt=\"\"\/><\/p>\n<\/figure>\n<p><!-- embed end --><br \/>\n<!-- end object --><\/p>\n<p><!-- is a object --><\/p>\n<h3>La disputa por un terreno<\/h3>\n<p><!-- end object --><\/p>\n<p>\u00a0<\/p>\n<p><!-- is a <br \/>--><\/p>\n<p>Consultada sobre el origen del conflicto, Rosa indic\u00f3 que, seg\u00fan las versiones que circulaban en el barrio, existir\u00eda una disputa por un terreno. Tambi\u00e9n asegur\u00f3 que, seg\u00fan le hab\u00edan manifestado, una de las familias hab\u00eda sido se\u00f1alada como responsable de la situaci\u00f3n.  <\/p>\n<p><!-- is a <br \/>--><\/p>\n<p><!-- is a object --><br \/>\n<!-- embed start --><!-- embed end --><br \/>\n<!-- end object --><\/p>\n<p>\u00a0<\/p>\n<p><!-- is a <br \/>--><\/p>\n<p>\u201cLe echan la culpa al hijo de una se\u00f1ora. Despu\u00e9s vinieron ac\u00e1 a tirar tiros y fue cuando recib\u00ed los disparos en mi casa\u201d, relat\u00f3. Otra de las vecinas insisti\u00f3 en que el conflicto no estaba relacionado con su familia y pidi\u00f3 que se investigaran los hechos.  <\/p>\n<p><!-- is a <br \/>--><\/p>\n<p><!-- is a object --><br \/>\n<!-- embed start --><\/p>\n<div class=\"embed embed-video\">\n<p>\n            <iframe loading=\"lazy\" title=\"Vecinos denuncian incendio intencional de una vivienda\" width=\"500\" height=\"281\" src=\"https:\/\/www.youtube.com\/embed\/ITBdaLzT-Hc?feature=oembed\" frameborder=\"0\" allow=\"accelerometer; autoplay; clipboard-write; encrypted-media; gyroscope; picture-in-picture; web-share\" referrerpolicy=\"strict-origin-when-cross-origin\" allowfullscreen><\/iframe>\n        <\/p>\n<p>\n                <span>Vecinos denuncian incendio intencional de una vivienda<\/span>\n            <\/p>\n<\/p><\/div>\n<p><!-- embed end --><br \/>\n<!-- end object --><\/p><\/div>\n","protected":false},"excerpt":{"rendered":"<p>Vecinos del barrio Los Hornos de Paran\u00e1 denunciaron una situaci\u00f3n de extrema tensi\u00f3n luego de que se registrara un incendio en una vivienda de calle Pedro Mart\u00ednez, a pocos metros de Miguel David. Seg\u00fan relataron, el fuego habr\u00eda sido intencional y el conflicto incluir\u00eda amenazas, piedrazos y disparos contra distintas casas de la zona. Cr\u00e9ditos: [&hellip;]<\/p>\n","protected":false},"author":1,"featured_media":24978,"comment_status":"open","ping_status":"open","sticky":false,"template":"","format":"standard","meta":{"footnotes":""},"categories":[1],"tags":[],"class_list":["post-24977","post","type-post","status-publish","format-standard","has-post-thumbnail","hentry","category-uncategorized"],"_links":{"self":[{"href":"https:\/\/cliente1.publisher.highstack.com.ar\/index.php?rest_route=\/wp\/v2\/posts\/24977","targetHints":{"allow":["GET"]}}],"collection":[{"href":"https:\/\/cliente1.publisher.highstack.com.ar\/index.php?rest_route=\/wp\/v2\/posts"}],"about":[{"href":"https:\/\/cliente1.publisher.highstack.com.ar\/index.php?rest_route=\/wp\/v2\/types\/post"}],"author":[{"embeddable":true,"href":"https:\/\/cliente1.publisher.highstack.com.ar\/index.php?rest_route=\/wp\/v2\/users\/1"}],"replies":[{"embeddable":true,"href":"https:\/\/cliente1.publisher.highstack.com.ar\/index.php?rest_route=%2Fwp%2Fv2%2Fcomments&post=24977"}],"version-history":[{"count":0,"href":"https:\/\/cliente1.publisher.highstack.com.ar\/index.php?rest_route=\/wp\/v2\/posts\/24977\/revisions"}],"wp:featuredmedia":[{"embeddable":true,"href":"https:\/\/cliente1.publisher.highstack.com.ar\/index.php?rest_route=\/wp\/v2\/media\/24978"}],"wp:attachment":[{"href":"https:\/\/cliente1.publisher.highstack.com.ar\/index.php?rest_route=%2Fwp%2Fv2%2Fmedia&parent=24977"}],"wp:term":[{"taxonomy":"category","embeddable":true,"href":"https:\/\/cliente1.publisher.highstack.com.ar\/index.php?rest_route=%2Fwp%2Fv2%2Fcategories&post=24977"},{"taxonomy":"post_tag","embeddable":true,"href":"https:\/\/cliente1.publisher.highstack.com.ar\/index.php?rest_route=%2Fwp%2Fv2%2Ftags&post=24977"}],"curies":[{"name":"wp","href":"https:\/\/api.w.org\/{rel}","templated":true}]}}