{"id":24971,"date":"2026-09-03T21:45:02","date_gmt":"2026-09-04T00:45:02","guid":{"rendered":"https:\/\/cliente1.publisher.highstack.com.ar\/?p=24971"},"modified":"2026-09-03T21:45:02","modified_gmt":"2026-09-04T00:45:02","slug":"extraditaron-desde-uruguay-a-un-hombre-acusado-de-tentativa-de-homicidio-en-colon","status":"publish","type":"post","link":"https:\/\/cliente1.publisher.highstack.com.ar\/?p=24971","title":{"rendered":"Extraditaron desde Uruguay a un hombre acusado de tentativa de homicidio en Col\u00f3n"},"content":{"rendered":"<p><\/p>\n<div>\n<p>Un hombre acusado de tentativa de homicidio fue extraditado este jueves desde la <b>Rep\u00fablica Oriental del Uruguay<\/b> hacia la ciudad de<b> Col\u00f3n<\/b>, donde qued\u00f3 a disposici\u00f3n de la Justicia entrerriana por un hecho de violencia ocurrido a mediados de mayo.  <\/p>\n<p><!-- is a <br \/>--><\/p>\n<p><!-- is a object --><br \/>\n<!-- embed start --><!-- embed end --><br \/>\n<!-- end object --><\/p>\n<p>El procedimiento se realiz\u00f3 en cumplimiento de una orden judicial emitida por el Juzgado de Garant\u00edas de Col\u00f3n, que hab\u00eda solicitado la captura internacional del sospechoso en el marco de la investigaci\u00f3n penal.  <\/p>\n<p><!-- is a <br \/>--><\/p>\n<p><!-- is a object --><br \/>\n<!-- embed start --><\/p>\n<figure class=\"embed\">\n<p>    <img decoding=\"async\" src=\"https:\/\/elonce-media.elonce.com\/fotos\/2026\/08\/02\/e_1785722924_57394.webp\" loading=\"lazy\" width=\"600\" height=\"400\" alt=\"\"\/><\/p>\n<\/figure>\n<p><!-- embed end --><br \/>\n<!-- end object --><\/p>\n<p><!-- is a object --><\/p>\n<h3>Gendarmer\u00eda concret\u00f3 el traslado<\/h3>\n<p><!-- end object --><\/p>\n<p>\u00a0<\/p>\n<p><!-- is a <br \/>--><\/p>\n<p>La recepci\u00f3n y el traslado transfronterizo estuvieron a cargo de una comisi\u00f3n de Gendarmer\u00eda Nacional Argentina, Seccional Col\u00f3n, que custodi\u00f3 al detenido desde el Centro de Fronteras del Puente Internacional General Artigas hasta la Jefatura Departamental de Polic\u00eda.  <\/p>\n<p><!-- is a <br \/>--><\/p>\n<p><!-- is a object --><br \/>\n<!-- embed start --><!-- embed end --><br \/>\n<!-- end object --><\/p>\n<p>El operativo culmin\u00f3 durante la tarde del jueves, luego de completarse el proceso de extradici\u00f3n entre ambos pa\u00edses.  <\/p>\n<p><!-- is a <br \/>--><\/p>\n<p><!-- is a object --><br \/>\n<!-- embed start --><\/p>\n<figure class=\"embed\">\n<p>    <img decoding=\"async\" src=\"https:\/\/elonce-media.elonce.com\/fotos\/2026\/07\/28\/e_1785239953_95871.webp\" loading=\"lazy\" width=\"600\" height=\"400\" alt=\"\"\/><\/p>\n<\/figure>\n<p><!-- embed end --><br \/>\n<!-- end object --><\/p>\n<p>Tras su ingreso al territorio argentino, el acusado fue sometido a los controles m\u00e9dicos e identificatorios de rigor y qued\u00f3 alojado en la Alcaid\u00eda de la Jefatura Departamental Col\u00f3n.  <\/p>\n<p><!-- is a <br \/>--><\/p>\n<p><!-- is a object --><br \/>\n<!-- embed start --><!-- embed end --><br \/>\n<!-- end object --><\/p>\n<p>Ahora permanecer\u00e1 detenido a disposici\u00f3n de la Unidad Fiscal interviniente, que en las pr\u00f3ximas horas avanzar\u00e1 con la declaraci\u00f3n imputativa y la continuidad del proceso por la causa de tentativa de homicidio.  <\/p>\n<p><!-- is a <br \/>--><\/p>\n<p><!-- is a object --><br \/>\n<!-- embed start --><!-- embed end --><br \/>\n<!-- end object --><\/p><\/div>\n","protected":false},"excerpt":{"rendered":"<p>Un hombre acusado de tentativa de homicidio fue extraditado este jueves desde la Rep\u00fablica Oriental del Uruguay hacia la ciudad de Col\u00f3n, donde qued\u00f3 a disposici\u00f3n de la Justicia entrerriana por un hecho de violencia ocurrido a mediados de mayo. El procedimiento se realiz\u00f3 en cumplimiento de una orden judicial emitida por el Juzgado de [&hellip;]<\/p>\n","protected":false},"author":1,"featured_media":24972,"comment_status":"open","ping_status":"open","sticky":false,"template":"","format":"standard","meta":{"footnotes":""},"categories":[1],"tags":[],"class_list":["post-24971","post","type-post","status-publish","format-standard","has-post-thumbnail","hentry","category-uncategorized"],"_links":{"self":[{"href":"https:\/\/cliente1.publisher.highstack.com.ar\/index.php?rest_route=\/wp\/v2\/posts\/24971","targetHints":{"allow":["GET"]}}],"collection":[{"href":"https:\/\/cliente1.publisher.highstack.com.ar\/index.php?rest_route=\/wp\/v2\/posts"}],"about":[{"href":"https:\/\/cliente1.publisher.highstack.com.ar\/index.php?rest_route=\/wp\/v2\/types\/post"}],"author":[{"embeddable":true,"href":"https:\/\/cliente1.publisher.highstack.com.ar\/index.php?rest_route=\/wp\/v2\/users\/1"}],"replies":[{"embeddable":true,"href":"https:\/\/cliente1.publisher.highstack.com.ar\/index.php?rest_route=%2Fwp%2Fv2%2Fcomments&post=24971"}],"version-history":[{"count":0,"href":"https:\/\/cliente1.publisher.highstack.com.ar\/index.php?rest_route=\/wp\/v2\/posts\/24971\/revisions"}],"wp:featuredmedia":[{"embeddable":true,"href":"https:\/\/cliente1.publisher.highstack.com.ar\/index.php?rest_route=\/wp\/v2\/media\/24972"}],"wp:attachment":[{"href":"https:\/\/cliente1.publisher.highstack.com.ar\/index.php?rest_route=%2Fwp%2Fv2%2Fmedia&parent=24971"}],"wp:term":[{"taxonomy":"category","embeddable":true,"href":"https:\/\/cliente1.publisher.highstack.com.ar\/index.php?rest_route=%2Fwp%2Fv2%2Fcategories&post=24971"},{"taxonomy":"post_tag","embeddable":true,"href":"https:\/\/cliente1.publisher.highstack.com.ar\/index.php?rest_route=%2Fwp%2Fv2%2Ftags&post=24971"}],"curies":[{"name":"wp","href":"https:\/\/api.w.org\/{rel}","templated":true}]}}