{"id":24967,"date":"2026-09-03T21:11:32","date_gmt":"2026-09-04T00:11:32","guid":{"rendered":"https:\/\/cliente1.publisher.highstack.com.ar\/?p=24967"},"modified":"2026-09-03T21:11:32","modified_gmt":"2026-09-04T00:11:32","slug":"hallaron-dos-cuerpos-dentro-de-un-auto-incendiado-en-galvez-investigan-femicidio-seguido-de-suicidio-y-hay-una-filmacion","status":"publish","type":"post","link":"https:\/\/cliente1.publisher.highstack.com.ar\/?p=24967","title":{"rendered":"Hallaron dos cuerpos dentro de un auto incendiado en G\u00e1lvez: investigan femicidio seguido de suicidio y hay una filmaci\u00f3n"},"content":{"rendered":"<p><\/p>\n<div>\n<p><b>Dos cuerpos fueron encontrados este jueves por la ma\u00f1ana dentro de un auto incendiado en la bajada del Espinillo, cerca de Cargill, en Villa Gobernador G\u00e1lvez, Santa Fe<\/b>. La fiscal Noelia Navone qued\u00f3 a cargo de la investigaci\u00f3n, que apunta a un <b>femicidio seguido de suicidio<\/b>.  <\/p>\n<p><!-- is a <br \/>--><\/p>\n<p>\u00a0<\/p>\n<p><!-- is a <br \/>--><\/p>\n<p>El hallazgo se produjo despu\u00e9s de que un pescador llamara al 911. Al llegar, los bomberos y los agentes del Comando Radioel\u00e9ctrico localizaron los cuerpos de un hombre y una mujer en el interior de un <b>Chevrolet Corsa calcinado<\/b>.  <\/p>\n<p><!-- is a <br \/>--><\/p>\n<p>\u00a0<\/p>\n<p><!-- is a <br \/>--><\/p>\n<p>Aunque inicialmente no pudieron ser identificados por su estado, durante la jornada <i>Rosario3<\/i> inform\u00f3 que se trataba de <b>Mariana Vanesa Di Paolo y su expareja, Luis Rodrigo Arga\u00f1araz<\/b>, quienes <b>ten\u00edan hijos en com\u00fan<\/b>. Seg\u00fan ese medio, la mujer lo hab\u00eda denunciado por hostigamiento y acoso <b>48 horas antes<\/b> y hab\u00eda solicitado una medida de protecci\u00f3n.  <\/p>\n<p><!-- is a <br \/>--><\/p>\n<p>\u00a0<\/p>\n<p><!-- is a <br \/>--><\/p>\n<p><!-- is a object --><\/p>\n<h3>Una denuncia presentada dos d\u00edas antes<\/h3>\n<p><!-- end object --><\/p>\n<p>\u00a0<\/p>\n<p><!-- is a <br \/>--><\/p>\n<p>De acuerdo con la informaci\u00f3n publicada por el medio rosarino, <b>Di Paolo hab\u00eda denunciado a su expareja por hostigamiento y acoso y hab\u00eda pedido protecci\u00f3n<\/b>. No se precis\u00f3 si esa solicitud hab\u00eda derivado en una medida judicial ni si se hab\u00eda notificado al denunciado.  <\/p>\n<p><!-- is a <br \/>--><\/p>\n<p><!-- is a object --><br \/>\n<!-- embed start --><!-- embed end --><br \/>\n<!-- end object --><\/p>\n<p>Arga\u00f1araz tambi\u00e9n hab\u00eda tenido comportamientos violentos previos, seg\u00fan los datos que manejaban los investigadores y que fueron consignados por <i>Rosario3<\/i>.  <\/p>\n<p><!-- is a <br \/>--><\/p>\n<p>\u00a0<\/p>\n<p><!-- is a <br \/>--><\/p>\n<p>Su documentaci\u00f3n fue encontrada en la escena y constituy\u00f3 uno de los primeros elementos con los que cont\u00f3 la Fiscal\u00eda.  <\/p>\n<p><!-- is a <br \/>--><\/p>\n<p><!-- is a object --><br \/>\n<!-- embed start --><\/p>\n<figure class=\"embed\">\n<p>    <img decoding=\"async\" src=\"https:\/\/elonce-media.elonce.com\/fotos\/2026\/09\/03\/e_1788478103_78070.webp\" loading=\"lazy\" width=\"600\" height=\"400\" alt=\"\"\/><\/p>\n<\/figure>\n<p><!-- embed end --><br \/>\n<!-- end object --><\/p>\n<p>La v\u00edctima trabajaba en un <b>centro de est\u00e9tica de Villa Gobernador G\u00e1lvez<\/b>. Tras conocerse lo ocurrido, familiares y allegados difundieron mensajes de despedida y reclamaron que el hecho fuera reconocido como un femicidio.  <\/p>\n<p><!-- is a <br \/>--><\/p>\n<p>\u00a0<\/p>\n<p><!-- is a <br \/>--><\/p>\n<p><!-- is a object --><\/p>\n<h3>Los testimonios y un video incorporado a la investigaci\u00f3n<\/h3>\n<p><!-- end object --><\/p>\n<p>\u00a0<\/p>\n<p><!-- is a <br \/>--><\/p>\n<p>Durante su primera intervenci\u00f3n p\u00fablica, Navone aclar\u00f3 que trabajaban con informaci\u00f3n preliminar. <b>\u201cConforme a la informaci\u00f3n preliminar que tenemos, investigamos un femicidio seguido de un suicidio. No tenemos grandes precisiones\u201d<\/b>, expres\u00f3 en una conferencia de prensa.  <\/p>\n<p><!-- is a <br \/>--><\/p>\n<p><!-- is a object --><br \/>\n<!-- embed start --><\/p>\n<figure class=\"embed\">\n<p>    <img decoding=\"async\" src=\"https:\/\/elonce-media.elonce.com\/fotos\/2026\/09\/03\/e_1788478702_36305.webp\" loading=\"lazy\" width=\"600\" height=\"400\" alt=\"La joven hallada calcinada.\"\/><figcaption>\n            <span>La joven hallada calcinada.<\/span><br \/>\n        <\/figcaption><\/figure>\n<p><!-- embed end --><br \/>\n<!-- end object --><\/p>\n<p><!-- is a object --><br \/>\n<!-- embed start --><!-- embed end --><br \/>\n<!-- end object --><\/p>\n<p>La fiscal se\u00f1al\u00f3 que los testimonios recogidos ubicaban al hombre junto al veh\u00edculo antes de su muerte. <b>\u201cLos peritos de bomberos manifestaron que, en principio, se produjo el incendio desde la parte posterior del veh\u00edculo\u201d<\/b>, indic\u00f3 al describir las primeras conclusiones del trabajo en la escena.  <\/p>\n<p><!-- is a <br \/>--><\/p>\n<p><!-- is a object --><br \/>\n<!-- embed start --><\/p>\n<figure class=\"embed\">\n<p>    <img decoding=\"async\" src=\"https:\/\/elonce-media.elonce.com\/fotos\/2026\/09\/03\/e_1788478103_48323.webp\" loading=\"lazy\" width=\"600\" height=\"400\" alt=\"\"\/><\/p>\n<\/figure>\n<p><!-- embed end --><br \/>\n<!-- end object --><\/p>\n<p>Una filmaci\u00f3n realizada por pescadores qued\u00f3 en manos de la Fiscal\u00eda y aport\u00f3 elementos para reconstruir la secuencia. Seg\u00fan <i>Rosario3<\/i>, las im\u00e1genes y los testimonios reforzaron la hip\u00f3tesis de que Arga\u00f1araz provoc\u00f3 el incendio y posteriormente se quit\u00f3 la vida. <b>La causa de muerte de Di Paolo todav\u00eda no se conoce<\/b>, por lo que no se estableci\u00f3 si muri\u00f3 antes del fuego.  <\/p>\n<p><!-- is a <br \/>--><\/p>\n<p>\u00a0<\/p>\n<p><!-- is a <br \/>--><\/p>\n<p><!-- is a object --><\/p>\n<h3>La b\u00fasqueda inicial de una tercera persona<\/h3>\n<p><!-- end object --><\/p>\n<p>\u00a0<\/p>\n<p><!-- is a <br \/>--><\/p>\n<p>En las primeras horas del procedimiento circul\u00f3 la versi\u00f3n de que, adem\u00e1s de los dos cuerpos dentro del auto, otra persona se hab\u00eda arrojado al r\u00edo y no hab\u00eda regresado a la superficie. Esa informaci\u00f3n motiv\u00f3 la intervenci\u00f3n de <b>Prefectura<\/b>, que inici\u00f3 una b\u00fasqueda en el agua.  <\/p>\n<p><!-- is a <br \/>--><\/p>\n<p><!-- is a object --><br \/>\n<!-- embed start --><!-- embed end --><br \/>\n<!-- end object --><\/p>\n<p>Con el avance de las averiguaciones, se estableci\u00f3 que el hombre visto en el r\u00edo era el mismo que despu\u00e9s volvi\u00f3 hacia el veh\u00edculo. De esa manera, la reconstrucci\u00f3n posterior permiti\u00f3 aclarar la confusi\u00f3n inicial sobre la posible existencia de una tercera v\u00edctima.  <\/p>\n<p><!-- is a <br \/>--><\/p>\n<p><!-- is a object --><br \/>\n<!-- embed start --><\/p>\n<figure class=\"embed\">\n<p>    <img decoding=\"async\" src=\"https:\/\/elonce-media.elonce.com\/fotos\/2026\/09\/03\/e_1788478103_63483.webp\" loading=\"lazy\" width=\"600\" height=\"400\" alt=\"\"\/><\/p>\n<\/figure>\n<p><!-- embed end --><br \/>\n<!-- end object --><\/p>\n<p>Los testimonios, el video y las pericias quedaron incorporados a una investigaci\u00f3n que deber\u00e1 precisar c\u00f3mo muri\u00f3 la mujer y reconstruir lo sucedido antes de que el autom\u00f3vil fuera incendiado.  <\/p>\n<p><!-- is a <br \/>--><\/p>\n<p>\u00a0<\/p>\n<p><!-- is a <br \/>--><\/p>\n<p><!-- is a object --><\/p>\n<h3>El dolor de la familia de Mariana<\/h3>\n<p><!-- end object --><\/p>\n<p>\u00a0<\/p>\n<p><!-- is a <br \/>--><\/p>\n<p>En las redes sociales, Celeste, quien se identific\u00f3 como hermana de Mariana, expres\u00f3 el dolor de la familia y cuestion\u00f3 que el caso fuera presentado solamente como un incendio. <b>\u201cNo fue un incendio. Fue un femicidio\u201d<\/b>, escribi\u00f3 en Facebook.  <\/p>\n<p><!-- is a <br \/>--><\/p>\n<p><!-- is a object --><br \/>\n<!-- embed start --><!-- embed end --><br \/>\n<!-- end object --><\/p>\n<p>En su publicaci\u00f3n tambi\u00e9n hizo referencia a los hijos de la v\u00edctima y cerr\u00f3 con una despedida: <b>\u201cDescans\u00e1 en paz, mi colorada. No te merec\u00edas esto\u201d<\/b>. Otros mensajes recordaron a Mariana y acompa\u00f1aron a sus seres queridos.  <\/p>\n<p><!-- is a <br \/>--><\/p>\n<p>\u00a0<\/p>\n<p><!-- is a <br \/>--><\/p>\n<p>Mientras contin\u00faan las medidas investigativas, <b>la denuncia presentada 48 horas antes y el pedido de protecci\u00f3n forman parte de los antecedentes centrales del caso<\/b>, junto con la necesidad de determinar las circunstancias de la muerte de Di Paolo.<\/p>\n<\/p><\/div>\n","protected":false},"excerpt":{"rendered":"<p>Dos cuerpos fueron encontrados este jueves por la ma\u00f1ana dentro de un auto incendiado en la bajada del Espinillo, cerca de Cargill, en Villa Gobernador G\u00e1lvez, Santa Fe. La fiscal Noelia Navone qued\u00f3 a cargo de la investigaci\u00f3n, que apunta a un femicidio seguido de suicidio. \u00a0 El hallazgo se produjo despu\u00e9s de que un [&hellip;]<\/p>\n","protected":false},"author":1,"featured_media":24968,"comment_status":"open","ping_status":"open","sticky":false,"template":"","format":"standard","meta":{"footnotes":""},"categories":[1],"tags":[],"class_list":["post-24967","post","type-post","status-publish","format-standard","has-post-thumbnail","hentry","category-uncategorized"],"_links":{"self":[{"href":"https:\/\/cliente1.publisher.highstack.com.ar\/index.php?rest_route=\/wp\/v2\/posts\/24967","targetHints":{"allow":["GET"]}}],"collection":[{"href":"https:\/\/cliente1.publisher.highstack.com.ar\/index.php?rest_route=\/wp\/v2\/posts"}],"about":[{"href":"https:\/\/cliente1.publisher.highstack.com.ar\/index.php?rest_route=\/wp\/v2\/types\/post"}],"author":[{"embeddable":true,"href":"https:\/\/cliente1.publisher.highstack.com.ar\/index.php?rest_route=\/wp\/v2\/users\/1"}],"replies":[{"embeddable":true,"href":"https:\/\/cliente1.publisher.highstack.com.ar\/index.php?rest_route=%2Fwp%2Fv2%2Fcomments&post=24967"}],"version-history":[{"count":0,"href":"https:\/\/cliente1.publisher.highstack.com.ar\/index.php?rest_route=\/wp\/v2\/posts\/24967\/revisions"}],"wp:featuredmedia":[{"embeddable":true,"href":"https:\/\/cliente1.publisher.highstack.com.ar\/index.php?rest_route=\/wp\/v2\/media\/24968"}],"wp:attachment":[{"href":"https:\/\/cliente1.publisher.highstack.com.ar\/index.php?rest_route=%2Fwp%2Fv2%2Fmedia&parent=24967"}],"wp:term":[{"taxonomy":"category","embeddable":true,"href":"https:\/\/cliente1.publisher.highstack.com.ar\/index.php?rest_route=%2Fwp%2Fv2%2Fcategories&post=24967"},{"taxonomy":"post_tag","embeddable":true,"href":"https:\/\/cliente1.publisher.highstack.com.ar\/index.php?rest_route=%2Fwp%2Fv2%2Ftags&post=24967"}],"curies":[{"name":"wp","href":"https:\/\/api.w.org\/{rel}","templated":true}]}}