{"id":24960,"date":"2026-09-03T20:40:02","date_gmt":"2026-09-03T23:40:02","guid":{"rendered":"https:\/\/cliente1.publisher.highstack.com.ar\/?p=24960"},"modified":"2026-09-03T20:40:04","modified_gmt":"2026-09-03T23:40:04","slug":"tras-la-suspension-en-chaco-que-ocurrira-con-las-paso-en-las-demas-provincias-que-las-utilizan","status":"publish","type":"post","link":"https:\/\/cliente1.publisher.highstack.com.ar\/?p=24960","title":{"rendered":"Tras la suspensi\u00f3n en Chaco, qu\u00e9 ocurrir\u00e1 con las PASO en las dem\u00e1s provincias que las utilizan"},"content":{"rendered":"<p><\/p>\n<div id=\"\">\n<p id=\"p-1788471946997-21190\">La <strong>Legislatura de Chaco<\/strong> aprob\u00f3 este mi\u00e9rcoles la suspensi\u00f3n de las <strong>Primarias Abiertas Simult\u00e1neas y Obligatorias (PASO), <\/strong>convirtiendo al distrito gobernado por <strong>Leandro Zdero <\/strong>en la primera provincia en hacerlo rumbo al 2027. De esta manera, el mandatario radical se adelant\u00f3 a Naci\u00f3n, que pretende hacer lo propio a nivel nacional.<\/p>\n<\/div>\n<div id=\"\">\n<p id=\"p-1788471946997-91087\">La compulsa se sald\u00f3 con <strong>17 votos favorables <\/strong>y ninguno en contra, ya que el grueso del peronismo se ausent\u00f3 a modo de rechazo. Sin embargo, la alianza entre la UCR y La Libertad Avanza (LLA) logr\u00f3 sumar el voto de <strong>Katia Blanc<\/strong>, del Frente Renovador, y sell\u00f3 el triunfo final.<\/p>\n<\/div>\n<div id=\"\">\n<p id=\"p-1788471946997-9972\"> De esta manera, los chaque\u00f1os no tendr\u00e1n primarias el a\u00f1o pr\u00f3ximo, tal como ocurri\u00f3 en 2025, cuando el sistema tambi\u00e9n fue suspendido por los legisladores. Por fuera de esa jurisdicci\u00f3n, las PASO se mantienen vigente en <strong>Buenos Aires<\/strong>, <strong>Santa Fe<\/strong>, <strong>Mendoza<\/strong>, <strong>Catamarca<\/strong>, <strong>Entre R\u00edos y CABA.<\/strong><\/p>\n<\/p><\/div>\n<div id=\"\">\n<p id=\"p-1788472593007-39517\"> <strong>La Pampa<\/strong>, en tanto, utiliza un sistema donde las primarias son \u00fanicamente obligatorias para aquellas fuerzas que presentan m\u00e1s de una lista de candidatos para un mismo cargo.<\/p>\n<\/div>\n<div id=\"\">\n<h2 id=\"p-1788472080284-22394\">Qu\u00e9 ocurrir\u00e1 con las PASO en las provincias<\/h2>\n<p id=\"p-1788471946997-14630\">Tal como sucedi\u00f3 a nivel nacional, la mayor\u00eda de esas jurisdicciones suspendi\u00f3 las primarias. Las \u00fanicas excepciones fueron los entrerrianos, que no tuvieron comicios locales, y los santafesinos, que optaron por mantener la modalidad.<\/p>\n<\/div>\n<div id=\"\">\n<p id=\"p-1788471946997-61688\">De hecho, la Legislatura de esa provincia acaba de <strong>aprobar una reforma electoral<\/strong> impulsada por el gobernador <strong>Maximiliano Pullaro<\/strong>. Si bien introduce cambios, el proyecto <strong>mantiene vigente el esquema de PASO<\/strong> e incluso plantear nuevas modificaciones. Por ejemplo, admite la <strong>competencia entre diversos candidatos a vice<\/strong> para un mismo gobernador.<\/p>\n<p id=\"p-1788471946997-76792\">Adem\u00e1s, establece que las agrupaciones pol\u00edticas deber\u00e1n alcanzar <strong>el 1% del padr\u00f3n correspondiente para superar las internas<\/strong>, mientras que en las elecciones generales se fija un piso del 4% para acceder a la distribuci\u00f3n proporcional de bancas.<\/p>\n<p id=\"p-1788471946997-22680\">Por fuera de Santa Fe, el resto de los gobernadores avanzaron con la suspensi\u00f3n temporal de las PASO, indistintamente de sus escuder\u00edas pol\u00edticas. As\u00ed sucedi\u00f3 con <strong>Axel Kicillof<\/strong>, principal opositor a Javier Milei. El l\u00edder bonaerense tom\u00f3 la decisi\u00f3n luego de que el Congreso aprobar dejar sin efecto las primarias nacionales.<\/p>\n<p id=\"p-1788471946997-37485\">Lo propio hicieron sus pares <strong>Ra\u00fal Jalil<\/strong> (Catamarca), <strong>Alfredo Cornejo<\/strong> (Mendoza) y <strong>Jorge Macri<\/strong> (CABA), adem\u00e1s del ya mencionado Leandro Zdero.<\/p>\n<div contenteditable=\"false\" class=\"embed_cont type_imagen\" id=\"8208992-Libre-1251517640_wrap\">\n<div id=\"8208992-Libre-1251517640_content\" class=\"embed_content\"><img decoding=\"async\" fetchpriority=\"low\" loading=\"lazy\" alt=\"La Boleta \u00danica es otro de los debates electorales en diversas provincias.\" title=\"La Boleta \u00danica es otro de los debates electorales en diversas provincias.\" width=\"730\" height=\"undefined\" id=\"8208992-Libre-1251517640_embed\"\/><\/div>\n<div class=\"embed_wrapper-cont\" id=\"p-1788472764164-17758\">\n<div id=\"8208992-Libre-1251517640_epigrafe\" class=\"embed_epigrafe\">\n<p id=\"p-1788472764164-23524\">La Boleta \u00danica es otro de los debates electorales en diversas provincias.<\/p>\n<\/div><\/div>\n<\/p><\/div>\n<p id=\"p-1788471946997-6947\">Sin embargo, en algunas de esas provincias, es dif\u00edcil que la suspensi\u00f3n se repita de cara al a\u00f1o pr\u00f3ximo. Por ejemplo, <strong>el porte\u00f1o Macri no cuenta con la estructura parlamentaria necesaria para aprobar una iniciativa en ese sentido<\/strong>. Si bien lo acompa\u00f1ar\u00edan los libertarios, requerir\u00eda el apoyo del peronismo y de la izquierda, ya que, al tratarse de un proyecto electoral, <strong>necesitar\u00eda dos tercios de los votos. <\/strong><\/p>\n<p id=\"p-1788471946997-30823\">En tanto, el mendocino Alfredo Cornejo anticip\u00f3 en diversas ocasiones que <strong>podr\u00eda apoyar la derogaci\u00f3n de las PASO a nivel nacional<\/strong>, aunque pretende que el sistema contin\u00fae rigiendo en su provincia. Sin posibilidad de reelegir, las primarias son una herramienta para que las candidaturas sean votadas y no impuestas. Particularmente, teme que su alianza con LLA decante en la postulaci\u00f3n del diputado <strong>Luis Petri<\/strong>, su rival en la interna radical.<\/p>\n<p id=\"p-1788471946997-16544\">Por su parte, el catamarque\u00f1o <strong>Ra\u00fal Jalil<\/strong> tiene posibilidad de reelecci\u00f3n el a\u00f1o pr\u00f3ximo, pero da a entender que no competir\u00e1. La postulaci\u00f3n del peronismo quedar\u00eda en manos del intendente de San Fernando del Valle de Catamarca, <strong>Gustavo Saadi<\/strong>. El distrito ser\u00e1 uno de los pocos que no desdoblar\u00e1n elecciones y votar\u00e1n en octubre, a la par de Naci\u00f3n.<\/p>\n<p id=\"p-1788471946997-70918\">Jalil se opone al sistema de primarias y manifest\u00f3 en diversas <strong>ocasiones que acompa\u00f1ar\u00eda al oficialismo<\/strong> en el debate por la reforma electoral en el Congreso. Por ese motivo, podr\u00eda impulsar una nueva suspensi\u00f3n ante la Legislatura de Catamarca.<\/p>\n<p id=\"p-1788472505264-2607\">El entrerriano <strong>Rogelio Frigerio<\/strong> podr\u00eda avanzar en el mismo sentido que Milei, ya que mantiene una alianza electoral con los libertarios.<\/p>\n<p id=\"p-1788471946997-44112\">Otras provincias que contaban con PASO eran <strong>San Luis<\/strong> y <strong>Salta<\/strong>, aunque ambas las suprimieron de manera definitiva.<\/p>\n<p id=\"p-1788472387368-77534\">El Gobierno busca apoyos de las provincias para avanzar con la reforma electoral, <strong>que tiene a la eliminaci\u00f3n de las PASO como eje central. <\/strong>Hasta el momento, no encuentra los consensos necesarios. Patricia Bullrich anunci\u00f3 que en los pr\u00f3ximos d\u00edas comenzar\u00e1n a definir los detalles t\u00e9cnicos.<\/p>\n<p id=\"p-1788472387368-73901\">Por ejemplo, mandatarios cercanos a la Casa Rosada como el tucumano <strong>Osvaldo Jaldo<\/strong> y el juje\u00f1o <strong>Carlos Sadir<\/strong> ya se manifestaron en contra de modificar el sistema de primarias. El PJ, incluso, llam\u00f3 a todas sus tribus a cerrar filas en contra de la iniciativa del oficialismo.<\/p>\n<\/div>\n<p><script>\n!function(f,b,e,v,n,t,s)\n{if(f.fbq)return;n=f.fbq=function(){n.callMethod?\nn.callMethod.apply(n,arguments):n.queue.push(arguments)};\nif(!f._fbq)f._fbq=n;n.push=n;n.loaded=!0;n.version='2.0';\nn.queue=[];t=b.createElement(e);t.async=!0;\nt.src=v;s=b.getElementsByTagName(e)[0];\ns.parentNode.insertBefore(t,s)}(window,document,'script',\n'\nfbq('init', '2047048335588113');\nfbq('track', 'PageView');\n<\/script><\/p>\n","protected":false},"excerpt":{"rendered":"<p>La Legislatura de Chaco aprob\u00f3 este mi\u00e9rcoles la suspensi\u00f3n de las Primarias Abiertas Simult\u00e1neas y Obligatorias (PASO), convirtiendo al distrito gobernado por Leandro Zdero en la primera provincia en hacerlo rumbo al 2027. De esta manera, el mandatario radical se adelant\u00f3 a Naci\u00f3n, que pretende hacer lo propio a nivel nacional. La compulsa se sald\u00f3 [&hellip;]<\/p>\n","protected":false},"author":1,"featured_media":24961,"comment_status":"open","ping_status":"open","sticky":false,"template":"","format":"standard","meta":{"footnotes":""},"categories":[1],"tags":[4,2214,3],"class_list":["post-24960","post","type-post","status-publish","format-standard","has-post-thumbnail","hentry","category-uncategorized","tag-entre-rios","tag-entrerriano","tag-rogelio-frigerio"],"_links":{"self":[{"href":"https:\/\/cliente1.publisher.highstack.com.ar\/index.php?rest_route=\/wp\/v2\/posts\/24960","targetHints":{"allow":["GET"]}}],"collection":[{"href":"https:\/\/cliente1.publisher.highstack.com.ar\/index.php?rest_route=\/wp\/v2\/posts"}],"about":[{"href":"https:\/\/cliente1.publisher.highstack.com.ar\/index.php?rest_route=\/wp\/v2\/types\/post"}],"author":[{"embeddable":true,"href":"https:\/\/cliente1.publisher.highstack.com.ar\/index.php?rest_route=\/wp\/v2\/users\/1"}],"replies":[{"embeddable":true,"href":"https:\/\/cliente1.publisher.highstack.com.ar\/index.php?rest_route=%2Fwp%2Fv2%2Fcomments&post=24960"}],"version-history":[{"count":1,"href":"https:\/\/cliente1.publisher.highstack.com.ar\/index.php?rest_route=\/wp\/v2\/posts\/24960\/revisions"}],"predecessor-version":[{"id":24962,"href":"https:\/\/cliente1.publisher.highstack.com.ar\/index.php?rest_route=\/wp\/v2\/posts\/24960\/revisions\/24962"}],"wp:featuredmedia":[{"embeddable":true,"href":"https:\/\/cliente1.publisher.highstack.com.ar\/index.php?rest_route=\/wp\/v2\/media\/24961"}],"wp:attachment":[{"href":"https:\/\/cliente1.publisher.highstack.com.ar\/index.php?rest_route=%2Fwp%2Fv2%2Fmedia&parent=24960"}],"wp:term":[{"taxonomy":"category","embeddable":true,"href":"https:\/\/cliente1.publisher.highstack.com.ar\/index.php?rest_route=%2Fwp%2Fv2%2Fcategories&post=24960"},{"taxonomy":"post_tag","embeddable":true,"href":"https:\/\/cliente1.publisher.highstack.com.ar\/index.php?rest_route=%2Fwp%2Fv2%2Ftags&post=24960"}],"curies":[{"name":"wp","href":"https:\/\/api.w.org\/{rel}","templated":true}]}}