{"id":24954,"date":"2026-09-03T19:53:34","date_gmt":"2026-09-03T22:53:34","guid":{"rendered":"https:\/\/cliente1.publisher.highstack.com.ar\/?p=24954"},"modified":"2026-09-03T19:53:34","modified_gmt":"2026-09-03T22:53:34","slug":"concepcion-del-uruguay-procesaron-a-cuatro-exintegrantes-del-ejercito-por-delitos-de-lesa-humanidad","status":"publish","type":"post","link":"https:\/\/cliente1.publisher.highstack.com.ar\/?p=24954","title":{"rendered":"Concepci\u00f3n del Uruguay: procesaron a cuatro exintegrantes del Ej\u00e9rcito por delitos de lesa humanidad"},"content":{"rendered":"<p><\/p>\n<div class=\"body-noticia clearfix text-formatted field field--name-body field--type-text-with-summary field--label-hidden field__item\">\n<p>El Juzgado Federal N\u00ba1 de Concepci\u00f3n del Uruguay proces\u00f3 a cuatro exintegrantes del del Ej\u00e9rcito argentino por distintos delitos de lesa humanidad, entre los que se encuentran privaciones ilegales de la libertad, vejaciones y torturas, ocurridos en la ciudad de Concordia, provincia de Entre R\u00edos, en julio 1977, durante la \u00faltima dictadura c\u00edvico militar, en el marco del Plan C\u00f3ndor.<\/p>\n<p>La medida fue dictada por la jueza Anal\u00eda Ramponi, en l\u00ednea con el pedido realizado por la fiscal federal de Concepci\u00f3n del Uruguay, Josefina Minatta, y alcanz\u00f3 al teniente primero Jorge Enrique Echeverr\u00eda (77), se\u00f1alado como oficial de inteligencia; el capit\u00e1n Horacio Alberto Goris (81); el teniente primero Juan Ignacio Aleman (78), oficial de inteligencia del Regimiento de Caballer\u00eda de Tanques 6 Concordia, durante 1977; y el sargento ayudante de caballer\u00eda Miguel \u00c1ngel Galeano (75), en su car\u00e1cter de auxiliar del oficial anteriormente mencionado. Adem\u00e1s, a cada uno de ellos se les trab\u00f3 un embargo de 30 millones de pesos.<\/p>\n<p>La jueza les atribuy\u00f3 a los imputados haber conformado una asociaci\u00f3n il\u00edcita constituida por un aparato estatal perfectamente organizado y ensamblado, destinado a borrar cualquier tipo de vestigio de lo que consideraban peligroso para la Seguridad Nacional y que termin\u00f3 siendo responsable de un genocidio\u201d.<\/p>\n<p>Adem\u00e1s, a Galeano, Aleman y Echeverr\u00eda les endilg\u00f3 los delitos de privaci\u00f3n ilegal de la libertad, apremios f\u00edsicos, vejaciones y torturas contra los ciudadanos uruguayos Mar\u00eda Julia Suarez, Jes\u00fas Silverio Su\u00e1rez M\u00e9ndez, Eduardo Robatto Guerreiro y Luis Urrutia, ocurrida el 3 de julio de 1977. Asimismo, se les imput\u00f3 el abuso sexual de la mencionada Mar\u00eda Julia Su\u00e1rez, y la privaci\u00f3n ilegal de la libertad de los tambi\u00e9n uruguayos Brenda Levith, Luis Su\u00e1rez y al hijo de ambos, Joaqu\u00edn Su\u00e1rez Levith, en julio de 1977.<\/p>\n<p><img decoding=\"async\" data-entity-uuid=\"a5a507f0-94cd-43ea-9ebd-b0d5b5f7ad8d\" data-entity-type=\"file\" src=\"https:\/\/www.analisisdigital.com.ar\/sites\/default\/files\/imagenes\/inline-images\/goris-aleman-galeano.jpg\" width=\"921\" height=\"614\" loading=\"lazy\">\n<\/p>\n<p><em>Tres de los exmilitares imputados: el capit\u00e1n Horacio Alberto Goris, el teniente primero Juan Ignacio Aleman y el sargento ayudante Miguel \u00c1ngel Galeano. Foto: Fiscal\u00eda Federal de Concepci\u00f3n del Uruguay.<\/em><\/p>\n<p>A los cuatro acusados tambi\u00e9n los proces\u00f3 por la privaci\u00f3n ilegal de la libertad, torturas y encubrimiento del homicidio del conscripto Jorge Emilio Papetti, que contin\u00faa desaparecido. Todas las imputaciones fueron en calidad de coautores.<\/p>\n<p>La jueza consider\u00f3 que los cuatro acusados estaban dotados de una \u201corganizaci\u00f3n estructural\u201d, en relaci\u00f3n al esquema militar que funcionaba en aquel momento y que divid\u00eda al pa\u00eds en zonas, subzonas y \u00e1reas. A su vez, determin\u00f3 que contaban con la colaboraci\u00f3n de agentes de otras jurisdicciones para traslados o detenciones y, desde su misma conformaci\u00f3n, habr\u00edan aceptado la comisi\u00f3n de diferentes delitos como necesaria para el logro de sus objetivos finales.<\/p>\n<p><img decoding=\"async\" data-entity-uuid=\"edb6229e-f0df-4745-8f0c-2ecfaf5321a5\" data-entity-type=\"file\" src=\"https:\/\/www.analisisdigital.com.ar\/sites\/default\/files\/imagenes\/inline-images\/fotos-lesa-minatta-2.jpeg\" width=\"921\" height=\"614\" loading=\"lazy\">\n<\/p>\n<p>Ramponi explic\u00f3 que \u201cel aparato represivo de la jurisdicci\u00f3n Concordia\u201d era dirigido por Naldo Miguel Dasso, entonces jefe del Regimiento de Tiradores Blindados 6 &#8220;Blandengues&#8221;, correspondiente al \u00c1rea 225, dependiente de la Subzona 22 de la Zona de Defensa 2 del Segundo Cuerpo del Ej\u00e9rcito, entre 1975 y fines de 1977.<\/p>\n<p>En esa l\u00ednea, indic\u00f3 que las personas detenidas por personal del Ej\u00e9rcito y las fuerzas de seguridad en Concordia y otras ciudades cercanas, \u201ceran alojadas en centros clandestinos de detenci\u00f3n, en la sede de la Jefatura Departamental de Concordia de Polic\u00eda de Entre R\u00edos y en la Unidad Penal N\u00b03 de la misma localidad, donde eran interrogadas y sometidas a diversos tormentos f\u00edsicos y psicol\u00f3gicos y a abusos sexuales, en algunos casos\u201d.<\/p>\n<p>La magistrada destac\u00f3 que los hechos investigados se dieron en el marco del denominado &#8220;Plan C\u00f3ndor&#8221; \u2014la coordinaci\u00f3n represiva entre las dictaduras del Cono Sur durante la d\u00e9cada del \u201870\u2014, llevado adelante en este caso por los gobiernos uruguayo y argentino durante la \u00faltima dictadura militar y que, seg\u00fan sostuvo, \u201cten\u00eda como objetivo atacar movimientos guerrilleros, partidos y grupos de izquierda, sindicalistas, religiosos, pol\u00edticos liberales, entre otros supuestos enemigos de dichos gobiernos autoritarios, a trav\u00e9s de grupos de tareas conformados por integrantes de las fuerzas armadas y de seguridad de los Estados mencionados&#8221;.<\/p>\n<h4><strong>Privaci\u00f3n ilegal de la libertad y torturas contra ciudadanos uruguayos<\/strong><\/h4>\n<p>Seg\u00fan la resoluci\u00f3n, Galeano, Alem\u00e1n y Echeverr\u00eda privaron ileg\u00edtimamente de la libertad a cuatro ciudadanos uruguayos el 3 de julio de 1977 y los trasladaron a la Jefatura Departamental Concordia, luego a dos centros clandestinos de detenci\u00f3n no identificados y finalmente a la Unidad Penal N\u00b03.<\/p>\n<p>De acuerdo a lo reconstruido por la investigaci\u00f3n, en cada uno de esos sitios, fueron interrogados bajo apremios f\u00edsicos, vejaciones y m\u00e9todos de tortura como los llamados \u201cplantones\u201d, \u201csubmarino seco\u201d, \u201cpicana el\u00e9ctrica\u201d y \u201ctel\u00e9fono\u201d. All\u00ed los mantuvieron privados de su libertad por m\u00e1s de veinte d\u00edas, con la finalidad de obtener informaci\u00f3n, para luego trasladarlos de forma ilegal y clandestina a la Rep\u00fablica Oriental del Uruguay, donde dos de ellos estuvieron detenidos hasta 1982 y una de las v\u00edctimas recuper\u00f3 la libertad.<\/p>\n<p>Asimismo, en el traslado de las v\u00edctimas desde la Jefatura Departamental Concordia hasta el primer lugar donde estuvieron privados de su libertad, tambi\u00e9n habr\u00edan abusado sexualmente de Su\u00e1rez.<\/p>\n<p>Su\u00e1rez M\u00e9ndez, por su parte, fue trasladado primero a la ciudad de Paran\u00e1, donde permaneci\u00f3 privado de su libertad por cinco d\u00edas, para luego ser trasladado a un centro clandestino de detenci\u00f3n, en Don Torcuato, provincia de Buenos Aires, desde donde pudo fugarse.<\/p>\n<h4><strong>El caso del conscripto Papetti<\/strong><\/h4>\n<p>Seg\u00fan la investigaci\u00f3n, Papetti fue privado de su libertad el 15 de marzo de 1977 en la Guardia de Prevenci\u00f3n del Regimiento de Tiradores Blindados 6 &#8220;Blandengues&#8221; de Concordia, donde cumpl\u00eda el servicio militar obligatorio, presuntamente, por integrar la organizaci\u00f3n Montoneros y por participar de actividades \u201csubversivas\u201d, seg\u00fan la versi\u00f3n militar. En dicho lugar, junto a otras dos v\u00edctimas detenidas ilegalmente, habr\u00edan sido sometidos a apremios y torturas.<\/p>\n<p>El 18 de marzo de ese mismo a\u00f1o, Papetti fue visto en muy malas condiciones f\u00edsicas, con el pecho hundido, sangre en la boca, con dificultades para mantenerse erguido y con una tos permanente como consecuencia de los tormentos padecidos.<\/p>\n<p>Al d\u00eda siguiente, habr\u00eda sido conducido, junto con las otras dos personas detenidas, a un lugar ubicado en el paraje conocido como \u201cLa Tortuga Alegre\u201d pr\u00f3ximo a Salto Grande, donde las torturas habr\u00edan continuado sobre todos los trasladados.<\/p>\n<p>Entre el 19 y 20 de marzo, los tres habr\u00edan sido trasladado en el ba\u00fal de un autom\u00f3vil a la ciudad de Paran\u00e1, donde fueron alojados en el Escuadr\u00f3n de Comunicaciones Blindado 2.<\/p>\n<p>Finalmente, seg\u00fan la investigaci\u00f3n, el 21 de marzo, Papetti y otro de los detenidos fueron trasladados a la Unidad Familiar de la Unidad Penal N\u00b01 de Paran\u00e1, donde fueron sometidos a nuevas sesiones de tortura y donde el conscripto muri\u00f3 a ra\u00edz de los tormentos padecidos.<\/p>\n<h4><strong>El encubrimiento del homicidio<\/strong><\/h4>\n<p>A los cuatro procesados tambi\u00e9n se les atribuye haber encubierto el homicidio de Papetti mediante el montaje de un simulacro de fuga sobre la ruta nacional 18, cerca del kil\u00f3metro 135, en jurisdicci\u00f3n de Concepci\u00f3n del Uruguay, el 22 de marzo de 1977.<\/p>\n<p>Seg\u00fan la resoluci\u00f3n, ese montaje consisti\u00f3 en labrar actuaciones administrativas y declaraciones falsas para simular un traslado durante el cual Papetti habr\u00eda escapado, hecho que result\u00f3 imposible ya que, seg\u00fan fue probado en otra causa, para entonces ya hab\u00eda sido asesinado en Paran\u00e1.<\/p>\n<p>Para completar el plan de ocultamiento de la privaci\u00f3n ilegal de la libertad, torturas y homicidio de Papetti en manos militares, se destruyeron los registros del Regimiento, como lo demuestra el acta de incineraci\u00f3n de los libros de novedades de la guardia de prevenci\u00f3n, confeccionadas entre 1976 y 1983.<\/p>\n<\/div>\n","protected":false},"excerpt":{"rendered":"<p>El Juzgado Federal N\u00ba1 de Concepci\u00f3n del Uruguay proces\u00f3 a cuatro exintegrantes del del Ej\u00e9rcito argentino por distintos delitos de lesa humanidad, entre los que se encuentran privaciones ilegales de la libertad, vejaciones y torturas, ocurridos en la ciudad de Concordia, provincia de Entre R\u00edos, en julio 1977, durante la \u00faltima dictadura c\u00edvico militar, en [&hellip;]<\/p>\n","protected":false},"author":1,"featured_media":24955,"comment_status":"open","ping_status":"open","sticky":false,"template":"","format":"standard","meta":{"footnotes":""},"categories":[1],"tags":[],"class_list":["post-24954","post","type-post","status-publish","format-standard","has-post-thumbnail","hentry","category-uncategorized"],"_links":{"self":[{"href":"https:\/\/cliente1.publisher.highstack.com.ar\/index.php?rest_route=\/wp\/v2\/posts\/24954","targetHints":{"allow":["GET"]}}],"collection":[{"href":"https:\/\/cliente1.publisher.highstack.com.ar\/index.php?rest_route=\/wp\/v2\/posts"}],"about":[{"href":"https:\/\/cliente1.publisher.highstack.com.ar\/index.php?rest_route=\/wp\/v2\/types\/post"}],"author":[{"embeddable":true,"href":"https:\/\/cliente1.publisher.highstack.com.ar\/index.php?rest_route=\/wp\/v2\/users\/1"}],"replies":[{"embeddable":true,"href":"https:\/\/cliente1.publisher.highstack.com.ar\/index.php?rest_route=%2Fwp%2Fv2%2Fcomments&post=24954"}],"version-history":[{"count":0,"href":"https:\/\/cliente1.publisher.highstack.com.ar\/index.php?rest_route=\/wp\/v2\/posts\/24954\/revisions"}],"wp:featuredmedia":[{"embeddable":true,"href":"https:\/\/cliente1.publisher.highstack.com.ar\/index.php?rest_route=\/wp\/v2\/media\/24955"}],"wp:attachment":[{"href":"https:\/\/cliente1.publisher.highstack.com.ar\/index.php?rest_route=%2Fwp%2Fv2%2Fmedia&parent=24954"}],"wp:term":[{"taxonomy":"category","embeddable":true,"href":"https:\/\/cliente1.publisher.highstack.com.ar\/index.php?rest_route=%2Fwp%2Fv2%2Fcategories&post=24954"},{"taxonomy":"post_tag","embeddable":true,"href":"https:\/\/cliente1.publisher.highstack.com.ar\/index.php?rest_route=%2Fwp%2Fv2%2Ftags&post=24954"}],"curies":[{"name":"wp","href":"https:\/\/api.w.org\/{rel}","templated":true}]}}