{"id":24950,"date":"2026-09-03T19:17:04","date_gmt":"2026-09-03T22:17:04","guid":{"rendered":"https:\/\/cliente1.publisher.highstack.com.ar\/?p=24950"},"modified":"2026-09-03T19:17:04","modified_gmt":"2026-09-03T22:17:04","slug":"biocombustibles-avanzo-en-el-senado-un-nuevo-regimen-que-sube-los-cortes-y-abre-el-mercado-a-una-mayor-competencia","status":"publish","type":"post","link":"https:\/\/cliente1.publisher.highstack.com.ar\/?p=24950","title":{"rendered":"Biocombustibles: avanz\u00f3 en el Senado un nuevo r\u00e9gimen que sube los cortes y abre el mercado a una mayor competencia"},"content":{"rendered":"<div class=\"col-12\">\n<div data-tw=\"true\" style=\"display:contents\">\n<div role=\"none\"><\/div>\n<\/div>\n<p class=\"com-paragraph --capital --s text-left\">El plenario de las comisiones de <strong>Miner\u00eda, Energ\u00eda y Combustibles y de Presupuesto y Hacienda del Senado<\/strong> emiti\u00f3 este jueves dictamen sobre el proyecto de <strong>nuevo marco regulatorio de los biocombustibles<\/strong>, una iniciativa que plantea elevar los porcentajes<strong> obligatorios de mezcla de biodi\u00e9sel y bioetanol<\/strong> y, al mismo tiempo, avanzar hacia un mercado con <strong>mayor competencia y participaci\u00f3n privada<\/strong> que el contemplado por <strong>la legislaci\u00f3n vigente.<\/strong><\/p>\n<div class=\"ln-banner-container --no-app --caja1_mob\">\n<div id=\"caja1_mob\" class=\"ln-banner\" data-slot-group=\"nota\" data-device=\"mobile\" data-subscription=\"false\" data-ad-unit-path=\"\/133919216\/campo_mobile\/Nota\/caja1_mob\" data-targeting='{\"sitio\":\"lanacion\",\"seccion\":\"nota\"}' data-without-hide=\"true\" data-size=\"[[320,100],[300,250],[1,1],[300,450],[320,450]]\" data-sizemap=\"[]\" data-prebid-enabled=\"true\"><\/div>\n<\/div>\n<p class=\"com-paragraph --s text-left\">El texto que avanz\u00f3 en las comisiones <strong>unifica siete proyectos<\/strong> presentados por los senadores <strong>Patricia Bullrich, Beatriz \u00c1vila, Jos\u00e9 Mar\u00eda Carambia, Natalia Gadano, Alejandra Vigo, Carlos Esp\u00ednola, Flavia Roy\u00f3n, Carlos Arce, Sonia Rojas Decut y Jorge Capitanich<\/strong>. Durante el tratamiento se incorporaron sucesivas modificaciones, en particular sobre <strong>la participaci\u00f3n de las empresas pymes de biodi\u00e9sel, denominadas en el proyecto<\/strong> <strong>\u201cempresas no integradas\u201d<\/strong>.<\/p>\n<div class=\"ln-banner-container --no-app --middle_1_dsk\">\n<div id=\"middle_1_dsk\" class=\"ln-banner\" data-slot-group=\"nota\" data-device=\"desktop\" data-subscription=\"true\" data-ad-unit-path=\"\/133919216\/campo_desktop\/Nota\/middle_1_dsk\" data-targeting='{\"sitio\":\"lanacion\",\"seccion\":\"nota\"}' data-without-hide=\"true\" data-size=\"[[1,1],[640,360],[640,480],[728,90]]\" data-sizemap=\"[]\" data-prebid-enabled=\"true\"><\/div>\n<\/div>\n<p class=\"com-paragraph --s text-left\">El <strong>nuevo r\u00e9gimen mantiene buena parte de la orientaci\u00f3n del proyecto originalmente <\/strong>impulsado por <strong>Bullrich y otros senadores de La Libertad Avanza<\/strong>, que \u201cbuscaba <strong>reemplazar el esquema actual por un mercado m\u00e1s abierto, promover inversiones y aumentar la utilizaci\u00f3n de biocombustibles\u201d<\/strong>. En aquella iniciativa <strong>se propon\u00eda \u201cimpulsar la transici\u00f3n\u201d hacia un mercado \u201cdin\u00e1mico,<\/strong> <strong>eficiente, desregulado y libre\u201d, con mayor espacio para los acuerdos entre privados. <\/strong>Durante la discusi\u00f3n legislativa, ese planteo fue modificado para incorporar mecanismos de transici\u00f3n y protecci\u00f3n p<strong>ara determinados productores, especialmente las pymes de biodi\u00e9sel.<\/strong><\/p>\n<p class=\"com-paragraph --s text-left\">Uno de los principales cambios respecto de la situaci\u00f3n actual est\u00e1 en los <strong>porcentajes de corte obligatorio<\/strong>. <strong>Hoy el gasoil que se comercializa en la Argentina debe contener un<\/strong> <strong>7,5% de biodi\u00e9sel<\/strong>, nivel que fue establecido en<strong> 2022 sobre el 5% previsto originalmente por la ley 27.640<\/strong>. Para<strong> las naftas, el corte obligatorio vigente es de<\/strong> <strong>12% de bioetanol<\/strong>.<\/p>\n<div class=\"ln-banner-container --no-app --caja2_mob\">\n<div id=\"caja2_mob\" class=\"ln-banner\" data-slot-group=\"nota\" data-device=\"mobile\" data-subscription=\"true\" data-ad-unit-path=\"\/133919216\/campo_mobile\/Nota\/caja2_mob\" data-targeting='{\"sitio\":\"lanacion\",\"seccion\":\"nota\"}' data-without-hide=\"true\" data-size=\"[[320,100],[300,250],[300,450],[1,1],[360,270],[320,180]]\" data-sizemap=\"[]\" data-prebid-enabled=\"true\"><\/div>\n<\/div>\n<div class=\"content-media\">\n<section role=\"button\" class=\"mod-media   \">\n<figure role=\"button\" tabindex=\"0\" class=\"mod-figure \">\n<div class=\"placeholder \">\n<div class=\"com-image\"><picture><source media=\"(min-width: 768px)\" srcset=\"https:\/\/www.lanacion.com.ar\/resizer\/v2\/patricia-bullrich-senadora-de-S5NSJPFJEZADRGEUGCKROOUNG4.png?auth=3c0183434fed3b647fd03986c97fa331808a4b31a0b176bb42c8ca17f993e3fd&amp;width=780&amp;height=520&amp;quality=70&amp;smart=true\"><\/source><img class=\"image com-image flex --cover\" decoding=\"async\" fetchpriority=\"low\" loading=\"lazy\" src=\"https:\/\/www.lanacion.com.ar\/resizer\/v2\/patricia-bullrich-senadora-de-S5NSJPFJEZADRGEUGCKROOUNG4.png?auth=3c0183434fed3b647fd03986c97fa331808a4b31a0b176bb42c8ca17f993e3fd&amp;width=420&amp;height=280&amp;quality=70&amp;smart=true\" width=\"2000\" alt=\"Patricia Bullrich, senadora de LLA\" height=\"1333\"><\/picture><\/div>\n<\/div><figcaption class=\"mod-figcaption\"><span class=\"com-text --caption --twoxs\">Patricia Bullrich, senadora de LLA<\/span><\/figcaption><\/figure>\n<\/section>\n<\/div>\n<div class=\"ln-banner-container --no-app --middle_2_dsk\">\n<div id=\"middle_2_dsk\" class=\"ln-banner\" data-slot-group=\"nota\" data-device=\"desktop\" data-subscription=\"true\" data-ad-unit-path=\"\/133919216\/campo_desktop\/Nota\/middle_2_dsk\" data-targeting='{\"sitio\":\"lanacion\",\"seccion\":\"nota\"}' data-without-hide=\"true\" data-size=\"[[1,1],[728,90]]\" data-sizemap=\"[]\" data-prebid-enabled=\"true\"><\/div>\n<\/div>\n<p class=\"com-paragraph --s text-left\">Con el nuevo r\u00e9gimen, <strong>el biodi\u00e9sel mantendr\u00eda inicialmente el<\/strong> <strong>7,5%<\/strong>, pero <strong>a los 12 meses de la sanci\u00f3n de la ley el corte obligatorio pasar\u00e1 al 10%<\/strong>. En el caso del bioetanol ocurrir\u00e1 algo similar: partir\u00eda del <strong>12% actual y llegar\u00eda al 15% despu\u00e9s del primer a\u00f1o<\/strong>. En <strong>bioetanol<\/strong>, el acuerdo alcanzado establece que, dentro del <strong>15%<\/strong>, se mantendr\u00eda <strong>6% para el producto elaborado a partir de ca\u00f1a de az\u00facar y otro 6% para el de ma\u00edz<\/strong>. El otro <strong>3% quedar\u00e1 abierto a la competencia<\/strong>, sin una asignaci\u00f3n predeterminada por materia prima. Adem\u00e1s, \u201cpara<strong> evitar posiciones dominantes, ninguna empresa podr\u00e1 concentrar m\u00e1s del volumen correspondiente<\/strong>\u201d.<\/p>\n<div class=\"ln-banner-container --no-app --caja3_mob\">\n<div id=\"caja3_mob\" class=\"ln-banner\" data-slot-group=\"nota\" data-device=\"mobile\" data-subscription=\"false\" data-ad-unit-path=\"\/133919216\/campo_mobile\/Nota\/caja3_mob\" data-targeting='{\"sitio\":\"lanacion\",\"seccion\":\"nota\"}' data-without-hide=\"true\" data-size=\"[[320,100],[300,250],[1,1],[300,450],[360,270]]\" data-sizemap=\"[]\" data-prebid-enabled=\"true\"><\/div>\n<\/div>\n<div class=\"ln-banner-container --no-app --middle_2_tab\">\n<div id=\"middle_2_tab\" class=\"ln-banner\" data-slot-group=\"nota\" data-device=\"tablet\" data-subscription=\"false\" data-ad-unit-path=\"\/133919216\/campo_tablet\/Nota\/middle_2_tab\" data-targeting='{\"sitio\":\"lanacion\",\"seccion\":\"nota\"}' data-without-hide=\"true\" data-size=\"[[728,90],[640,480],[468,60],[1,1]]\" data-sizemap=\"[]\" data-prebid-enabled=\"true\"><\/div>\n<\/div>\n<p class=\"com-paragraph --s text-left\">En el <strong>biodi\u00e9sel<\/strong>, en cambio, <strong>se estableci\u00f3 una transici\u00f3n m\u00e1s extensa. Las pymes no integradas \u2014es decir, aquellas que no forman parte de grupos econ\u00f3micos que poseen f\u00e1bricas de aceites vegetales y harinas proteicas<\/strong>\u2014 mantendr\u00e1n inicialmente la totalidad del corte obligatorio del <strong>7,5%<\/strong>.<\/p>\n<p class=\"com-paragraph --s text-left\"><strong>El punto de partida ser\u00e1 el actual corte del 7,5%, que durante esa primera etapa quedar\u00e1 \u00edntegramente en manos de las no integradas<\/strong>. Cuando, transcurridos 12 meses<strong>, el corte total suba al 10%<\/strong>, las pymes tendr\u00e1n reservado el equivalente al <strong>6,5%<\/strong> mientras que los otros <strong>3,5%<\/strong> quedar\u00e1n dentro de un segmento de negociaci\u00f3n en el que podr\u00e1n participar tanto empresas integradas como no integradas.<\/p>\n<p class=\"com-paragraph --s text-left\">La participaci\u00f3n protegida ir\u00e1 disminuyendo paulatinamente: en <strong>2029, las no integradas tendr\u00e1n 5,5% del corte <\/strong>y otros <strong>4,5%<\/strong> quedar\u00e1n en el mercado abierto; en <strong>2030<\/strong>, el reparto ser\u00e1 de <strong>5% y 5%<\/strong>, respectivamente. Finalmente, desde el <strong>1\u00b0 de enero de 2031 y hasta fines de 2035<\/strong>, las pymes conservar\u00e1n <strong>3 puntos porcentuales<\/strong>, mientras que los otros <strong>7 puntos del corte obligatorio del 10%<\/strong> quedar\u00e1n sujetos al segmento de mayor competencia. <\/p>\n<div class=\"ln-banner-container --no-app --caja4_mob\">\n<div id=\"caja4_mob\" class=\"ln-banner\" data-slot-group=\"nota\" data-device=\"mobile\" data-subscription=\"false\" data-ad-unit-path=\"\/133919216\/campo_mobile\/Nota\/caja4_mob\" data-targeting='{\"sitio\":\"lanacion\",\"seccion\":\"nota\"}' data-without-hide=\"true\" data-size=\"[[320,100],[300,250],[1,1]]\" data-sizemap=\"[]\" data-prebid-enabled=\"true\"><\/div>\n<\/div>\n<p class=\"com-paragraph --s text-left\">Precisamente, uno de los puntos que concentr\u00f3 las negociaciones de las \u00faltimas semanas fue <strong>c\u00f3mo evitar que esa apertura terminara desplazando a las empresas pymes<\/strong>, particularmente aquellas ubicadas lejos de los principales centros industriales y portuarios. \u201cAh\u00ed se<strong> acot\u00f3 a 10% lo que puede tomar cada empresa dentro del cupo para no integradas. Al mantener oferta equilibrada en funci\u00f3n de la ley actual, entendemos que da m\u00e1s chances de sostenerse, sobre todo a las que est\u00e1n a m\u00e1s distancia<\/strong>\u201d, explic\u00f3 a <strong>LA NACION<\/strong> el senador <strong>Pablo Cervi<\/strong>. Seg\u00fan se\u00f1al\u00f3, a ese mecanismo se suma el mantenimiento de los <strong>tres puntos de corte para las no integradas hasta fines de 2035<\/strong>. A partir del 1\u00b0 de enero de 2036 termina esa transici\u00f3n. <\/p>\n<div class=\"content-media\">\n<section role=\"button\" class=\"mod-media   \">\n<figure role=\"button\" tabindex=\"0\" class=\"mod-figure \">\n<div class=\"placeholder \">\n<div class=\"com-image\"><picture><source media=\"(min-width: 768px)\" srcset=\"https:\/\/www.lanacion.com.ar\/resizer\/v2\/pablo-cervi-senador-de-THPWR3F3SJHFFAI57LL44V45J4.png?auth=a2886705be00eeb95a8705e2614c8c05bb420f58e6a8e1c3d512e811768642d4&amp;width=780&amp;height=520&amp;quality=70&amp;smart=true\"><\/source><img class=\"image com-image flex --cover\" decoding=\"async\" fetchpriority=\"low\" loading=\"lazy\" src=\"https:\/\/www.lanacion.com.ar\/resizer\/v2\/pablo-cervi-senador-de-THPWR3F3SJHFFAI57LL44V45J4.png?auth=a2886705be00eeb95a8705e2614c8c05bb420f58e6a8e1c3d512e811768642d4&amp;width=420&amp;height=280&amp;quality=70&amp;smart=true\" width=\"2000\" alt=\"Pablo Cervi, senador de LLA\" height=\"1333\"><\/picture><\/div>\n<\/div><figcaption class=\"mod-figcaption\"><span class=\"com-text --caption --twoxs\">Pablo Cervi, senador de LLA<\/span><\/figcaption><\/figure>\n<\/section>\n<\/div>\n<div class=\"ln-banner-container --no-app --caja6_mob\">\n<div id=\"caja6_mob\" class=\"ln-banner\" data-slot-group=\"nota\" data-device=\"mobile\" data-subscription=\"false\" data-ad-unit-path=\"\/133919216\/campo_mobile\/Nota\/caja6_mob\" data-targeting='{\"sitio\":\"lanacion\",\"seccion\":\"nota\"}' data-without-hide=\"true\" data-size=\"[[300,250],[230,50],[300,450],[1,1],[320,100]]\" data-sizemap=\"[]\" data-prebid-enabled=\"true\"><\/div>\n<\/div>\n<p class=\"com-paragraph --s text-left\">Tambi\u00e9n se incorpora una regla para evitar la concentraci\u00f3n: <strong>ninguna empresa elaboradora podr\u00e1 superar el 20% del total del bioetanol comercializado anualmente para el corte obligatorio<\/strong>.<\/p>\n<div data-tw=\"true\" style=\"display:contents\">\n<h2 class=\"font-primary font-w-bold text-subheading-lg text-left container-center-100 mb-8\"><span>Repercusiones<\/span><\/h2>\n<\/div>\n<p class=\"com-paragraph --s text-left\"><strong>Patrick Adam, <\/strong>presidente de la<strong> C\u00e1mara de Bioetanol de Ma\u00edz,<\/strong> consider\u00f3 que el dictamen representa \u201c<strong>un paso muy importante en la direcci\u00f3n correcta, porque brinda previsibilidad y crea un marco adecuado para invertir, producir y crecer<\/strong>\u201d y destac\u00f3 que fue resultado de \u201c<strong>un trabajo colectivo en el que se escucharon y tuvieron en cuenta las distintas voces y realidades del sector<\/strong>\u201d. <\/p>\n<div class=\"ln-banner-container --no-app --caja7_mob\">\n<div id=\"caja7_mob\" class=\"ln-banner\" data-slot-group=\"nota\" data-device=\"mobile\" data-subscription=\"true\" data-ad-unit-path=\"\/133919216\/campo_mobile\/Nota\/caja7_mob\" data-targeting='{\"sitio\":\"lanacion\",\"seccion\":\"nota\"}' data-without-hide=\"true\" data-size=\"[[300,250],[320,50],[300,450],[1,1],[320,100]]\" data-sizemap=\"[]\" data-prebid-enabled=\"true\"><\/div>\n<\/div>\n<p class=\"com-paragraph --s text-left\">A su vez, cuestion\u00f3 el r\u00e9gimen vigente, al que calific\u00f3 como un esquema \u201c<strong>cerrado e hiperregulado<\/strong>\u201d que, con el tiempo, \u201c<strong>termin\u00f3 convirti\u00e9ndose en un verdadero cepo a la producci\u00f3n y a la inversi\u00f3n<\/strong>\u201d. \u201c<strong>Tenemos la expectativa de que, en breve, el proyecto pueda obtener media sanci\u00f3n y que la Argentina avance definitivamente hacia una pol\u00edtica de biocombustibles que permita liberar todo su potencial productivo<\/strong>\u201d, agreg\u00f3.<\/p>\n<p class=\"com-paragraph --s\">Desde la <strong>C\u00e1mara de Empresas Pymes Regionales Elaboradoras de Biocombustibles (Cepreb)<\/strong> cuestionaron con dureza el dictamen. <strong>Federico Martelli<\/strong>, referente de la entidad, afirm\u00f3: <strong>\u201cRechazamos el dictamen de LLA. <\/strong>Las concesiones que se hicieron para conseguir la firma de los aliados no cambian el fondo del problema: las plantas regionales van a quebrar de todos modos, porque se achica la participaci\u00f3n en el mercado, que baja de 7,5% a 3%, y no hay criterios de regionalidad para segmentar\u201d. Y agreg\u00f3: \u201cEsperamos que los senadores no convaliden esto en el recinto. No se puede hacer una Ley de Biocombustibles contra las provincias que hacen biodi\u00e9sel\u201d.<\/p>\n<div class=\"ln-banner-container --no-app --caja8_mob\">\n<div id=\"caja8_mob\" class=\"ln-banner\" data-slot-group=\"nota\" data-device=\"mobile\" data-subscription=\"true\" data-ad-unit-path=\"\/133919216\/campo_mobile\/Nota\/caja8_mob\" data-targeting='{\"sitio\":\"lanacion\",\"seccion\":\"nota\"}' data-without-hide=\"true\" data-size=\"[[300,250],[320,50],[300,450],[1,1],[320,100]]\" data-sizemap=\"[]\" data-prebid-enabled=\"true\"><\/div>\n<\/div>\n<div class=\"content-media\">\n<section role=\"button\" class=\"mod-media   \">\n<figure role=\"button\" tabindex=\"0\" class=\"mod-figure \">\n<div class=\"placeholder \">\n<div class=\"com-image\"><picture><source media=\"(min-width: 768px)\" srcset=\"https:\/\/www.lanacion.com.ar\/resizer\/v2\/patrick-adam-director-ejecutivo-de-la-camara-de-EV76WYXW7FG5ZP27PN3L6BW2KM.jpeg?auth=d063de1ad8f2cacfb85a9cb9f2d0bfb13f6677d5767f2083a0b2729c45be69a0&amp;width=780&amp;height=585&amp;quality=70&amp;smart=true\"><\/source><img class=\"image com-image flex --cover\" decoding=\"async\" fetchpriority=\"low\" loading=\"lazy\" src=\"https:\/\/www.lanacion.com.ar\/resizer\/v2\/patrick-adam-director-ejecutivo-de-la-camara-de-EV76WYXW7FG5ZP27PN3L6BW2KM.jpeg?auth=d063de1ad8f2cacfb85a9cb9f2d0bfb13f6677d5767f2083a0b2729c45be69a0&amp;width=420&amp;height=315&amp;quality=70&amp;smart=true\" width=\"432\" alt=\"Patrick Adam, director ejecutivo de la C\u00e1mara de Bioetanol de Ma\u00edz\" height=\"324\"><\/picture><\/div>\n<\/div><figcaption class=\"mod-figcaption\"><span class=\"com-text --caption --twoxs\">Patrick Adam, director ejecutivo de la C\u00e1mara de Bioetanol de Ma\u00edz<\/span><\/figcaption><\/figure>\n<\/section>\n<\/div>\n<p class=\"com-paragraph --s\">Martelli tambi\u00e9n cuestion\u00f3 la representatividad pol\u00edtica del acuerdo alcanzado en comisi\u00f3n. \u201c<strong>Sale dictamen sin la firma de ning\u00fan senador de Buenos Aires, Santa Fe, La Pampa, Entre R\u00edos y San Luis, y sin el apoyo de ning\u00fan gobernador de las provincias productoras. Es inaceptable legislar de esta manera<\/strong>\u201d, sostuvo.<\/p>\n<div class=\"ln-banner-container --no-app --caja9_mob\">\n<div id=\"caja9_mob\" class=\"ln-banner\" data-slot-group=\"nota\" data-device=\"mobile\" data-subscription=\"true\" data-ad-unit-path=\"\/133919216\/campo_mobile\/Nota\/caja9_mob\" data-targeting='{\"sitio\":\"lanacion\",\"seccion\":\"nota\"}' data-without-hide=\"true\" data-size=\"[[300,250],[320,50],[300,450],[1,1],[320,100]]\" data-sizemap=\"[]\" data-prebid-enabled=\"true\"><\/div>\n<\/div>\n<p class=\"com-paragraph --s\">Desde la <strong>C\u00e1mara de la Industria Aceitera de la Rep\u00fablica Argentina (Ciara)<\/strong> se\u00f1alaron que el dictamen alcanzado en las comisiones \u201c<strong>refleja los acuerdos alcanzados por los senadores que representan el inter\u00e9s de sus provincias<\/strong>\u201d y destacaron que apunta a promover \u201c<strong>una nueva ley que permita ingresar a competir a todas las empresas de biodi\u00e9sel que est\u00e1n instaladas en el pa\u00eds<\/strong>\u201d.<\/p>\n<p class=\"com-paragraph --s\">Desde la <strong>C\u00e1mara Argentina de Biocombustibles (Carbio)<\/strong> consideraron que el dictamen representa \u201c<strong>un importante avance<\/strong>\u201d. Si bien se\u00f1alaron que \u201c<strong>hay puntos que esper\u00e1bamos diferentes<\/strong>\u201d, entendieron que el texto final \u201c<strong>es fruto de la negociaci\u00f3n pol\u00edtica<\/strong>\u201d y remarcaron que lo central es avanzar hacia un cambio de r\u00e9gimen. \u201c<strong>Lo fundamental es que finalmente cambiemos una ley muy mala por una que generar\u00e1 competencia, mejores precios para el consumidor e inversiones, dejando abierto el mercado para todos<\/strong>\u201d, indicaron.<\/p>\n<p class=\"com-paragraph --s\">Desde la <strong>C\u00e1mara Santafesina de Energ\u00edas Renovables (Casfer)<\/strong>, su presidente, <strong>Marcelo Kusznierz<\/strong>, sostuvo que el dictamen representa \u201c<strong>un avance ante la intransigencia demostrada en contra del sector del biodi\u00e9sel al inicio del tratamiento en comisi\u00f3n<\/strong>\u201d, cuando, seg\u00fan se\u00f1al\u00f3, se planteaba \u201c<strong>un proyecto con ganadores y perdedores<\/strong>\u201d. \u201c<strong>Toda pol\u00edtica p\u00fablica debe definir escenarios; lo que no puede ser es discriminatoria. Hoy podemos decir que hay un dictamen mejorado respecto del proyecto original de Bullrich o de Daniel Gonz\u00e1lez y que es una buena base para ajustar detalles en el recinto<\/strong>\u201d, afirm\u00f3.<\/p>\n<div class=\"content-media\">\n<section role=\"button\" class=\"mod-media   \">\n<figure role=\"button\" tabindex=\"0\" class=\"mod-figure \">\n<div class=\"placeholder \">\n<div class=\"com-image\"><picture><source media=\"(min-width: 768px)\" srcset=\"https:\/\/www.lanacion.com.ar\/resizer\/v2\/marcelo-kusznierz-presidente-de-la-camara-6XFYMQXB5BBOPFH7F4EVTURAMQ.jpeg?auth=c90b9f53a509a28ace40f6d10e216b758154ebf4a536a4e568dc44883a797277&amp;width=780&amp;height=585&amp;quality=70&amp;smart=true\"><\/source><img class=\"image com-image flex --cover\" decoding=\"async\" fetchpriority=\"low\" loading=\"lazy\" src=\"https:\/\/www.lanacion.com.ar\/resizer\/v2\/marcelo-kusznierz-presidente-de-la-camara-6XFYMQXB5BBOPFH7F4EVTURAMQ.jpeg?auth=c90b9f53a509a28ace40f6d10e216b758154ebf4a536a4e568dc44883a797277&amp;width=420&amp;height=315&amp;quality=70&amp;smart=true\" width=\"804\" alt=\"Marcelo Kusznierz, presidente de la C\u00e1mara Santafesina de Energ\u00edas Renovables (Casfer)\" height=\"603\"><\/picture><\/div>\n<\/div><figcaption class=\"mod-figcaption\"><span class=\"com-text --caption --twoxs\">Marcelo Kusznierz, presidente de la C\u00e1mara Santafesina de Energ\u00edas Renovables (Casfer)<\/span><span class=\"com-text --credit --twoxs\">Gentileza<\/span><\/figcaption><\/figure>\n<\/section>\n<\/div>\n<p class=\"com-paragraph --s\">Entre esos cambios, Kusznierz plante\u00f3 que, dado que <strong>la segmentaci\u00f3n entre empresas integradas y no integradas se mantendr\u00e1 solo hasta 2036<\/strong>, el porcentaje reservado para estas \u00faltimas deber\u00eda ser del <strong>6% y no del 3%<\/strong>. Tambi\u00e9n reclam\u00f3 \u201c<strong>incluir claramente en el proyecto al biodi\u00e9sel de segunda generaci\u00f3n y su doble conteo<\/strong>\u201d, al remarcar que la tecnolog\u00eda para producirlo ya existe en la Argentina. \u201c<strong>Si no se incluye, esta ley \u2018nueva\u2019 nacer\u00e1 vieja y desactualizada<\/strong>\u201d, advirti\u00f3, y agreg\u00f3 que habilitar esos desarrollos permitir\u00eda a la industria \u201c<strong>reconvertirse<\/strong>\u201d, como propone Bullrich.<\/p>\n<div class=\"ln-banner-container --no-app --caja5_mob\">\n<div id=\"caja5_mob\" class=\"ln-banner\" data-slot-group=\"nota\" data-device=\"mobile\" data-subscription=\"false\" data-ad-unit-path=\"\/133919216\/campo_mobile\/Nota\/caja5_mob\" data-targeting='{\"sitio\":\"lanacion\",\"seccion\":\"nota\"}' data-without-hide=\"true\" data-size='[[320,100],[300,250],[1,1],[\" fluid\"]]' data-sizemap=\"[]\" data-prebid-enabled=\"true\"><\/div>\n<\/div>\n<div data-fusion-lazy-id=\"f0fLHi7Wfcy22C4\"><\/div>\n<div class=\"ln-banner-container --no-app --middle_3_dsk\">\n<div id=\"middle_3_dsk\" class=\"ln-banner\" data-slot-group=\"nota\" data-device=\"desktop\" data-subscription=\"true\" data-ad-unit-path=\"\/133919216\/campo_desktop\/Nota\/middle_3_dsk\" data-targeting='{\"sitio\":\"lanacion\",\"seccion\":\"nota\"}' data-without-hide=\"true\" data-size=\"[[1,1],[728,90],[640,360],[728,360]]\" data-sizemap=\"[]\" data-prebid-enabled=\"true\"><\/div>\n<\/div>\n<\/div>\n","protected":false},"excerpt":{"rendered":"<p>El plenario de las comisiones de Miner\u00eda, Energ\u00eda y Combustibles y de Presupuesto y Hacienda del Senado emiti\u00f3 este jueves dictamen sobre el proyecto de nuevo marco regulatorio de los biocombustibles, una iniciativa que plantea elevar los porcentajes obligatorios de mezcla de biodi\u00e9sel y bioetanol y, al mismo tiempo, avanzar hacia un mercado con mayor [&hellip;]<\/p>\n","protected":false},"author":1,"featured_media":24951,"comment_status":"open","ping_status":"open","sticky":false,"template":"","format":"standard","meta":{"footnotes":""},"categories":[1],"tags":[],"class_list":["post-24950","post","type-post","status-publish","format-standard","has-post-thumbnail","hentry","category-uncategorized"],"_links":{"self":[{"href":"https:\/\/cliente1.publisher.highstack.com.ar\/index.php?rest_route=\/wp\/v2\/posts\/24950","targetHints":{"allow":["GET"]}}],"collection":[{"href":"https:\/\/cliente1.publisher.highstack.com.ar\/index.php?rest_route=\/wp\/v2\/posts"}],"about":[{"href":"https:\/\/cliente1.publisher.highstack.com.ar\/index.php?rest_route=\/wp\/v2\/types\/post"}],"author":[{"embeddable":true,"href":"https:\/\/cliente1.publisher.highstack.com.ar\/index.php?rest_route=\/wp\/v2\/users\/1"}],"replies":[{"embeddable":true,"href":"https:\/\/cliente1.publisher.highstack.com.ar\/index.php?rest_route=%2Fwp%2Fv2%2Fcomments&post=24950"}],"version-history":[{"count":0,"href":"https:\/\/cliente1.publisher.highstack.com.ar\/index.php?rest_route=\/wp\/v2\/posts\/24950\/revisions"}],"wp:featuredmedia":[{"embeddable":true,"href":"https:\/\/cliente1.publisher.highstack.com.ar\/index.php?rest_route=\/wp\/v2\/media\/24951"}],"wp:attachment":[{"href":"https:\/\/cliente1.publisher.highstack.com.ar\/index.php?rest_route=%2Fwp%2Fv2%2Fmedia&parent=24950"}],"wp:term":[{"taxonomy":"category","embeddable":true,"href":"https:\/\/cliente1.publisher.highstack.com.ar\/index.php?rest_route=%2Fwp%2Fv2%2Fcategories&post=24950"},{"taxonomy":"post_tag","embeddable":true,"href":"https:\/\/cliente1.publisher.highstack.com.ar\/index.php?rest_route=%2Fwp%2Fv2%2Ftags&post=24950"}],"curies":[{"name":"wp","href":"https:\/\/api.w.org\/{rel}","templated":true}]}}