{"id":24948,"date":"2026-09-03T18:46:34","date_gmt":"2026-09-03T21:46:34","guid":{"rendered":"https:\/\/cliente1.publisher.highstack.com.ar\/?p=24948"},"modified":"2026-09-03T18:46:34","modified_gmt":"2026-09-03T21:46:34","slug":"el-gobierno-de-kicillof-le-pidio-a-nacion-que-declare-feriado-el-dia-que-el-papa-leon-xiv-dara-su-misa-en-lujan","status":"publish","type":"post","link":"https:\/\/cliente1.publisher.highstack.com.ar\/?p=24948","title":{"rendered":"El gobierno de Kicillof le pidi\u00f3 a Naci\u00f3n que declare feriado el d\u00eda que el Papa Le\u00f3n XIV dar\u00e1 su misa en Luj\u00e1n"},"content":{"rendered":"<div class=\"visual__image image-initial-width\"><picture><source srcset=\"https:\/\/www.infobae.com\/resizer\/v2\/26PFSAMPVNGSPMQIVM6M2MQTYU.jpg?auth=b56736090a2de97be5fef90cf4fca195f8100cb71b39aef9255e0d7e34fc9419&amp;smart=true&amp;width=992&amp;height=558&amp;quality=85\" media=\"(min-width: 1000px)\"><\/source><source srcset=\"https:\/\/www.infobae.com\/resizer\/v2\/26PFSAMPVNGSPMQIVM6M2MQTYU.jpg?auth=b56736090a2de97be5fef90cf4fca195f8100cb71b39aef9255e0d7e34fc9419&amp;smart=true&amp;width=768&amp;height=432&amp;quality=85\" media=\"(min-width: 768px)\"><\/source><source srcset=\"https:\/\/www.infobae.com\/resizer\/v2\/26PFSAMPVNGSPMQIVM6M2MQTYU.jpg?auth=b56736090a2de97be5fef90cf4fca195f8100cb71b39aef9255e0d7e34fc9419&amp;smart=true&amp;width=577&amp;height=325&amp;quality=85\" media=\"(min-width: 580px)\"><\/source><source srcset=\"https:\/\/www.infobae.com\/resizer\/v2\/26PFSAMPVNGSPMQIVM6M2MQTYU.jpg?auth=b56736090a2de97be5fef90cf4fca195f8100cb71b39aef9255e0d7e34fc9419&amp;smart=true&amp;width=420&amp;height=236&amp;quality=85\" media=\"(min-width: 350px)\"><\/source><source srcset=\"https:\/\/www.infobae.com\/resizer\/v2\/26PFSAMPVNGSPMQIVM6M2MQTYU.jpg?auth=b56736090a2de97be5fef90cf4fca195f8100cb71b39aef9255e0d7e34fc9419&amp;smart=true&amp;width=350&amp;height=197&amp;quality=85\" media=\"(min-width: 80px)\"><\/source><img alt=\"reuni\u00f3n Kicillof coordinaci\u00f3n visita del Papa\" class=\"global-image\" decoding=\"async\" fetchpriority=\"high\" height=\"1080\" loading=\"eager\" src=\"https:\/\/www.infobae.com\/resizer\/v2\/26PFSAMPVNGSPMQIVM6M2MQTYU.jpg?auth=b56736090a2de97be5fef90cf4fca195f8100cb71b39aef9255e0d7e34fc9419&amp;smart=true&amp;width=350&amp;height=197&amp;quality=85\" width=\"1920\"><\/picture><\/div>\n<div class=\"sharebar-container display_flex sharebar-new\" style=\"opacity:1\">\n<div class=\"share-bar-article-date-container \"><span class=\"sharebar-article-date\">03 Sep, 2026 05:04 p. m. EST<\/span><\/div>\n<div class=\"sharebar-buttons-container display_flex\">\n<div aria-label=\"Guardar\" class=\"sharebar-buttons button-save\" role=\"button\" tabindex=\"0\"><svg width=\"9\" height=\"12\" viewbox=\"0 0 8 10\" fill=\"none\" xmlns=\"http:\/\/www.w3.org\/2000\/svg\" class=\"saved-icon saved\"><path d=\"M6.64286 0.5V9.31687L4.1116 7.16407L4.11106 7.16361C3.79894 6.89891 3.34392 6.89891 3.03179 7.16361L3.03126 7.16407L0.5 9.31687V0.5H6.64286Z\"><\/path><\/svg><span class=\"buttons-save-text\">Guardar<\/span><\/div>\n<div class=\"sharebar-buttons-separator\"><\/div>\n<p><button class=\"sharemenu-buttons display_flex\" aria-label=\"Compartir en Telegram\"><svg width=\"38\" height=\"38\" viewbox=\"0 0 38 38\" fill=\"none\" xmlns=\"http:\/\/www.w3.org\/2000\/svg\"><rect x=\"0.5\" y=\"0.5\" width=\"37\" height=\"37\" rx=\"18.5\" fill=\"white\"><\/rect><rect x=\"0.5\" y=\"0.5\" width=\"37\" height=\"37\" rx=\"18.5\" stroke=\"#C2C2C2\"><\/rect><path d=\"M24.9696 12.5511L10.3405 18.0494C10.0623 18.151 9.92701 18.4484 10.0398 18.7168C10.0999 18.8619 10.2277 18.9779 10.3856 19.0214L14.1068 20.0805L15.4975 24.3312C15.6028 24.6576 15.9636 24.839 16.2944 24.7374C16.3921 24.7084 16.4823 24.6504 16.5575 24.5778L18.482 22.6846L22.2558 25.354C22.6091 25.6006 23.0977 25.5281 23.3533 25.1872C23.421 25.1001 23.4661 24.9986 23.4887 24.897L25.9845 13.3707C26.0672 12.979 25.8116 12.5946 25.4056 12.5148C25.2628 12.4858 25.1124 12.5003 24.9771 12.5511M23.1429 15.1116L16.347 20.9147C16.2793 20.9727 16.2342 21.0525 16.2267 21.1395L15.9636 23.381C15.9636 23.4172 15.926 23.4462 15.8884 23.439C15.8583 23.439 15.8358 23.4172 15.8283 23.3955L14.7533 20.0442C14.7007 19.8919 14.7683 19.7251 14.9111 19.638L22.9399 14.836C23.0226 14.7852 23.1353 14.8142 23.1804 14.894C23.2255 14.9666 23.2105 15.0536 23.1504 15.1116\" fill=\"#555555\"><\/path><\/svg><\/button><button class=\"sharemenu-buttons display_flex\" aria-label=\"Compartir en Linkedin\"><svg width=\"38\" height=\"38\" viewbox=\"0 0 38 38\" fill=\"none\" xmlns=\"http:\/\/www.w3.org\/2000\/svg\"><rect x=\"0.5\" y=\"0.5\" width=\"37\" height=\"37\" rx=\"18.5\" fill=\"white\"><\/rect><rect x=\"0.5\" y=\"0.5\" width=\"37\" height=\"37\" rx=\"18.5\" stroke=\"#C2C2C2\"><\/rect><path d=\"M16.5556 27V16.2231H19.963V17.6949C20.0185 17.6368 20.0648 17.5787 20.1111 17.5206C20.8611 16.349 22.2037 15.739 23.537 15.981C25.3889 16.1359 26.8426 17.7046 26.9259 19.6411C26.9722 20.0478 27 20.4641 27 20.8708C27 22.817 27 24.7633 27 26.7095V26.9806H23.5741V26.6805C23.5741 24.8892 23.5741 23.0882 23.5741 21.2969C23.5741 20.8805 23.5278 20.4545 23.4259 20.0478C23.1945 19.1279 22.2963 18.5663 21.4074 18.8084C21.2037 18.8665 21 18.9633 20.8333 19.0989C20.3333 19.4281 20.0185 19.9897 19.9907 20.6094C19.9722 21.1419 19.9722 21.6842 19.9722 22.2167V26.9903H16.5648L16.5556 27ZM11.2222 27V16.2037H11.7407C12.6204 16.2037 13.5 16.2037 14.3796 16.2037C14.5833 16.2037 14.6482 16.2328 14.6482 16.4748V26.9903H11.2222V27ZM11.0093 12.8825C11.0093 11.8465 11.8055 11.0041 12.787 11.0041C12.8426 11.0041 12.8982 11.0041 12.9537 11.0041C13.9445 10.9363 14.7963 11.7206 14.8611 12.7567C14.8611 12.7954 14.8611 12.8438 14.8611 12.8825C14.8426 13.9283 14.0278 14.761 13.0278 14.7416C12.9907 14.7416 12.9537 14.7416 12.9259 14.7416H12.9074C11.9259 14.8191 11.0741 14.0445 11 13.0181C11 12.9697 11 12.931 11 12.8825H11.0093Z\" fill=\"#555555\"><\/path><\/svg><\/button><button class=\"sharemenu-buttons display_flex\" aria-label=\"Compartir en Twitter\"><svg width=\"38\" height=\"38\" viewbox=\"0 0 38 38\" fill=\"none\" xmlns=\"http:\/\/www.w3.org\/2000\/svg\"><rect x=\"0.5\" y=\"0.5\" width=\"37\" height=\"37\" rx=\"18.5\" fill=\"white\"><\/rect><rect x=\"0.5\" y=\"0.5\" width=\"37\" height=\"37\" rx=\"18.5\" stroke=\"#C2C2C2\"><\/rect><path d=\"M11.0391 11L17.2165 19.8249L11 27H12.399L17.8415 20.7182L22.2389 27H27L20.475 17.6786L26.2613 11H24.8623L19.85 16.7855L15.8001 11H11.0391ZM13.0965 12.101H15.2838L24.9423 25.8987H22.7551L13.0965 12.101Z\" fill=\"#555555\"><\/path><\/svg><\/button><button class=\"sharemenu-buttons display_flex\" aria-label=\"Compartir en Facebook\"><svg width=\"38\" height=\"38\" viewbox=\"0 0 38 38\" fill=\"none\" xmlns=\"http:\/\/www.w3.org\/2000\/svg\"><rect x=\"0.5\" y=\"0.5\" width=\"37\" height=\"37\" rx=\"18.5\" fill=\"white\"><\/rect><rect x=\"0.5\" y=\"0.5\" width=\"37\" height=\"37\" rx=\"18.5\" stroke=\"#C2C2C2\"><\/rect><path d=\"M17.3544 26.9921V18.9235H15V16.3346H17.3544V16.0805C17.3544 15.3816 17.3291 14.6748 17.3882 13.976C17.3882 12.8642 18.0633 11.8556 19.1266 11.3712C19.5232 11.1965 19.9452 11.0853 20.3755 11.0376C21.2532 10.9741 22.1308 10.99 23 11.0932V13.4201H22.7722C22.2743 13.4201 21.7848 13.4201 21.2869 13.436C20.73 13.4042 20.2489 13.8013 20.2152 14.3254C20.2152 14.373 20.2152 14.4128 20.2152 14.4604C20.1983 15.0481 20.2152 15.6357 20.2152 16.2234C20.2152 16.2552 20.2152 16.2949 20.2321 16.3267H22.9409C22.8228 17.2082 22.7046 18.0579 22.5865 18.9315H20.2236V27H17.3629L17.3544 26.9921Z\" fill=\"#555555\"><\/path><\/svg><\/button><button class=\"sharemenu-buttons display_flex\" aria-label=\"Compartir en Whatsapp\"><svg width=\"38\" height=\"38\" viewbox=\"0 0 38 38\" fill=\"none\" xmlns=\"http:\/\/www.w3.org\/2000\/svg\"><rect x=\"0.5\" y=\"0.5\" width=\"37\" height=\"37\" rx=\"18.5\" fill=\"white\"><\/rect><rect x=\"0.5\" y=\"0.5\" width=\"37\" height=\"37\" rx=\"18.5\" stroke=\"#C2C2C2\"><\/rect><path d=\"M21.2863 19.9439C21.0997 19.8551 20.9664 19.9262 20.8419 20.0861C20.6731 20.3261 20.4687 20.5483 20.2909 20.7794C20.1665 20.9393 20.0243 20.9749 19.8376 20.8949C18.6645 20.4239 17.7757 19.6506 17.1269 18.5841C17.0292 18.4242 17.038 18.2997 17.1536 18.1575C17.3225 17.9531 17.4824 17.7576 17.6157 17.5354C17.678 17.4287 17.7135 17.2599 17.678 17.1532C17.4735 16.6111 17.2425 16.0867 17.0114 15.5535C16.9669 15.4557 16.8781 15.3313 16.7892 15.3224C16.4248 15.2602 16.0426 15.1891 15.7316 15.4912C15.1094 16.0778 14.8784 16.7977 15.0383 17.6243C15.1805 18.3619 15.5983 18.9663 16.0426 19.5618C16.887 20.6638 17.8646 21.6237 19.1622 22.1925C19.7932 22.4769 20.4331 22.7613 21.1441 22.7613C21.2685 22.7613 21.393 22.7613 21.5085 22.7346C22.4506 22.5391 23.1172 22.0058 23.0816 21.0193C23.0816 20.9216 23.0194 20.7794 22.9483 20.7438C22.3973 20.4594 21.8462 20.2017 21.2863 19.9439Z\" fill=\"#555555\"><\/path><path d=\"M26.9482 17.8724C26.3972 13.4642 22.1401 10.3447 17.7229 11.1179C12.6481 11.9977 9.71521 17.2859 11.6883 21.9963C12.1948 22.6629 12.0615 23.3472 11.8216 24.0849C11.5105 25.027 11.2794 26.0046 11.0039 27C11.1194 26.9733 11.1994 26.9644 11.2794 26.9378C12.5059 26.6178 13.7324 26.3068 14.9411 25.9868C15.1544 25.9335 15.3144 25.9602 15.5099 26.0579C17.1719 26.8667 18.9227 27.0978 20.718 26.7067C24.833 25.7913 27.4548 22.0496 26.9305 17.8902L26.9482 17.8724ZM20.0515 25.4624C18.4784 25.7113 17.003 25.3913 15.6166 24.6003C15.5099 24.5381 15.3411 24.5115 15.2077 24.547C14.4612 24.7248 13.7146 24.9292 12.9147 25.1336C13.1192 24.3693 13.3058 23.6672 13.5102 22.9473C13.5635 22.7606 13.5369 22.6273 13.4391 22.4673C11.0039 18.5479 13.1014 13.5442 17.6163 12.5043C21.2868 11.6511 25.0285 14.1841 25.5884 17.908C26.1395 21.5519 23.6954 24.8936 20.0515 25.4624Z\" fill=\"#555555\"><\/path><\/svg><\/button><\/div>\n<\/div>\n<p class=\"paragraph\" data-paragraph-number=\"1\">La visita del papa Le\u00f3n XIV activ\u00f3 una serie de reuniones entre distintos estamentos para definir la log\u00edstica de su paso por Argentina y, puntualmente, en territorio bonaerense, donde cerrar\u00e1 su estad\u00eda con una misa en la plaza Belgrano en las afueras de la Bas\u00edlica Nuestra Se\u00f1ora de Luj\u00e1n, el pr\u00f3ximo 11 de noviembre. Desde el gobierno de la provincia de Buenos Aires,<b> pidieron a la Naci\u00f3n que decrete feriado para facilitar el traslado de los feligreses a la ciudad conocida como la Capital de la Fe.<\/b> <\/p>\n<div class=\"marfeel-recommender marfeel-recommender-1\"><\/div>\n<p class=\"paragraph\" data-paragraph-number=\"2\">El gobernador de la provincia de Buenos Aires,<b> Axel Kicillof<\/b>, recibi\u00f3 este jueves a referentes de la Iglesia cat\u00f3lica, parte de su gabinete y a un grupo de intendentes para coordinar, primero, <a href=\"https:\/\/www.infobae.com\/politica\/2026\/09\/01\/avanza-la-organizacion-de-la-visita-del-papa-leon-xiv-que-dejaron-las-reuniones-en-cordoba-y-buenos-aires\/\" target=\"_blank\" rel=\"noreferrer\" title=\"https:\/\/www.infobae.com\/politica\/2026\/09\/01\/avanza-la-organizacion-de-la-visita-del-papa-leon-xiv-que-dejaron-las-reuniones-en-cordoba-y-buenos-aires\/\">la masiva procesi\u00f3n a la bas\u00edlica de Luj\u00e1n el pr\u00f3ximo 3 de octubre y luego mantuvo otro encuentro referido a la visita del Papa Le\u00f3n XIV a Argentina. <\/a><\/p>\n<div class=\"inline ad-wrapper dfpAd ad-inline ad-text ad-component-container\" style=\"--ad-shell-height:250px;--ad-shell-width:300px\" data-ad-wrapper=\"arcad\" data-ad-type=\"inline\" data-ad-slot=\"infobae\/politica\/nota\/inline\" data-ad-container=\"dfp\" data-ad-slot-name=\"infobae\/politica\/nota\/inline\">\n<p class=\"ad-shell-label\">PUBLICIDAD<\/p>\n<div id=\"infobae\/politica\/nota\/inline\" class=\"infobae\/politica\/nota\/inline arcad ad-slot-node ad-slot-node--boxed\" data-ad-slot-id=\"infobae\/politica\/nota\/inline\"><\/div>\n<\/div>\n<p class=\"paragraph\" data-paragraph-number=\"3\">\u201cLo que trae esta peregrinaci\u00f3n como mensaje central es la construcci\u00f3n de hermandad, fraternidad, comunidad de un pueblo. Un pueblo de fe que construye desde ese lugar profundos lazos de hermandad en un mundo que parece que va para otro lado\u201d, dijo<b> \u00c1lvarez Rodr\u00edguez<\/b> sobre la peregrinaci\u00f3n que ser\u00e1 el mes que viene. Esta vez la procesi\u00f3n cobra m\u00e1s centralidad ya que ser\u00e1 la antesala de la visita de Le\u00f3n XIV. <\/p>\n<div class=\"marfeel-recommender marfeel-recommender-3\"><\/div>\n<p class=\"paragraph\" data-paragraph-number=\"4\">En su itinerario, las actividades de la m\u00e1xima autoridad de la Iglesia cat\u00f3lica tendr\u00e1n paso<a rel=\"noopener noreferrer\" href=\"https:\/\/www.infobae.com\/politica\/2026\/09\/03\/de-la-basilica-de-lujan-al-cottolengo-don-orione-la-comitiva-del-papa-leon-xiv-recorrio-las-sedes-de-la-visita\/\" target=\"_blank\" title=\"https:\/\/www.infobae.com\/politica\/2026\/09\/03\/de-la-basilica-de-lujan-al-cottolengo-don-orione-la-comitiva-del-papa-leon-xiv-recorrio-las-sedes-de-la-visita\/\"> por dos puntos de la provincia de Buenos Aires<\/a>, como lo son la propia localidad de Luj\u00e1n y el Cottolengo Don Orione, en Burzaco, partido de Almirante Brown. <\/p>\n<div class=\"inline_2 ad-wrapper dfpAd ad-inline ad-text ad-component-container\" style=\"--ad-shell-height:250px;--ad-shell-width:300px\" data-ad-wrapper=\"arcad\" data-ad-type=\"inline_2\" data-ad-slot=\"infobae\/politica\/nota\/inline_2\" data-ad-container=\"dfp\" data-ad-slot-name=\"infobae\/politica\/nota\/inline_2\">\n<p class=\"ad-shell-label\">PUBLICIDAD<\/p>\n<div id=\"infobae\/politica\/nota\/inline_2\" class=\"infobae\/politica\/nota\/inline_2 arcad ad-slot-node ad-slot-node--boxed\" data-ad-slot-id=\"infobae\/politica\/nota\/inline_2\"><\/div>\n<\/div>\n<p class=\"paragraph\" data-paragraph-number=\"5\">En lo que respecta a la estad\u00eda de Le\u00f3n XIV, la administraci\u00f3n de Kicillof viene coordinando con el gobierno nacional a partir de los ministerios de Seguridad de ambas jurisdicciones c\u00f3mo ser\u00e1 el operativo. \u201cDebe ser la \u00fanica relaci\u00f3n de gesti\u00f3n que funciona con Naci\u00f3n\u201d, admite un dirigente de PBA que sigue de cerca ese v\u00ednculo y destaca el di\u00e1logo entre<b> Alejandra Monteoliva<\/b> y el encargado de la seguridad bonaerense,<b> Javier Alonso.<\/b> <\/p>\n<div class=\"marfeel-recommender marfeel-recommender-5\"><\/div>\n<div class=\"visual__image\"><picture><source srcset=\"https:\/\/www.infobae.com\/resizer\/v2\/CZ4WFSRCNVG6BM6KVMXPKON6HQ.jpg?auth=072a739811b01efb798c9087b797985721da739d86c870c94e5960b4690c8daa&amp;smart=true&amp;width=992&amp;height=558&amp;quality=85\" media=\"(min-width: 1000px)\"><\/source><source srcset=\"https:\/\/www.infobae.com\/resizer\/v2\/CZ4WFSRCNVG6BM6KVMXPKON6HQ.jpg?auth=072a739811b01efb798c9087b797985721da739d86c870c94e5960b4690c8daa&amp;smart=true&amp;width=768&amp;height=432&amp;quality=85\" media=\"(min-width: 768px)\"><\/source><source srcset=\"https:\/\/www.infobae.com\/resizer\/v2\/CZ4WFSRCNVG6BM6KVMXPKON6HQ.jpg?auth=072a739811b01efb798c9087b797985721da739d86c870c94e5960b4690c8daa&amp;smart=true&amp;width=577&amp;height=325&amp;quality=85\" media=\"(min-width: 580px)\"><\/source><source srcset=\"https:\/\/www.infobae.com\/resizer\/v2\/CZ4WFSRCNVG6BM6KVMXPKON6HQ.jpg?auth=072a739811b01efb798c9087b797985721da739d86c870c94e5960b4690c8daa&amp;smart=true&amp;width=420&amp;height=236&amp;quality=85\" media=\"(min-width: 350px)\"><\/source><source srcset=\"https:\/\/www.infobae.com\/resizer\/v2\/CZ4WFSRCNVG6BM6KVMXPKON6HQ.jpg?auth=072a739811b01efb798c9087b797985721da739d86c870c94e5960b4690c8daa&amp;smart=true&amp;width=350&amp;height=197&amp;quality=85\" media=\"(min-width: 80px)\"><\/source><img alt=\"reuni\u00f3n Kicillof coordinaci\u00f3n visita del Papa\" class=\"global-image\" decoding=\"async\" fetchpriority=\"low\" height=\"1080\" loading=\"lazy\" src=\"https:\/\/www.infobae.com\/resizer\/v2\/CZ4WFSRCNVG6BM6KVMXPKON6HQ.jpg?auth=072a739811b01efb798c9087b797985721da739d86c870c94e5960b4690c8daa&amp;smart=true&amp;width=350&amp;height=197&amp;quality=85\" width=\"1920\"><\/picture><\/div>\n<p class=\"paragraph\" data-paragraph-number=\"6\">Quien lleva adelante el di\u00e1logo con la Iglesia de parte del gobierno bonaerense es la Jefa de Asesores del Gobierno, <b>Cristina \u00c1lvarez Rodr\u00edguez<\/b>. \u201cNosotros tenemos la instrucci\u00f3n de Axel desde el Ministerio de Seguridad, de Salud, de todas las \u00e1reas de articular con el gobierno nacional y lo estamos haciendo\u201d, dijo la funcionaria al salir de la reuni\u00f3n con Kicillof de la que tambi\u00e9n participaron, adem\u00e1s de Alonso, el ministro de Gobierno, <b>Carlos Bianco<\/b>; de Desarrollo de la Comunidad, <b>Andr\u00e9s Larroque<\/b>; el diputado provincial e intendente en uso de licencia de Almirante Brown, <b>Mariano Cascallares<\/b>; el rector de la Bas\u00edlica de Luj\u00e1n, el padre <b>Lucas Garc\u00eda<\/b>; el subsecretario de Culto bonaerense, <b>Juano Torreiro<\/b> y el intendente de Luj\u00e1n,<b> Leonardo Boto.<\/b> <\/p>\n<div class=\"ad_1 ad-wrapper dfpAd ad-1-al-6 ad-text ad-component-container\" style=\"--ad-shell-height:250px;--ad-shell-width:300px\" data-ad-wrapper=\"arcad\" data-ad-type=\"ad_1\" data-ad-slot=\"infobae\/politica\/nota\/ad_1\" data-ad-container=\"dfp\" data-ad-slot-name=\"infobae\/politica\/nota\/ad_1\">\n<p class=\"ad-shell-label\">PUBLICIDAD<\/p>\n<div id=\"infobae\/politica\/nota\/ad_1\" class=\"infobae\/politica\/nota\/ad_1 arcad ad-slot-node ad-slot-node--boxed\" data-ad-slot-id=\"infobae\/politica\/nota\/ad_1\"><\/div>\n<\/div>\n<p class=\"paragraph\" data-paragraph-number=\"7\">Para facilitar el ingreso y egreso a Luj\u00e1n en los d\u00edas previos a que Le\u00f3n visite la localidad bonaerense, <b>el gobierno de la provincia le pidi\u00f3 a la Naci\u00f3n que decrete feriado<\/b>. Est\u00e1 previsto que el sumo pont\u00edfice llegue el 11 de noviembre al distrito del noroeste del Gran Buenos Aires. \u201c<b>Lo del Papa es otra dimensi\u00f3n<\/b>. Vamos a tener que cerrar un mont\u00f3n de autopistas y rutas con tiempo de antelaci\u00f3n.<b> Va a estar complicada para el resto de la sociedad, por eso es tan importante que el gobierno nacional decrete el feriado porque no es lo mismo el movimiento de una ciudad un domingo que un d\u00eda h\u00e1bil, \u00bfno?\u201d, <\/b>plante\u00f3 Alonso ante periodistas acreditados en Casa de Gobierno tras la reuni\u00f3n con Kicillof. <\/p>\n<p class=\"paragraph\" data-paragraph-number=\"8\">\u201cLuj\u00e1n es una ciudad que est\u00e1 atravesada por un mont\u00f3n de rutas nacionales y de autopistas que no van a poder funcionar en los d\u00edas previos\u201d, consider\u00f3 el titular de Seguridad. Las rutas nacionales 5, 6 y 7 pasan por el distrito. Adem\u00e1s de la misa del mi\u00e9rcoles 11, el martes 10 de noviembre a la noche est\u00e1 prevista una vigilia de juventud para esperar la llegada del Papa. Tambi\u00e9n, creen los organizadores, ser\u00e1 multitudinaria. \u201cVa a ser largo, no es algo de dos horas nada m\u00e1s. Eso implicar\u00e1 generar molestias para un mont\u00f3n de ciudadanos, pero bueno, el Papa no viene todos los d\u00edas.\u201d<\/p>\n<div class=\"ad_2 ad-wrapper dfpAd ad-1-al-6 ad-text ad-component-container\" style=\"--ad-shell-height:250px;--ad-shell-width:300px\" data-ad-wrapper=\"arcad\" data-ad-type=\"ad_2\" data-ad-slot=\"infobae\/politica\/nota\/ad_2\" data-ad-container=\"dfp\" data-ad-slot-name=\"infobae\/politica\/nota\/ad_2\">\n<p class=\"ad-shell-label\">PUBLICIDAD<\/p>\n<div id=\"infobae\/politica\/nota\/ad_2\" class=\"infobae\/politica\/nota\/ad_2 arcad ad-slot-node ad-slot-node--boxed\" data-ad-slot-id=\"infobae\/politica\/nota\/ad_2\"><\/div>\n<\/div>\n<p class=\"paragraph\" data-paragraph-number=\"9\">Por ello, <b>la administraci\u00f3n de Kicillof pidi\u00f3 una medida extraordinaria<\/b>. \u201cLa cantidad de efectivos va a ser la que sea necesaria para poder garantizar esto: todo lo que es las inmediaciones, la seguridad de la gente. Va a venir gente de pa\u00edses lim\u00edtrofes y de otras provincias, as\u00ed que tenemos que garantizar la seguridad en las rutas. Es un trabajo complejo que estamos ordenando\u201d, consider\u00f3 el ministro de Seguridad provincial. Dijo, tambi\u00e9n, que <b>no ve reticencia en que la Naci\u00f3n finalmente tome esa decisi\u00f3n<\/b> y decrete feriado para los d\u00edas en que Le\u00f3n XIV est\u00e9 en Argentina; al menos en las jurisdicciones por donde se desplazar\u00e1. Adem\u00e1s de Luj\u00e1n y Claypole,<b> el jefe del Estado Vaticano tendr\u00e1 actividades en C\u00f3rdoba y en la ciudad de Buenos Aires<\/b>. <\/p>\n<p class=\"paragraph\" data-paragraph-number=\"10\">La provincia de Buenos Aires y el municipio trabajan sobre la hip\u00f3tesis de una concentraci\u00f3n de<b> 1 mill\u00f3n de personas<\/b>, con estimaciones de seguridad que incluso la llevan a 2 millones, en una ciudad que ya casi no tiene disponibilidad hotelera y que prev\u00e9 cierres de rutas y autopistas en los d\u00edas previos.<\/p>\n<div class=\"ad_3 ad-wrapper dfpAd ad-1-al-6 ad-text ad-component-container\" style=\"--ad-shell-height:250px;--ad-shell-width:300px\" data-ad-wrapper=\"arcad\" data-ad-type=\"ad_3\" data-ad-slot=\"infobae\/politica\/nota\/ad_3\" data-ad-container=\"dfp\" data-ad-slot-name=\"infobae\/politica\/nota\/ad_3\">\n<p class=\"ad-shell-label\">PUBLICIDAD<\/p>\n<div id=\"infobae\/politica\/nota\/ad_3\" class=\"infobae\/politica\/nota\/ad_3 arcad ad-slot-node ad-slot-node--boxed\" data-ad-slot-id=\"infobae\/politica\/nota\/ad_3\"><\/div>\n<\/div>\n<p class=\"paragraph\" data-paragraph-number=\"11\">Por su parte, el intendente de Luj\u00e1n, precis\u00f3 que<b> la ceremonia central \u201cva a tener lugar en la plaza Belgrano, es delante de la bas\u00edlica,<\/b> <b>va a haber un gran escenario donde exclusivamente se va a llevar a cabo la ceremonia religiosa\u201d<\/b>. Tambi\u00e9n indic\u00f3 que eval\u00faan montar un segundo escenario para el coro durante la misa.<\/p>\n<div class=\"visual__image\"><picture><source srcset=\"https:\/\/www.infobae.com\/resizer\/v2\/JNGK6SGUWNAQRPHGT66OOXH3W4.jpg?auth=c2e3fc9c2746f773fea895a5c2fc0598b6156904933ac11bc204670dc23b3c1e&amp;smart=true&amp;width=992&amp;height=558&amp;quality=85\" media=\"(min-width: 1000px)\"><\/source><source srcset=\"https:\/\/www.infobae.com\/resizer\/v2\/JNGK6SGUWNAQRPHGT66OOXH3W4.jpg?auth=c2e3fc9c2746f773fea895a5c2fc0598b6156904933ac11bc204670dc23b3c1e&amp;smart=true&amp;width=768&amp;height=432&amp;quality=85\" media=\"(min-width: 768px)\"><\/source><source srcset=\"https:\/\/www.infobae.com\/resizer\/v2\/JNGK6SGUWNAQRPHGT66OOXH3W4.jpg?auth=c2e3fc9c2746f773fea895a5c2fc0598b6156904933ac11bc204670dc23b3c1e&amp;smart=true&amp;width=577&amp;height=325&amp;quality=85\" media=\"(min-width: 580px)\"><\/source><source srcset=\"https:\/\/www.infobae.com\/resizer\/v2\/JNGK6SGUWNAQRPHGT66OOXH3W4.jpg?auth=c2e3fc9c2746f773fea895a5c2fc0598b6156904933ac11bc204670dc23b3c1e&amp;smart=true&amp;width=420&amp;height=236&amp;quality=85\" media=\"(min-width: 350px)\"><\/source><source srcset=\"https:\/\/www.infobae.com\/resizer\/v2\/JNGK6SGUWNAQRPHGT66OOXH3W4.jpg?auth=c2e3fc9c2746f773fea895a5c2fc0598b6156904933ac11bc204670dc23b3c1e&amp;smart=true&amp;width=350&amp;height=197&amp;quality=85\" media=\"(min-width: 80px)\"><\/source><img alt=\"reuni\u00f3n Kicillof coordinaci\u00f3n visita del Papa\" class=\"global-image\" decoding=\"async\" fetchpriority=\"low\" height=\"1080\" loading=\"lazy\" src=\"https:\/\/www.infobae.com\/resizer\/v2\/JNGK6SGUWNAQRPHGT66OOXH3W4.jpg?auth=c2e3fc9c2746f773fea895a5c2fc0598b6156904933ac11bc204670dc23b3c1e&amp;smart=true&amp;width=350&amp;height=197&amp;quality=85\" width=\"1920\"><\/picture><\/div>\n<p class=\"paragraph\" data-paragraph-number=\"12\">Boto agreg\u00f3 que el municipio trabaja sobre un cambio de escala respecto de la peregrinaci\u00f3n habitual. \u201cEstimamos que la gente viene llegando unos d\u00edas antes. Pr\u00e1cticamente <b>ya no hay una habitaci\u00f3n de hotel m\u00e1s disponible en todo Luj\u00e1n<\/b>\u201d, afirm\u00f3. Frente a esa situaci\u00f3n, adelant\u00f3 que preparan una oferta de clubes, sociedades de fomento y centros de jubilados para alojar visitantes.<\/p>\n<div class=\"ad_4 ad-wrapper dfpAd ad-1-al-6 ad-text ad-component-container\" style=\"--ad-shell-height:250px;--ad-shell-width:300px\" data-ad-wrapper=\"arcad\" data-ad-type=\"ad_4\" data-ad-slot=\"infobae\/politica\/nota\/ad_4\" data-ad-container=\"dfp\" data-ad-slot-name=\"infobae\/politica\/nota\/ad_4\">\n<p class=\"ad-shell-label\">PUBLICIDAD<\/p>\n<div id=\"infobae\/politica\/nota\/ad_4\" class=\"infobae\/politica\/nota\/ad_4 arcad ad-slot-node ad-slot-node--boxed\" data-ad-slot-id=\"infobae\/politica\/nota\/ad_4\"><\/div>\n<\/div>\n<p class=\"paragraph\" data-paragraph-number=\"13\">El jefe comunal describi\u00f3 adem\u00e1s el \u00e1rea en la que prev\u00e9n la mayor concentraci\u00f3n. \u201cLa noche anterior estimamos que se va a empezar a concentrar toda la gente desde Plaza Belgrano hacia la autov\u00eda 7\u201d, se\u00f1al\u00f3.<\/p>\n<p class=\"paragraph\" data-paragraph-number=\"14\">De las reuniones de este martes participaron los ministros de Gobierno, <b>Carlos Bianco<\/b>; de Desarrollo de la Comunidad,<b> Andr\u00e9s Larroque<\/b>; de Seguridad,<b> Javier Alonso<\/b> y de Ambiente,<b> Daniela Vilar<\/b>; los intendentes de Luj\u00e1n, <b>Leonardo Boto<\/b>; de General Rodr\u00edguez,<b> Mauro Garc\u00eda<\/b>; de Mor\u00f3n,<b> Lucas Ghi<\/b> y de Ituzaing\u00f3, <b>Pablo Descalzo<\/b>; adem\u00e1s del director de Cultos,<b> Juan Torreiro<\/b>; el diputado<b> Mariano Cascallares;<\/b> el asesor de la Comisi\u00f3n de Piedad Popular de la Arquidi\u00f3cesis de Buenos Aires, padre <b>Mario Miceli<\/b> y el representante de la Arquidi\u00f3cesis de Mercedes &#8211; Luj\u00e1n, padre<b> Manuel Asenzo<\/b> entre otras autoridades provinciales, municipales y religiosas.<\/p>\n<div class=\"ad_5 ad-wrapper dfpAd ad-1-al-6 ad-text ad-component-container\" style=\"--ad-shell-height:250px;--ad-shell-width:300px\" data-ad-wrapper=\"arcad\" data-ad-type=\"ad_5\" data-ad-slot=\"infobae\/politica\/nota\/ad_5\" data-ad-container=\"dfp\" data-ad-slot-name=\"infobae\/politica\/nota\/ad_5\">\n<p class=\"ad-shell-label\">PUBLICIDAD<\/p>\n<div id=\"infobae\/politica\/nota\/ad_5\" class=\"infobae\/politica\/nota\/ad_5 arcad ad-slot-node ad-slot-node--boxed\" data-ad-slot-id=\"infobae\/politica\/nota\/ad_5\"><\/div>\n<\/div>\n","protected":false},"excerpt":{"rendered":"<p>03 Sep, 2026 05:04 p. m. EST Guardar La visita del papa Le\u00f3n XIV activ\u00f3 una serie de reuniones entre distintos estamentos para definir la log\u00edstica de su paso por Argentina y, puntualmente, en territorio bonaerense, donde cerrar\u00e1 su estad\u00eda con una misa en la plaza Belgrano en las afueras de la Bas\u00edlica Nuestra Se\u00f1ora [&hellip;]<\/p>\n","protected":false},"author":1,"featured_media":24949,"comment_status":"open","ping_status":"open","sticky":false,"template":"","format":"standard","meta":{"footnotes":""},"categories":[1],"tags":[],"class_list":["post-24948","post","type-post","status-publish","format-standard","has-post-thumbnail","hentry","category-uncategorized"],"_links":{"self":[{"href":"https:\/\/cliente1.publisher.highstack.com.ar\/index.php?rest_route=\/wp\/v2\/posts\/24948","targetHints":{"allow":["GET"]}}],"collection":[{"href":"https:\/\/cliente1.publisher.highstack.com.ar\/index.php?rest_route=\/wp\/v2\/posts"}],"about":[{"href":"https:\/\/cliente1.publisher.highstack.com.ar\/index.php?rest_route=\/wp\/v2\/types\/post"}],"author":[{"embeddable":true,"href":"https:\/\/cliente1.publisher.highstack.com.ar\/index.php?rest_route=\/wp\/v2\/users\/1"}],"replies":[{"embeddable":true,"href":"https:\/\/cliente1.publisher.highstack.com.ar\/index.php?rest_route=%2Fwp%2Fv2%2Fcomments&post=24948"}],"version-history":[{"count":0,"href":"https:\/\/cliente1.publisher.highstack.com.ar\/index.php?rest_route=\/wp\/v2\/posts\/24948\/revisions"}],"wp:featuredmedia":[{"embeddable":true,"href":"https:\/\/cliente1.publisher.highstack.com.ar\/index.php?rest_route=\/wp\/v2\/media\/24949"}],"wp:attachment":[{"href":"https:\/\/cliente1.publisher.highstack.com.ar\/index.php?rest_route=%2Fwp%2Fv2%2Fmedia&parent=24948"}],"wp:term":[{"taxonomy":"category","embeddable":true,"href":"https:\/\/cliente1.publisher.highstack.com.ar\/index.php?rest_route=%2Fwp%2Fv2%2Fcategories&post=24948"},{"taxonomy":"post_tag","embeddable":true,"href":"https:\/\/cliente1.publisher.highstack.com.ar\/index.php?rest_route=%2Fwp%2Fv2%2Ftags&post=24948"}],"curies":[{"name":"wp","href":"https:\/\/api.w.org\/{rel}","templated":true}]}}