{"id":24946,"date":"2026-09-03T18:42:43","date_gmt":"2026-09-03T21:42:43","guid":{"rendered":"https:\/\/cliente1.publisher.highstack.com.ar\/?p=24946"},"modified":"2026-09-03T18:42:43","modified_gmt":"2026-09-03T21:42:43","slug":"tras-7-anos-la-justicia-sobreseyo-definitivamente-a-un-periodista-de-clarin-acusado-de-espionaje-y-extorsion","status":"publish","type":"post","link":"https:\/\/cliente1.publisher.highstack.com.ar\/?p=24946","title":{"rendered":"Tras 7 a\u00f1os, la Justicia sobresey\u00f3 definitivamente a un periodista de Clar\u00edn acusado de espionaje y extorsi\u00f3n"},"content":{"rendered":"<p><\/p>\n<div class=\"body-noticia clearfix text-formatted field field--name-body field--type-text-with-summary field--label-hidden field__item\">\n<div id=\"element-body-0\">\n<p>Despu\u00e9s de siete a\u00f1os de presiones, falsas acusaciones y un largo derrotero por los tribunales, la Justicia sobresey\u00f3 definitivamente este jueves al periodista de Clar\u00edn Daniel Santoro, quien hab\u00eda sido acusado de integrar una supuesta banda de esp\u00edas y extorsionadores que buscaba incriminar a la entonces presidenta Cristina Kirchner en causas por corrupci\u00f3n, entre otros.<\/p>\n<\/div>\n<div id=\"element-body-1\">\n<p>El juez federal Juli\u00e1n Ercolini, a partir de un requerimiento de la fiscal Alejandra M\u00e1ngano, firm\u00f3 el sobreseimiento definitivo de Santoro en relaci\u00f3n con la acusaci\u00f3n de haber integrado una supuesta asociaci\u00f3n il\u00edcita liderada por el falso abogado Marcelo D\u2019Alessio y de haber coaccionado al empresario kirchnerista Mario Cifuentes y al exdirectivo de PDVSA Gonzalo Brusa Dovat.<\/p>\n<\/div>\n<div id=\"element-body-2\">\n<p>En los tres casos, Ercolini dej\u00f3 asentada una misma y contundente constancia: la formaci\u00f3n de la causa \u201cen nada afecta el buen nombre y honor\u201d del periodista. Es una f\u00f3rmula prevista expresamente por el art\u00edculo 336, inciso 4\u00b0, del C\u00f3digo Procesal Penal de la Naci\u00f3n y que acompa\u00f1a cada uno de los sobreseimientos dictados en favor de Santoro.<\/p>\n<\/div>\n<div>\n<div id=\"div-gpt-ad-inread\">\u00a0<\/div>\n<\/div>\n<div id=\"element-body-3\">\n<p>Durante todos estos a\u00f1os, Santoro cont\u00f3 con el patrocinio letrado de los abogados Mauricio De N\u00fa\u00f1ez y Guido Sciarreta y tuvo el apoyo de sus jefes y compa\u00f1eros de Clar\u00edn, de FOPEA, ADEPA, la Academia Nacional de Periodismo, el Consorcio Internacional de Periodistas de Investigaci\u00f3n, el Comit\u00e9 de Protecci\u00f3n de Periodistas de Nueva York, el colegio de Abogados de la CABA y Rejia, entre numerosos intelectuales y artistas como Luis Brandoni.<\/p>\n<\/div>\n<div id=\"element-body-4\">\n<p>La resoluci\u00f3n de Ercolini pone as\u00ed punto final, al menos en lo que respecta al periodista, a una causa que se arm\u00f3 en Dolores a comienzos de 2019 y que durante a\u00f1os estuvo atravesada por acusaciones de espionaje, extorsiones y supuestas operaciones pol\u00edticas.<\/p>\n<\/div>\n<div id=\"element-body-5\">\n<h4>El origen: el Operativo Puf<\/h4>\n<\/div>\n<div id=\"element-body-6\">\n<p>En realidad, las acusaciones contra Santoro fueron utilizadas como parte del denominado \u201cOperativo Puf\u201d, una maniobra destinada a intentar hacer caer la causa de los Cuadernos de las Coimas, que hab\u00eda comenzado a poner bajo la lupa un entramado de corrupci\u00f3n alrededor de empresarios y funcionarios kirchneristas.<\/p>\n<\/div>\n<div id=\"element-body-7\">\n<p>La operaci\u00f3n cont\u00f3, seg\u00fan surge de una conversaci\u00f3n telef\u00f3nica incorporada a otra causa, con la participaci\u00f3n de dirigentes pol\u00edticos vinculados al kirchnerismo y la venia de la ex presidenta.<\/p>\n<\/div>\n<div id=\"element-body-8\">\n<p>En una conversaci\u00f3n con el exsecretario de Transporte Juan Pablo Schiavi, grabada el 18 de enero de 2019, cuando Schiavi se encontraba detenido en el penal de Ezeiza, el entonces diputado Eduardo Vald\u00e9s le anticip\u00f3:<\/p>\n<\/div>\n<div id=\"element-body-9\">\n<p>-\u201cVa a haber novedades, quedate tranquilo\u201d.<\/p>\n<\/div>\n<div id=\"element-body-10\">\n<p>Y luego agreg\u00f3:<\/p>\n<\/div>\n<div id=\"element-body-11\">\n<p>-\u201cOperativo Puf\u201d.<\/p>\n<\/div>\n<div id=\"element-body-12\">\n<p>Ante la pregunta de Schiavi, Vald\u00e9s volvi\u00f3 a repetir el nombre de la operaci\u00f3n y mencion\u00f3:<\/p>\n<\/div>\n<div id=\"element-body-13\">\n<p>-\u201cBonadio, Stornelli, Puf\u201d.<\/p>\n<\/div>\n<div id=\"element-body-14\">\n<p>En esa conversaci\u00f3n tambi\u00e9n explic\u00f3 c\u00f3mo se iba a armar una causa ante el entonces juez federal K de Dolores Alejo Ramos Padilla y c\u00f3mo el expediente ser\u00eda difundido a trav\u00e9s de medios cercanos al kirchnerismo.<\/p>\n<\/div>\n<div id=\"element-body-15\">\n<p>Unos d\u00edas despu\u00e9s, Cristina pidi\u00f3 la intervenci\u00f3n de la Corte por una inexistente maniobra de EE.UU. en su contra y dijo en el Senado: \u201c\u00a1Bingo! Stornelli con el falso abogado y el \u2018periodista estrella\u2019 de Clar\u00edn, experto en \u2018investigaciones\u2019. A esta causa no le falta nada\u201d, en alusi\u00f3n al caso D&#8217;Alessio.<\/p>\n<\/div>\n<div id=\"element-body-16\">\n<p>Pocos d\u00edas despu\u00e9s, el \u201cproductor agropecuario jubilado\u201d Pedro Etchebest denunci\u00f3 a D\u2019Alessio por un supuesto intento de extorsi\u00f3n. Ramos Padilla, que se encontraba de vacaciones, habilit\u00f3 su juzgado y comenz\u00f3 a recibir a una sucesi\u00f3n de casi 30 denunciantes y querellantes, muchos de ellos procesados en causas por corrupci\u00f3n que tramitaban en los tribunales federales de Comodoro Py. Llevar la denuncia a Dolores fue una clara maniobra de &#8220;forum shopping&#8221; (elegir el juez amigo).<\/p>\n<\/div>\n<div id=\"element-body-17\">\n<p>Ramos Padilla dej\u00f3 trascender que pod\u00eda ordenar la detenci\u00f3n de Santoro. El periodista fue indagado, se solicitaron sus comunicaciones telef\u00f3nicas, fue procesado, embargado y se le impuso una prohibici\u00f3n para salir del pa\u00eds.<\/p>\n<\/div>\n<div id=\"element-body-18\">\n<p>D\u2019Alessio hab\u00eda sido fuente de informaci\u00f3n de alrededor de una veintena de periodistas, algunos de los cuales incluso hab\u00edan mantenido v\u00ednculos econ\u00f3micos con \u00e9l. Sin embargo, la investigaci\u00f3n de Ramos Padilla se concentr\u00f3 solo en Santoro.<\/p>\n<\/div>\n<div id=\"element-body-19\">\n<p>El fiscal federal de Dolores Juan Pablo Curi, en cambio, nunca imput\u00f3 al periodista.<\/p>\n<\/div>\n<div id=\"element-body-20\">\n<h4>La C\u00e1mara de Mar del Plata anul\u00f3 el procesamiento<\/h4>\n<\/div>\n<div id=\"element-body-21\">\n<p>En diciembre de 2020, el fiscal de c\u00e1mara Juan Manuel Pettigiani solicit\u00f3 sobreseer a Santoro. D\u00edas despu\u00e9s, la C\u00e1mara Federal de Mar del Plata, integrada por los jueces Alejandro Tazza y Eduardo Jim\u00e9nez, anul\u00f3 los pol\u00e9micos procesamientos dictados por Ramos Padilla y realiz\u00f3 una defensa del derecho a la libertad de expresi\u00f3n y del secreto profesional period\u00edstico.<\/p>\n<\/div>\n<div id=\"element-body-22\">\n<p>Con el paso de los a\u00f1os, la causa de Dolores comenz\u00f3 a perder fuerza.<\/p>\n<\/div>\n<div id=\"element-body-23\">\n<p>Ramos Padilla hab\u00eda presentado ante el Congreso la denuncia de Etchebest como el descubrimiento de una supuesta \u201corganizaci\u00f3n nacional e internacional de espionaje\u201d liderada por D\u2019Alessio, a la que atribu\u00eda maniobras capaces de afectar las relaciones de la Argentina con Estados Unidos, Ir\u00e1n, Uruguay y otros pa\u00edses.<\/p>\n<\/div>\n<div id=\"element-body-24\">\n<p>Pero el expediente se fue desinflando y finalmente pas\u00f3 a los tribunales federales de Comodoro Py. Una de las razones fue que varios de los hechos de extorsi\u00f3n investigados hab\u00edan ocurrido en la Ciudad de Buenos Aires y no en Dolores, donde inicialmente hab\u00eda quedado radicada la causa.<\/p>\n<\/div>\n<div id=\"element-body-25\">\n<p>A mediados del a\u00f1o pasado, el Tribunal Oral Federal N\u00b0 8 conden\u00f3 a 13 a\u00f1os y 6 meses de prisi\u00f3n a Marcelo D\u2019Alessio, un exesp\u00eda, un excomisario y varios empresarios por integrar una asociaci\u00f3n il\u00edcita dedicada, entre otras maniobras, a extorsiones y lavado de dinero. La sentencia est\u00e1 apelada ante la C\u00e1mara Federal de Casaci\u00f3n Penal.<\/p>\n<\/div>\n<div id=\"element-body-26\">\n<p>Durante estos siete a\u00f1os, Santoro ofreci\u00f3 sus cuentas bancarias y las escrituras de su casa y su auto como prueba de que nunca hab\u00eda recibido dinero de D\u2019Alessio ni de ninguna otra fuente distinta de sus ingresos como periodista.<\/p>\n<div id=\"element-body-28\">\n<p>Mientras, la SIDE K pinch\u00f3 sus comunicaciones y correos electr\u00f3nicos y fue v\u00edctima de un seguimiento ilegal, seg\u00fan estableci\u00f3 el juez Sebasti\u00e1n Casanello, en otra causa. Adem\u00e1s, sufri\u00f3 amenazas de muerte \u00e9l y su familia y fue demonizado en las redes sociales manejadas por los K.<\/p>\n<\/div>\n<div id=\"element-body-30\">\n<p>El periodista sostuvo desde el comienzo que su relaci\u00f3n con D\u2019Alessio hab\u00eda sido period\u00edstica y que lo hab\u00eda utilizado como fuente de informaci\u00f3n, como hab\u00eda ocurrido con otros 20 periodistas.<\/p>\n<\/div>\n<div id=\"element-body-31\">\n<p>Desde 2019, adem\u00e1s, no apareci\u00f3 una nueva acusaci\u00f3n ni una prueba que demostrara que Santoro hubiera participado de las maniobras de extorsi\u00f3n de D\u2019Alessio.<\/p>\n<\/div>\n<div id=\"element-body-32\">\n<p>Ahora, siete a\u00f1os despu\u00e9s de aquella denuncia que termin\u00f3 colocando al periodista en el centro de una de las investigaciones judiciales m\u00e1s controvertidas de los \u00faltimos a\u00f1os, el sobreseimiento definitivo deja firme el cierre de la acusaci\u00f3n en su contra.<\/p>\n<p>\u00a0<\/p>\n<p>Fuente: Clar\u00edn.<\/p>\n<\/div>\n<\/div>\n<\/div>\n","protected":false},"excerpt":{"rendered":"<p>Despu\u00e9s de siete a\u00f1os de presiones, falsas acusaciones y un largo derrotero por los tribunales, la Justicia sobresey\u00f3 definitivamente este jueves al periodista de Clar\u00edn Daniel Santoro, quien hab\u00eda sido acusado de integrar una supuesta banda de esp\u00edas y extorsionadores que buscaba incriminar a la entonces presidenta Cristina Kirchner en causas por corrupci\u00f3n, entre otros. [&hellip;]<\/p>\n","protected":false},"author":1,"featured_media":24947,"comment_status":"open","ping_status":"open","sticky":false,"template":"","format":"standard","meta":{"footnotes":""},"categories":[1],"tags":[],"class_list":["post-24946","post","type-post","status-publish","format-standard","has-post-thumbnail","hentry","category-uncategorized"],"_links":{"self":[{"href":"https:\/\/cliente1.publisher.highstack.com.ar\/index.php?rest_route=\/wp\/v2\/posts\/24946","targetHints":{"allow":["GET"]}}],"collection":[{"href":"https:\/\/cliente1.publisher.highstack.com.ar\/index.php?rest_route=\/wp\/v2\/posts"}],"about":[{"href":"https:\/\/cliente1.publisher.highstack.com.ar\/index.php?rest_route=\/wp\/v2\/types\/post"}],"author":[{"embeddable":true,"href":"https:\/\/cliente1.publisher.highstack.com.ar\/index.php?rest_route=\/wp\/v2\/users\/1"}],"replies":[{"embeddable":true,"href":"https:\/\/cliente1.publisher.highstack.com.ar\/index.php?rest_route=%2Fwp%2Fv2%2Fcomments&post=24946"}],"version-history":[{"count":0,"href":"https:\/\/cliente1.publisher.highstack.com.ar\/index.php?rest_route=\/wp\/v2\/posts\/24946\/revisions"}],"wp:featuredmedia":[{"embeddable":true,"href":"https:\/\/cliente1.publisher.highstack.com.ar\/index.php?rest_route=\/wp\/v2\/media\/24947"}],"wp:attachment":[{"href":"https:\/\/cliente1.publisher.highstack.com.ar\/index.php?rest_route=%2Fwp%2Fv2%2Fmedia&parent=24946"}],"wp:term":[{"taxonomy":"category","embeddable":true,"href":"https:\/\/cliente1.publisher.highstack.com.ar\/index.php?rest_route=%2Fwp%2Fv2%2Fcategories&post=24946"},{"taxonomy":"post_tag","embeddable":true,"href":"https:\/\/cliente1.publisher.highstack.com.ar\/index.php?rest_route=%2Fwp%2Fv2%2Ftags&post=24946"}],"curies":[{"name":"wp","href":"https:\/\/api.w.org\/{rel}","templated":true}]}}