{"id":24940,"date":"2026-09-03T17:58:45","date_gmt":"2026-09-03T20:58:45","guid":{"rendered":"https:\/\/cliente1.publisher.highstack.com.ar\/?p=24940"},"modified":"2026-09-03T17:58:45","modified_gmt":"2026-09-03T20:58:45","slug":"la-corte-suprema-dejo-firme-la-condena-a-sergio-urribarri-debera-volver-a-prision-por-una-causa-de-corrupcion","status":"publish","type":"post","link":"https:\/\/cliente1.publisher.highstack.com.ar\/?p=24940","title":{"rendered":"La Corte Suprema dej\u00f3 firme la condena a Sergio Urribarri: deber\u00e1 volver a prisi\u00f3n por una causa de corrupci\u00f3n"},"content":{"rendered":"<div class=\"article__content standard\" id=\"article-content\">\n<p>La Corte Suprema de Justicia de la Naci\u00f3n dej\u00f3 firme la condena a <strong>ocho a\u00f1os de prisi\u00f3n <\/strong>e<strong> inhabilitaci\u00f3n perpetua <\/strong>para ejercer cargos p\u00fablicos contra <strong>Sergio Urribarri<\/strong>, exgobernador de Entre R\u00edos por el Partido Justicialista (PJ)<strong> <\/strong>y exembajador argentino en Israel.<\/p>\n<p>As\u00ed lo resolvieron los jueces Horacio Rosatti, Carlos Rosenkrantz y Ricardo Lorenzetti, quienes rechazaron por<strong> inadmisibles los recursos extraordinarios<\/strong> presentados por las defensas en el expediente que investig\u00f3 maniobras de corrupci\u00f3n y desv\u00edo de fondos p\u00fablicos en las gestiones provinciales comprendidas entre 2007 y 2015, durante las presidencias de <strong>N\u00e9stor Kirchner <\/strong>y<strong> Cristina Kirchner<\/strong>.<\/p>\n<p>De inmediato, la resoluci\u00f3n alcanz\u00f3 a los dem\u00e1s condenados que hab\u00edan recurrido la sentencia, por lo que sus penas quedaron firmes.<\/p>\n<p>Tras conocerse la resoluci\u00f3n judicial, la fiscal\u00eda solicit\u00f3 la detenci\u00f3n inmediata del exmandatario provincial, adem\u00e1s de la de su exministro de Cultura y Comunicaci\u00f3n, <strong>Pedro B\u00e1ez<\/strong>, y de <strong>Juan Pablo Aguilera<\/strong>, familiar directo del exfuncionario. Ambos fueron condenados junto al exgobernador a<strong> seis a\u00f1os y seis meses de prisi\u00f3n efectiva<\/strong>, al ser considerados part\u00edcipes primarios del entramado.<\/p>\n<p>Otros cinco condenados recibieron penas menores: <strong>Corina Cargnel, Gustavo Tamay y Gerardo Caruso<\/strong> fueron sentenciados a tres a\u00f1os de prisi\u00f3n en suspenso, mientras que <strong>Luciana Bel\u00e9n Almada y Emiliano Giacopuzzi<\/strong> recibieron dos a\u00f1os y seis meses de prisi\u00f3n en suspenso. La Justicia tambi\u00e9n hab\u00eda absuelto a otros acusados, entre ellos el exministro de Turismo <strong>Hugo Mars\u00f3<\/strong>.<\/p>\n<p style=\"text-align:center\"><picture><source media=\"(max-width: 440px)\" srcset=\"https:\/\/fotos.perfil.com\/\/2024\/11\/19\/440\/0\/sergio-urribarri-ex-gobernador-de-entre-rios-20241119-1914222.jpg?webp\"><\/source><source media=\"(max-width: 1019px)\" srcset=\"https:\/\/fotos.perfil.com\/\/2024\/11\/19\/712\/0\/sergio-urribarri-ex-gobernador-de-entre-rios-20241119-1914222.jpg?webp\"><\/source><img decoding=\"async\" style=\"max-width: 100%; width: 100%;\" alt=\"Sergio Urribarri, ex gobernador de Entre R\u00edos 20241119\" src=\"https:\/\/fotos.perfil.com\/\/2024\/11\/19\/900\/0\/sergio-urribarri-ex-gobernador-de-entre-rios-20241119-1914222.jpg?webp\" loading=\"lazy\"><\/picture><\/p>\n<p style=\"text-align:center\"><picture><source media=\"(max-width: 440px)\" srcset=\"https:\/\/fotos.perfil.com\/\/2026\/09\/03\/440\/0\/cristina-kirchner-y-sergio-urribarri-2318559.jpg?webp\"><\/source><source media=\"(max-width: 1019px)\" srcset=\"https:\/\/fotos.perfil.com\/\/2026\/09\/03\/712\/0\/cristina-kirchner-y-sergio-urribarri-2318559.jpg?webp\"><\/source><img decoding=\"async\" style=\"max-width: 100%; width: 100%;\" alt=\"Cristina Kirchner y Sergio Urribarri\" src=\"https:\/\/fotos.perfil.com\/\/2026\/09\/03\/900\/0\/cristina-kirchner-y-sergio-urribarri-2318559.jpg?webp\" loading=\"lazy\"><\/picture><\/p>\n<p>La causa se origin\u00f3 en una investigaci\u00f3n sobre el <strong>manejo de fondos p\u00fablicos <\/strong>destinados a publicidad oficial durante las gestiones de Urribarri como gobernador de Entre R\u00edos, entre 2007 y 2015.<\/p>\n<p>Ahora, la Justicia provincial determin\u00f3 que existi\u00f3 un esquema mediante el cual se direccionaron <strong>contrataciones de publicidad estatal<\/strong> hacia empresas vinculadas con <strong>Juan Pablo Aguilera<\/strong>, cu\u00f1ado del exgobernador. Seg\u00fan la acusaci\u00f3n, algunas de esas firmas figuraban formalmente a nombre de otras personas, pero estaban relacionadas con Aguilera.<\/p>\n<p style=\"text-align:center\"><picture><source media=\"(max-width: 440px)\" srcset=\"https:\/\/fotos.perfil.com\/\/2024\/11\/19\/440\/0\/sergio-urribarri-1914298.jpg?webp\"><\/source><source media=\"(max-width: 1019px)\" srcset=\"https:\/\/fotos.perfil.com\/\/2024\/11\/19\/712\/0\/sergio-urribarri-1914298.jpg?webp\"><\/source><img decoding=\"async\" style=\"max-width: 100%; width: 100%;\" alt=\"Sergio Urribarri\" src=\"https:\/\/fotos.perfil.com\/\/2024\/11\/19\/900\/0\/sergio-urribarri-1914298.jpg?webp\" loading=\"lazy\"><\/picture><\/p>\n<p>La investigaci\u00f3n tambi\u00e9n incluy\u00f3 otras operaciones que, seg\u00fan la investigaci\u00f3n, utilizaron recursos del Estado para <strong>favorecer intereses particulares<\/strong> o <strong>promover pol\u00edticamente al entonces gobernador<\/strong>.<\/p>\n<p>A lo largo de la investigaci\u00f3n se analizaron distintos hechos, entre ellos la contrataci\u00f3n de publicidad a trav\u00e9s de la empresa <strong>Global Means<\/strong>, antes de que tuviera existencia formal; el manejo de contratos de publicidad en la v\u00eda p\u00fablica por parte de las firmas <strong>Tep SRL y Next SRL<\/strong>; una solicitada vinculada con el denominado <strong>\u201cSue\u00f1o Entrerriano\u201d<\/strong>; la instalaci\u00f3n de un parador en Mar del Plata durante 2015 y el pago de spots relacionados con la <strong>Cumbre del Mercosur realizada en Paran\u00e1 en 2014<\/strong>.<\/p>\n<p>Tambi\u00e9n se estableci\u00f3 que entre enero de 2010 y septiembre de 2015 se realizaron <strong>143 operaciones que provocaron un perjuicio econ\u00f3mico de $12.170.338,96 para la provincia<\/strong>, seg\u00fan los datos incorporados al expediente.<\/p>\n<h2>C\u00f3mo lleg\u00f3 el caso hasta la Corte Suprema<\/h2>\n<p>La primera condena fue dictada el <strong>7 de abril de 2022<\/strong> por el Tribunal de Juicios y Apelaciones de Paran\u00e1. En 2023, el Tribunal de Casaci\u00f3n de Entre R\u00edos confirm\u00f3 las penas y posteriormente el Superior Tribunal de Justicia provincial rechaz\u00f3 los planteos de las defensas.<\/p>\n<p>Acto seguido, los condenados recurrieron a la <strong>Corte Suprema de Justicia<\/strong>. El m\u00e1ximo tribunal no revis\u00f3 el fondo de las acusaciones: directamente consider\u00f3 inadmisibles los recursos extraordinarios presentados por las defensas.<\/p>\n<p>De esta manera, las condenas quedaron firmes.<\/p>\n<p style=\"text-align:center\"><picture><source media=\"(max-width: 440px)\" srcset=\"https:\/\/fotos.perfil.com\/\/2026\/03\/31\/440\/0\/la-corte-presento-el-proyecto-de-reglamento-para-la-eleccion-de-jueces-20260330-2212280.jpg?webp\"><\/source><source media=\"(max-width: 1019px)\" srcset=\"https:\/\/fotos.perfil.com\/\/2026\/03\/31\/712\/0\/la-corte-presento-el-proyecto-de-reglamento-para-la-eleccion-de-jueces-20260330-2212280.jpg?webp\"><\/source><img decoding=\"async\" style=\"max-width: 100%; width: 100%;\" alt=\"La Corte present\u00f3 el proyecto de reglamento para la elecci\u00f3n de jueces 20260330\" src=\"https:\/\/fotos.perfil.com\/\/2026\/03\/31\/900\/0\/la-corte-presento-el-proyecto-de-reglamento-para-la-eleccion-de-jueces-20260330-2212280.jpg?webp\" loading=\"lazy\"><\/picture><\/p>\n<p>No es la primera vez que Urribarri queda privado de su libertad por esta causa. En <strong>noviembre de 2024<\/strong>, la C\u00e1mara de Casaci\u00f3n de Entre R\u00edos hab\u00eda ordenado su prisi\u00f3n preventiva al considerar que exist\u00eda riesgo de fuga.<\/p>\n<p>Sin embargo, en <strong>enero de 2025<\/strong>, el Tribunal Superior de Justicia de Entre R\u00edos revoc\u00f3 esa decisi\u00f3n y orden\u00f3 su liberaci\u00f3n. El exgobernador hab\u00eda permanecido <strong>50 d\u00edas detenido<\/strong>.<\/p>\n<p> MV\/MSS<\/p>\n<\/p><\/div>\n<p><\/p>\n","protected":false},"excerpt":{"rendered":"<p>        El m\u00e1ximo tribunal rechaz\u00f3 el recurso de la defensa del exgobernador de Entre R\u00edos y confirm\u00f3 la pena de ocho a\u00f1os de prisi\u00f3n. Tambi\u00e9n quedaron firmes las condenas de otros siete acusados por el direccionamiento de contratos y fondos p\u00fablicos durante sus dos gestiones.<\/p>\n","protected":false},"author":1,"featured_media":24942,"comment_status":"open","ping_status":"open","sticky":false,"template":"","format":"standard","meta":{"footnotes":""},"categories":[1],"tags":[4,2214,99],"class_list":["post-24940","post","type-post","status-publish","format-standard","has-post-thumbnail","hentry","category-uncategorized","tag-entre-rios","tag-entrerriano","tag-sergio-urribarri"],"_links":{"self":[{"href":"https:\/\/cliente1.publisher.highstack.com.ar\/index.php?rest_route=\/wp\/v2\/posts\/24940","targetHints":{"allow":["GET"]}}],"collection":[{"href":"https:\/\/cliente1.publisher.highstack.com.ar\/index.php?rest_route=\/wp\/v2\/posts"}],"about":[{"href":"https:\/\/cliente1.publisher.highstack.com.ar\/index.php?rest_route=\/wp\/v2\/types\/post"}],"author":[{"embeddable":true,"href":"https:\/\/cliente1.publisher.highstack.com.ar\/index.php?rest_route=\/wp\/v2\/users\/1"}],"replies":[{"embeddable":true,"href":"https:\/\/cliente1.publisher.highstack.com.ar\/index.php?rest_route=%2Fwp%2Fv2%2Fcomments&post=24940"}],"version-history":[{"count":1,"href":"https:\/\/cliente1.publisher.highstack.com.ar\/index.php?rest_route=\/wp\/v2\/posts\/24940\/revisions"}],"predecessor-version":[{"id":24941,"href":"https:\/\/cliente1.publisher.highstack.com.ar\/index.php?rest_route=\/wp\/v2\/posts\/24940\/revisions\/24941"}],"wp:featuredmedia":[{"embeddable":true,"href":"https:\/\/cliente1.publisher.highstack.com.ar\/index.php?rest_route=\/wp\/v2\/media\/24942"}],"wp:attachment":[{"href":"https:\/\/cliente1.publisher.highstack.com.ar\/index.php?rest_route=%2Fwp%2Fv2%2Fmedia&parent=24940"}],"wp:term":[{"taxonomy":"category","embeddable":true,"href":"https:\/\/cliente1.publisher.highstack.com.ar\/index.php?rest_route=%2Fwp%2Fv2%2Fcategories&post=24940"},{"taxonomy":"post_tag","embeddable":true,"href":"https:\/\/cliente1.publisher.highstack.com.ar\/index.php?rest_route=%2Fwp%2Fv2%2Ftags&post=24940"}],"curies":[{"name":"wp","href":"https:\/\/api.w.org\/{rel}","templated":true}]}}