{"id":24937,"date":"2026-09-03T17:45:06","date_gmt":"2026-09-03T20:45:06","guid":{"rendered":"https:\/\/cliente1.publisher.highstack.com.ar\/?p=24937"},"modified":"2026-09-03T17:45:06","modified_gmt":"2026-09-03T20:45:06","slug":"la-corte-suprema-confirmo-la-condena-a-8-anos-de-prision-para-sergio-urribarri","status":"publish","type":"post","link":"https:\/\/cliente1.publisher.highstack.com.ar\/?p=24937","title":{"rendered":"La Corte Suprema confirm\u00f3 la condena a 8 a\u00f1os de prisi\u00f3n para Sergio Urribarri"},"content":{"rendered":"<div data-twitter-link=\"#TWEMBEDLINK#\">\n<p id=\"p-1788465499634-45332\"><strong> La causa investig\u00f3 una serie de maniobras relacionadas con contrataciones y publicidad oficial durante los dos per\u00edodos de Urribarri como gobernador, entre diciembre de 2007 y diciembre de 2015. <\/strong>Seg\u00fan la investigaci\u00f3n de <strong>la fiscal provincial anticorrupci\u00f3n Cecilia Goyeneche<\/strong>, el exmandatario direccion\u00f3 contrataciones de publicidad estatal para fines particulares.<\/p>\n<p id=\"p-1788465499634-16582\">Uno de los principales puntos del expediente fue el supuesto beneficio obtenido por Aguilera, se\u00f1alado como responsable de manejar un esquema de testaferros y cartelizaci\u00f3n para quedarse con fondos destinados a publicidad oficial en la v\u00eda p\u00fablica. <strong>Tambi\u00e9n se investig\u00f3 el otorgamiento de pauta a la empresa Global Means, del empresario Germ\u00e1n Buffa, antes de que la firma tuviera existencia real.<\/strong><\/p>\n<div contenteditable=\"false\" class=\"embed_cont type_imagen\" id=\"725876-Libre-924103824_wrap\">\n<div id=\"725876-Libre-924103824_content\" class=\"embed_content\"> <img decoding=\"async\" src=\"https:\/\/media.diariopopular.com.ar\/p\/7c0656ab76559a96a40133aac76f23c7\/adjuntos\/143\/imagenes\/008\/169\/0008169530\/1140x0\/smart\/uribarri-esta-condenado-2022-ocho-anos-prision-e-inhabilitacion-perpetua-ejercer-cargos-publicos.jpg\" alt=\"Uribarri est\u00e1 condenado desde 2022 a ocho a\u00f1os de prisi\u00f3n e inhabilitaci\u00f3n perpetua para ejercer cargos p\u00fablicos.\" title=\"Uribarri est\u00e1 condenado desde 2022 a ocho a\u00f1os de prisi\u00f3n e inhabilitaci\u00f3n perpetua para ejercer cargos p\u00fablicos.\" width=\"1140\" height=\"undefined\" id=\"725876-Libre-924103824_embed\" \/><\/div>\n<div class=\"embed_wrapper-cont\" id=\"p-1788465769693-91540\">\n<div id=\"725876-Libre-924103824_epigrafe\" class=\"embed_epigrafe\">\n<p id=\"p-1788465769693-33718\">Uribarri est\u00e1 condenado desde 2022 a ocho a\u00f1os de prisi\u00f3n e inhabilitaci\u00f3n perpetua para ejercer cargos p\u00fablicos.<\/p>\n<\/div><\/div>\n<\/p><\/div>\n<p id=\"p-1788465499634-63048\"><strong>Otra de las acusaciones estuvo vinculada con las empresas Tep SRL y Next SRL, atribuidas a Aguilera<\/strong>, que durante cinco a\u00f1os se habr\u00edan quedado con el negocio de la pauta publicitaria oficial en carteler\u00eda. La causa fue conocida como la \u201ccausa de la vaca\u201d o \u201cde las imprentas\u201d.<\/p>\n<p id=\"p-1788465499634-10381\"><strong>El expediente tambi\u00e9n incluy\u00f3 la denominada megacausa del Sue\u00f1o Entrerriano, vinculada con la difusi\u00f3n de una solicitada contra los fondos buitre<\/strong>, adem\u00e1s de la instalaci\u00f3n de un parador en Mar del Plata en 2015, que tuvo un costo de $14 millones de entonces.<\/p>\n<p id=\"p-1788465499634-71481\"><strong>Tambi\u00e9n se investig\u00f3 el pago a la productora Nelly Entertainment para difundir tres spots durante la Cumbre del Mercosur realizada en Paran\u00e1 en diciembre de 2014. <\/strong>Seg\u00fan la acusaci\u00f3n, esas piezas aparentaban promocionar el encuentro internacional, pero ten\u00edan como objetivo impulsar la postulaci\u00f3n presidencial de Urribarri para 2015.<\/p>\n<p id=\"p-1788465499634-74337\"><strong> Adem\u00e1s de Urribarri, B\u00e1ez y Aguilera fueron condenados a seis a\u00f1os de prisi\u00f3n e inhabilitaci\u00f3n.<\/strong> Otros acusados recibieron penas menores de prisi\u00f3n en suspenso, mientras que el tribunal tambi\u00e9n absolvi\u00f3 a varios imputados. <strong>El Superior Tribunal de Justicia de Entre R\u00edos rechaz\u00f3 posteriormente los recursos de las defensas y el caso lleg\u00f3 a la Corte Suprema.<\/strong><\/p>\n<p id=\"p-1788465499634-59508\">Urribarri, dirigente cercano al kirchnerismo, fue elegido gobernador de Entre R\u00edos en 2007 y reelecto en 2011. <strong>En 2020, durante el gobierno de Alberto Fern\u00e1ndez, fue designado embajador argentino en Israel, cargo al que renunci\u00f3 en mayo de 2022 luego de que se conociera la condena.<\/strong> La causa fue impulsada por Goyeneche, quien posteriormente fue removida de su cargo tras un jury por mal desempe\u00f1o y luego repuesta por intervenci\u00f3n de la Corte Suprema.<\/p>\n<\/div>\n<p><script async defer crossorigin=\"anonymous\" src=\"https:\/\/connect.facebook.net\/es_ES\/sdk.js\"><\/script><script>(function(d, s, id) {\n      var js, fjs = d.getElementsByTagName(s)[0];\n      if (d.getElementById(id)) return;\n      js = d.createElement(s); js.id = id;\n      js.src = \"\/\/connect.facebook.net\/en_GB\/sdk.js#xfbml=1&version=v2.8\";\n      fjs.parentNode.insertBefore(js, fjs);\n    }(document, 'script', 'facebook-jssdk'));<\/script><br \/><\/p>\n","protected":false},"excerpt":{"rendered":"<p> El m\u00e1ximo tribunal rechaz\u00f3 el recurso de la defensa y dej\u00f3 firme la pena contra el exgobernador de Entre R\u00edos por peculado y negociaciones incompatibles con la funci\u00f3n p\u00fablica.<\/p>\n","protected":false},"author":1,"featured_media":24939,"comment_status":"open","ping_status":"open","sticky":false,"template":"","format":"standard","meta":{"footnotes":""},"categories":[1],"tags":[4,2214],"class_list":["post-24937","post","type-post","status-publish","format-standard","has-post-thumbnail","hentry","category-uncategorized","tag-entre-rios","tag-entrerriano"],"_links":{"self":[{"href":"https:\/\/cliente1.publisher.highstack.com.ar\/index.php?rest_route=\/wp\/v2\/posts\/24937","targetHints":{"allow":["GET"]}}],"collection":[{"href":"https:\/\/cliente1.publisher.highstack.com.ar\/index.php?rest_route=\/wp\/v2\/posts"}],"about":[{"href":"https:\/\/cliente1.publisher.highstack.com.ar\/index.php?rest_route=\/wp\/v2\/types\/post"}],"author":[{"embeddable":true,"href":"https:\/\/cliente1.publisher.highstack.com.ar\/index.php?rest_route=\/wp\/v2\/users\/1"}],"replies":[{"embeddable":true,"href":"https:\/\/cliente1.publisher.highstack.com.ar\/index.php?rest_route=%2Fwp%2Fv2%2Fcomments&post=24937"}],"version-history":[{"count":1,"href":"https:\/\/cliente1.publisher.highstack.com.ar\/index.php?rest_route=\/wp\/v2\/posts\/24937\/revisions"}],"predecessor-version":[{"id":24938,"href":"https:\/\/cliente1.publisher.highstack.com.ar\/index.php?rest_route=\/wp\/v2\/posts\/24937\/revisions\/24938"}],"wp:featuredmedia":[{"embeddable":true,"href":"https:\/\/cliente1.publisher.highstack.com.ar\/index.php?rest_route=\/wp\/v2\/media\/24939"}],"wp:attachment":[{"href":"https:\/\/cliente1.publisher.highstack.com.ar\/index.php?rest_route=%2Fwp%2Fv2%2Fmedia&parent=24937"}],"wp:term":[{"taxonomy":"category","embeddable":true,"href":"https:\/\/cliente1.publisher.highstack.com.ar\/index.php?rest_route=%2Fwp%2Fv2%2Fcategories&post=24937"},{"taxonomy":"post_tag","embeddable":true,"href":"https:\/\/cliente1.publisher.highstack.com.ar\/index.php?rest_route=%2Fwp%2Fv2%2Ftags&post=24937"}],"curies":[{"name":"wp","href":"https:\/\/api.w.org\/{rel}","templated":true}]}}