{"id":24931,"date":"2026-09-03T17:20:29","date_gmt":"2026-09-03T20:20:29","guid":{"rendered":"https:\/\/cliente1.publisher.highstack.com.ar\/?p=24931"},"modified":"2026-09-03T17:20:29","modified_gmt":"2026-09-03T20:20:29","slug":"tras-los-cambios-en-el-proyecto-oficial-hubo-dictamen-para-el-nuevo-marco-regulatorio-de-la-ley-de-biocombustibles","status":"publish","type":"post","link":"https:\/\/cliente1.publisher.highstack.com.ar\/?p=24931","title":{"rendered":"Tras los cambios en el proyecto oficial, hubo dictamen para el nuevo marco regulatorio de la ley de Biocombustibles"},"content":{"rendered":"<p><\/p>\n<div class=\"sc-45461e9c-0 eqiBeF container-text text-embed \" id=\"element-body-0\">\n<p>Tras los cambios impulsados por el bloque de La Libertad Avanza, las comisiones de Miner\u00eda, Energ\u00eda y Combustibles y de Presupuesto y Hacienda del Senado firmaron este jueves el dictamen del proyecto que <strong>establece un nuevo marco regulatorio para los biocombustibles,<\/strong> y se espera que se trate<strong> <\/strong>en el recinto este mes.<\/p>\n<\/div>\n<div class=\"sc-45461e9c-0 eqiBeF container-text text-embed \" id=\"element-body-1\">\n<p>Finalmente, el proyecto que avanz\u00f3 y defendi\u00f3 el Gobierno fue el de <strong>Patricia Bullrich<\/strong> entre los 6  presentados por distintos senadores. Establece u<strong>na vigencia de 15 a\u00f1os<\/strong> mientras que la Secretar\u00eda de Energ\u00eda del Ministerio de Econom\u00eda ser\u00e1 la autoridad de aplicaci\u00f3n.<\/p>\n<\/div>\n<div class=\"sc-45461e9c-0 eqiBeF container-text text-embed \" id=\"element-body-2\">\n<p>&#8220;Est\u00e1 muy modificada respecto a lo que era la ley original&#8221;, se\u00f1al\u00f3 Bullrich sobre la iniciativa, y destac\u00f3 que se trata de &#8220;un avance muy importante para que las no integradas sientan que han sido tenidas en cuenta y consideradas&#8221;.<\/p>\n<\/div>\n<div class=\"sc-45461e9c-0 eqiBeF container-text text-embed \" id=\"element-body-3\">\n<p>Entre los puntos m\u00e1s importantes de la nueva norma se encuentra la<strong> modificaci\u00f3n del corte obligatorio y de los cupos de biodi\u00e9sel y bioetanol en la mezcla con los combustibles<\/strong>. La principal problem\u00e1tica para avanzar en el proyecto se daba en el sector del biodi\u00e9sel, ya que actualmente las empresas no integradas (pymes) tienen el cupo total del 7,5%, mientras que las empresas integradas (las exportadoras) no pod\u00edan participar del mercado interno. <\/p>\n<\/div>\n<div class=\"sc-45461e9c-0 eqiBeF container-text text-embed \" id=\"element-body-4\">\n<p>Ahora, tras varias idas y vueltas, el proyecto establece que el cupo obligatorio en el gasoil deber\u00e1 contener inicialmente un 7,5% de biodiesel, porcentaje que se elevar\u00e1 al 10% a partir de los 12 meses de la sanci\u00f3n de la ley.<\/p>\n<\/div>\n<div class=\"sc-45461e9c-0 eqiBeF container-text text-embed \" id=\"element-body-5\">\n<p>En tanto, <strong>se modifica progresivamente la participaci\u00f3n de las empresas no integradas <\/strong>abriendo el mercado a la libre negociaci\u00f3n. Durante la etapa inicial, con un corte obligatorio del 7,5%, las empresas no integradas tendr\u00e1n asignado el total del mercado a trav\u00e9s del sistema de comercializaci\u00f3n. Cuando el corte pase al 10%, su participaci\u00f3n ser\u00e1 de 6,5%, mientras que otros 3,5% quedar\u00e1n dentro del segmento de negociaci\u00f3n libre.<\/p>\n<\/div>\n<div class=\"sc-98b114a2-0 bkqiHH image-embed  image-embed \" id=\"element-body-6\"><picture class=\"sc-98b114a2-1 jRUlDm\"><source media=\"(min-width: 975px)\" width=\"720\" height=\"480\" srcset=\"https:\/\/www.clarin.com\/img\/2026\/09\/03\/1z4GX_hdu_720x0__1.jpg\"><\/source><span class=\"epigraphe\" aria-hidden=\"true\">Flavia Roy\u00f3n es la presidenta de la comisi\u00f3n de Miner\u00eda, Energ\u00eda y Combustibles  Foto: Senado.<\/span><span class=\"picture-open\"><button class=\"open-image\" aria-label=\"Open Image\"><\/button><\/span><\/picture><\/div>\n<div class=\"sc-45461e9c-0 eqiBeF container-text text-embed \" id=\"element-body-7\">\n<p>Luego, el cronograma establece una reducci\u00f3n gradual de la participaci\u00f3n de las empresas no integradas: 5,5% en 2029, 5% en 2030 y 3% en 2031, siempre sobre un corte obligatorio total del 10%. A partir de 2032, el esquema quedar\u00e1 definitivamente dividido: 3% para las empresas no integradas, mientras que el 7% restante ser\u00e1 comercializado bajo un r\u00e9gimen de libre negociaci\u00f3n y contrataci\u00f3n, con participaci\u00f3n tanto de empresas integradas como no integradas.<\/p>\n<\/div>\n<div class=\"sc-45461e9c-0 eqiBeF container-text text-embed \" id=\"element-body-8\">\n<p>Este era uno de los reclamos de las empresas nucleadas en la C\u00e1mara de la Industria Aceitera de la Rep\u00fablica Argentina (Ciara) y el Centro Exportador de Cereales (Cec) ya que actualmente se utiliza solamente el 15% de la capacidad productiva, con un \u00fanico mercado, que es la Uni\u00f3n Europea.<\/p>\n<\/div>\n<div class=\"sc-45461e9c-0 eqiBeF container-text text-embed \" id=\"element-body-9\">\n<p>En tanto, los mezcladores que tambi\u00e9n sean refinadores podr\u00e1n incorporar materia prima no f\u00f3sil en la elaboraci\u00f3n de gasoil.<strong> Ese volumen no se contabiliza para el corte obligatorio de biodiesel<\/strong>, pero s\u00ed da acceso a los beneficios impositivos (exenci\u00f3n de Impuesto a los Combustibles L\u00edquidos e Impuesto al CO2) hasta un tope del 5% de la mezcla.<\/p>\n<\/div>\n<div class=\"sc-45461e9c-0 eqiBeF container-text text-embed \" id=\"element-body-10\">\n<p>En el caso de las naftas, tanto los sectores de bioetanol de ca\u00f1a de az\u00facar como del ma\u00edz hab\u00edan logrado un acuerdo. As\u00ed, el dictamen <strong>fij\u00f3 un corte obligatorio inicial del 12% de bioetanol, que tambi\u00e9n pasar\u00e1 al 15% transcurridos 12 meses desde la sanci\u00f3n de la ley<\/strong>. Dentro de ese porcentaje, se mantiene durante toda la vigencia del r\u00e9gimen una participaci\u00f3n del 6% para el bioetanol producido a partir de ca\u00f1a de az\u00facar y otro 6% para el elaborado a partir de ma\u00edz. El porcentaje restante, hasta completar el corte obligatorio, podr\u00e1 provenir de distintas materias primas.<\/p>\n<\/div>\n<div class=\"sc-45461e9c-0 eqiBeF container-text text-embed \" id=\"element-body-11\">\n<p>Para evitar la concentraci\u00f3n, ninguna empresa elaboradora de bioetanol podr\u00e1 superar el 20% del volumen anual comercializado en el corte obligatorio; en biodiesel, el tope por empresa y por grupo econ\u00f3mico dentro del segmento de no integradas es del 10%.<\/p>\n<\/div>\n<div class=\"sc-45461e9c-0 eqiBeF container-text text-embed \" id=\"element-body-12\">\n<p>El acuerdo no se cerr\u00f3 sin fisuras. El senador Fernando Salino (PJ-San Luis) present\u00f3 un dictamen de minor\u00eda en representaci\u00f3n de los productores industriales de biodiesel de Buenos Aires, Entre R\u00edos, La Pampa y San Luis que vienen reclamando una mirada m\u00e1s federal en el reparto del corte. Salino coincidi\u00f3 con el fondo de la reforma \u2014\u201ccualquier voluntad que haya en elevar el corte nos parece adecuada\u201d, dijo\u2014 pero insisti\u00f3 en que el esquema de cupos todav\u00eda no refleja del todo la diversidad regional del sector.<\/p>\n<\/div>\n<div class=\"sc-45461e9c-0 eqiBeF container-text text-embed \" id=\"element-body-13\">\n<p>El esquema plantea adem\u00e1s una mayor apertura en la comercializaci\u00f3n. El cumplimiento mensual de los cortes obligatorios deber\u00e1 instrumentarse mediante subastas en un<strong> Mercado Electr\u00f3nico, de acceso p\u00fablico y operado por un organismo independiente. <\/strong>All\u00ed los elaboradores y mezcladores podr\u00e1n formular ofertas de venta y compra en precio y volumen y alcanzar acuerdos entre s\u00ed. El proyecto tambi\u00e9n permite contratos a t\u00e9rmino de libre negociaci\u00f3n para los vol\u00famenes destinados al cumplimiento de los cortes.<\/p>\n<\/div>\n<div class=\"sc-45461e9c-0 eqiBeF container-text text-embed \" id=\"element-body-14\">\n<p>El proyecto tambi\u00e9n contempla que, si en el futuro la autoridad de aplicaci\u00f3n eleva el corte obligatorio de biodiesel por encima del 10%, las empresas no integradas deber\u00e1n conservar como m\u00ednimo una participaci\u00f3n equivalente al 30% del volumen total, con un piso de tres puntos porcentuales sobre el total del combustible f\u00f3sil comercializado. Adem\u00e1s, cualquier volumen que resulte faltante para completar el corte obligatorio podr\u00e1 ser negociado libremente entre elaboradores y mezcladores.<\/p>\n<\/div>\n<div class=\"sc-45461e9c-0 eqiBeF container-text text-embed \" id=\"element-body-15\">\n<p>En paralelo, l<strong>a iniciativa habilita cortes superiores a los m\u00ednimos obligatorios.<\/strong> Los mezcladores podr\u00e1n incorporar biodiesel, bioetanol u otros biocombustibles por encima de los porcentajes establecidos, siempre dentro de los l\u00edmites de calidad y composici\u00f3n fisicoqu\u00edmica. Tambi\u00e9n las provincias y la Ciudad Aut\u00f3noma de Buenos Aires podr\u00e1n establecer reg\u00edmenes propios para fomentar la comercializaci\u00f3n de mezclas superiores.<\/p>\n<\/div>\n<div class=\"sc-45461e9c-0 eqiBeF container-text text-embed \" id=\"element-body-16\">\n<h2>Las diferencias se trasladan al recinto<\/h2>\n<\/div>\n<div class=\"sc-45461e9c-0 eqiBeF container-text text-embed \" id=\"element-body-17\">\n<p>El acuerdo no se cerr\u00f3 sin fisuras. El senador Fernando Salino (PJ-San Luis) present\u00f3 u<strong>n dictamen de minor\u00eda<\/strong> en representaci\u00f3n de los productores industriales de biodiesel de Buenos Aires, Entre R\u00edos, La Pampa y San Luis que vienen reclamando una mirada m\u00e1s federal en el reparto del corte. Salino coincidi\u00f3 con el fondo de la reforma \u2014\u201ccualquier voluntad que haya en elevar el corte nos parece adecuada\u201d, dijo\u2014 pero insisti\u00f3 en que el esquema de cupos todav\u00eda no refleja del todo la diversidad regional del sector.<\/p>\n<\/div>\n<div class=\"sc-45461e9c-0 eqiBeF container-text text-embed \" id=\"element-body-18\">\n<p><\/p>\n<\/div>\n","protected":false},"excerpt":{"rendered":"<p>Tras los cambios impulsados por el bloque de La Libertad Avanza, las comisiones de Miner\u00eda, Energ\u00eda y Combustibles y de Presupuesto y Hacienda del Senado firmaron este jueves el dictamen del proyecto que establece un nuevo marco regulatorio para los biocombustibles, y se espera que se trate en el recinto este mes. Finalmente, el proyecto [&hellip;]<\/p>\n","protected":false},"author":1,"featured_media":24932,"comment_status":"open","ping_status":"open","sticky":false,"template":"","format":"standard","meta":{"footnotes":""},"categories":[1],"tags":[4],"class_list":["post-24931","post","type-post","status-publish","format-standard","has-post-thumbnail","hentry","category-uncategorized","tag-entre-rios"],"_links":{"self":[{"href":"https:\/\/cliente1.publisher.highstack.com.ar\/index.php?rest_route=\/wp\/v2\/posts\/24931","targetHints":{"allow":["GET"]}}],"collection":[{"href":"https:\/\/cliente1.publisher.highstack.com.ar\/index.php?rest_route=\/wp\/v2\/posts"}],"about":[{"href":"https:\/\/cliente1.publisher.highstack.com.ar\/index.php?rest_route=\/wp\/v2\/types\/post"}],"author":[{"embeddable":true,"href":"https:\/\/cliente1.publisher.highstack.com.ar\/index.php?rest_route=\/wp\/v2\/users\/1"}],"replies":[{"embeddable":true,"href":"https:\/\/cliente1.publisher.highstack.com.ar\/index.php?rest_route=%2Fwp%2Fv2%2Fcomments&post=24931"}],"version-history":[{"count":0,"href":"https:\/\/cliente1.publisher.highstack.com.ar\/index.php?rest_route=\/wp\/v2\/posts\/24931\/revisions"}],"wp:featuredmedia":[{"embeddable":true,"href":"https:\/\/cliente1.publisher.highstack.com.ar\/index.php?rest_route=\/wp\/v2\/media\/24932"}],"wp:attachment":[{"href":"https:\/\/cliente1.publisher.highstack.com.ar\/index.php?rest_route=%2Fwp%2Fv2%2Fmedia&parent=24931"}],"wp:term":[{"taxonomy":"category","embeddable":true,"href":"https:\/\/cliente1.publisher.highstack.com.ar\/index.php?rest_route=%2Fwp%2Fv2%2Fcategories&post=24931"},{"taxonomy":"post_tag","embeddable":true,"href":"https:\/\/cliente1.publisher.highstack.com.ar\/index.php?rest_route=%2Fwp%2Fv2%2Ftags&post=24931"}],"curies":[{"name":"wp","href":"https:\/\/api.w.org\/{rel}","templated":true}]}}