{"id":24926,"date":"2026-09-03T17:00:13","date_gmt":"2026-09-03T20:00:13","guid":{"rendered":"https:\/\/cliente1.publisher.highstack.com.ar\/?p=24926"},"modified":"2026-09-03T17:00:13","modified_gmt":"2026-09-03T20:00:13","slug":"la-corte-confirmo-la-condena-del-exgobernador-de-entre-rios-sergio-urribarri-y-pediran-su-detencion","status":"publish","type":"post","link":"https:\/\/cliente1.publisher.highstack.com.ar\/?p=24926","title":{"rendered":"La Corte confirm\u00f3 la condena del exgobernador de Entre R\u00edos Sergio Urribarri y pedir\u00e1n su detenci\u00f3n"},"content":{"rendered":"<p><strong>Sergio Urribarri ir\u00e1 a prisi\u00f3n<\/strong>. La Corte Suprema de Justicia confirm\u00f3 la condena de 8 a\u00f1os que pesa sobre el exgobernador de Entre R\u00edos por desv\u00edo de fondos p\u00fablicos durante su administraci\u00f3n provincial.<\/p>\n<p>La decisi\u00f3n del m\u00e1ximo tribunal argentino cierra todas las instancias judiciales. Ya no hay apelaciones posibles para Urribarri.<\/p>\n<div id=\"taboola-mid-stream-thumbnails\"><\/div>\n<p><script type=\"text\/javascript\">\n  window._taboola = window._taboola || [];\n  _taboola.push({\n    mode: 'thumbnails-stream',\n    container: 'taboola-mid-stream-thumbnails',\n    placement: 'Mid Stream Thumbnails',\n    target_type: 'mix'\n  });\n<\/script><\/p>\n<p>La sentencia lo inhabilita de por vida para ejercer cargos p\u00fablicos, un golpe definitivo para quien fue gobernador entre 2007 y 2015 y luego <strong>embajador argentino en Israel<\/strong> durante el kirchnerismo.<\/p>\n<p>Los jueces <strong>Horacio Rosatti, Carlos Rosenkrantz y Ricardo Lorenzetti<\/strong> rechazaron el recurso extraordinario presentado por la defensa del ex mandatario. El fallo fue breve y contundente.<\/p>\n<p>La Justicia de Entre R\u00edos deber\u00e1 ahora disponer la ejecuci\u00f3n inmediata de la pena. Urribarri tendr\u00e1 que presentarse ante las autoridades penitenciarias para ingresar a prisi\u00f3n.<\/p>\n<h2>Qu\u00e9 hizo Urribarri y c\u00f3mo funcionaba el esquema de desv\u00edo<\/h2>\n<p>La condena original contra Urribarri data del 7 de abril de 2022. Ese d\u00eda, el Tribunal de Juicios y Apelaciones de Paran\u00e1 dict\u00f3 <strong>8 a\u00f1os de prisi\u00f3n e inhabilitaci\u00f3n perpetua<\/strong> para ejercer cargos p\u00fablicos.<\/p>\n<p>La causa investig\u00f3 un direccionamiento de contrataciones de publicidad oficial del Gobierno de Entre R\u00edos. El per\u00edodo bajo la lupa: 2010 a 2015.<\/p>\n<p><span style=\"background-color: #ffff99;\">El esquema consist\u00eda en <strong>pagos a empresas sin actividad real<\/strong> y una red de testaferros que, seg\u00fan la acusaci\u00f3n fiscal, benefici\u00f3 directamente a Juan Pablo Aguilera, cu\u00f1ado del exgobernador.<\/span><\/p>\n<p>Entre los hechos investigados figuraron tambi\u00e9n gastos vinculados a la Cumbre del Mercosur. El evento se realiz\u00f3 en Paran\u00e1 en 2014 y dej\u00f3 una serie de contrataciones irregulares.<\/p>\n<p>El dinero p\u00fablico sal\u00eda formalmente hacia empresas proveedoras. Pero esas firmas eran c\u00e1scaras vac\u00edas, sin empleados ni estructura real.<\/p>\n<p>Los fondos terminaban en manos de operadores cercanos a Urribarri. La Justicia logr\u00f3 reconstruir el circuito completo del dinero desviado.<\/p>\n<h2>Los otros condenados en la misma causa y sus penas<\/h2>\n<p>Urribarri no fue el \u00fanico castigado. En la misma causa fueron condenados otros funcionarios clave de su gesti\u00f3n.<\/p>\n<p>Pedro B\u00e1ez, exministro de Cultura y Comunicaci\u00f3n de la provincia, recibi\u00f3 <strong>6 a\u00f1os de prisi\u00f3n<\/strong>. Su rol fue central en el armado de las licitaciones direccionadas.<\/p>\n<p>Juan Pablo Aguilera, cu\u00f1ado del exgobernador, tambi\u00e9n fue sentenciado a 6 a\u00f1os. La Justicia lo consider\u00f3 beneficiario directo del esquema.<\/p>\n<p>Adem\u00e1s, la Corte Suprema rechaz\u00f3 los recursos de otros seis condenados que hab\u00edan llegado en queja ante el m\u00e1ximo tribunal: Gerardo Daniel Caruso, Corina Cargnel, Emiliano Giacopuzzi, Luciana Bel\u00e9n Almada y los ya mencionados Aguilera y B\u00e1ez.<\/p>\n<p>Todos los planteos fueron desestimados. Las condenas quedaron firmes para todo el grupo.<\/p>\n<h2>Por qu\u00e9 la Corte Suprema rechaz\u00f3 el recurso de la defensa<\/h2>\n<p>El tribunal sostuvo que los recursos extraordinarios &#8220;parcialmente concedidos&#8221; por el Superior Tribunal de Justicia de Entre R\u00edos el 22 de octubre de 2024 &#8220;son inadmisibles&#8221;.<\/p>\n<p><span style=\"background-color: #ffff99;\">La Corte aplic\u00f3 el art\u00edculo 280 del C\u00f3digo Procesal Civil y Comercial de la Naci\u00f3n, <strong>una norma que permite al m\u00e1ximo tribunal rechazar apelaciones<\/strong> sin dar mayores fundamentos cuando entiende que no hay una cuesti\u00f3n federal suficiente para tratar.<\/span><\/p>\n<p>En su voto, Ricardo Lorenzetti agreg\u00f3 una aclaraci\u00f3n t\u00e9cnica. Cit\u00f3 el precedente &#8220;Vidal&#8221; para remarcar que el rechazo por esa v\u00eda &#8220;no importa confirmar ni afirmar la justicia o el acierto de la decisi\u00f3n recurrida&#8221;.<\/p>\n<p>En otras palabras: la Corte no evalu\u00f3 el fondo del asunto, sino que consider\u00f3 que no correspond\u00eda revisar lo actuado por los tribunales provinciales.<\/p>\n<p>Urribarri hab\u00eda estado detenido durante 50 d\u00edas a partir de noviembre de 2024. La C\u00e1mara de Casaci\u00f3n Penal de Entre R\u00edos orden\u00f3 su captura por temor a que intentara frustrar el proceso.<\/p>\n<p>Esa medida fue revocada en enero de 2025. Desde entonces, el exgobernador aguardaba la decisi\u00f3n final en su domicilio.<\/p>\n<p>Ahora, con la condena firme, <strong>deber\u00e1 ingresar a prisi\u00f3n<\/strong> para cumplir los 8 a\u00f1os de pena efectiva.<\/p>\n<p><\/p>\n","protected":false},"excerpt":{"rendered":"<p>        La Corte Suprema rechaz\u00f3 el recurso de la defensa y confirm\u00f3 8 a\u00f1os de prisi\u00f3n por desv\u00edo de fondos p\u00fablicos durante su gesti\u00f3n en Entre R\u00edos<\/p>\n","protected":false},"author":1,"featured_media":24928,"comment_status":"open","ping_status":"open","sticky":false,"template":"","format":"standard","meta":{"footnotes":""},"categories":[1],"tags":[4,99],"class_list":["post-24926","post","type-post","status-publish","format-standard","has-post-thumbnail","hentry","category-uncategorized","tag-entre-rios","tag-sergio-urribarri"],"_links":{"self":[{"href":"https:\/\/cliente1.publisher.highstack.com.ar\/index.php?rest_route=\/wp\/v2\/posts\/24926","targetHints":{"allow":["GET"]}}],"collection":[{"href":"https:\/\/cliente1.publisher.highstack.com.ar\/index.php?rest_route=\/wp\/v2\/posts"}],"about":[{"href":"https:\/\/cliente1.publisher.highstack.com.ar\/index.php?rest_route=\/wp\/v2\/types\/post"}],"author":[{"embeddable":true,"href":"https:\/\/cliente1.publisher.highstack.com.ar\/index.php?rest_route=\/wp\/v2\/users\/1"}],"replies":[{"embeddable":true,"href":"https:\/\/cliente1.publisher.highstack.com.ar\/index.php?rest_route=%2Fwp%2Fv2%2Fcomments&post=24926"}],"version-history":[{"count":1,"href":"https:\/\/cliente1.publisher.highstack.com.ar\/index.php?rest_route=\/wp\/v2\/posts\/24926\/revisions"}],"predecessor-version":[{"id":24927,"href":"https:\/\/cliente1.publisher.highstack.com.ar\/index.php?rest_route=\/wp\/v2\/posts\/24926\/revisions\/24927"}],"wp:featuredmedia":[{"embeddable":true,"href":"https:\/\/cliente1.publisher.highstack.com.ar\/index.php?rest_route=\/wp\/v2\/media\/24928"}],"wp:attachment":[{"href":"https:\/\/cliente1.publisher.highstack.com.ar\/index.php?rest_route=%2Fwp%2Fv2%2Fmedia&parent=24926"}],"wp:term":[{"taxonomy":"category","embeddable":true,"href":"https:\/\/cliente1.publisher.highstack.com.ar\/index.php?rest_route=%2Fwp%2Fv2%2Fcategories&post=24926"},{"taxonomy":"post_tag","embeddable":true,"href":"https:\/\/cliente1.publisher.highstack.com.ar\/index.php?rest_route=%2Fwp%2Fv2%2Ftags&post=24926"}],"curies":[{"name":"wp","href":"https:\/\/api.w.org\/{rel}","templated":true}]}}