{"id":24924,"date":"2026-09-03T16:56:44","date_gmt":"2026-09-03T19:56:44","guid":{"rendered":"https:\/\/cliente1.publisher.highstack.com.ar\/?p=24924"},"modified":"2026-09-03T16:56:44","modified_gmt":"2026-09-03T19:56:44","slug":"buscan-a-un-estudiante-de-arquitectura-que-desaparecio-al-salir-de-la-facultad-llamame-hijo-suplico-su-mama","status":"publish","type":"post","link":"https:\/\/cliente1.publisher.highstack.com.ar\/?p=24924","title":{"rendered":"Buscan a un estudiante de arquitectura que desapareci\u00f3 al salir de la facultad: \u201cLlamame hijo\u201d, suplic\u00f3 su mam\u00e1"},"content":{"rendered":"<p><\/p>\n<div>\n<p>El estudiante de arquitectura <b>Mariano Mart\u00ednez, de 21 a\u00f1os, desapareci\u00f3 el lunes<\/b>, despu\u00e9s de salir de su casa en Berazategui para presentar trabajos en la Facultad de Arquitectura y Urbanismo de la Universidad Nacional de La Plata (UNLP). Mientras familiares, amigos y compa\u00f1eros participan de la b\u00fasqueda, su madre difundi\u00f3 un desesperado pedido: <b>\u201cTe amo, mi hijo, por favor, llamame\u201d<\/b>. <\/p>\n<p><!-- is a <br \/>--><\/p>\n<p>\u00a0<\/p>\n<p><!-- is a <br \/>--><\/p>\n<p>Sus padres, Alicia y Gustavo, intentaron reconstruir sus \u00faltimos movimientos mediante c\u00e1maras de seguridad y testimonios. Seg\u00fan la informaci\u00f3n aportada por la familia, el joven estuvo en la facultad, luego pas\u00f3 por Punta Lara y finalmente tom\u00f3 un tren hacia Constituci\u00f3n. Su paradero sigue siendo desconocido. <\/p>\n<p><!-- is a <br \/>--><\/p>\n<p><!-- is a object --><br \/>\n<!-- embed start --><!-- embed end --><br \/>\n<!-- end object --><\/p>\n<p>La madre cont\u00f3 que Mariano hab\u00eda pasado pr\u00e1cticamente todo el fin de semana sin dormir para preparar una entrega. <b>\u201cYo creo que se esforz\u00f3 demasiado por cumplir y se descompuso\u201d<\/b>, relat\u00f3 en di\u00e1logo con<i> Cr\u00f3nica TV<\/i>.  <\/p>\n<p><!-- is a <br \/>--><\/p>\n<p>\u00a0<\/p>\n<p><!-- is a <br \/>--><\/p>\n<p><!-- is a object --><\/p>\n<h3>Los \u00faltimos movimientos que reconstruy\u00f3 la familia<\/h3>\n<p><!-- end object --><\/p>\n<p>\u00a0<\/p>\n<p><!-- is a <br \/>--><\/p>\n<p>Mariano sali\u00f3 de su vivienda alrededor de las 8 del lunes con un bolso grande que conten\u00eda las l\u00e1minas y los trabajos acad\u00e9micos que deb\u00eda presentar. Una vez en la facultad, seg\u00fan cont\u00f3 su familia, manifest\u00f3 que se sent\u00eda mal y decidi\u00f3 retirarse. Habitualmente regresaba a su casa al mediod\u00eda, pero esa jornada no volvi\u00f3. <\/p>\n<p><!-- is a <br \/>--><\/p>\n<p><!-- is a object --><br \/>\n<!-- embed start --><!-- embed end --><br \/>\n<!-- end object --><\/p>\n<p>Despu\u00e9s lleg\u00f3 hasta Punta Lara, donde c\u00e1maras de seguridad lo registraron mientras caminaba por la zona de la avenida Almirante Brown y se dirig\u00eda a una parada de la l\u00ednea 275. Gustavo explic\u00f3 que una c\u00e1mara de una ferreter\u00eda capt\u00f3 el momento en que su hijo abord\u00f3 el colectivo, alrededor de las 14.35, para regresar hacia La Plata. <\/p>\n<p><!-- is a <br \/>--><\/p>\n<p><!-- is a object --><br \/>\n<!-- embed start --><\/p>\n<figure class=\"embed\">\n<p>    <img decoding=\"async\" src=\"https:\/\/elonce-media.elonce.com\/fotos\/2026\/09\/03\/e_1788463883_10058.webp\" loading=\"lazy\" width=\"600\" height=\"400\" alt=\"\"\/><\/p>\n<\/figure>\n<p><!-- embed end --><br \/>\n<!-- end object --><\/p>\n<p>De acuerdo con el recorrido reconstruido, cerca de las 16 tom\u00f3 una formaci\u00f3n del Tren Roca con destino a Constituci\u00f3n. Durante parte del viaje estuvo acompa\u00f1ado por un compa\u00f1ero de la facultad, que descendi\u00f3 en Hudson. Su madre relat\u00f3 que Mariano se qued\u00f3 dormido por el cansancio y no baj\u00f3 en Berazategui, donde deb\u00eda hacerlo para volver a su casa. <\/p>\n<p><!-- is a <br \/>--><\/p>\n<p>\u00a0<\/p>\n<p><!-- is a <br \/>--><\/p>\n<p><!-- is a object --><\/p>\n<h3>El mensaje que alarm\u00f3 a sus padres<\/h3>\n<p><!-- end object --><\/p>\n<p>\u00a0<\/p>\n<p><!-- is a <br \/>--><\/p>\n<p>Mientras estaba en Punta Lara, Mariano se comunic\u00f3 con su hermano menor. <b>\u201cEl \u00fanico mensaje que Mariano mand\u00f3 en el d\u00eda fue a mi hijo Lucas, de 19 a\u00f1os. A las 14.35 se lo ve a Mariano subir al colectivo en Punta Lara\u201d<\/b>, explic\u00f3 Gustavo. <\/p>\n<p><!-- is a <br \/>--><\/p>\n<p>\u00a0<\/p>\n<p><!-- is a <br \/>--><\/p>\n<p>En ese contacto le comparti\u00f3 la contrase\u00f1a de su computadora. Seg\u00fan relat\u00f3 su padre, el joven escribi\u00f3: <b>\u201cPor cualquier cosa, si necesit\u00e1s, la clave es esta\u201d<\/b>. Ese mensaje aument\u00f3 la preocupaci\u00f3n de sus familiares, que continuaron buscando informaci\u00f3n sobre sus movimientos posteriores. <\/p>\n<p><!-- is a <br \/>--><\/p>\n<p>\u00a0<\/p>\n<p><!-- is a <br \/>--><\/p>\n<p><b>\u201cLo de la clave de la computadora lo tomamos como una despedida definitiva. Eso nos asust\u00f3 mucho\u201d<\/b>, expres\u00f3 Alicia. Esa fue la interpretaci\u00f3n de sus padres sobre el mensaje; su contenido no permiti\u00f3 establecer qu\u00e9 le ocurri\u00f3 al joven ni las circunstancias de su desaparici\u00f3n. <\/p>\n<p><!-- is a <br \/>--><\/p>\n<p>\u00a0<\/p>\n<p><!-- is a <br \/>--><\/p>\n<p><!-- is a object --><\/p>\n<h3>\u201cA nosotros no nos importa si vos estudi\u00e1s o si no estudi\u00e1s\u201d<\/h3>\n<p><!-- end object --><\/p>\n<p>\u00a0<\/p>\n<p><!-- is a <br \/>--><\/p>\n<p>En declaraciones a LaPlataHerald, Alicia describi\u00f3 la angustia que atravesaban: <b>\u201cMi marido no puede m\u00e1s de la angustia que tiene porque hoy nos enteramos de que mi hijo le cont\u00f3 a un compa\u00f1ero que se sent\u00eda mal. \u00c9l es nuestro orgullo. Nosotros lo queremos con todo el coraz\u00f3n\u201d<\/b>. <\/p>\n<p><!-- is a <br \/>--><\/p>\n<blockquote class=\"instagram-media\" data-instgrm-captioned=\"\" data-instgrm-permalink=\"https:\/\/www.instagram.com\/reel\/Dc1AIrjRbj7\/?utm_source=ig_embed&amp;utm_campaign=loading\" data-instgrm-version=\"14\" style=\" background:#FFF; border:0; border-radius:3px; box-shadow:0 0 1px 0 rgba(0,0,0,0.5),0 1px 10px 0 rgba(0,0,0,0.15); margin: 1px; max-width:540px; min-width:326px; padding:0; width:99.375%; width:-webkit-calc(100% - 2px); width:calc(100% - 2px);\"\/><p> <!-- is a <br \/>--><\/p>\n<p><!-- end code -->Luego se dirigi\u00f3 directamente a Mariano: <b>\u201cSi se arrepinti\u00f3\u2026 Marianito, si vos te arrepentiste y no quer\u00e9s seguir la carrera, si no te gust\u00f3, por favor, a nosotros no nos importa si vos estudi\u00e1s o si no estudi\u00e1s\u201d<\/b>. <\/p>\n<p><!-- is a <br \/>--><\/p>\n<p>\u00a0<\/p>\n<p><!-- is a <br \/>--><\/p>\n<p><b>\u201cSi vos ten\u00e9s verg\u00fcenza, porque yo s\u00e9 que vos me dec\u00edas siempre: \u2018Esta carrera la eleg\u00ed yo y yo me tengo que esforzar porque la eleg\u00ed yo\u2019, no importa. Si a vos no te gusta la carrera, no importa. Nosotros te queremos con todo el coraz\u00f3n\u201d<\/b>, expres\u00f3. <\/p>\n<p><!-- is a <br \/>--><\/p>\n<p>\u00a0<\/p>\n<p><!-- is a <br \/>--><\/p>\n<p><!-- is a object --><\/p>\n<h3>El pedido de su mam\u00e1 para que se comunique<\/h3>\n<p><!-- end object --><\/p>\n<p>\u00a0<\/p>\n<p><!-- is a <br \/>--><\/p>\n<p>La mujer insisti\u00f3 en que su hijo pod\u00eda acudir a ellos: <b>\u201cNo hagas una locura, no sientas verg\u00fcenza. Habl\u00e1 con nosotros, estamos para vos. Yo vivo por vos, me levanto cada d\u00eda por vos porque te quiero ver y te quiero dar todo lo que necesit\u00e1s\u201d<\/b>. <\/p>\n<p><!-- is a <br \/>--><\/p>\n<p>\u00a0<\/p>\n<p><!-- is a <br \/>--><\/p>\n<p><b>\u201cTe amo, mi hijo, por favor, llamame, porque estoy muy triste, tengo miedo de que capaz me pase algo en el coraz\u00f3n. Estamos muy mal, yo no sab\u00eda que vos te sent\u00edas mal. Ten\u00e9s que contar con nosotros porque te amamos, llamanos, por favor\u201d<\/b>, suplic\u00f3 Alicia. <\/p>\n<p><!-- is a <br \/>--><\/p>\n<p>\u00a0<\/p>\n<p><!-- is a <br \/>--><\/p>\n<p><!-- is a object --><\/p>\n<h3>Una nueva pista sobre su posible presencia en C\u00f3rdoba<\/h3>\n<p><!-- end object --><\/p>\n<p>\u00a0<\/p>\n<p><!-- is a <br \/>--><\/p>\n<p>Seg\u00fan inform\u00f3 <i>Clar\u00edn<\/i>, Mariano <b>habr\u00eda sido registrado por una c\u00e1mara de seguridad en la ciudad de C\u00f3rdoba<\/b>, una pista que renov\u00f3 las esperanzas de su familia. El joven de 21 a\u00f1os se habr\u00eda presentado en un local de sushi de la capital provincial, donde, de acuerdo con sus allegados, habr\u00eda dejado un curr\u00edculum. <\/p>\n<p><!-- is a <br \/>--><\/p>\n<p><!-- is a object --><br \/>\n<!-- embed start --><\/p>\n<figure class=\"embed\">\n<p>    <img decoding=\"async\" src=\"https:\/\/elonce-media.elonce.com\/fotos\/2026\/09\/03\/e_1788463883_62082.webp\" loading=\"lazy\" width=\"600\" height=\"400\" alt=\"\"\/><\/p>\n<\/figure>\n<p><!-- embed end --><br \/>\n<!-- end object --><\/p>\n<p>A esa informaci\u00f3n se sum\u00f3 el testimonio de una empleada de una librer\u00eda, quien <b>lo habr\u00eda ubicado en el comercio donde habr\u00eda impreso el curr\u00edculum<\/b> que luego habr\u00eda entregado en el establecimiento gastron\u00f3mico. <\/p>\n<p><!-- is a <br \/>--><\/p>\n<p>\u00a0<\/p>\n<p><!-- is a <br \/>--><\/p>\n<p>Por otra parte, Alicia, la madre de Mariano, cont\u00f3 que su hijo estaba afectado por una ruptura amorosa con una compa\u00f1era de la facultad. <\/p>\n<p><!-- is a <br \/>--><\/p>\n<p>\u00a0<\/p>\n<p><!-- is a <br \/>--><\/p>\n<p>Mientras contin\u00faa la investigaci\u00f3n, familiares, amigos y estudiantes de la UNLP mantienen activa la b\u00fasqueda. La familia pidi\u00f3 que cualquier persona que pueda aportar m\u00e1s informaci\u00f3n sobre Mariano se comunique con las autoridades, con la expectativa de que nuevos testimonios o registros permitan encontrarlo.<\/p>\n<\/p><\/div>\n<p><script async src=\"\/\/www.instagram.com\/embed.js\"><\/script><\/p>\n","protected":false},"excerpt":{"rendered":"<p>El estudiante de arquitectura Mariano Mart\u00ednez, de 21 a\u00f1os, desapareci\u00f3 el lunes, despu\u00e9s de salir de su casa en Berazategui para presentar trabajos en la Facultad de Arquitectura y Urbanismo de la Universidad Nacional de La Plata (UNLP). Mientras familiares, amigos y compa\u00f1eros participan de la b\u00fasqueda, su madre difundi\u00f3 un desesperado pedido: \u201cTe amo, [&hellip;]<\/p>\n","protected":false},"author":1,"featured_media":24925,"comment_status":"open","ping_status":"open","sticky":false,"template":"","format":"standard","meta":{"footnotes":""},"categories":[1],"tags":[],"class_list":["post-24924","post","type-post","status-publish","format-standard","has-post-thumbnail","hentry","category-uncategorized"],"_links":{"self":[{"href":"https:\/\/cliente1.publisher.highstack.com.ar\/index.php?rest_route=\/wp\/v2\/posts\/24924","targetHints":{"allow":["GET"]}}],"collection":[{"href":"https:\/\/cliente1.publisher.highstack.com.ar\/index.php?rest_route=\/wp\/v2\/posts"}],"about":[{"href":"https:\/\/cliente1.publisher.highstack.com.ar\/index.php?rest_route=\/wp\/v2\/types\/post"}],"author":[{"embeddable":true,"href":"https:\/\/cliente1.publisher.highstack.com.ar\/index.php?rest_route=\/wp\/v2\/users\/1"}],"replies":[{"embeddable":true,"href":"https:\/\/cliente1.publisher.highstack.com.ar\/index.php?rest_route=%2Fwp%2Fv2%2Fcomments&post=24924"}],"version-history":[{"count":0,"href":"https:\/\/cliente1.publisher.highstack.com.ar\/index.php?rest_route=\/wp\/v2\/posts\/24924\/revisions"}],"wp:featuredmedia":[{"embeddable":true,"href":"https:\/\/cliente1.publisher.highstack.com.ar\/index.php?rest_route=\/wp\/v2\/media\/24925"}],"wp:attachment":[{"href":"https:\/\/cliente1.publisher.highstack.com.ar\/index.php?rest_route=%2Fwp%2Fv2%2Fmedia&parent=24924"}],"wp:term":[{"taxonomy":"category","embeddable":true,"href":"https:\/\/cliente1.publisher.highstack.com.ar\/index.php?rest_route=%2Fwp%2Fv2%2Fcategories&post=24924"},{"taxonomy":"post_tag","embeddable":true,"href":"https:\/\/cliente1.publisher.highstack.com.ar\/index.php?rest_route=%2Fwp%2Fv2%2Ftags&post=24924"}],"curies":[{"name":"wp","href":"https:\/\/api.w.org\/{rel}","templated":true}]}}