{"id":24919,"date":"2026-09-03T16:26:44","date_gmt":"2026-09-03T19:26:44","guid":{"rendered":"https:\/\/cliente1.publisher.highstack.com.ar\/?p=24919"},"modified":"2026-09-03T16:26:45","modified_gmt":"2026-09-03T19:26:45","slug":"la-corte-suprema-dejo-firme-la-condena-contra-el-exgobernador-entrerriano-sergio-urribarri","status":"publish","type":"post","link":"https:\/\/cliente1.publisher.highstack.com.ar\/?p=24919","title":{"rendered":"La Corte Suprema dej\u00f3 firme la condena contra el exgobernador entrerriano Sergio Urribarri"},"content":{"rendered":"<p><\/p>\n<div>\t\t<!-- { REGION4 --> <\/p>\n<header class=\"news-headline\">\n<div class=\"news-headline__topics-and-date-wrapper\">    <span class=\"news-headline__publication-date\"> 3 de septiembre 2026 &#8211; 16:00<br \/>\n            <\/span><\/div>\n<h2 class=\"news-headline__article-summary\"\/>\n<p id=\"p-1788460816295-36001\" class=\"ignore-parser\"> Es por los delitos de peculado y negociaciones incompatibles con la funci\u00f3n p\u00fablica. El exmandatario peronista deber\u00e1 cumplir ocho a\u00f1os de prisi\u00f3n.<\/p>\n<\/header>\n<article class=\"article-body article-body--first-paragraph\" data-td-script-src=\"https:\/\/www.ambito.com\/td\/modulos\/encuestas\/js\/function-embeds-min-version-1788408512.js\">\n<p id=\"p-1788460769329-25544\">La Corte Suprema de Justicia de la Naci\u00f3n dej\u00f3 firme la condena a ocho a\u00f1os de prisi\u00f3n contra el exgobernador de Entre R\u00edos <strong>Sergio Urribarri<\/strong> por los delitos de <strong>peculado y negociaciones incompatibles con la funci\u00f3n p\u00fablica<\/strong>, en una causa por el direccionamiento de contrataciones de publicidad oficial.<\/p>\n<\/article>\n<section class=\"suscription-false printed-edition\" style=\"display:none\">\n<p> El contenido al que quiere acceder es exclusivo para suscriptores.<\/p>\n<p>  <span> <button type=\"button\" name=\"button\" class=\"subscribe-btn mercadopago-btn\">suscribirse<\/button><\/span>  <span class=\"btns\"><button type=\"button\" name=\"button\" class=\"subscribe-btn reload-login\"> ya estoy suscripto<\/button><\/span>  <\/p>\n<\/section>\n<article class=\"article-body article-body--second-paragraph\">\n<p id=\"p-1788460769329-71422\">Los jueces <strong>Horacio Rosatti<\/strong>, <strong>Carlos Rosenkrantz<\/strong> y <strong>Ricardo Lorenzetti<\/strong> rechazaron por inadmisible el recurso extraordinario presentado por la defensa del exmandatario provincial, con lo cual qued\u00f3 firme la sentencia que tambi\u00e9n estableci\u00f3 la inhabilitaci\u00f3n perpetua para ejercer cargos p\u00fablicos.<\/p>\n<\/article>\n<article class=\"article-body article-body--third-paragraph\">\n<h2 id=\"p-1788460957495-60038\"> La causa que enfrenta Sergio Urribarri<\/h2>\n<p id=\"p-1788460769329-25354\"><strong>Urribarri hab\u00eda sido condenado el 7 de abril de 2022 por el Tribunal de Juicios y Apelaciones de Paran\u00e1, que le impuso ocho a\u00f1os de prisi\u00f3n por peculado y negociaciones incompatibles con la funci\u00f3n p\u00fablica<\/strong>. En ese proceso tambi\u00e9n fueron condenados el exministro de Cultura y Comunicaci\u00f3n entrerriano <strong>Pedro B\u00e1ez<\/strong> y <strong>Juan Pablo Aguilera<\/strong>, cu\u00f1ado del exgobernador, ambos a seis a\u00f1os de prisi\u00f3n.<\/p>\n<\/article>\n<article class=\"article-body article-body--fourth-paragraph\">\n<p id=\"p-1788460769329-87609\">Seg\u00fan la investigaci\u00f3n, <strong>Urribarri direccion\u00f3 contrataciones de publicidad del Estado provincial<\/strong> para fines particulares y en las maniobras result\u00f3 favorecido Aguilera, se\u00f1alado como responsable de un esquema de testaferros y cartelizaci\u00f3n destinado a captar fondos de la pauta oficial en v\u00eda p\u00fablica.<\/p>\n<\/article>\n<article class=\"article-body article-body--fifth-paragraph\">\n<div contenteditable=\"false\" class=\"embed_cont type_imagen\" id=\"7480586-Libre-480729659_wrap\">\n<div id=\"7480586-Libre-480729659_content\" class=\"embed_content\"><img decoding=\"async\" fetchpriority=\"high\" loading=\"eager\" crossorigin=\"anonymous\" alt=\"Sergio Urribarri deber\u00e1 cumplir ocho a\u00f1os de condena.\" title=\"Sergio Urribarri deber\u00e1 cumplir ocho a\u00f1os de condena.\" width=\"730\" height=\"411\" id=\"7480586-Libre-480729659_embed\"\/><\/div>\n<div class=\"embed_wrapper-cont\" id=\"p-1788461003630-5765\">\n<div id=\"7480586-Libre-480729659_epigrafe\" class=\"embed_epigrafe\">\n<p id=\"p-1788461092342-81060\">Sergio Urribarri deber\u00e1 cumplir ocho a\u00f1os de condena.<\/p>\n<\/div>\n<p>@SergioUrribarri<\/p>\n<\/div><\/div>\n<p id=\"p-1788460769329-39774\">La acusaci\u00f3n comprendi\u00f3 cinco hechos principales, entre ellos el otorgamiento de pauta estatal a la empresa Global Means antes de que tuviera existencia efectiva; el manejo durante cinco a\u00f1os del negocio de carteler\u00eda oficial a trav\u00e9s de las firmas Tep SRL y Next SRL; y la denominada megacausa del \u201cSue\u00f1o Entrerriano\u201d.<\/p>\n<\/article>\n<article class=\"article-body article-body--remaining-paragraph\">\n<p id=\"p-1788460769329-13465\">Tambi\u00e9n se investigaron la instalaci\u00f3n de un parador en Mar del Plata, que tuvo un costo de $14 millones de entonces, y el pago a la productora <strong>Nelly Entertainment<\/strong> para la difusi\u00f3n de tres spots vinculados formalmente con la Cumbre del Mercosur realizada en Paran\u00e1 en 2014.<\/p>\n<p id=\"p-1788460769329-41238\">El fallo de primera instancia hab\u00eda sido confirmado en 2023 por el Tribunal de Casaci\u00f3n de Entre R\u00edos y posteriormente el Superior Tribunal de Justicia provincial rechaz\u00f3 los recursos de las defensas, que acudieron entonces ante el m\u00e1ximo tribunal nacional.<\/p>\n<p id=\"p-1788460769329-17160\"><strong>Urribarri estuvo detenido durante 50 d\u00edas luego de que en noviembre de 2024 la Casaci\u00f3n provincial ordenara su prisi\u00f3n preventiva ante el riesgo de fuga<\/strong>. Esa medida fue revocada en enero de 2025 por la Sala de feria del Superior Tribunal de Justicia entrerriano.<\/p>\n<p id=\"p-1788460766614-54959\">El dirigente peronista gobern\u00f3 Entre R\u00edos entre 2007 y 2015, fue posteriormente legislador provincial y en 2020 asumi\u00f3 como embajador argentino en Israel, cargo al que renunci\u00f3 en 2022 tras conocerse la condena.<\/p>\n<\/article>\n<p>\t\t<!-- REGION4 } --><\/div>\n<p><script>\n!function(f,b,e,v,n,t,s)\n{if(f.fbq)return;n=f.fbq=function(){n.callMethod?\nn.callMethod.apply(n,arguments):n.queue.push(arguments)};\nif(!f._fbq)f._fbq=n;n.push=n;n.loaded=!0;n.version='2.0';\nn.queue=[];t=b.createElement(e);t.async=!0;\nt.src=v;s=b.getElementsByTagName(e)[0];\ns.parentNode.insertBefore(t,s)}(window,document,'script',\n'\nfbq('init', '2047048335588113');\nfbq('track', 'PageView');\n<\/script><\/p>\n","protected":false},"excerpt":{"rendered":"<p>3 de septiembre 2026 &#8211; 16:00 Es por los delitos de peculado y negociaciones incompatibles con la funci\u00f3n p\u00fablica. El exmandatario peronista deber\u00e1 cumplir ocho a\u00f1os de prisi\u00f3n. La Corte Suprema de Justicia de la Naci\u00f3n dej\u00f3 firme la condena a ocho a\u00f1os de prisi\u00f3n contra el exgobernador de Entre R\u00edos Sergio Urribarri por los [&hellip;]<\/p>\n","protected":false},"author":1,"featured_media":24920,"comment_status":"open","ping_status":"open","sticky":false,"template":"","format":"standard","meta":{"footnotes":""},"categories":[1],"tags":[4,2214,99],"class_list":["post-24919","post","type-post","status-publish","format-standard","has-post-thumbnail","hentry","category-uncategorized","tag-entre-rios","tag-entrerriano","tag-sergio-urribarri"],"_links":{"self":[{"href":"https:\/\/cliente1.publisher.highstack.com.ar\/index.php?rest_route=\/wp\/v2\/posts\/24919","targetHints":{"allow":["GET"]}}],"collection":[{"href":"https:\/\/cliente1.publisher.highstack.com.ar\/index.php?rest_route=\/wp\/v2\/posts"}],"about":[{"href":"https:\/\/cliente1.publisher.highstack.com.ar\/index.php?rest_route=\/wp\/v2\/types\/post"}],"author":[{"embeddable":true,"href":"https:\/\/cliente1.publisher.highstack.com.ar\/index.php?rest_route=\/wp\/v2\/users\/1"}],"replies":[{"embeddable":true,"href":"https:\/\/cliente1.publisher.highstack.com.ar\/index.php?rest_route=%2Fwp%2Fv2%2Fcomments&post=24919"}],"version-history":[{"count":1,"href":"https:\/\/cliente1.publisher.highstack.com.ar\/index.php?rest_route=\/wp\/v2\/posts\/24919\/revisions"}],"predecessor-version":[{"id":24921,"href":"https:\/\/cliente1.publisher.highstack.com.ar\/index.php?rest_route=\/wp\/v2\/posts\/24919\/revisions\/24921"}],"wp:featuredmedia":[{"embeddable":true,"href":"https:\/\/cliente1.publisher.highstack.com.ar\/index.php?rest_route=\/wp\/v2\/media\/24920"}],"wp:attachment":[{"href":"https:\/\/cliente1.publisher.highstack.com.ar\/index.php?rest_route=%2Fwp%2Fv2%2Fmedia&parent=24919"}],"wp:term":[{"taxonomy":"category","embeddable":true,"href":"https:\/\/cliente1.publisher.highstack.com.ar\/index.php?rest_route=%2Fwp%2Fv2%2Fcategories&post=24919"},{"taxonomy":"post_tag","embeddable":true,"href":"https:\/\/cliente1.publisher.highstack.com.ar\/index.php?rest_route=%2Fwp%2Fv2%2Ftags&post=24919"}],"curies":[{"name":"wp","href":"https:\/\/api.w.org\/{rel}","templated":true}]}}