{"id":24911,"date":"2026-09-03T16:00:08","date_gmt":"2026-09-03T19:00:08","guid":{"rendered":"https:\/\/cliente1.publisher.highstack.com.ar\/?p=24911"},"modified":"2026-09-03T16:00:08","modified_gmt":"2026-09-03T19:00:08","slug":"el-gobierno-provincial-y-enersa-avanzan-con-la-inclusion-de-clientes-en-barrio-san-jose","status":"publish","type":"post","link":"https:\/\/cliente1.publisher.highstack.com.ar\/?p=24911","title":{"rendered":"El gobierno provincial y Enersa avanzan con la inclusi\u00f3n de clientes en barrio San Jos\u00e9"},"content":{"rendered":"<p>De la jornada participaron el ministro de Gobierno y Trabajo y vicepresidente de Enersa, Manuel Troncoso; el presidente de Enersa, Uriel Brupbacher; la secretaria de Participaci\u00f3n y Atenci\u00f3n Ciudadana, Valentina G\u00f6tte; y representantes de la Administradora Tributaria de Entre R\u00edos (ATER), el Registro Civil y la Polic\u00eda de Entre R\u00edos.<\/p>\n<p>Enersa ejecuta las obras necesarias para concretar las nuevas conexiones, entre ellas la instalaci\u00f3n de una subestaci\u00f3n a\u00e9rea y el tendido el\u00e9ctrico para abastecer al barrio. En paralelo, la Secretar\u00eda de Participaci\u00f3n y Atenci\u00f3n Ciudadana articula el dispositivo territorial y la intervenci\u00f3n de los distintos organismos, facilitando en el lugar tr\u00e1mites vinculados con altas del servicio, domicilios, certificados de vecindad y otras gestiones necesarias para la regularizaci\u00f3n.<\/p>\n<p>El ministro de Gobierno y Trabajo y vicepresidente de Enersa, Manuel Troncoso, destac\u00f3 que la intervenci\u00f3n da respuesta a una demanda hist\u00f3rica del barrio. &#8220;Se est\u00e1 cumpliendo con el sue\u00f1o de los vecinos y de unas 180 familias. Estamos cumpliendo con una deuda hist\u00f3rica con el barrio&#8221;, afirm\u00f3.<\/p>\n<p>Adem\u00e1s, remarc\u00f3 el compromiso asumido por el gobierno provincial: &#8220;Como nos pide el gobernador Rogelio Frigerio, estamos cumpliendo con el valor de la palabra empe\u00f1ada&#8221;.<\/p>\n<p>Por su parte, el presidente de Enersa, Uriel Brupbacher, destac\u00f3 la importancia del trabajo conjunto entre las distintas \u00e1reas del gobierno provincial. &#8220;Para nosotros es important\u00edsimo trabajar de manera articulada, pero fundamentalmente dignificar y dar seguridad a cada uno de los vecinos del barrio, para que tengan energ\u00eda segura y de calidad&#8221;, expres\u00f3.<\/p>\n<p>La referente barrial Nadia Bogado record\u00f3 que los vecinos llevaban a\u00f1os reclamando una soluci\u00f3n y relat\u00f3 que durante los veranos sufr\u00edan cortes, cables que se prend\u00edan fuego y artefactos el\u00e9ctricos quemados por las conexiones precarias. &#8220;Los veranos eran terror\u00edficos&#8221;, afirm\u00f3.<\/p>\n<p>Adem\u00e1s de las conexiones previstas, se analizan futuras incorporaciones al servicio en terrenos actualmente vacantes, de acuerdo con las condiciones t\u00e9cnicas y administrativas correspondientes.<\/p>\n","protected":false},"excerpt":{"rendered":"<p>El gobierno de Entre R\u00edos y Enersa llevan adelante un operativo en barrio San Jos\u00e9, en Paran\u00e1, para incorporar alrededor de 160 hogares al servicio el\u00e9ctrico formal, beneficiando a unas 180 familias, con una inversi\u00f3n aproximada de 145 millones de pesos.<\/p>\n","protected":false},"author":0,"featured_media":24912,"comment_status":"open","ping_status":"open","sticky":false,"template":"","format":"standard","meta":{"footnotes":""},"categories":[2225,2233],"tags":[317],"class_list":["post-24911","post","type-post","status-publish","format-standard","has-post-thumbnail","hentry","category-locales","category-parana","tag-energia"],"_links":{"self":[{"href":"https:\/\/cliente1.publisher.highstack.com.ar\/index.php?rest_route=\/wp\/v2\/posts\/24911","targetHints":{"allow":["GET"]}}],"collection":[{"href":"https:\/\/cliente1.publisher.highstack.com.ar\/index.php?rest_route=\/wp\/v2\/posts"}],"about":[{"href":"https:\/\/cliente1.publisher.highstack.com.ar\/index.php?rest_route=\/wp\/v2\/types\/post"}],"replies":[{"embeddable":true,"href":"https:\/\/cliente1.publisher.highstack.com.ar\/index.php?rest_route=%2Fwp%2Fv2%2Fcomments&post=24911"}],"version-history":[{"count":0,"href":"https:\/\/cliente1.publisher.highstack.com.ar\/index.php?rest_route=\/wp\/v2\/posts\/24911\/revisions"}],"wp:featuredmedia":[{"embeddable":true,"href":"https:\/\/cliente1.publisher.highstack.com.ar\/index.php?rest_route=\/wp\/v2\/media\/24912"}],"wp:attachment":[{"href":"https:\/\/cliente1.publisher.highstack.com.ar\/index.php?rest_route=%2Fwp%2Fv2%2Fmedia&parent=24911"}],"wp:term":[{"taxonomy":"category","embeddable":true,"href":"https:\/\/cliente1.publisher.highstack.com.ar\/index.php?rest_route=%2Fwp%2Fv2%2Fcategories&post=24911"},{"taxonomy":"post_tag","embeddable":true,"href":"https:\/\/cliente1.publisher.highstack.com.ar\/index.php?rest_route=%2Fwp%2Fv2%2Ftags&post=24911"}],"curies":[{"name":"wp","href":"https:\/\/api.w.org\/{rel}","templated":true}]}}