{"id":24907,"date":"2026-09-03T15:28:54","date_gmt":"2026-09-03T18:28:54","guid":{"rendered":"https:\/\/cliente1.publisher.highstack.com.ar\/?p=24907"},"modified":"2026-09-03T15:28:54","modified_gmt":"2026-09-03T18:28:54","slug":"va-a-quedar-detenido-la-corte-confirmo-la-condena-al-exgobernador-urribarri","status":"publish","type":"post","link":"https:\/\/cliente1.publisher.highstack.com.ar\/?p=24907","title":{"rendered":"Va a quedar detenido. La Corte confirm\u00f3 la condena al exgobernador Urribarri"},"content":{"rendered":"<section id=\"cuerpo__nota\" class=\"cuerpo__nota\">\n<div class=\"row\">\n<div class=\"col-12 col-desksm-1\">\n<div class=\"mod-share-container --no-app py-12 mb-16 mb-0_l sticky float-l_l z-101 transition transition-all transition-duration-250 top-73_min1024\">\n<div class=\"mod-share flex flex-column mb-0 p-0_l gap-24\"><\/div>\n<\/div>\n<\/div>\n<div class=\"col-deskxl-10 offset-deskxl-1 col-desksm-11\">\n<div class=\"row\">\n<div class=\"col-12\">\n<p class=\"com-paragraph --capital --s text-left\">La <strong>Corte Suprema de Justicia <\/strong>dej\u00f3 firme la condena a ocho a\u00f1os de prisi\u00f3n para <strong>Sergio Urribarri<\/strong>, quien fue <strong>dos veces gobernador de Entre R\u00edos<\/strong> por el kirchnerismo y embajador en Israel, por los delitos de negociaci\u00f3n incompatible con la funci\u00f3n p\u00fablica y peculado en cinco causas que tramitaron los tribunales provinciales. <\/p>\n<p class=\"com-paragraph --s text-left\">La condena lleva aparejada, adem\u00e1s, la inhabilitaci\u00f3n para ejercer cargos p\u00fablicos.<\/p>\n<p class=\"com-paragraph --s text-left\">Los jueces <strong>Horacio Rosatti, Carlos Rosenkrantz y Ricardo Lorenzetti <\/strong>rechazaron el recurso extraordinario de la defensa del exgobernador por considerarlo inadmisible. <\/p>\n<p class=\"com-paragraph --s text-left\">La misma suerte corrieron los planteos de los otros condenados en el expediente.<\/p>\n<p class=\"com-paragraph --s text-left\">Urribarri, que ya hab\u00eda estado preso, hab\u00eda sido liberado en enero de 2025 tras un fallo de la Corte provincial. Fij\u00f3 domicilio en la ciudad de Concordia. <\/p>\n<p class=\"com-paragraph --s text-left\">La Fiscal\u00eda pedir\u00e1 hoy mismo la detenci\u00f3n de Uribarri, Pedro B\u00e1ez, su exministro de Cultura, y de Juan Pablo Aguilera, cu\u00f1ado del exgobernador. <\/p>\n<p class=\"com-paragraph --s text-left\">El exgobernador \u2013aliado del kirchnerismo y que durante el gobierno de Alberto Fern\u00e1ndez fue embajador en Israel\u2013 fue condenado el 7 de abril de 2022 y esa sentencia fue confirmada por la Casaci\u00f3n de Entre R\u00edos en 2023.<\/p>\n<p class=\"com-paragraph --s text-left\"><em><strong>Noticia en desarrollo<\/strong><\/em><\/p>\n<div data-fusion-lazy-id=\"f0fLHi7Wfcy22C4\"><\/div>\n<\/div>\n<\/div>\n<\/div>\n<\/div>\n<\/section>\n<p><\/p>\n","protected":false},"excerpt":{"rendered":"<p>La Corte Suprema de Justicia dej\u00f3 firme la condena a ocho a\u00f1os de prisi\u00f3n para Sergio Urribarri, quien fue dos veces gobernador de Entre R\u00edos por el kirchnerismo y embajador en Israel, por los delitos de negociaci\u00f3n incompatible con la funci\u00f3n p\u00fablica y peculado en cinco causas que tramitaron los tribunales provinciales. La condena lleva [&hellip;]<\/p>\n","protected":false},"author":1,"featured_media":24908,"comment_status":"open","ping_status":"open","sticky":false,"template":"","format":"standard","meta":{"footnotes":""},"categories":[1],"tags":[2306,4,99],"class_list":["post-24907","post","type-post","status-publish","format-standard","has-post-thumbnail","hentry","category-uncategorized","tag-concordia","tag-entre-rios","tag-sergio-urribarri"],"_links":{"self":[{"href":"https:\/\/cliente1.publisher.highstack.com.ar\/index.php?rest_route=\/wp\/v2\/posts\/24907","targetHints":{"allow":["GET"]}}],"collection":[{"href":"https:\/\/cliente1.publisher.highstack.com.ar\/index.php?rest_route=\/wp\/v2\/posts"}],"about":[{"href":"https:\/\/cliente1.publisher.highstack.com.ar\/index.php?rest_route=\/wp\/v2\/types\/post"}],"author":[{"embeddable":true,"href":"https:\/\/cliente1.publisher.highstack.com.ar\/index.php?rest_route=\/wp\/v2\/users\/1"}],"replies":[{"embeddable":true,"href":"https:\/\/cliente1.publisher.highstack.com.ar\/index.php?rest_route=%2Fwp%2Fv2%2Fcomments&post=24907"}],"version-history":[{"count":0,"href":"https:\/\/cliente1.publisher.highstack.com.ar\/index.php?rest_route=\/wp\/v2\/posts\/24907\/revisions"}],"wp:featuredmedia":[{"embeddable":true,"href":"https:\/\/cliente1.publisher.highstack.com.ar\/index.php?rest_route=\/wp\/v2\/media\/24908"}],"wp:attachment":[{"href":"https:\/\/cliente1.publisher.highstack.com.ar\/index.php?rest_route=%2Fwp%2Fv2%2Fmedia&parent=24907"}],"wp:term":[{"taxonomy":"category","embeddable":true,"href":"https:\/\/cliente1.publisher.highstack.com.ar\/index.php?rest_route=%2Fwp%2Fv2%2Fcategories&post=24907"},{"taxonomy":"post_tag","embeddable":true,"href":"https:\/\/cliente1.publisher.highstack.com.ar\/index.php?rest_route=%2Fwp%2Fv2%2Ftags&post=24907"}],"curies":[{"name":"wp","href":"https:\/\/api.w.org\/{rel}","templated":true}]}}