{"id":24905,"date":"2026-09-03T15:19:04","date_gmt":"2026-09-03T18:19:04","guid":{"rendered":"https:\/\/cliente1.publisher.highstack.com.ar\/?p=24905"},"modified":"2026-09-03T15:19:04","modified_gmt":"2026-09-03T18:19:04","slug":"la-corte-suprema-dejo-firme-la-condena-a-ocho-anos-de-prision-contra-sergio-urribarri-por-corrupcion","status":"publish","type":"post","link":"https:\/\/cliente1.publisher.highstack.com.ar\/?p=24905","title":{"rendered":"La Corte Suprema dej\u00f3 firme la condena a ocho a\u00f1os de prisi\u00f3n contra Sergio Urribarri por corrupci\u00f3n"},"content":{"rendered":"<div>\n<p>La Corte Suprema de Justicia de la Naci\u00f3n dej\u00f3 firme la condena a ocho a\u00f1os de prisi\u00f3n contra el ex gobernador de Entre R\u00edos Sergio Urribarri por los delitos de peculado y negociaciones incompatibles con la funci\u00f3n p\u00fablica, en una causa por el direccionamiento de contrataciones de publicidad oficial.<\/p>\n<p><strong>Los jueces Horacio Rosatti, Carlos Rosenkrantz y Ricardo Lorenzetti rechazaron por inadmisible el recurso extraordinario presentado por la defensa del ex mandatario provincial, con lo cual qued\u00f3 firme la sentencia que tambi\u00e9n estableci\u00f3 la inhabilitaci\u00f3n perpetua para ejercer cargos p\u00fablicos.<\/strong><\/p>\n<p>Urribarri hab\u00eda sido condenado el 7 de abril de 2022 por el Tribunal de Juicios y Apelaciones de Paran\u00e1, que le impuso ocho a\u00f1os de prisi\u00f3n por peculado y negociaciones incompatibles con la funci\u00f3n p\u00fablica. En ese proceso tambi\u00e9n fueron condenados el ex ministro de Cultura y Comunicaci\u00f3n entrerriano Pedro B\u00e1ez y Juan Pablo Aguilera, cu\u00f1ado del ex gobernador, ambos a seis a\u00f1os de prisi\u00f3n.<\/p>\n<p><strong>Seg\u00fan la investigaci\u00f3n, Urribarri direccion\u00f3 contrataciones de publicidad del Estado provincial para fines particulares y en las maniobras result\u00f3 favorecido Aguilera, se\u00f1alado como responsable de un esquema de testaferros y cartelizaci\u00f3n destinado a captar fondos de la pauta oficial en v\u00eda p\u00fablica.<\/strong><\/p>\n<p>La acusaci\u00f3n comprendi\u00f3 cinco hechos principales, entre ellos el otorgamiento de pauta estatal a la empresa Global Means antes de que tuviera existencia efectiva; el manejo durante cinco a\u00f1os del negocio de carteler\u00eda oficial a trav\u00e9s de las firmas Tep SRL y Next SRL; y la denominada megacausa del \u201cSue\u00f1o Entrerriano\u201d.<\/p>\n<p>Tambi\u00e9n se investigaron la instalaci\u00f3n de un parador en Mar del Plata, que tuvo un costo de $14 millones de entonces, y el pago a la productora Nelly Entertainment para la difusi\u00f3n de tres spots vinculados formalmente con la Cumbre del Mercosur realizada en Paran\u00e1 en 2014.<\/p>\n<p>El fallo de primera instancia hab\u00eda sido confirmado en 2023 por el Tribunal de Casaci\u00f3n de Entre R\u00edos y posteriormente el Superior Tribunal de Justicia provincial rechaz\u00f3 los recursos de las defensas, que acudieron entonces ante el m\u00e1ximo tribunal nacional.<\/p>\n<p><strong>Urribarri estuvo detenido durante 50 d\u00edas luego de que en noviembre de 2024 la Casaci\u00f3n provincial ordenara su prisi\u00f3n preventiva ante el riesgo de fuga. Esa medida fue revocada en enero de 2025 por la Sala de feria del Superior Tribunal de Justicia entrerriano.<\/strong><\/p>\n<p>El dirigente peronista gobern\u00f3 Entre R\u00edos entre 2007 y 2015, fue posteriormente legislador provincial y en 2020 asumi\u00f3 como embajador argentino en Israel, cargo al que renunci\u00f3 en 2022 tras conocerse la condena.<\/p>\n<\/p><\/div>\n<p><\/p>\n","protected":false},"excerpt":{"rendered":"<p>La Corte Suprema de Justicia de la Naci\u00f3n dej\u00f3 firme la condena a ocho a\u00f1os de prisi\u00f3n contra el ex gobernador de Entre R\u00edos Sergio Urribarri por los delitos de peculado y negociaciones incompatibles con la funci\u00f3n p\u00fablica, en una causa por el direccionamiento de contrataciones de publicidad oficial. Los jueces Horacio Rosatti, Carlos Rosenkrantz [&hellip;]<\/p>\n","protected":false},"author":1,"featured_media":24906,"comment_status":"open","ping_status":"open","sticky":false,"template":"","format":"standard","meta":{"footnotes":""},"categories":[1],"tags":[4,2214,99],"class_list":["post-24905","post","type-post","status-publish","format-standard","has-post-thumbnail","hentry","category-uncategorized","tag-entre-rios","tag-entrerriano","tag-sergio-urribarri"],"_links":{"self":[{"href":"https:\/\/cliente1.publisher.highstack.com.ar\/index.php?rest_route=\/wp\/v2\/posts\/24905","targetHints":{"allow":["GET"]}}],"collection":[{"href":"https:\/\/cliente1.publisher.highstack.com.ar\/index.php?rest_route=\/wp\/v2\/posts"}],"about":[{"href":"https:\/\/cliente1.publisher.highstack.com.ar\/index.php?rest_route=\/wp\/v2\/types\/post"}],"author":[{"embeddable":true,"href":"https:\/\/cliente1.publisher.highstack.com.ar\/index.php?rest_route=\/wp\/v2\/users\/1"}],"replies":[{"embeddable":true,"href":"https:\/\/cliente1.publisher.highstack.com.ar\/index.php?rest_route=%2Fwp%2Fv2%2Fcomments&post=24905"}],"version-history":[{"count":0,"href":"https:\/\/cliente1.publisher.highstack.com.ar\/index.php?rest_route=\/wp\/v2\/posts\/24905\/revisions"}],"wp:featuredmedia":[{"embeddable":true,"href":"https:\/\/cliente1.publisher.highstack.com.ar\/index.php?rest_route=\/wp\/v2\/media\/24906"}],"wp:attachment":[{"href":"https:\/\/cliente1.publisher.highstack.com.ar\/index.php?rest_route=%2Fwp%2Fv2%2Fmedia&parent=24905"}],"wp:term":[{"taxonomy":"category","embeddable":true,"href":"https:\/\/cliente1.publisher.highstack.com.ar\/index.php?rest_route=%2Fwp%2Fv2%2Fcategories&post=24905"},{"taxonomy":"post_tag","embeddable":true,"href":"https:\/\/cliente1.publisher.highstack.com.ar\/index.php?rest_route=%2Fwp%2Fv2%2Ftags&post=24905"}],"curies":[{"name":"wp","href":"https:\/\/api.w.org\/{rel}","templated":true}]}}