{"id":24903,"date":"2026-09-03T15:15:43","date_gmt":"2026-09-03T18:15:43","guid":{"rendered":"https:\/\/cliente1.publisher.highstack.com.ar\/?p=24903"},"modified":"2026-09-03T15:15:43","modified_gmt":"2026-09-03T18:15:43","slug":"la-corte-dejo-firme-la-condena-al-ex-gobernador-k-sergio-urribarri-y-piden-que-vaya-a-la-carcel-a-cumplir-sus-8-anos-de-prision","status":"publish","type":"post","link":"https:\/\/cliente1.publisher.highstack.com.ar\/?p=24903","title":{"rendered":"La Corte dej\u00f3 firme la condena al ex gobernador K Sergio Urribarri y piden que vaya a la c\u00e1rcel a cumplir sus 8 a\u00f1os de prisi\u00f3n"},"content":{"rendered":"<p> <br \/>\n<\/p>\n<div id=\"element-body-0\">\n<p>La Corte Suprema de Justicia de la Naci\u00f3n<strong> dej\u00f3 este jueves firme la condena a ocho a\u00f1os de prisi\u00f3n para Sergio Urribarri,<\/strong> quien fue dos veces gobernador de Entre R\u00edos y embajador en Israel, por los delitos de negociaci\u00f3n incompatible con la funci\u00f3n p\u00fablica y peculado en cinco causas que tramitaron los tribunales provinciales. La condena lleva aparejada, adem\u00e1s, la inhabilitaci\u00f3n para ejercer cargos p\u00fablicos.<\/p>\n<\/div>\n<div id=\"element-body-1\">\n<p>Los jueces Horacio Rosatti, Carlos Rosenkrantz y Ricardo Lorenzetti rechazaron el recurso extraordinario de la defensa del exgobernador por considerarlo inadmisible. La misma suerte corrieron los planteos de los otros condenados en el expediente.<\/p>\n<\/div>\n<div id=\"element-body-2\">\n<p>El ministerio p\u00fablico<strong> fiscal pedir\u00e1 esta tarde que el ex gobernador, que est\u00e1 en arresto domiciliario, vaya a la c\u00e1rcel a cumplir su condena.<\/strong><\/p>\n<\/div>\n<div id=\"element-body-3\">\n<p>Tambi\u00e9n <strong>ir\u00e1n presos su ministro de cultura, Pedro B\u00e1ez, que tiene una condena de seis a\u00f1os y medio, y el cu\u00f1ado de Uribarri, Juan Pablo Aguilera, que fue presidente del partido justicialista entre R\u00edos,<\/strong> y tuvo varios otros cargos, pero esencialmente era testaferro de Urribarri (tambi\u00e9n tiene seis a\u00f1os y medio), informaron fuentes judiciales a Clar\u00edn.<\/p>\n<\/div>\n<div id=\"element-body-5\">\n<p>El exmandatario qued\u00f3 preso en noviembre de 2024 por orden de la C\u00e1mara de Casaci\u00f3n provincial que dispuso su prisi\u00f3n preventiva para evitar que se fugue, pero la decisi\u00f3n fue revocada en enero de 2025 por la Sala de feria del Tribunal Superior de Justicia de Entre R\u00edos. <strong>Estuvo preso 50 d\u00edas.<\/strong><\/p>\n<\/div>\n<div id=\"element-body-6\">\n<p>Seg\u00fan la investigaci\u00f3n, Urribarri direccion\u00f3 contrataciones de publicidad del Estado provincial para fines particulares. En esa maniobra apareci\u00f3 favorecido su cu\u00f1ado, Juan Pablo Aguilera, a quien se responsabiliz\u00f3 por manejar un esquema de testaferros y de cartelizaci\u00f3n para quedarse con los fondos de la publicidad en v\u00eda p\u00fablica. En el expediente tambi\u00e9n se investig\u00f3 el montaje de un parador en Mar del Plata en 2015 y la difusi\u00f3n de spots durante la Cumbre del Mercosur que se realiz\u00f3 en la ciudad de Paran\u00e1 en diciembre de 2014 para promover su postulaci\u00f3n a la presidencia en 2015.<\/p>\n<\/div>\n<div id=\"element-body-7\">\n<p>Urribarri fue gobernador de la provincia de Entre R\u00edos desde diciembre de 2007 hasta diciembre del 2015. Ese a\u00f1o fue electo legislador provincial y en 2020 fue nombrado Embajador por la Rep\u00fablica Argentina en el Estado de Israel por el gobierno de Alberto Fernandez y Cristina Kirchner. Ese cargo diplom\u00e1tico fue ocupado hasta mayo del 2022, cuando el Poder Ejecutivo acept\u00f3 su renuncia tras su condena.<\/p>\n<\/div>\n<div id=\"element-body-8\">\n<p>La causa fue impulsada por la fiscal anticorrupci\u00f3n Cecilia Goyeneche -que enfrent\u00f3 un jury por mal desempe\u00f1o impulsado por los K, fue echada y restituida por la Corte Suprema. <\/p>\n<\/div>\n<div id=\"element-body-9\">\n<p>All\u00ed hubo cinco acusaciones principales: el otorgamiento de una pauta publicitaria del Estado a la empresa Global Means, del empresario Germ\u00e1n Buffa, antes de que esa firma tuviera existencia real; la denominada \u201ccausa de la vaca\u201d o \u201cde las imprentas\u201d, que investig\u00f3 de qu\u00e9 modo dos empresas, Tep SRL y Next SRL, que se adjudican al cu\u00f1ado de Urribarri, Juan Pablo Agueilra, se quedaron durante cinco a\u00f1os con el negocio de la pauta publicitaria oficial en carteler\u00eda en v\u00eda p\u00fablica; la megacausa del Sue\u00f1o Entrerriano, que involucra la publicaci\u00f3n de una solicitada contra fondos buitre; la instalaci\u00f3n de un parador playero en Mar del Plata que cost\u00f3 $14 millones de entonces; y el pago a la productora Nelly Entertainment para difundir tres spots en apariencia para difundir la Cumbre del Mercosur de 2014.<\/p>\n<\/div>\n<div id=\"element-body-10\">\n<p>El 7 de abril de 2022, el Tribunal de Juicios y Apelaciones de Paran\u00e1 conden\u00f3 a Urribarri a la pena de 8 a\u00f1os de prisi\u00f3n e inhabilitaci\u00f3n perpetua para ejercer cargos p\u00fablicos, por los delitos de peculado y negociaciones incompatibles con la funci\u00f3n p\u00fablica. Tambi\u00e9n fueron condenados el exministro de Cultura y Comunicaci\u00f3n de la provincia, Pedro B\u00e1ez, y el exfuncionario legislativo Juan Pablo Aguilera -cu\u00f1ado del exmandatario-, ambos a seis a\u00f1os de prisi\u00f3n e inhabilitaci\u00f3n.<\/p>\n<\/div>\n<div id=\"element-body-11\">\n<p>En el mismo debate tambi\u00e9n fueron condenados Corina Elizabeth Cargnel, Gustavo Ruben Tamay y Gerardo Daniel \u201cFoia\u201d Caruso, a la pena de tres a\u00f1os de prisi\u00f3n en suspenso. Las penas menores fueron para Luciana Bel\u00e9n Almada, esposa de Aguilera, y Emiliano Giacopuzzi, quienes recibieron dos a\u00f1os y seis meses de prisi\u00f3n de ejecuci\u00f3n condicional, respectivamente; y Germ\u00e1n Esteban Buffa, a la pena de a\u00f1o y dos meses de prisi\u00f3n de ejecuci\u00f3n condicional.<\/p>\n<\/div>\n<div id=\"element-body-12\">\n<p>El tribunal tambi\u00e9n dict\u00f3 absoluciones para otros acusados: el exministro de Turismo, Hugo Mars\u00f3; los exfuncionarios de la Unidad Operativa Mercosur Hugo C\u00e9spedes -fallecido durante el proceso- y Gustavo T\u00f3rtul; Alejandro Almada y Maximiliano Sena.<\/p>\n<\/div>\n<div id=\"element-body-13\">\n<p>En 2023, el Tribunal de Casaci\u00f3n entrerriano confirm\u00f3 las condenas. El Superior Tribunal de Justicia rechaz\u00f3 los recursos de las defensas. Los imputados presentaron recursos extraordinarios para revocar su suerte ante la Corte Suprema de Justicia de la Naci\u00f3n. Los jueces Rosatti, Rosenkrantz y Lorenzetti desestimaron los recursos por inadmisibles, salvo en el caso de la defensa de Tamay, en el que su presentaci\u00f3n fue rechazada por defectos formales.<\/p>\n<\/div>\n","protected":false},"excerpt":{"rendered":"<p>La Corte Suprema de Justicia de la Naci\u00f3n dej\u00f3 este jueves firme la condena a ocho a\u00f1os de prisi\u00f3n para Sergio Urribarri, quien fue dos veces gobernador de Entre R\u00edos y embajador en Israel, por los delitos de negociaci\u00f3n incompatible con la funci\u00f3n p\u00fablica y peculado en cinco causas que tramitaron los tribunales provinciales. La [&hellip;]<\/p>\n","protected":false},"author":1,"featured_media":24904,"comment_status":"open","ping_status":"open","sticky":false,"template":"","format":"standard","meta":{"footnotes":""},"categories":[1],"tags":[4,2214,116,99],"class_list":["post-24903","post","type-post","status-publish","format-standard","has-post-thumbnail","hentry","category-uncategorized","tag-entre-rios","tag-entrerriano","tag-parana","tag-sergio-urribarri"],"_links":{"self":[{"href":"https:\/\/cliente1.publisher.highstack.com.ar\/index.php?rest_route=\/wp\/v2\/posts\/24903","targetHints":{"allow":["GET"]}}],"collection":[{"href":"https:\/\/cliente1.publisher.highstack.com.ar\/index.php?rest_route=\/wp\/v2\/posts"}],"about":[{"href":"https:\/\/cliente1.publisher.highstack.com.ar\/index.php?rest_route=\/wp\/v2\/types\/post"}],"author":[{"embeddable":true,"href":"https:\/\/cliente1.publisher.highstack.com.ar\/index.php?rest_route=\/wp\/v2\/users\/1"}],"replies":[{"embeddable":true,"href":"https:\/\/cliente1.publisher.highstack.com.ar\/index.php?rest_route=%2Fwp%2Fv2%2Fcomments&post=24903"}],"version-history":[{"count":0,"href":"https:\/\/cliente1.publisher.highstack.com.ar\/index.php?rest_route=\/wp\/v2\/posts\/24903\/revisions"}],"wp:featuredmedia":[{"embeddable":true,"href":"https:\/\/cliente1.publisher.highstack.com.ar\/index.php?rest_route=\/wp\/v2\/media\/24904"}],"wp:attachment":[{"href":"https:\/\/cliente1.publisher.highstack.com.ar\/index.php?rest_route=%2Fwp%2Fv2%2Fmedia&parent=24903"}],"wp:term":[{"taxonomy":"category","embeddable":true,"href":"https:\/\/cliente1.publisher.highstack.com.ar\/index.php?rest_route=%2Fwp%2Fv2%2Fcategories&post=24903"},{"taxonomy":"post_tag","embeddable":true,"href":"https:\/\/cliente1.publisher.highstack.com.ar\/index.php?rest_route=%2Fwp%2Fv2%2Ftags&post=24903"}],"curies":[{"name":"wp","href":"https:\/\/api.w.org\/{rel}","templated":true}]}}