{"id":24899,"date":"2026-09-03T15:06:04","date_gmt":"2026-09-03T18:06:04","guid":{"rendered":"https:\/\/cliente1.publisher.highstack.com.ar\/?p=24899"},"modified":"2026-09-03T15:06:04","modified_gmt":"2026-09-03T18:06:04","slug":"los-maximos-tribunales-de-entre-rios-santa-fe-y-cordoba-se-reunieron-en-parana","status":"publish","type":"post","link":"https:\/\/cliente1.publisher.highstack.com.ar\/?p=24899","title":{"rendered":"Los m\u00e1ximos tribunales de Entre R\u00edos, Santa Fe y C\u00f3rdoba se reunieron en Paran\u00e1"},"content":{"rendered":"<p><\/p>\n<div class=\"body-noticia clearfix text-formatted field field--name-body field--type-text-with-summary field--label-hidden field__item\">\n<p>Los presidentes de los superiores tribunales de Entre R\u00edos, Santa Fe y C\u00f3rdoba mantuvieron este mi\u00e9rcoles una reuni\u00f3n de trabajo en Paran\u00e1, en el marco de la Regi\u00f3n Centro de la Junta Federal de Cortes y Superiores Tribunales de Justicia de las Provincias Argentinas y Ciudad Aut\u00f3noma de Buenos Aires (JUFEJUS). Participaron el presidente del Superior Tribunal de Justicia de Entre R\u00edos (STJER), Germ\u00e1n Carlomagno; el presidente de la Corte Suprema de Justicia de Santa Fe, Rafael Guti\u00e9rrez; y el presidente del Tribunal Superior de Justicia de C\u00f3rdoba, Domingo Sesin.<\/p>\n<p>Del encuentro tambi\u00e9n participaron el vicepresidente del STJER, Carlos Federico Tepsich; los vocales Daniel Carubia, Miguel \u00c1ngel Giorgio, Gisela Schumacher, Laura Mariana Soage y Leonardo Portela; y el ministro de la Corte Suprema de Justicia de Santa Fe, Rub\u00e9n Luis Weder.<\/p>\n<p>La jornada comenz\u00f3 con el recibimiento, por parte del STJER, al titular del tribunal cordob\u00e9s, Domingo Sesin, quien fue distinguido con el Diploma al M\u00e9rito en Derecho Administrativo en los Premios Konex 2026, una de las principales distinciones del \u00e1mbito cultural argentino. Posteriormente se recibi\u00f3 al presidente de la Corte santafesina, Rafael Guti\u00e9rrez, y se desarroll\u00f3 la reuni\u00f3n de trabajo propiamente dicha.<\/p>\n<p>El encuentro tuvo como eje central el intercambio de experiencias y el an\u00e1lisis de distintos aspectos vinculados a la administraci\u00f3n y gesti\u00f3n de los poderes judiciales de las tres provincias. En ese marco, las autoridades compartieron perspectivas sobre los desaf\u00edos que atraviesa actualmente el servicio de Justicia y las herramientas disponibles para optimizar su funcionamiento.<\/p>\n<p>La reuni\u00f3n sirvi\u00f3 adem\u00e1s para profundizar la articulaci\u00f3n institucional entre Entre R\u00edos, Santa Fe y C\u00f3rdoba, las tres jurisdicciones que integran la Regi\u00f3n Centro de JUFEJUS y que comparten desaf\u00edos comunes en materia de gesti\u00f3n, innovaci\u00f3n y fortalecimiento de los sistemas judiciales. Seg\u00fan se inform\u00f3, la iniciativa se enmarca en una perspectiva de trabajo federal, orientada a fortalecer los v\u00ednculos entre los poderes judiciales provinciales y a generar \u00e1mbitos permanentes para abordar de manera conjunta los desaf\u00edos de la administraci\u00f3n de Justicia.<\/p>\n<\/div>\n","protected":false},"excerpt":{"rendered":"<p>Los presidentes de los superiores tribunales de Entre R\u00edos, Santa Fe y C\u00f3rdoba mantuvieron este mi\u00e9rcoles una reuni\u00f3n de trabajo en Paran\u00e1, en el marco de la Regi\u00f3n Centro de la Junta Federal de Cortes y Superiores Tribunales de Justicia de las Provincias Argentinas y Ciudad Aut\u00f3noma de Buenos Aires (JUFEJUS). Participaron el presidente del [&hellip;]<\/p>\n","protected":false},"author":1,"featured_media":24900,"comment_status":"open","ping_status":"open","sticky":false,"template":"","format":"standard","meta":{"footnotes":""},"categories":[1],"tags":[],"class_list":["post-24899","post","type-post","status-publish","format-standard","has-post-thumbnail","hentry","category-uncategorized"],"_links":{"self":[{"href":"https:\/\/cliente1.publisher.highstack.com.ar\/index.php?rest_route=\/wp\/v2\/posts\/24899","targetHints":{"allow":["GET"]}}],"collection":[{"href":"https:\/\/cliente1.publisher.highstack.com.ar\/index.php?rest_route=\/wp\/v2\/posts"}],"about":[{"href":"https:\/\/cliente1.publisher.highstack.com.ar\/index.php?rest_route=\/wp\/v2\/types\/post"}],"author":[{"embeddable":true,"href":"https:\/\/cliente1.publisher.highstack.com.ar\/index.php?rest_route=\/wp\/v2\/users\/1"}],"replies":[{"embeddable":true,"href":"https:\/\/cliente1.publisher.highstack.com.ar\/index.php?rest_route=%2Fwp%2Fv2%2Fcomments&post=24899"}],"version-history":[{"count":0,"href":"https:\/\/cliente1.publisher.highstack.com.ar\/index.php?rest_route=\/wp\/v2\/posts\/24899\/revisions"}],"wp:featuredmedia":[{"embeddable":true,"href":"https:\/\/cliente1.publisher.highstack.com.ar\/index.php?rest_route=\/wp\/v2\/media\/24900"}],"wp:attachment":[{"href":"https:\/\/cliente1.publisher.highstack.com.ar\/index.php?rest_route=%2Fwp%2Fv2%2Fmedia&parent=24899"}],"wp:term":[{"taxonomy":"category","embeddable":true,"href":"https:\/\/cliente1.publisher.highstack.com.ar\/index.php?rest_route=%2Fwp%2Fv2%2Fcategories&post=24899"},{"taxonomy":"post_tag","embeddable":true,"href":"https:\/\/cliente1.publisher.highstack.com.ar\/index.php?rest_route=%2Fwp%2Fv2%2Ftags&post=24899"}],"curies":[{"name":"wp","href":"https:\/\/api.w.org\/{rel}","templated":true}]}}