{"id":24897,"date":"2026-09-03T15:02:53","date_gmt":"2026-09-03T18:02:53","guid":{"rendered":"https:\/\/cliente1.publisher.highstack.com.ar\/?p=24897"},"modified":"2026-09-03T15:02:53","modified_gmt":"2026-09-03T18:02:53","slug":"solo-tres-provincias-tienen-mas-empleo-registrado-que-en-diciembre-de-2023-y-se-espera-que-el-rigi-amplie-ese-desbalance","status":"publish","type":"post","link":"https:\/\/cliente1.publisher.highstack.com.ar\/?p=24897","title":{"rendered":"Solo tres provincias tienen m\u00e1s empleo registrado que en diciembre de 2023 y se espera que el RIGI ampl\u00ede ese desbalance"},"content":{"rendered":"<div>\n<div class=\"visual__image image-initial-width\"><picture><source srcset=\"https:\/\/www.infobae.com\/resizer\/v2\/O2JJ6VEIZNABHMYRHACLWD7PIA.JPG?auth=baf4ecae5cf310b0518c103f74db4785ebbe2d834734f05174997ab63346f01b&amp;smart=true&amp;width=992&amp;height=662&amp;quality=85\" media=\"(min-width: 1000px)\"\/><source srcset=\"https:\/\/www.infobae.com\/resizer\/v2\/O2JJ6VEIZNABHMYRHACLWD7PIA.JPG?auth=baf4ecae5cf310b0518c103f74db4785ebbe2d834734f05174997ab63346f01b&amp;smart=true&amp;width=768&amp;height=513&amp;quality=85\" media=\"(min-width: 768px)\"\/><source srcset=\"https:\/\/www.infobae.com\/resizer\/v2\/O2JJ6VEIZNABHMYRHACLWD7PIA.JPG?auth=baf4ecae5cf310b0518c103f74db4785ebbe2d834734f05174997ab63346f01b&amp;smart=true&amp;width=577&amp;height=385&amp;quality=85\" media=\"(min-width: 580px)\"\/><source srcset=\"https:\/\/www.infobae.com\/resizer\/v2\/O2JJ6VEIZNABHMYRHACLWD7PIA.JPG?auth=baf4ecae5cf310b0518c103f74db4785ebbe2d834734f05174997ab63346f01b&amp;smart=true&amp;width=420&amp;height=280&amp;quality=85\" media=\"(min-width: 350px)\"\/><source srcset=\"https:\/\/www.infobae.com\/resizer\/v2\/O2JJ6VEIZNABHMYRHACLWD7PIA.JPG?auth=baf4ecae5cf310b0518c103f74db4785ebbe2d834734f05174997ab63346f01b&amp;smart=true&amp;width=350&amp;height=234&amp;quality=85\" media=\"(min-width: 80px)\"\/><\/picture><\/div>\n<div class=\"sharebar-container display_flex sharebar-new\" style=\"opacity:1\">\n<p><span class=\"sharebar-article-date\">03 Sep, 2026 01:31 p. m. EST<\/span><\/p>\n<\/div>\n<p class=\"paragraph\" data-paragraph-number=\"1\">Un informe de la Fundaci\u00f3n Pensar -un think tank ligado al PRO- expuso que a mayo de 2026 <b>solo tres provincias tienen m\u00e1s asalariados privados registrados que a fines de 2023<\/b>. Y plante\u00f3 que los beneficios del <b>R\u00e9gimen de Incentivo a las Grandes Inversiones (RIGI)<\/b>, en el que el Gobierno conf\u00eda como la v\u00eda para garantizar el repunte de la inversi\u00f3n, pueden hacer que crezca la \u201cbrecha federal\u201d. <\/p>\n<p class=\"paragraph\" data-paragraph-number=\"2\">El informe tom\u00f3 como referencia el nivel de noviembre de 2023 para medir la evoluci\u00f3n del empleo privado registrado: Neuqu\u00e9n acumul\u00f3 un aumento de <b>7,6%<\/b>, R\u00edo Negro subi\u00f3 <b>3,4%<\/b> y San Juan avanz\u00f3 <b>0,4%. Las otras jurisdicciones quedaron por debajo del punto de partida<\/b>. Mientras que en el conjunto nacional, Argentina registr\u00f3 cerca de <b>241.000 asalariados <\/b>privados formales menos que en noviembre de 2023, una ca\u00edda de <b>3,8 por ciento<\/b>.<\/p>\n<div class=\"rawHTML raw_html \"><img decoding=\"async\" src=\"\/resizer\/v2\/N22YGQ6KOVDA7PGIKWIGKPUWUE.jpg?auth=b5487b7395c89751ab5a421beb65f5eeef81ccfd1fc31c6b50cd53867ea51dc2alt=%22infografia%22\" class=\"responsive\"\/>\n<\/div>\n<p class=\"paragraph\" data-paragraph-number=\"3\">\u201cLa conclusi\u00f3n es relevante porque reduce el universo de \u2018ganadores\u2019 efectivos. Muchas provincias pueden exhibir proyectos de inversi\u00f3n, una mejora fiscal o una recuperaci\u00f3n de actividad <b>sin haber creado todav\u00eda empleo privado formal neto<\/b>. Neuqu\u00e9n y R\u00edo Negro s\u00ed lo hicieron. San Juan reci\u00e9n cruza la l\u00ednea positiva. El resto a\u00fan no\u201d, destacaron en el informe.<\/p>\n<p class=\"paragraph\" data-paragraph-number=\"4\">La distancia entre las provincias tambi\u00e9n apareci\u00f3 en el stock de asalariados privados registrados por habitante. La Ciudad Aut\u00f3noma de Buenos Aires (CABA) registr\u00f3 <b>485 <\/b>trabajadores privados formales por cada <b>1.000 habitantes<\/b>, mientras que Neuqu\u00e9n alcanz\u00f3<b> 217<\/b>. Formosa mostr\u00f3 <b>35<\/b>, Santiago del Estero lleg\u00f3 a <b>47 <\/b>y Chaco contabiliz\u00f3 <b>57<\/b>. La diferencia entre Neuqu\u00e9n y Formosa fue de <b>seis veces<\/b> en cantidad de asalariados privados registrados por habitante. En el caso de CABA, la relaci\u00f3n con Formosa fue cercana a <b>14 veces<\/b>.<\/p>\n<div class=\"rawHTML raw_html \"><img decoding=\"async\" src=\"\/resizer\/v2\/OZCAGSRBH5CLDPKM4QLA5NVIDQ.jpg?auth=aa347117b57a782f141ca960f845a57c2ed090749901e6c09013edc78df83113\" alt=\"infografia\" class=\"responsive\"\/>\n<\/div>\n<p class=\"paragraph\" data-paragraph-number=\"5\">La Fundaci\u00f3n Pensar defini\u00f3 a la densidad del sector privado como la principal desigualdad provincial. CABA, Neuqu\u00e9n, Buenos Aires y Santa Fe combinaron escala, empleo, empresas, salarios y mercados dom\u00e9sticos de mayor profundidad relativa. En varias provincias del Norte, el informe identific\u00f3 una menor cantidad de empleadores privados, baja formalidad y mercados internos m\u00e1s peque\u00f1os. <\/p>\n<p class=\"paragraph\" data-paragraph-number=\"6\">El informe sostuvo que el crecimiento en el primer a\u00f1o de mandato de <b>Javier Milei <\/b>se <b>desplaz\u00f3 hacia provincias vinculadas con recursos naturales y producci\u00f3n agropecuaria<\/b>, mientras que varias jurisdicciones grandes atravesaron una recesi\u00f3n. Lo que expone el dilema de las \u201cdos velocidades\u201d en la que se mueva la econom\u00eda pero a nivel de los distritos subnacionales.<\/p>\n<p class=\"paragraph\" data-paragraph-number=\"7\">La actualizaci\u00f3n de la Comisi\u00f3n Econ\u00f3mica para Am\u00e9rica Latina y el Caribe (Cepal) result\u00f3 central para esa comparaci\u00f3n porque aplic\u00f3 una metodolog\u00eda homog\u00e9nea a las 24 provincias y mantuvo consistencia con el valor agregado bruto nacional. Fundaci\u00f3n Pensar aclar\u00f3 que esta herramienta no sustituy\u00f3 los productos brutos geogr\u00e1ficos oficiales de cada distrito, que suelen utilizar fuentes propias y un nivel mayor de detalle, aunque la present\u00f3 como la mejor base disponible para contrastar las trayectorias territoriales con un criterio com\u00fan.<\/p>\n<p class=\"paragraph\" data-paragraph-number=\"8\">En 2024, s\u00f3lo cinco provincias mostraron una variaci\u00f3n positiva de su valor agregado bruto respecto de 2023. Neuqu\u00e9n encabez\u00f3 el listado con un crecimiento de <b>11,3%<\/b>, seguida por C\u00f3rdoba, con<b> 4,5%<\/b>, y Santa Fe, con<b> 3,1%<\/b>. Entre R\u00edos y La Pampa anotaron aumentos de <b>0,4%<\/b> cada una. El contraste con las dem\u00e1s jurisdicciones fue amplio. Buenos Aires cay\u00f3 <b>3%<\/b>, Chaco retrocedi\u00f3 <b>6,3%<\/b>, San Luis baj\u00f3<b> 8,8% <\/b>y Jujuy disminuy\u00f3<b> 9,5%<\/b>. Formosa registr\u00f3 una contracci\u00f3n de <b>12,9%<\/b>, mientras que Tierra del Fuego cay\u00f3 <b>13,1%<\/b>, la baja m\u00e1s pronunciada entre las provincias seleccionadas en el cuadro del informe. La entidad vinculada al PRO sostuvo que una macroeconom\u00eda m\u00e1s ordenada no gener\u00f3 de forma autom\u00e1tica crecimiento territorial durante el primer a\u00f1o analizado.<\/p>\n<p class=\"paragraph\" data-paragraph-number=\"9\"><b>Neuqu\u00e9n<\/b> aparece como un caso estrella porque registr\u00f3 el mayor crecimiento del valor agregado bruto en 2024 y el mayor incremento del empleo privado formal entre noviembre de 2023 y mayo de 2026. El documento vincul\u00f3 esa evoluci\u00f3n con <b>Vaca Muerta<\/b> y con el efecto de la actividad hidrocarbur\u00edfera sobre la producci\u00f3n, las regal\u00edas, el empleo, los salarios, la recaudaci\u00f3n y el gasto p\u00fablico. Los ingresos provinciales recibieron recursos por regal\u00edas, el sector privado formal ampli\u00f3 su cantidad de trabajadores y el Estado provincial cont\u00f3 con un mayor margen de gasto. El informe indic\u00f3 que parte de esa renta tambi\u00e9n lleg\u00f3 a los salarios p\u00fablicos, que mostraron diferencias frente a remuneraciones de otras jurisdicciones.<\/p>\n<p class=\"paragraph\" data-paragraph-number=\"10\">En marzo de 2026, el salario de un trabajador petrolero de Neuqu\u00e9n equivali\u00f3 a <b>5,8 <\/b>salarios textiles del Gran Buenos Aires. La distancia tambi\u00e9n apareci\u00f3 en el sector educativo. En 2025, un maestro de grado con 10 a\u00f1os de antig\u00fcedad cobr\u00f3 cerca de<b> $1,93 millones<\/b> <b>brutos<\/b> en Neuqu\u00e9n, frente a <b>$940.000<\/b> en la provincia de Buenos Aires. La relaci\u00f3n super\u00f3 dos veces. Fundaci\u00f3n Pensar se\u00f1al\u00f3 que esa diferencia no respondi\u00f3 de forma directa a una administraci\u00f3n educativa dos veces superior, sino a una base de recursos que permiti\u00f3 sostener niveles salariales que otras provincias no pueden replicar sin tensi\u00f3n fiscal. Entre 2023 y 2025, Neuqu\u00e9n aument\u00f3 16% su gasto real, el mayor incremento dentro del panel relevado. Aunque en ese mismo per\u00edodo, la tasa de homicidios pas\u00f3 de 4,5 a 5,7 cada 100.000 habitantes.<\/p>\n<p class=\"paragraph\" data-paragraph-number=\"11\">La fundaci\u00f3n plantea adem\u00e1s una preocupaci\u00f3n sobre los efectos que puede generar el R\u00e9gimen de Incentivo a la Grandes Inversiones (RIGI). A mediados de agosto de 2026, se contaban <b>21 proyectos aprobados por USD 46.709 millones <\/b>dentro del r\u00e9gimen, con estimaciones de que generar\u00edan <b>95.175 empleos<\/b> directos e indirectos asociados. De esos, <b>doce<\/b> correspondieron a miner\u00eda, cinco a petr\u00f3leo y gas, dos a energ\u00eda, uno a infraestructura y uno a siderurgia. <\/p>\n<p class=\"paragraph\" data-paragraph-number=\"12\">Neuqu\u00e9n, R\u00edo Negro, San Juan y las provincias mineras del Noroeste Argentino ocupan un lugar central en el mapa inversor de los proyectos del RIGI. Y si bien, para la Fundaci\u00f3n Pensar, el RIGI no cre\u00f3 esa geograf\u00eda productiva<b>, si acelera la llegada de capital hacia los territorios donde ya exist\u00edan recursos, infraestructura y escala<\/b>. \u201cSi los territorios mejor posicionados reciben adem\u00e1s la mayor parte del nuevo capital, el crecimiento nacional puede ampliar -no reducir- la brecha federal\u201d, alertaron.<\/p>\n<\/div>\n<p><script defer>try{!function(f,b,e,v,n,t,s) {if(f.fbq)return;n=f.fbq=function(){n.callMethod? n.callMethod.apply(n,arguments):n.queue.push(arguments)}; if(!f._fbq)f._fbq=n;n.push=n;n.loaded=!0;n.version='2.0'; n.queue=[];t=b.createElement(e);t.async=!0; t.src=v;s=b.getElementsByTagName(e)[0]; s.parentNode.insertBefore(t,s)}(window, document,'script', 'https:\/\/connect.facebook.net\/en_US\/fbevents.js'); fbq('init', '336383993555320'); fbq('track', 'PageView'); fbq('track', 'ViewContent');}catch(error){console.log(\"Error al inicializar facebookPixelRawCodeScript:\",error);}<\/script><\/p>\n","protected":false},"excerpt":{"rendered":"<p>03 Sep, 2026 01:31 p. m. EST Un informe de la Fundaci\u00f3n Pensar -un think tank ligado al PRO- expuso que a mayo de 2026 solo tres provincias tienen m\u00e1s asalariados privados registrados que a fines de 2023. Y plante\u00f3 que los beneficios del R\u00e9gimen de Incentivo a las Grandes Inversiones (RIGI), en el que [&hellip;]<\/p>\n","protected":false},"author":1,"featured_media":24898,"comment_status":"open","ping_status":"open","sticky":false,"template":"","format":"standard","meta":{"footnotes":""},"categories":[1],"tags":[4],"class_list":["post-24897","post","type-post","status-publish","format-standard","has-post-thumbnail","hentry","category-uncategorized","tag-entre-rios"],"_links":{"self":[{"href":"https:\/\/cliente1.publisher.highstack.com.ar\/index.php?rest_route=\/wp\/v2\/posts\/24897","targetHints":{"allow":["GET"]}}],"collection":[{"href":"https:\/\/cliente1.publisher.highstack.com.ar\/index.php?rest_route=\/wp\/v2\/posts"}],"about":[{"href":"https:\/\/cliente1.publisher.highstack.com.ar\/index.php?rest_route=\/wp\/v2\/types\/post"}],"author":[{"embeddable":true,"href":"https:\/\/cliente1.publisher.highstack.com.ar\/index.php?rest_route=\/wp\/v2\/users\/1"}],"replies":[{"embeddable":true,"href":"https:\/\/cliente1.publisher.highstack.com.ar\/index.php?rest_route=%2Fwp%2Fv2%2Fcomments&post=24897"}],"version-history":[{"count":0,"href":"https:\/\/cliente1.publisher.highstack.com.ar\/index.php?rest_route=\/wp\/v2\/posts\/24897\/revisions"}],"wp:featuredmedia":[{"embeddable":true,"href":"https:\/\/cliente1.publisher.highstack.com.ar\/index.php?rest_route=\/wp\/v2\/media\/24898"}],"wp:attachment":[{"href":"https:\/\/cliente1.publisher.highstack.com.ar\/index.php?rest_route=%2Fwp%2Fv2%2Fmedia&parent=24897"}],"wp:term":[{"taxonomy":"category","embeddable":true,"href":"https:\/\/cliente1.publisher.highstack.com.ar\/index.php?rest_route=%2Fwp%2Fv2%2Fcategories&post=24897"},{"taxonomy":"post_tag","embeddable":true,"href":"https:\/\/cliente1.publisher.highstack.com.ar\/index.php?rest_route=%2Fwp%2Fv2%2Ftags&post=24897"}],"curies":[{"name":"wp","href":"https:\/\/api.w.org\/{rel}","templated":true}]}}