{"id":24888,"date":"2026-09-03T13:56:39","date_gmt":"2026-09-03T16:56:39","guid":{"rendered":"https:\/\/cliente1.publisher.highstack.com.ar\/?p=24888"},"modified":"2026-09-03T13:56:41","modified_gmt":"2026-09-03T16:56:41","slug":"ley-de-biocombustibles-el-senado-alcanzo-un-acuerdo-para-ampliar-los-cortes-en-biodiesel-y-bioetanol","status":"publish","type":"post","link":"https:\/\/cliente1.publisher.highstack.com.ar\/?p=24888","title":{"rendered":"Ley de biocombustibles: el Senado alcanz\u00f3 un acuerdo para ampliar los cortes en biodi\u00e9sel y bioetanol"},"content":{"rendered":"<p><\/p>\n<div>\t\t<!-- { REGION4 --> <\/p>\n<header class=\"news-headline\">\n<div class=\"news-headline__topics-and-date-wrapper\">    <span class=\"news-headline__publication-date\"> 3 de septiembre 2026 &#8211; 13:24<br \/>\n            <\/span><\/div>\n<h2 class=\"news-headline__article-summary\"\/>\n<p id=\"p-1788446670583-70614\" class=\"ignore-parser\"> Ser\u00e1 del 15% al bioetanol y del 10% al biodi\u00e9sel. Buscan tratarlo en una sesi\u00f3n este mismo mes. Contin\u00faan dudas acerca de la participaci\u00f3n de las pymes.<\/p>\n<\/header>\n<article class=\"article-body article-body--first-paragraph\" data-td-script-src=\"https:\/\/www.ambito.com\/td\/modulos\/encuestas\/js\/function-embeds-min-version-1788322023.js\">\n<p id=\"p-1788447870421-26362\">Con amplio respaldo de las provincias y de distintos bloques, el proyecto que busca reformar la <strong>ley N\u00b0 27640<\/strong> <strong>de biocombustibles<\/strong> alcanz\u00f3 dictamen en el <strong>Senado de la Naci\u00f3n.<\/strong> La iniciativa responde a un<strong> reclamo de c\u00e1maras azucareras y aceiteras<\/strong> y le permitir\u00e1 avanzar al oficialismo con un proyecto que lleva su firma, luego del sorpresivo freno que recibi\u00f3 la <strong>aprobaci\u00f3n del S\u00faper RIGI.<\/strong> Las provincias con <strong>pymes industriales productoras de biodi\u00e9sel<\/strong> insisten en cambios para tener mayor participaci\u00f3n.<\/p>\n<\/article>\n<section class=\"suscription-false printed-edition\" style=\"display:none\">\n<p> El contenido al que quiere acceder es exclusivo para suscriptores.<\/p>\n<p>  <span> <button type=\"button\" name=\"button\" class=\"subscribe-btn mercadopago-btn\">suscribirse<\/button><\/span>  <span class=\"btns\"><button type=\"button\" name=\"button\" class=\"subscribe-btn reload-login\"> ya estoy suscripto<\/button><\/span>  <\/p>\n<\/section>\n<article class=\"article-body article-body--second-paragraph\">\n<p id=\"p-1788447823745-87059\">El proyecto que alcanz\u00f3 respaldo fue encabezado por <strong>La Libertad Avanza (LLA) <\/strong>pero canaliz\u00f3 reformas de representantes de Jujuy, Tucum\u00e1n y Salta. Seg\u00fan pudo conocer \u00c1mbito, la salte\u00f1a <strong>Flavia Roy\u00f3n <\/strong>-presidenta de la Comisi\u00f3n de Miner\u00eda- propuso nuevas modificaciones y mantuvo una reuni\u00f3n con el neuquino <strong>Pablo Cervi <\/strong>(LLA) hasta minutos antes del plenario que termin\u00f3 por dictaminar la propuesta, que <strong>ser\u00e1 elevada a sesi\u00f3n este mismo mes. <\/strong>La proyecci\u00f3n tambi\u00e9n es integrar la iniciativa con el <strong>R\u00e9gimen de Incentivo para Inversiones Relevantes (RIIR) <\/strong>que se est\u00e1 debatiendo en comisiones de Senado.<\/p>\n<\/article>\n<article class=\"article-body article-body--third-paragraph\">\n<p id=\"p-1788446702189-83771\"> La reforma busca la <strong>ampliaci\u00f3n del corte de bioetanol del 12% al 15%, <\/strong>porcentaje del que se reservar\u00e1 un 6% para el bioetanol de ca\u00f1a, un 6% al bioetanol de ma\u00edz y el restante 3% como producto de la competencia. Ninguna empresa podr\u00e1 tener m\u00e1s del 20% del mercado, para<strong> garantizar condiciones de participaci\u00f3n. <\/strong><\/p>\n<\/article>\n<article class=\"article-body article-body--fourth-paragraph\">\n<p id=\"p-1788448841387-92227\"> La discusi\u00f3n del <strong>biodi\u00e9sel<\/strong> fue la m\u00e1s dif\u00edcil de destrabar -por la pugna entre grandes productoras y las pymes industriales- y se estableci\u00f3 una<strong> ampliaci\u00f3n del 5% al 10% en el corte con dos segmentos: una de compa\u00f1\u00edas integradas <\/strong>(que pueden gestionar toda la cadena productiva)<strong> y otra de no integradas<\/strong>, que tendr\u00e1n un cupo del 5% de la totalidad del mercado. En este caso, ninguna empresa podr\u00e1 tener m\u00e1s del 10% del mercado y se establecer\u00e1 hasta el 2036 un cupo del 3% de las no integradas.<\/p>\n<\/article>\n<article class=\"article-body article-body--fifth-paragraph\">\n<div contenteditable=\"false\" class=\"embed_cont type_imagen\" id=\"8273551-Libre-716544553_wrap\">\n<div id=\"8273551-Libre-716544553_content\" class=\"embed_content\"><img decoding=\"async\" fetchpriority=\"low\" loading=\"lazy\" alt=\"Hasta \u00faltimo momento, el proyecto de biocombustibles recibi\u00f3 cambios.\" title=\"Hasta \u00faltimo momento, el proyecto de biocombustibles recibi\u00f3 cambios.\" width=\"730\" height=\"undefined\" id=\"8273551-Libre-716544553_embed\"\/><\/div>\n<div class=\"embed_wrapper-cont\" id=\"p-1788449750967-33258\">\n<div id=\"8273551-Libre-716544553_epigrafe\" class=\"embed_epigrafe\">\n<p id=\"p-1788451588389-41998\">Hasta \u00faltimo momento, el proyecto de biocombustibles recibi\u00f3 cambios.<\/p>\n<\/div>\n<p>Senado<\/p>\n<\/div><\/div>\n<p id=\"p-1788451682542-21052\">Este porcentaje cuenta con disidencia de aliados provinciales, por ser considerado menor. &#8220;<strong>Ya nos estiramos lo suficiente para alcanzar consenso<\/strong>&#8220;, plante\u00f3 un senador libertario a este medio, aunque la misma Roy\u00f3n reconoci\u00f3 que pueden haber modificaciones en el recinto.<\/p>\n<\/article>\n<article class=\"article-body article-body--remaining-paragraph\">\n<p id=\"p-1788446702190-15265\">Por otro lado, para ambos sectores se elimin\u00f3 el precio m\u00e1ximo para adoptar<strong> como referencia el valor exportable;<\/strong> se <strong>delimitaron los motivos para ampliar porcentajes de cortes<\/strong>; y se habilit\u00f3 a las provincias de poder ampliar los cortes. &#8220;Nadie termin\u00f3 contento del todo con la redacci\u00f3n que qued\u00f3, as\u00ed que debe ser una buena ley&#8221;, sostuvo una de las representantes provinciales que impuls\u00f3 el proyecto, quien agreg\u00f3 para \u00c1mbito: &#8220;El debate est\u00e1 agotado. Tiene que aprobarse la pr\u00f3xima sesi\u00f3n&#8221;.<\/p>\n<p id=\"p-1788449346462-9712\">Un sector del peronismo, encabezado por el puntano <strong>Fernando Salino<\/strong> present\u00f3 un dictamen de minor\u00eda considerando el reclamo de las pymes industriales productoras de biodi\u00e9sel, emplazadas principalmente en las provincias de<strong> San Luis, La Pampa, Buenos Aires y Entre R\u00edos.<\/strong> &#8220;Necesitamos <strong>una mirada que contemple las regiones <\/strong>y no que contemple empresas integradas o no integradas&#8221;, insisti\u00f3, aunque reconoci\u00f3 que<strong> &#8220;cualquier voluntad que haya en elevar el corte nos parece adecuada y la vamos a acompa\u00f1ar&#8221;.<\/strong><\/p>\n<\/article>\n<p>\t\t<!-- REGION4 } --><\/div>\n<p><script>\n!function(f,b,e,v,n,t,s)\n{if(f.fbq)return;n=f.fbq=function(){n.callMethod?\nn.callMethod.apply(n,arguments):n.queue.push(arguments)};\nif(!f._fbq)f._fbq=n;n.push=n;n.loaded=!0;n.version='2.0';\nn.queue=[];t=b.createElement(e);t.async=!0;\nt.src=v;s=b.getElementsByTagName(e)[0];\ns.parentNode.insertBefore(t,s)}(window,document,'script',\n'\nfbq('init', '2047048335588113');\nfbq('track', 'PageView');\n<\/script><\/p>\n","protected":false},"excerpt":{"rendered":"<p>3 de septiembre 2026 &#8211; 13:24 Ser\u00e1 del 15% al bioetanol y del 10% al biodi\u00e9sel. Buscan tratarlo en una sesi\u00f3n este mismo mes. Contin\u00faan dudas acerca de la participaci\u00f3n de las pymes. Con amplio respaldo de las provincias y de distintos bloques, el proyecto que busca reformar la ley N\u00b0 27640 de biocombustibles alcanz\u00f3 [&hellip;]<\/p>\n","protected":false},"author":1,"featured_media":24889,"comment_status":"open","ping_status":"open","sticky":false,"template":"","format":"standard","meta":{"footnotes":""},"categories":[1],"tags":[4],"class_list":["post-24888","post","type-post","status-publish","format-standard","has-post-thumbnail","hentry","category-uncategorized","tag-entre-rios"],"_links":{"self":[{"href":"https:\/\/cliente1.publisher.highstack.com.ar\/index.php?rest_route=\/wp\/v2\/posts\/24888","targetHints":{"allow":["GET"]}}],"collection":[{"href":"https:\/\/cliente1.publisher.highstack.com.ar\/index.php?rest_route=\/wp\/v2\/posts"}],"about":[{"href":"https:\/\/cliente1.publisher.highstack.com.ar\/index.php?rest_route=\/wp\/v2\/types\/post"}],"author":[{"embeddable":true,"href":"https:\/\/cliente1.publisher.highstack.com.ar\/index.php?rest_route=\/wp\/v2\/users\/1"}],"replies":[{"embeddable":true,"href":"https:\/\/cliente1.publisher.highstack.com.ar\/index.php?rest_route=%2Fwp%2Fv2%2Fcomments&post=24888"}],"version-history":[{"count":1,"href":"https:\/\/cliente1.publisher.highstack.com.ar\/index.php?rest_route=\/wp\/v2\/posts\/24888\/revisions"}],"predecessor-version":[{"id":24890,"href":"https:\/\/cliente1.publisher.highstack.com.ar\/index.php?rest_route=\/wp\/v2\/posts\/24888\/revisions\/24890"}],"wp:featuredmedia":[{"embeddable":true,"href":"https:\/\/cliente1.publisher.highstack.com.ar\/index.php?rest_route=\/wp\/v2\/media\/24889"}],"wp:attachment":[{"href":"https:\/\/cliente1.publisher.highstack.com.ar\/index.php?rest_route=%2Fwp%2Fv2%2Fmedia&parent=24888"}],"wp:term":[{"taxonomy":"category","embeddable":true,"href":"https:\/\/cliente1.publisher.highstack.com.ar\/index.php?rest_route=%2Fwp%2Fv2%2Fcategories&post=24888"},{"taxonomy":"post_tag","embeddable":true,"href":"https:\/\/cliente1.publisher.highstack.com.ar\/index.php?rest_route=%2Fwp%2Fv2%2Ftags&post=24888"}],"curies":[{"name":"wp","href":"https:\/\/api.w.org\/{rel}","templated":true}]}}