{"id":24883,"date":"2026-09-03T13:46:33","date_gmt":"2026-09-03T16:46:33","guid":{"rendered":"https:\/\/cliente1.publisher.highstack.com.ar\/?p=24883"},"modified":"2026-09-03T13:46:33","modified_gmt":"2026-09-03T16:46:33","slug":"menos-recaudacion-y-mas-ajuste-el-gobierno-recorto-10-el-gasto-y-redujo-al-minimo-los-giros-a-las-provincias","status":"publish","type":"post","link":"https:\/\/cliente1.publisher.highstack.com.ar\/?p=24883","title":{"rendered":"Menos recaudaci\u00f3n y m\u00e1s ajuste: el Gobierno recort\u00f3 10% el gasto y redujo al m\u00ednimo los giros a las provincias"},"content":{"rendered":"<div class=\"article__content standard\" id=\"article-content\">\n<p>El <strong>Gobierno profundiz\u00f3 el ajuste fiscal <\/strong>en agosto y<strong> recort\u00f3 10,3% interanual<\/strong> en t\u00e9rminos reales el <strong>gasto primario devengado<\/strong>, lo que se considera <strong>el mayor ajuste desde noviembre de 2025<\/strong>, seg\u00fan <strong>datos <\/strong>de la consultora <em>Analytica<\/em>, en un mes en el que la <strong>recaudaci\u00f3n tributaria volvi\u00f3 a mostrar se\u00f1ales de debilidad<\/strong> y la actividad econ\u00f3mica llegaba golpeada desde julio. En tanto, los ingresos fiscales apenas alcanzaron los $20 billones y cayeron 0,2% interanual en t\u00e9rminos reales, el Ejecutivo profundiz\u00f3 la reducci\u00f3n de desembolsos, con fuertes bajas en programas sociales, bienes y servicios y transferencias a las provincias.<\/p>\n<p>El deterioro de los ingresos qued\u00f3 plasmado en un informe de <em>LCG donde<\/em> se\u00f1ala que, d<strong>urante los primeros ocho meses de 2026<\/strong>, la recaudaci\u00f3n acumul\u00f3 <strong>$153 billones y una ca\u00edda real del 3,7% interanual<\/strong>. Para la firma, la evoluci\u00f3n de los \u00faltimos cuatro meses muestra una din\u00e1mica \u201cmuy pobre\u201d, con apenas dos per\u00edodos de crecimiento, uno de ca\u00edda y otro pr\u00e1cticamente estancado.<\/p>\n<p>La composici\u00f3n de los recursos tambi\u00e9n expuso las dificultades de la econom\u00eda dom\u00e9stica. Si bien <strong>Ganancias creci\u00f3 8% real interanual<\/strong>, los Derechos de Exportaci\u00f3n treparon 91% y el Impuesto a los Combustibles aument\u00f3 12%, esos ingresos apenas consiguieron compensar el retroceso de los tributos m\u00e1s vinculados al consumo. El IVA DGI cay\u00f3 3% real contra agosto de 2025 y Cr\u00e9ditos y D\u00e9bitos se desplom\u00f3 9%, despu\u00e9s de haber bajado 11% en julio.<\/p>\n<div style=\"text-align:center\">\n<figure class=\"image\" style=\"display:inline-block\"><picture><source media=\"(max-width: 440px)\" srcset=\"https:\/\/fotos.perfil.com\/\/2026\/09\/03\/440\/0\/el-ajuste-mas-alto-desde-noviembre-del-2025-2318267.jpeg?webp\"><\/source><source media=\"(max-width: 1019px)\" srcset=\"https:\/\/fotos.perfil.com\/\/2026\/09\/03\/712\/0\/el-ajuste-mas-alto-desde-noviembre-del-2025-2318267.jpeg?webp\"><\/source><img decoding=\"async\" style=\"max-width: 100%; width: 100%;\" alt=\"El ajuste m\u00e1s alto desde noviembre del 2025\" src=\"https:\/\/fotos.perfil.com\/\/2026\/09\/03\/900\/0\/el-ajuste-mas-alto-desde-noviembre-del-2025-2318267.jpeg\" loading=\"lazy\"><\/picture><figcaption>El Gobierno profundiz\u00f3 el ajuste fiscal en agosto y recort\u00f3 10,3% interanual en t\u00e9rminos reales el gasto primario devengado.<\/figcaption><\/figure>\n<\/div>\n<p>La Seguridad Social tampoco logr\u00f3 escapar de esa tendencia y redujo su recaudaci\u00f3n 1% interanual real.<\/p>\n<p><em>LCG <\/em>descart\u00f3 que el R\u00e9gimen de Incentivo a la Formalizaci\u00f3n Laboral (RIFL) sea por ahora determinante y vincul\u00f3 principalmente la baja con una <strong>reducci\u00f3n del empleo formal<\/strong>, otro factor que limita la capacidad del Estado para recuperar ingresos por la v\u00eda tributaria.<\/p>\n<p>Con respecto a la deuda flotante de la administraci\u00f3n nacional, en los primeros ocho meses del 2026 lleva acumulado un monto que alcanz\u00f3 los $2,1 billones, lo que resulta en <strong>un equivalente del 0,2% del PBI<\/strong>. De esta manera, &#8220;se mantiene pr\u00e1cticamente invariante respecto a julio y en niveles similares a los registrados en 2025&#8221;, seg\u00fan se\u00f1alaron desde Analytica.<\/p>\n<div style=\"text-align:center\">\n<figure class=\"image\" style=\"display:inline-block\"><picture><source media=\"(max-width: 440px)\" srcset=\"https:\/\/fotos.perfil.com\/\/2026\/09\/03\/440\/0\/deuda-flotante-de-la-administracion-nacional-2318319.jpeg?webp\"><\/source><source media=\"(max-width: 1019px)\" srcset=\"https:\/\/fotos.perfil.com\/\/2026\/09\/03\/712\/0\/deuda-flotante-de-la-administracion-nacional-2318319.jpeg?webp\"><\/source><img decoding=\"async\" style=\"max-width: 100%; width: 100%;\" alt=\"Deuda flotante de la Administraci\u00f3n Nacional\" src=\"https:\/\/fotos.perfil.com\/\/2026\/09\/03\/900\/0\/deuda-flotante-de-la-administracion-nacional-2318319.jpeg\" loading=\"lazy\"><\/picture><figcaption>La deuda flotante se mantiene pr\u00e1cticamente invariante respecto a julio y en niveles similares a los registrados en 2025.<\/figcaption><\/figure>\n<\/div>\n<h2><strong>El recorte volvi\u00f3 a sentirse con fuerza en las provincias<\/strong><\/h2>\n<p>El ajuste del gasto tuvo uno de sus principales focos en las <strong>transferencias a provincias<\/strong>, que seg\u00fan <em>Analytica <\/em>cayeron 86,1% interanual real en agosto dentro del gasto primario devengado. Si se excluyen las transferencias a hospitales SAMIC, el retroceso se reduce al 81,8%. La consultora tambi\u00e9n registr\u00f3 fuertes bajas en programas sociales (-40,6%), bienes y servicios (-19,6%) y gasto en personal (-8%), mientras que la obra p\u00fablica aument\u00f3 60,9% por una baja base de comparaci\u00f3n.<\/p>\n<p>La medici\u00f3n de <em>Politikon Chaco<\/em>, que analiza espec\u00edficamente las <strong>transferencias no autom\u00e1ticas efectivamente pagadas a provincias y CABA<\/strong>, tambi\u00e9n mostr\u00f3 un fuerte retroceso, aunque sobre un universo diferente. <strong>El Gobierno distribuy\u00f3 en agosto $68.288 millones por esa v\u00eda, una ca\u00edda real del 66,4% respecto de igual mes de 2025<\/strong> y el peor registro para un agosto desde, por lo menos, 2005.<\/p>\n<p>Adem\u00e1s, dos conceptos concentraron pr\u00e1cticamente todo el reparto: la Universalizaci\u00f3n de la Jornada Extendida recibi\u00f3 $30.455 millones y las transferencias a Cajas Previsionales Provinciales otros $15.000 millones. Entre<strong> ambas partidas explicaron 67% de todos los fondos no autom\u00e1ticos<\/strong> enviados durante agosto, mientras el resto de los programas se reparti\u00f3 los $22.833 millones restantes.<\/p>\n<div style=\"text-align:center\">\n<figure class=\"image\" style=\"display:inline-block\"><picture><source media=\"(max-width: 440px)\" srcset=\"https:\/\/fotos.perfil.com\/\/2026\/09\/03\/440\/0\/transferencias-provinciales-politikon-chaco-2318158.jpeg?webp\"><\/source><source media=\"(max-width: 1019px)\" srcset=\"https:\/\/fotos.perfil.com\/\/2026\/09\/03\/712\/0\/transferencias-provinciales-politikon-chaco-2318158.jpeg?webp\"><\/source><img decoding=\"async\" style=\"max-width: 100%; width: 100%;\" alt=\"Transferencias provinciales Politikon Chaco\" src=\"https:\/\/fotos.perfil.com\/\/2026\/09\/03\/900\/0\/transferencias-provinciales-politikon-chaco-2318158.jpeg\" loading=\"lazy\"><\/picture><figcaption>La pol\u00edtica de contenci\u00f3n del gasto tuvo una de sus expresiones m\u00e1s marcadas en las transferencias no autom\u00e1ticas a provincias y CABA.<\/figcaption><\/figure>\n<\/div>\n<p>Los <strong>Aportes del Tesoro Nacional (ATN)<\/strong> directamente no fueron distribuidos durante agosto, tal como ya hab\u00eda sucedido en mayo y junio, pese a que el fondo recaud\u00f3 $107.987 millones durante el mes. A su vez, <em>Politikon <\/em>detect\u00f3 incumplimientos parciales en las transferencias a las cajas previsionales: solo La Pampa, Entre R\u00edos y Neuqu\u00e9n recibieron esos fondos, mientras C\u00f3rdoba, Misiones, Santa Fe, Chubut y Corrientes quedaron afuera pese a contar con convenios vigentes.<\/p>\n<h2><strong>La actividad perdi\u00f3 fuerza y condicion\u00f3 los ingresos fiscales<\/strong><\/h2>\n<p>El ajuste encuentra adem\u00e1s una econom\u00eda que volvi\u00f3 a perder impulso. El<strong> \u00cdndice L\u00edder de Actividad (ILA) <\/strong>de <em>Analytica <\/em>estima que <strong>la actividad cay\u00f3 1,1% mensual en julio y qued\u00f3 apenas 0,7% por encima del mismo mes de 2025<\/strong>. Seg\u00fan la consultora, ese retroceso podr\u00eda haber marcado el nuevo m\u00ednimo de 2026, incluso por debajo del nivel registrado en febrero.<\/p>\n<p>La baja fue extendida y alcanz\u00f3 sectores con <strong>fuerte peso sobre el resto de la econom\u00eda<\/strong>. La producci\u00f3n automotriz cay\u00f3 13,8%, las ventas a concesionarios retrocedieron 6,8%, el consumo de cemento baj\u00f3 6,2% y el \u00cdndice Construya perdi\u00f3 0,8%. En siderurgia, mientras hierro y acero crudo mostraron mejoras, el acero plano cay\u00f3 15% y el laminado en fr\u00edo se desplom\u00f3 26,3%.<\/p>\n<p>Las se\u00f1ales provenientes del consumo tambi\u00e9n fueron contradictorias. <em>Analytica <\/em>registr\u00f3 en julio una mejora del 2,5% en la recaudaci\u00f3n del IVA y un avance del 1,2% en los pr\u00e9stamos al sector privado, pero al mismo tiempo la confianza del consumidor cay\u00f3 4,8%. Las exportaciones retrocedieron 4,9% y las importaciones disminuyeron 4,5%, reforzando la imagen de <strong>una actividad sin una recuperaci\u00f3n generalizada.<\/strong><\/p>\n<div style=\"text-align:center\">\n<figure class=\"image\" style=\"display:inline-block\"><picture><source media=\"(max-width: 440px)\" srcset=\"https:\/\/fotos.perfil.com\/\/2026\/09\/03\/440\/0\/variaciones-mensuales-en-julio-analytica-2318159.png?webp\"><\/source><source media=\"(max-width: 1019px)\" srcset=\"https:\/\/fotos.perfil.com\/\/2026\/09\/03\/712\/0\/variaciones-mensuales-en-julio-analytica-2318159.png?webp\"><\/source><img decoding=\"async\" style=\"max-width: 100%; width: 100%;\" alt=\"Variaciones mensuales en julio Analytica\" src=\"https:\/\/fotos.perfil.com\/\/2026\/09\/03\/900\/0\/variaciones-mensuales-en-julio-analytica-2318159.png\" loading=\"lazy\"><\/picture><figcaption>El ajuste encuentra adem\u00e1s una econom\u00eda que volvi\u00f3 a perder impulso.<\/figcaption><\/figure>\n<\/div>\n<h2><strong>La recaudaci\u00f3n seguir\u00eda d\u00e9bil y mantiene la presi\u00f3n sobre las cuentas p\u00fablicas<\/strong><\/h2>\n<p>Ese escenario contrasta con junio, cuando el <strong>EMAE <\/strong>hab\u00eda crecido 0,8% mensual y 2,7% interanual, aunque tampoco mostraba una recuperaci\u00f3n pareja: solo seis de los quince sectores hab\u00edan avanzado contra el mes anterior y la actividad del segundo trimestre termin\u00f3 0,9% por debajo de los primeros tres meses del a\u00f1o. En el primer semestre,<strong> la econom\u00eda acumulaba un crecimiento de 1,9% interanual<\/strong>, pero con marcadas diferencias sectoriales.<\/p>\n<p>Hacia adelante, <em>LCG<\/em> <strong>no espera una mejora significativa de los ingresos fiscales<\/strong>. La consultora proyecta que la recaudaci\u00f3n terminar\u00e1 2026 con una ca\u00edda cercana al 5% real, porque el eventual aporte de los Derechos de Exportaci\u00f3n dif\u00edcilmente alcance para compensar el bajo crecimiento o la contracci\u00f3n de los impuestos vinculados con la actividad. En paralelo, durante los primeros ocho meses las transferencias no autom\u00e1ticas a provincias acumularon $806.489 millones, un desplome real del 63,1% y el peor enero-agosto desde al menos 2005.<\/p>\n<p>La combinaci\u00f3n deja al Gobierno frente a una ecuaci\u00f3n cada vez m\u00e1s exigente: <strong>menor recaudaci\u00f3n, una actividad econ\u00f3mica que perdi\u00f3 fuerza y la necesidad de sostener el equilibrio fiscal<\/strong>. Agosto mostr\u00f3 esa respuesta con el mayor recorte de gasto del a\u00f1o, mientras los ingresos tributarios se mantuvieron pr\u00e1cticamente estancados y los env\u00edos discrecionales a las provincias volvieron a funcionar como uno de los principales canales del ajuste.<\/p>\n<p>GZ \/ lr<\/p>\n<\/p><\/div>\n<p><\/p>\n","protected":false},"excerpt":{"rendered":"<p>        La estrategia fiscal se endureci\u00f3 en un escenario de menor dinamismo econ\u00f3mico y se\u00f1ales de deterioro del empleo formal. Las consultoras advierten que los recursos tributarios podr\u00edan cerrar 2026 con una baja real cercana al 5%.<\/p>\n","protected":false},"author":1,"featured_media":24885,"comment_status":"open","ping_status":"open","sticky":false,"template":"","format":"standard","meta":{"footnotes":""},"categories":[1],"tags":[4],"class_list":["post-24883","post","type-post","status-publish","format-standard","has-post-thumbnail","hentry","category-uncategorized","tag-entre-rios"],"_links":{"self":[{"href":"https:\/\/cliente1.publisher.highstack.com.ar\/index.php?rest_route=\/wp\/v2\/posts\/24883","targetHints":{"allow":["GET"]}}],"collection":[{"href":"https:\/\/cliente1.publisher.highstack.com.ar\/index.php?rest_route=\/wp\/v2\/posts"}],"about":[{"href":"https:\/\/cliente1.publisher.highstack.com.ar\/index.php?rest_route=\/wp\/v2\/types\/post"}],"author":[{"embeddable":true,"href":"https:\/\/cliente1.publisher.highstack.com.ar\/index.php?rest_route=\/wp\/v2\/users\/1"}],"replies":[{"embeddable":true,"href":"https:\/\/cliente1.publisher.highstack.com.ar\/index.php?rest_route=%2Fwp%2Fv2%2Fcomments&post=24883"}],"version-history":[{"count":1,"href":"https:\/\/cliente1.publisher.highstack.com.ar\/index.php?rest_route=\/wp\/v2\/posts\/24883\/revisions"}],"predecessor-version":[{"id":24884,"href":"https:\/\/cliente1.publisher.highstack.com.ar\/index.php?rest_route=\/wp\/v2\/posts\/24883\/revisions\/24884"}],"wp:featuredmedia":[{"embeddable":true,"href":"https:\/\/cliente1.publisher.highstack.com.ar\/index.php?rest_route=\/wp\/v2\/media\/24885"}],"wp:attachment":[{"href":"https:\/\/cliente1.publisher.highstack.com.ar\/index.php?rest_route=%2Fwp%2Fv2%2Fmedia&parent=24883"}],"wp:term":[{"taxonomy":"category","embeddable":true,"href":"https:\/\/cliente1.publisher.highstack.com.ar\/index.php?rest_route=%2Fwp%2Fv2%2Fcategories&post=24883"},{"taxonomy":"post_tag","embeddable":true,"href":"https:\/\/cliente1.publisher.highstack.com.ar\/index.php?rest_route=%2Fwp%2Fv2%2Ftags&post=24883"}],"curies":[{"name":"wp","href":"https:\/\/api.w.org\/{rel}","templated":true}]}}