{"id":24881,"date":"2026-09-03T13:30:07","date_gmt":"2026-09-03T16:30:07","guid":{"rendered":"https:\/\/cliente1.publisher.highstack.com.ar\/?p=24881"},"modified":"2026-09-03T13:30:07","modified_gmt":"2026-09-03T16:30:07","slug":"el-gobierno-provincial-destinara-369-millones-de-pesos-para-refaccionar-la-escuela-santa-fe-de-parana","status":"publish","type":"post","link":"https:\/\/cliente1.publisher.highstack.com.ar\/?p=24881","title":{"rendered":"El gobierno provincial destinar\u00e1 369 millones de pesos para refaccionar la Escuela Santa Fe de Paran\u00e1"},"content":{"rendered":"<p>El proyecto es llevado adelante por el Ministerio de Planeamiento e Infraestructura, organismo que realiz\u00f3 la apertura de sobres de la licitaci\u00f3n p\u00fablica n\u00famero 07\/26 para la ejecuci\u00f3n de reparaciones en la escuela N\u00ba 11 Provincia de Santa Fe, ubicada en la capital provincial. La intervenci\u00f3n posibilitar\u00e1 recuperar distintos sectores del edificio ubicado en calle Cura \u00c1lvarez 774 y optimizar los espacios destinados al desarrollo de las actividades educativas de m\u00e1s de 380 estudiantes que concurren diariamente al establecimiento.&nbsp;<\/p>\n<p>La obra cuenta con un presupuesto oficial de 369 millones de pesos y un plazo de ejecuci\u00f3n de 180 d\u00edas corridos. En el marco del proceso licitatorio se presentaron 10 firmas oferentes: Cemyc S.R.L., Peterson Orlando Jos\u00e9 Mar\u00eda, Calaco Construcciones S.R.L., Sustenta S.R.L., Antol\u00edn Fern\u00e1ndez S.A., Fiore Mart\u00edn Miguel, Dom\u00ednguez Arturo Gustavo, Cimbra Constructora S.A., Del Tala S.A. y Lozza S.A.S.<\/p>\n<p>Respecto a la apertura de ofertas, el ministro de Planeamiento e Infraestructura, Hern\u00e1n Jacob, destac\u00f3 la importancia de la inversi\u00f3n estatal en los edificios escolares. &#8220;Cada obra que se lleva adelante en materia de infraestructura educativa representa una decisi\u00f3n concreta de mejorar las condiciones en las que los entrerrianos se forman y desarrollan sus actividades. En esta escuela de Paran\u00e1, que presenta distintas patolog\u00edas edilicias, vamos a dar respuesta a necesidades concretas para recuperar espacios, fortalecer la seguridad y hacer posibles condiciones adecuadas para su correcto funcionamiento&#8221;, sostuvo el funcionario.<\/p>\n<p>Los trabajos proyectados abarcan la resoluci\u00f3n de diversos problemas edilicios, entre ellos los inconvenientes ocasionados por filtraciones en el sistema de desag\u00fces pluviales que afectaron el ingreso y la vereda. Asimismo, las tareas incluyen la reparaci\u00f3n de sanitarios en la planta alta, el recambio de aberturas, la adecuaci\u00f3n de la instalaci\u00f3n el\u00e9ctrica, el tratamiento de fisuras y rajaduras, el reemplazo de cielorrasos y la pintura de los sectores intervenidos. En materia de cubiertas, se contempla el retiro de la membrana existente, la correcci\u00f3n de pendientes, el acondicionamiento de desag\u00fces y la colocaci\u00f3n de una nueva capa impermeabilizante, junto con el recalce estructural en el acceso, el cambio de pisos, el recambio de rejillas y mejoras generales en el patio.<\/p>\n<p>Del acto de apertura de sobres participaron la directora de Arquitectura y Construcciones, Claudia Benavento; el director de la Unidad de Proyectos Generales, Diego Romero; la directora departamental de Escuelas, Silvia Faure; el coordinador provincial de la Direcci\u00f3n Departamental de Escuelas del Consejo General de Educaci\u00f3n (CGE), Sebasti\u00e1n Benedetti; la directora del establecimiento educativo, Paola Jacob; y representantes de las empresas firmas participantes del cotejo.<\/p>\n","protected":false},"excerpt":{"rendered":"<p>El Gobierno de Entre R\u00edos realiz\u00f3 la apertura de sobres para refaccionar la escuela Provincia de Santa Fe, ubicada en Paran\u00e1. La obra cuenta con un presupuesto oficial de 369 millones de pesos, un plazo de 180 d\u00edas y beneficiar\u00e1 a m\u00e1s de 380 estudiantes. Diez empresas presentaron sus ofertas.<\/p>\n","protected":false},"author":0,"featured_media":24882,"comment_status":"open","ping_status":"open","sticky":false,"template":"","format":"standard","meta":{"footnotes":""},"categories":[2225,2233],"tags":[2227],"class_list":["post-24881","post","type-post","status-publish","format-standard","has-post-thumbnail","hentry","category-locales","category-parana","tag-obras-e-infraestructura"],"_links":{"self":[{"href":"https:\/\/cliente1.publisher.highstack.com.ar\/index.php?rest_route=\/wp\/v2\/posts\/24881","targetHints":{"allow":["GET"]}}],"collection":[{"href":"https:\/\/cliente1.publisher.highstack.com.ar\/index.php?rest_route=\/wp\/v2\/posts"}],"about":[{"href":"https:\/\/cliente1.publisher.highstack.com.ar\/index.php?rest_route=\/wp\/v2\/types\/post"}],"replies":[{"embeddable":true,"href":"https:\/\/cliente1.publisher.highstack.com.ar\/index.php?rest_route=%2Fwp%2Fv2%2Fcomments&post=24881"}],"version-history":[{"count":0,"href":"https:\/\/cliente1.publisher.highstack.com.ar\/index.php?rest_route=\/wp\/v2\/posts\/24881\/revisions"}],"wp:featuredmedia":[{"embeddable":true,"href":"https:\/\/cliente1.publisher.highstack.com.ar\/index.php?rest_route=\/wp\/v2\/media\/24882"}],"wp:attachment":[{"href":"https:\/\/cliente1.publisher.highstack.com.ar\/index.php?rest_route=%2Fwp%2Fv2%2Fmedia&parent=24881"}],"wp:term":[{"taxonomy":"category","embeddable":true,"href":"https:\/\/cliente1.publisher.highstack.com.ar\/index.php?rest_route=%2Fwp%2Fv2%2Fcategories&post=24881"},{"taxonomy":"post_tag","embeddable":true,"href":"https:\/\/cliente1.publisher.highstack.com.ar\/index.php?rest_route=%2Fwp%2Fv2%2Ftags&post=24881"}],"curies":[{"name":"wp","href":"https:\/\/api.w.org\/{rel}","templated":true}]}}