{"id":24872,"date":"2026-09-03T12:45:13","date_gmt":"2026-09-03T15:45:13","guid":{"rendered":"https:\/\/cliente1.publisher.highstack.com.ar\/?p=24872"},"modified":"2026-09-03T12:45:13","modified_gmt":"2026-09-03T15:45:13","slug":"crimen-del-arquitecto-bassi-en-parana-se-investiga-un-presunto-robo-como-movil","status":"publish","type":"post","link":"https:\/\/cliente1.publisher.highstack.com.ar\/?p=24872","title":{"rendered":"Crimen del arquitecto Bassi en Paran\u00e1: se investiga un presunto robo como m\u00f3vil"},"content":{"rendered":"<p><\/p>\n<div>\n<p>Dos hombres de 52 y 48 a\u00f1os fueron detenidos como sospechosos del homicidio del arquitecto Rodolfo Augusto Bassi, quien fue encontrado sin vida en un departamento del barrio Paran\u00e1 XIV, en la capital entrerriana. Uno de los acusados ser\u00eda un alba\u00f1il que realizaba trabajos para la v\u00edctima, mientras que el restante fue localizado cuando viajaba hacia Misiones. <\/p>\n<p><!-- is a <br \/>--><\/p>\n<p>\u00a0<\/p>\n<p><!-- is a <br \/>--><\/p>\n<p>Las detenciones se produjeron entre la noche de este mi\u00e9rcoles y la madrugada del jueves, luego de que los investigadores reunieran distintos elementos que vincular\u00edan a ambos hombres con el hecho. La investigaci\u00f3n se desarrolla bajo la hip\u00f3tesis de un robo que termin\u00f3 con la muerte del arquitecto de 61 a\u00f1os. <\/p>\n<p><!-- is a <br \/>--><\/p>\n<p>\u00a0<\/p>\n<p><!-- is a <br \/>--><\/p>\n<p>Bassi pose\u00eda departamentos que alquilaba y en los que habitualmente realizaba tareas de mantenimiento. Seg\u00fan los datos de la investigaci\u00f3n, durante la tarde del martes se comunicaba por WhatsApp con su novia, pero despu\u00e9s de las 16 dej\u00f3 de responder. <\/p>\n<p><!-- is a <br \/>--><\/p>\n<p><!-- is a object --><br \/>\n<!-- embed start --><!-- embed end --><br \/>\n<!-- end object --><\/p>\n<p>Ante la falta de noticias, familiares del arquitecto concurrieron cerca de la medianoche a la Comisar\u00eda 12\u00aa y posteriormente se dirigieron junto con polic\u00edas hasta un domicilio del barrio Paran\u00e1 XIV donde sab\u00edan que hab\u00eda estado. En ese momento encontraron la vivienda cerrada. <\/p>\n<p><!-- is a <br \/>--><\/p>\n<p>\u00a0<\/p>\n<p><!-- is a <br \/>--><\/p>\n<p>Horas despu\u00e9s ingresaron al domicilio de Bassi ubicado en calle Dupuy, pero no encontraron al hombre ni a su motocicleta. Posteriormente regresaron al departamento situado en la zona de Churruar\u00edn y Blas Parera. <\/p>\n<p><!-- is a <br \/>--><\/p>\n<p>\u00a0<\/p>\n<p><!-- is a <br \/>--><\/p>\n<p>Un polic\u00eda logr\u00f3 acceder al balc\u00f3n trasero a trav\u00e9s de la vivienda de una vecina e ingres\u00f3 al inmueble. All\u00ed encontraron a Bassi tendido en el suelo, sin vida y con presencia de sangre, por lo que se estableci\u00f3 inicialmente que se estaba ante una muerte violenta. <\/p>\n<p><!-- is a <br \/>--><\/p>\n<p>\u00a0<\/p>\n<p><!-- is a <br \/>--><\/p>\n<p><!-- is a object --><\/p>\n<h3>Investigan una maza encontrada en el lugar<\/h3>\n<p><!-- end object --><\/p>\n<p>El fiscal Juan Manuel Pereyra dispuso la intervenci\u00f3n de la Divisi\u00f3n Homicidios, Polic\u00eda Cient\u00edfica, el Cuerpo M\u00e9dico Forense y otras \u00e1reas destinadas a investigar las circunstancias del crimen. <\/p>\n<p><!-- is a <br \/>--><\/p>\n<p>\u00a0<\/p>\n<p><!-- is a <br \/>--><\/p>\n<p>En una primera revisi\u00f3n, el m\u00e9dico forense detect\u00f3 un golpe en la cabeza de la v\u00edctima. Para este jueves estaba prevista la autopsia destinada a establecer la causa de muerte y determinar la existencia de otras lesiones. <\/p>\n<p><!-- is a <br \/>--><\/p>\n<p>\u00a0<\/p>\n<p><!-- is a <br \/>--><\/p>\n<p>Adem\u00e1s, en el departamento fue encontrada una maza que podr\u00eda haber sido utilizada durante el homicidio, elemento que qued\u00f3 incorporado a la investigaci\u00f3n, menciona An\u00e1lisis. <\/p>\n<p><!-- is a <br \/>--><\/p>\n<p>\u00a0<\/p>\n<p><!-- is a <br \/>--><\/p>\n<p>Una c\u00e1mara de seguridad ubicada en un pasillo del barrio no registr\u00f3 im\u00e1genes n\u00edtidas del departamento, aunque los registros permitieron comenzar a orientar la b\u00fasqueda de los sospechosos. <\/p>\n<p><!-- is a <br \/>--><\/p>\n<p>\u00a0<\/p>\n<p><!-- is a <br \/>--><\/p>\n<p>Vecinos se\u00f1alaron que el arquitecto y un alba\u00f1il frecuentaban el inmueble. Tambi\u00e9n indicaron que durante la tarde observaron al trabajador acompa\u00f1ado por otro hombre. Incluso, uno de ellos se habr\u00eda acercado a una vecina para pedirle agua caliente para el mate. <\/p>\n<p><!-- is a <br \/>--><\/p>\n<p>\u00a0<\/p>\n<p><!-- is a <br \/>--><\/p>\n<p>A partir del an\u00e1lisis de otras c\u00e1maras de seguridad de la zona, los investigadores pudieron reconstruir parte del recorrido realizado por los dos hombres y, junto con otros elementos reunidos, establecer sus identidades y domicilios. <\/p>\n<p><!-- is a <br \/>--><\/p>\n<p><!-- is a object --><br \/>\n<!-- embed start --><!-- embed end --><br \/>\n<!-- end object --><\/p>\n<p><!-- is a object --><\/p>\n<h3>Dos detenidos<\/h3>\n<p><!-- end object --><\/p>\n<p>El jefe de la Divisi\u00f3n Homicidios, Miguel Della Valle, confirm\u00f3 a Elonce que los dos detenidos ser\u00edan conocidos de la v\u00edctima. Uno de los sospechosos tiene 48 a\u00f1os. Fue localizado y demorado durante la noche en la v\u00eda p\u00fablica por personal de la Divisi\u00f3n Homicidios. Seg\u00fan la informaci\u00f3n disponible, registra una causa reciente por el delito de estafa. <\/p>\n<p><!-- is a <br \/>--><\/p>\n<p>\u00a0<\/p>\n<p><!-- is a <br \/>--><\/p>\n<p>El segundo acusado, de 52 a\u00f1os, hab\u00eda comprado un pasaje en la Terminal de \u00d3mnibus de Paran\u00e1 y viajaba hacia la provincia de Misiones. \u201cEstaba viajando en un micro al momento de la detenci\u00f3n\u201d, confirm\u00f3 Della Valle.. <\/p>\n<p><!-- is a <br \/>--><\/p>\n<p>\u00a0<\/p>\n<p><!-- is a <br \/>--><\/p>\n<p>Al conocerse esa informaci\u00f3n, se solicit\u00f3 colaboraci\u00f3n a la Polic\u00eda de Federal, que intercept\u00f3 el colectivo sobre la Ruta Nacional 127. Los efectivos identificaron al pasajero y escoltaron el veh\u00edculo hasta la Terminal de Federal, donde fue demorado. Seg\u00fan se indic\u00f3, ten\u00eda en su poder elementos considerados incriminatorios para la causa. <\/p>\n<p><!-- is a <br \/>--><\/p>\n<p>\u00a0<\/p>\n<p><!-- is a <br \/>--><\/p>\n<p>Alrededor de las 5 de este jueves, la Justicia emiti\u00f3 las \u00f3rdenes de detenci\u00f3n para ambos sospechosos. Adem\u00e1s, se realizaron dos allanamientos vinculados con la investigaci\u00f3n. <\/p>\n<p><!-- is a <br \/>--><\/p>\n<p>\u00a0<\/p>\n<p><!-- is a <br \/>--><\/p>\n<p>Uno de los procedimientos tuvo lugar en el domicilio de uno de los acusados, en barrio El Perejil, mientras que el restante se desarroll\u00f3 en la vivienda de la pareja de otro de los detenidos, en Bajada Grande. All\u00ed fueron secuestrados elementos considerados de inter\u00e9s para esclarecer el crimen. <\/p>\n<p><!-- is a <br \/>--><\/p>\n<p>\u00a0<\/p>\n<p><!-- is a <br \/>--><\/p>\n<p><!-- is a object --><\/p>\n<h3>Hip\u00f3tesis<\/h3>\n<p><!-- end object --><\/p>\n<p>El director general de Investigaci\u00f3n e Inteligencia Criminal de la Polic\u00eda de Entre R\u00edos, Horacio Blas\u00f3n, confirm\u00f3 que los investigadores tienen certeza de que los dos detenidos estuvieron vinculados con la v\u00edctima y se encontraban en el lugar del hecho. Sin embargo, aclar\u00f3 que todav\u00eda es prematuro determinar el m\u00f3vil del homicidio y que se aguardan la autopsia y el an\u00e1lisis de los elementos secuestrados. <\/p>\n<p><!-- is a <br \/>--><\/p>\n<p>\u00a0<\/p>\n<p><!-- is a <br \/>--><\/p>\n<p>Blas\u00f3n explic\u00f3 que una de las hip\u00f3tesis contempla una agresi\u00f3n seguida de un intento de sustraer pertenencias, aunque se\u00f1al\u00f3 que todav\u00eda deber\u00e1 establecerse si efectivamente faltaron objetos de valor del inmueble. \u201cPodemos tener como una hip\u00f3tesis que hubo una agresi\u00f3n muy fuerte y tambi\u00e9n un intento de sustraer pertenencias\u201d, sostuvo en di\u00e1logo con radio La Voz. <\/p>\n<p><!-- is a <br \/>--><\/p>\n<p>\u00a0<\/p>\n<p><!-- is a <br \/>--><\/p>\n<p>El funcionario policial indic\u00f3 que existen indicios de que los sospechosos ten\u00edan elementos que podr\u00edan no pertenecerles, circunstancia que deber\u00e1 ser corroborada por el fiscal Juan Manuel Pereyra y por familiares de Bassi. Adem\u00e1s, precis\u00f3 que el departamento donde ocurri\u00f3 el homicidio era propiedad del arquitecto y se encontraba deshabitado. <\/p>\n<p><!-- is a <br \/>--><\/p>\n<p>\u00a0<\/p>\n<p><!-- is a <br \/>--><\/p>\n<p><!-- is a object --><\/p>\n<h3>La Polic\u00eda confirm\u00f3 que los detenidos estuvieron en el lugar<\/h3>\n<p><!-- end object --><\/p>\n<p>Respecto del v\u00ednculo entre la v\u00edctima y los sospechosos, Blas\u00f3n se\u00f1al\u00f3 que, de acuerdo con la informaci\u00f3n aportada por familiares y conocidos, exist\u00eda una relaci\u00f3n previa vinculada con trabajos de oficio. No obstante, remarc\u00f3 que todav\u00eda restan aspectos por esclarecer. <\/p>\n<p><!-- is a <br \/>--><\/p>\n<p>\u00a0<\/p>\n<p><!-- is a <br \/>--><\/p>\n<p>\u201cTenemos certeza de que estas personas est\u00e1n vinculadas, estuvieron en el lugar y es un paso muy importante en la investigaci\u00f3n. Esperaremos ahora el resultado de la autopsia, saber realmente la causa de fallecimiento, y con toda la prueba colectada la Fiscal\u00eda determinar\u00e1\u201d, afirm\u00f3. <\/p>\n<p><!-- is a <br \/>--><\/p>\n<p>\u00a0<\/p>\n<p><!-- is a <br \/>--><\/p>\n<p>Finalmente, Blas\u00f3n confirm\u00f3 que se secuestraron numerosos elementos y destac\u00f3 la intervenci\u00f3n de la Polic\u00eda de Federal para localizar a uno de los sospechosos cuando intentaba salir de la provincia. \u201cPersonal de la Departamental Federal pudo individualizar a una de estas personas que estaba queriendo salir de la provincia. Tambi\u00e9n hay otros indicios que lo vinculan a este hecho\u201d, concluy\u00f3. Elonce.com<\/p>\n<\/p><\/div>\n","protected":false},"excerpt":{"rendered":"<p>Dos hombres de 52 y 48 a\u00f1os fueron detenidos como sospechosos del homicidio del arquitecto Rodolfo Augusto Bassi, quien fue encontrado sin vida en un departamento del barrio Paran\u00e1 XIV, en la capital entrerriana. Uno de los acusados ser\u00eda un alba\u00f1il que realizaba trabajos para la v\u00edctima, mientras que el restante fue localizado cuando viajaba [&hellip;]<\/p>\n","protected":false},"author":1,"featured_media":24873,"comment_status":"open","ping_status":"open","sticky":false,"template":"","format":"standard","meta":{"footnotes":""},"categories":[1],"tags":[],"class_list":["post-24872","post","type-post","status-publish","format-standard","has-post-thumbnail","hentry","category-uncategorized"],"_links":{"self":[{"href":"https:\/\/cliente1.publisher.highstack.com.ar\/index.php?rest_route=\/wp\/v2\/posts\/24872","targetHints":{"allow":["GET"]}}],"collection":[{"href":"https:\/\/cliente1.publisher.highstack.com.ar\/index.php?rest_route=\/wp\/v2\/posts"}],"about":[{"href":"https:\/\/cliente1.publisher.highstack.com.ar\/index.php?rest_route=\/wp\/v2\/types\/post"}],"author":[{"embeddable":true,"href":"https:\/\/cliente1.publisher.highstack.com.ar\/index.php?rest_route=\/wp\/v2\/users\/1"}],"replies":[{"embeddable":true,"href":"https:\/\/cliente1.publisher.highstack.com.ar\/index.php?rest_route=%2Fwp%2Fv2%2Fcomments&post=24872"}],"version-history":[{"count":0,"href":"https:\/\/cliente1.publisher.highstack.com.ar\/index.php?rest_route=\/wp\/v2\/posts\/24872\/revisions"}],"wp:featuredmedia":[{"embeddable":true,"href":"https:\/\/cliente1.publisher.highstack.com.ar\/index.php?rest_route=\/wp\/v2\/media\/24873"}],"wp:attachment":[{"href":"https:\/\/cliente1.publisher.highstack.com.ar\/index.php?rest_route=%2Fwp%2Fv2%2Fmedia&parent=24872"}],"wp:term":[{"taxonomy":"category","embeddable":true,"href":"https:\/\/cliente1.publisher.highstack.com.ar\/index.php?rest_route=%2Fwp%2Fv2%2Fcategories&post=24872"},{"taxonomy":"post_tag","embeddable":true,"href":"https:\/\/cliente1.publisher.highstack.com.ar\/index.php?rest_route=%2Fwp%2Fv2%2Ftags&post=24872"}],"curies":[{"name":"wp","href":"https:\/\/api.w.org\/{rel}","templated":true}]}}