{"id":24869,"date":"2026-09-03T11:54:17","date_gmt":"2026-09-03T14:54:17","guid":{"rendered":"https:\/\/cliente1.publisher.highstack.com.ar\/?p=24869"},"modified":"2026-09-03T11:54:17","modified_gmt":"2026-09-03T14:54:17","slug":"sin-reparto-de-atn-los-giros-discrecionales-a-provincias-marcaron-una-caida-real-interanual-de-664-en-agosto","status":"publish","type":"post","link":"https:\/\/cliente1.publisher.highstack.com.ar\/?p=24869","title":{"rendered":"Sin reparto de ATN. Los giros discrecionales a provincias marcaron una ca\u00edda real interanual de 66,4% en agosto"},"content":{"rendered":"<section id=\"cuerpo__nota\" class=\"cuerpo__nota\">\n<div class=\"row\">\n<div class=\"col-12 col-desksm-1\">\n<div class=\"mod-share-container --no-app py-12 mb-16 mb-0_l sticky float-l_l z-101 transition transition-all transition-duration-250 top-73_min1024\">\n<div class=\"mod-share flex flex-column mb-0 p-0_l gap-24\"><\/div>\n<\/div>\n<\/div>\n<div class=\"col-deskxl-10 offset-deskxl-1 col-desksm-11\">\n<div class=\"row\">\n<div class=\"col-12\">\n<p class=\"com-paragraph --capital --s text-left\">C\u00d3RDOBA.- A pesar de que la Casa Rosada tiene la decisi\u00f3n de avanzar con el proyecto de reforma electoral que incluye la <strong>eliminaci\u00f3n de las PASO, las ineludibles negociaciones con los gobernadores <\/strong>siguen manej\u00e1ndose de forma individual. En agosto, las transferencias discrecionales a las provincias -una se\u00f1al m\u00e1s general de la voluntad de la Naci\u00f3n- marcaron una <strong>baja real interanual de 66,4%. <\/strong>El mes se convirti\u00f3, as\u00ed, en el peor agosto desde 2005. No hubo reparto de Aportes del Tesoro de la Naci\u00f3n (ATN).<\/p>\n<p class=\"com-paragraph --s\">En lo que hace a la <strong>coparticipaci\u00f3n <\/strong>y los <strong>giros autom\u00e1ticos, <\/strong>el mes pasado <strong>se cort\u00f3 la tendencia negativa<\/strong>, aunque el acumulado del a\u00f1o sigue abajo del 2025 en t\u00e9rminos reales. Seg\u00fan el Iaraf, el mes pasado hubo un <strong>alza real del<\/strong> <strong>0,1% interanual<\/strong>. <\/p>\n<p class=\"com-paragraph --s\">De acuerdo con los datos de Politikon Chaco, en los env\u00edos discrecionales, los correspondientes a Universalizaci\u00f3n de la Jornada Extendida ($30.455 millones) explicaron el 45% del total pagado y alcanzaron a 16 distritos. El segundo puesto fue para los <strong>giros a Cajas Previsionales Provinciales no transferidas<\/strong> ($15.000 millones), concentrando el 22% del total. Es decir, los dos rubros totalizaron el 67% del global.<\/p>\n<p class=\"com-paragraph --s\">Respecto de los giros a las cajas previsionales, fueron <strong>La Pampa, Entre R\u00edos y Neuqu\u00e9n las que recibieron recursos, pero las otras con convenios vigentes -C\u00f3rdoba, Misiones, Santa Fe, Chubut y Corrientes-<\/strong> <strong>no cobraron<\/strong>. <\/p>\n<p class=\"com-paragraph --s\">La din\u00e1mica es la misma que en junio y julio. En el primer caso, solo una provincia capt\u00f3 esos fondos (Corrientes) y en el segundo, La Pampa y Neuqu\u00e9n. Sobre la base de datos oficiales,<strong> a C\u00f3rdoba y Santa Fe se les adeudan tres meses por este concepto.<\/strong><\/p>\n<p class=\"com-paragraph --s\">El mes pasado se volvi\u00f3 a cortar el reparto de <strong>Aportes del Tesoro Nacional. <\/strong>Ya hab\u00eda ocurrido lo mismo en mayo y junio. Ese fondo -que se integra con un 1% de la coparticipaci\u00f3n- recaud\u00f3 $107.987 millones, seg\u00fan n\u00fameros oficiales en agosto.<\/p>\n<p class=\"com-paragraph --s\">En los primeros ocho meses del a\u00f1o, de los $798.839 millones recaudados, el fondo distribuy\u00f3 18,9%, una cifra levemente superior a la de igual per\u00edodo de 2025, cuando lleg\u00f3 al 17,1%. Quedan sin repartir 647.839 millones de pesos. Los gobernadores, hace un a\u00f1o, reclamaron que les entregaran esos recursos siguiendo el esquema de la coparticipaci\u00f3n. <strong>Lo que no se distribuye antes de fin de a\u00f1o queda para la Naci\u00f3n y se computa como parte del super\u00e1vit.<\/strong><\/p>\n<p class=\"com-paragraph --s\">Por provincias, en lo que va de 2026, recibieron ATN: Misiones ($20.000 millones), Entre R\u00edos ($15.000 millones), Corrientes y Mendoza ($14.000 millones en cada caso), Neuqu\u00e9n ($12.000 millones), Catamarca ($11.500 millones), Salta ($11.000 millones), Jujuy ($10.000 millones), San Juan ($10.000 millones); Chaco ($10.000 millones); Santa Fe ($8.000 millones), Chubut ($6.500 millones), C\u00f3rdoba ($5.000 millones) y, por \u00faltimo, Santa Cruz ($4.000 millones).<\/p>\n<p class=\"com-paragraph --s\">Del total de env\u00edos no autom\u00e1ticos, entre enero y agosto, La Pampa es la \u00fanica provincia que perdi\u00f3 menos del 50% (marc\u00f3 36,8%) respecto del a\u00f1o pasado. Hay siete jurisdicciones con recortes mayores al 90% y La Rioja presenta la mayor ca\u00edda (99,1%).<\/p>\n<div data-fusion-lazy-id=\"f0fLHi7Wfcy22C4\"><\/div>\n<\/div>\n<\/div>\n<\/div>\n<\/div>\n<\/section>\n<p><\/p>\n","protected":false},"excerpt":{"rendered":"<p>C\u00d3RDOBA.- A pesar de que la Casa Rosada tiene la decisi\u00f3n de avanzar con el proyecto de reforma electoral que incluye la eliminaci\u00f3n de las PASO, las ineludibles negociaciones con los gobernadores siguen manej\u00e1ndose de forma individual. En agosto, las transferencias discrecionales a las provincias -una se\u00f1al m\u00e1s general de la voluntad de la Naci\u00f3n- [&hellip;]<\/p>\n","protected":false},"author":1,"featured_media":18581,"comment_status":"open","ping_status":"open","sticky":false,"template":"","format":"standard","meta":{"footnotes":""},"categories":[1],"tags":[4],"class_list":["post-24869","post","type-post","status-publish","format-standard","has-post-thumbnail","hentry","category-uncategorized","tag-entre-rios"],"_links":{"self":[{"href":"https:\/\/cliente1.publisher.highstack.com.ar\/index.php?rest_route=\/wp\/v2\/posts\/24869","targetHints":{"allow":["GET"]}}],"collection":[{"href":"https:\/\/cliente1.publisher.highstack.com.ar\/index.php?rest_route=\/wp\/v2\/posts"}],"about":[{"href":"https:\/\/cliente1.publisher.highstack.com.ar\/index.php?rest_route=\/wp\/v2\/types\/post"}],"author":[{"embeddable":true,"href":"https:\/\/cliente1.publisher.highstack.com.ar\/index.php?rest_route=\/wp\/v2\/users\/1"}],"replies":[{"embeddable":true,"href":"https:\/\/cliente1.publisher.highstack.com.ar\/index.php?rest_route=%2Fwp%2Fv2%2Fcomments&post=24869"}],"version-history":[{"count":0,"href":"https:\/\/cliente1.publisher.highstack.com.ar\/index.php?rest_route=\/wp\/v2\/posts\/24869\/revisions"}],"wp:featuredmedia":[{"embeddable":true,"href":"https:\/\/cliente1.publisher.highstack.com.ar\/index.php?rest_route=\/wp\/v2\/media\/18581"}],"wp:attachment":[{"href":"https:\/\/cliente1.publisher.highstack.com.ar\/index.php?rest_route=%2Fwp%2Fv2%2Fmedia&parent=24869"}],"wp:term":[{"taxonomy":"category","embeddable":true,"href":"https:\/\/cliente1.publisher.highstack.com.ar\/index.php?rest_route=%2Fwp%2Fv2%2Fcategories&post=24869"},{"taxonomy":"post_tag","embeddable":true,"href":"https:\/\/cliente1.publisher.highstack.com.ar\/index.php?rest_route=%2Fwp%2Fv2%2Ftags&post=24869"}],"curies":[{"name":"wp","href":"https:\/\/api.w.org\/{rel}","templated":true}]}}