{"id":24867,"date":"2026-09-03T11:51:07","date_gmt":"2026-09-03T14:51:07","guid":{"rendered":"https:\/\/cliente1.publisher.highstack.com.ar\/?p=24867"},"modified":"2026-09-03T11:51:07","modified_gmt":"2026-09-03T14:51:07","slug":"espiritu-critico-benegas-lynch-destaco-la-importancia-de-la-batalla-cultural-se-nos-va-la-vida-en-esto","status":"publish","type":"post","link":"https:\/\/cliente1.publisher.highstack.com.ar\/?p=24867","title":{"rendered":"Esp\u00edritu cr\u00edtico Benegas Lynch destac\u00f3 la importancia de la batalla cultural: &quot;Se nos va la vida en esto&quot;"},"content":{"rendered":"<p>El \u00e9nfasis que el presidente Javier Milei pone en lo que present\u00f3 como &#8220;batalla cultural&#8221; tiene en Alberto Benegas Lynch (h) a uno de sus principales exponentes en la Argentina, al punto que el primer mandatario suele presentarlo como &#8220;pr\u00f3cer&#8221;.<\/p>\n<p>En di\u00e1logo con BAE Negocios, Benegas Lynch, quien defini\u00f3 al liberalismo como &#8220;el respeto irrestricto del proyecto de vida del pr\u00f3jimo, basado en el principio de no agresi\u00f3n y en defensa del derecho a la vida, a la libertad y a la propiedad&#8221;, resalt\u00f3 la importancia de la educaci\u00f3n y la estimulaci\u00f3n del esp\u00edritu cr\u00edtico.<\/p>\n<p>Padre del diputado hom\u00f3nimo y del senador Joaqu\u00edn Benegas Lynch, adem\u00e1s de primo segundo de Ernesto &#8220;Che&#8221; Guevara, Benegas Lynch\u00a0 consider\u00f3 que Milei respeta el pensamiento de quienes lo critican, m\u00e1s all\u00e1 de sus expresiones, y que &#8220;est\u00e1 abierto a que cada uno diga lo que le da la gana&#8221;.<\/p>\n<\/p>\n<h2 style=\"\">La filosof\u00eda de la libertad<\/h2>\n<\/p>\n<p>-Milei pone el acento en lo que \u00e9l llama la &#8220;batalla cultural&#8221; y considera a usted una de las m\u00e1ximas expresiones del liberalismo en el pa\u00eds. \u00bfEn qu\u00e9 reside la importancia de esa batalla cultural?<br \/>&#8211; Hay muchas personas que objetan la expresi\u00f3n &#8220;batalla cultural&#8221;, porque sostienen que eso viene de los militares, las balaceras y las guerras, pero yo creo que precisamente se usa &#8220;batalla cultural&#8221; para dramatizar y para mostrar que nos va la vida en esto. La batalla cultural significa el poder elaborar y fundamentar desde la perspectiva jur\u00eddica, desde la perspectiva institucional, desde la perspectiva hist\u00f3rica, desde la perspectiva econ\u00f3mica, cu\u00e1les son los fundamentos de la filosof\u00eda de la libertad. Desde el lado de enfrente, el marxista Antonio Gramsci ten\u00eda toda la raz\u00f3n del mundo cuando dec\u00eda: &#8220;Tomen la educaci\u00f3n y la cultura y el resto se da por a\u00f1adidura&#8221;. El tema es de las cejas para arriba, lo que tenemos en la mente. Por eso la educaci\u00f3n es algo fundamental\u00edsimo a los efectos de poder crear, estimular el esp\u00edritu cr\u00edtico y avanzar en esta batalla cultural.<\/p>\n<p>-\u00bfSe refiere a la educaci\u00f3n institucional o la educaci\u00f3n como un todo?<br \/>&#8211; La educaci\u00f3n como un todo. Queda much\u00edsimo por hacer, pero ha habido avances en distintas c\u00e1tedras. Han incorporado profesores que estimulan el pensamiento cr\u00edtico, que fundamentan esta batalla cultural y distinguen claramente lo que son valores y principios de lo que es el adoctrinamiento.<\/p>\n<p>-El apoyo que tiene Milei, \u00bfes un apoyo convencido de gente que es libertaria o es simplemente una postura para no volver al kirchnerismo?<br \/>&#8211; Usted us\u00f3 la expresi\u00f3n que es habitual, &#8220;libertario&#8221;. Yo soy partidario de seguir utilizando esa palabra lind\u00edsima que es &#8220;liberal&#8221;. En Estados Unidos se dejaron expropiar la palabra liberal y usaron libertario, pero en nuestra regi\u00f3n sigue teniendo el mismo sentido original. Por eso la subrayo y la enfatizo. Creo que los que apoyan al presidente son personas que est\u00e1n convencidas de la importancia del respeto rec\u00edproco, que es la parte esencial de la definici\u00f3n que tantas veces ha repetido el presidente. Mi definici\u00f3n, que fabriqu\u00e9 en uno de mis primeros libros, es: &#8220;El liberalismo es el respeto irrestricto a los proyectos de vida de otros&#8221;, lo cual no quiere decir que adherimos al proyecto de vida de otros, lo respetamos y solo se puede utilizar la fuerza cuando hay invasi\u00f3n de derechos.<\/p>\n<p>-\u00bfConsidera que el presidente respeta esos derechos de los que piensan diferente con sus expresiones?<br \/>&#8211; Yo creo que s\u00ed, que los hechos los respeta y est\u00e1 abierto a que cada uno diga lo que le da la gana, lo cual no quiere decir que no sea refutado por otros.<\/p>\n<p><span class=\"titletext\">Noticias relacionadas<\/span><\/p>\n<h2 class=\"title\">Liberales, entre el apoyo convencido a Milei y la aceptaci\u00f3n para que &#8220;no vuelvan los otros&#8221;<\/h2>\n<h2 class=\"title\">&#8220;El resultado fiscal no se negocia, al populismo no se le gana haciendo populismo&#8221;, sentenci\u00f3 Milei<\/h2>\n<h2 class=\"title\"> Caputo critic\u00f3 a la UIA y dijo que no se puede seguir &#8220;subsidiando a determinados empresarios&#8221;<\/h2>\n<p><\/p>\n","protected":false},"excerpt":{"rendered":"<p>El \u00e9nfasis que el presidente Javier Milei pone en lo que present\u00f3 como &#8220;batalla cultural&#8221; tiene en Alberto Benegas Lynch (h) a uno de sus principales exponentes en la Argentina, al punto que el primer mandatario suele presentarlo como &#8220;pr\u00f3cer&#8221;. En di\u00e1logo con BAE Negocios, Benegas Lynch, quien defini\u00f3 al liberalismo como &#8220;el respeto irrestricto [&hellip;]<\/p>\n","protected":false},"author":1,"featured_media":24868,"comment_status":"open","ping_status":"open","sticky":false,"template":"","format":"standard","meta":{"footnotes":""},"categories":[1],"tags":[109],"class_list":["post-24867","post","type-post","status-publish","format-standard","has-post-thumbnail","hentry","category-uncategorized","tag-joaquin-benegas-lynch"],"_links":{"self":[{"href":"https:\/\/cliente1.publisher.highstack.com.ar\/index.php?rest_route=\/wp\/v2\/posts\/24867","targetHints":{"allow":["GET"]}}],"collection":[{"href":"https:\/\/cliente1.publisher.highstack.com.ar\/index.php?rest_route=\/wp\/v2\/posts"}],"about":[{"href":"https:\/\/cliente1.publisher.highstack.com.ar\/index.php?rest_route=\/wp\/v2\/types\/post"}],"author":[{"embeddable":true,"href":"https:\/\/cliente1.publisher.highstack.com.ar\/index.php?rest_route=\/wp\/v2\/users\/1"}],"replies":[{"embeddable":true,"href":"https:\/\/cliente1.publisher.highstack.com.ar\/index.php?rest_route=%2Fwp%2Fv2%2Fcomments&post=24867"}],"version-history":[{"count":0,"href":"https:\/\/cliente1.publisher.highstack.com.ar\/index.php?rest_route=\/wp\/v2\/posts\/24867\/revisions"}],"wp:featuredmedia":[{"embeddable":true,"href":"https:\/\/cliente1.publisher.highstack.com.ar\/index.php?rest_route=\/wp\/v2\/media\/24868"}],"wp:attachment":[{"href":"https:\/\/cliente1.publisher.highstack.com.ar\/index.php?rest_route=%2Fwp%2Fv2%2Fmedia&parent=24867"}],"wp:term":[{"taxonomy":"category","embeddable":true,"href":"https:\/\/cliente1.publisher.highstack.com.ar\/index.php?rest_route=%2Fwp%2Fv2%2Fcategories&post=24867"},{"taxonomy":"post_tag","embeddable":true,"href":"https:\/\/cliente1.publisher.highstack.com.ar\/index.php?rest_route=%2Fwp%2Fv2%2Ftags&post=24867"}],"curies":[{"name":"wp","href":"https:\/\/api.w.org\/{rel}","templated":true}]}}