{"id":24861,"date":"2026-09-03T11:33:42","date_gmt":"2026-09-03T14:33:42","guid":{"rendered":"https:\/\/cliente1.publisher.highstack.com.ar\/?p=24861"},"modified":"2026-09-03T11:33:42","modified_gmt":"2026-09-03T14:33:42","slug":"san-luis-aprobo-la-ley-que-habilita-la-reforma-constitucional-que-pone-fin-al-modelo-rodriguez-saa","status":"publish","type":"post","link":"https:\/\/cliente1.publisher.highstack.com.ar\/?p=24861","title":{"rendered":"San Luis aprob\u00f3 la ley que habilita la reforma constitucional que pone fin al modelo Rodr\u00edguez Sa\u00e1"},"content":{"rendered":"<div class=\"visual__image image-initial-width\"><picture><source srcset=\"https:\/\/www.infobae.com\/resizer\/v2\/EXYR2AU2VRAX7NTGPHZ54KMZUI.jpeg?auth=455640e0c27d60e85452c7e2f28aba0d1bf991e68e4442a1ca545c1c2bc1d54d&amp;smart=true&amp;width=992&amp;height=558&amp;quality=85\" media=\"(min-width: 1000px)\"><\/source><source srcset=\"https:\/\/www.infobae.com\/resizer\/v2\/EXYR2AU2VRAX7NTGPHZ54KMZUI.jpeg?auth=455640e0c27d60e85452c7e2f28aba0d1bf991e68e4442a1ca545c1c2bc1d54d&amp;smart=true&amp;width=768&amp;height=432&amp;quality=85\" media=\"(min-width: 768px)\"><\/source><source srcset=\"https:\/\/www.infobae.com\/resizer\/v2\/EXYR2AU2VRAX7NTGPHZ54KMZUI.jpeg?auth=455640e0c27d60e85452c7e2f28aba0d1bf991e68e4442a1ca545c1c2bc1d54d&amp;smart=true&amp;width=577&amp;height=325&amp;quality=85\" media=\"(min-width: 580px)\"><\/source><source srcset=\"https:\/\/www.infobae.com\/resizer\/v2\/EXYR2AU2VRAX7NTGPHZ54KMZUI.jpeg?auth=455640e0c27d60e85452c7e2f28aba0d1bf991e68e4442a1ca545c1c2bc1d54d&amp;smart=true&amp;width=420&amp;height=236&amp;quality=85\" media=\"(min-width: 350px)\"><\/source><source srcset=\"https:\/\/www.infobae.com\/resizer\/v2\/EXYR2AU2VRAX7NTGPHZ54KMZUI.jpeg?auth=455640e0c27d60e85452c7e2f28aba0d1bf991e68e4442a1ca545c1c2bc1d54d&amp;smart=true&amp;width=350&amp;height=197&amp;quality=85\" media=\"(min-width: 80px)\"><\/source><img alt=\"Una pantalla digital muestra los resultados de una votaci\u00f3n en la que se registran 30 votos afirmativos y 13 negativos\" class=\"global-image\" decoding=\"async\" fetchpriority=\"high\" height=\"1080\" loading=\"eager\" src=\"https:\/\/www.infobae.com\/resizer\/v2\/EXYR2AU2VRAX7NTGPHZ54KMZUI.jpeg?auth=455640e0c27d60e85452c7e2f28aba0d1bf991e68e4442a1ca545c1c2bc1d54d&amp;smart=true&amp;width=350&amp;height=197&amp;quality=85\" width=\"1920\"><\/picture><\/div>\n<div class=\"sharebar-container display_flex sharebar-new\" style=\"opacity:1\">\n<div class=\"share-bar-article-date-container \"><span class=\"sharebar-article-date\">03 Sep, 2026 09:50 a. m. EST<\/span><\/div>\n<div class=\"sharebar-buttons-container display_flex\">\n<div aria-label=\"Guardar\" class=\"sharebar-buttons button-save\" role=\"button\" tabindex=\"0\"><svg width=\"9\" height=\"12\" viewbox=\"0 0 8 10\" fill=\"none\" xmlns=\"http:\/\/www.w3.org\/2000\/svg\" class=\"saved-icon saved\"><path d=\"M6.64286 0.5V9.31687L4.1116 7.16407L4.11106 7.16361C3.79894 6.89891 3.34392 6.89891 3.03179 7.16361L3.03126 7.16407L0.5 9.31687V0.5H6.64286Z\"><\/path><\/svg><span class=\"buttons-save-text\">Guardar<\/span><\/div>\n<div class=\"sharebar-buttons-separator\"><\/div>\n<p><button class=\"sharemenu-buttons display_flex\" aria-label=\"Compartir en Telegram\"><svg width=\"38\" height=\"38\" viewbox=\"0 0 38 38\" fill=\"none\" xmlns=\"http:\/\/www.w3.org\/2000\/svg\"><rect x=\"0.5\" y=\"0.5\" width=\"37\" height=\"37\" rx=\"18.5\" fill=\"white\"><\/rect><rect x=\"0.5\" y=\"0.5\" width=\"37\" height=\"37\" rx=\"18.5\" stroke=\"#C2C2C2\"><\/rect><path d=\"M24.9696 12.5511L10.3405 18.0494C10.0623 18.151 9.92701 18.4484 10.0398 18.7168C10.0999 18.8619 10.2277 18.9779 10.3856 19.0214L14.1068 20.0805L15.4975 24.3312C15.6028 24.6576 15.9636 24.839 16.2944 24.7374C16.3921 24.7084 16.4823 24.6504 16.5575 24.5778L18.482 22.6846L22.2558 25.354C22.6091 25.6006 23.0977 25.5281 23.3533 25.1872C23.421 25.1001 23.4661 24.9986 23.4887 24.897L25.9845 13.3707C26.0672 12.979 25.8116 12.5946 25.4056 12.5148C25.2628 12.4858 25.1124 12.5003 24.9771 12.5511M23.1429 15.1116L16.347 20.9147C16.2793 20.9727 16.2342 21.0525 16.2267 21.1395L15.9636 23.381C15.9636 23.4172 15.926 23.4462 15.8884 23.439C15.8583 23.439 15.8358 23.4172 15.8283 23.3955L14.7533 20.0442C14.7007 19.8919 14.7683 19.7251 14.9111 19.638L22.9399 14.836C23.0226 14.7852 23.1353 14.8142 23.1804 14.894C23.2255 14.9666 23.2105 15.0536 23.1504 15.1116\" fill=\"#555555\"><\/path><\/svg><\/button><button class=\"sharemenu-buttons display_flex\" aria-label=\"Compartir en Linkedin\"><svg width=\"38\" height=\"38\" viewbox=\"0 0 38 38\" fill=\"none\" xmlns=\"http:\/\/www.w3.org\/2000\/svg\"><rect x=\"0.5\" y=\"0.5\" width=\"37\" height=\"37\" rx=\"18.5\" fill=\"white\"><\/rect><rect x=\"0.5\" y=\"0.5\" width=\"37\" height=\"37\" rx=\"18.5\" stroke=\"#C2C2C2\"><\/rect><path d=\"M16.5556 27V16.2231H19.963V17.6949C20.0185 17.6368 20.0648 17.5787 20.1111 17.5206C20.8611 16.349 22.2037 15.739 23.537 15.981C25.3889 16.1359 26.8426 17.7046 26.9259 19.6411C26.9722 20.0478 27 20.4641 27 20.8708C27 22.817 27 24.7633 27 26.7095V26.9806H23.5741V26.6805C23.5741 24.8892 23.5741 23.0882 23.5741 21.2969C23.5741 20.8805 23.5278 20.4545 23.4259 20.0478C23.1945 19.1279 22.2963 18.5663 21.4074 18.8084C21.2037 18.8665 21 18.9633 20.8333 19.0989C20.3333 19.4281 20.0185 19.9897 19.9907 20.6094C19.9722 21.1419 19.9722 21.6842 19.9722 22.2167V26.9903H16.5648L16.5556 27ZM11.2222 27V16.2037H11.7407C12.6204 16.2037 13.5 16.2037 14.3796 16.2037C14.5833 16.2037 14.6482 16.2328 14.6482 16.4748V26.9903H11.2222V27ZM11.0093 12.8825C11.0093 11.8465 11.8055 11.0041 12.787 11.0041C12.8426 11.0041 12.8982 11.0041 12.9537 11.0041C13.9445 10.9363 14.7963 11.7206 14.8611 12.7567C14.8611 12.7954 14.8611 12.8438 14.8611 12.8825C14.8426 13.9283 14.0278 14.761 13.0278 14.7416C12.9907 14.7416 12.9537 14.7416 12.9259 14.7416H12.9074C11.9259 14.8191 11.0741 14.0445 11 13.0181C11 12.9697 11 12.931 11 12.8825H11.0093Z\" fill=\"#555555\"><\/path><\/svg><\/button><button class=\"sharemenu-buttons display_flex\" aria-label=\"Compartir en Twitter\"><svg width=\"38\" height=\"38\" viewbox=\"0 0 38 38\" fill=\"none\" xmlns=\"http:\/\/www.w3.org\/2000\/svg\"><rect x=\"0.5\" y=\"0.5\" width=\"37\" height=\"37\" rx=\"18.5\" fill=\"white\"><\/rect><rect x=\"0.5\" y=\"0.5\" width=\"37\" height=\"37\" rx=\"18.5\" stroke=\"#C2C2C2\"><\/rect><path d=\"M11.0391 11L17.2165 19.8249L11 27H12.399L17.8415 20.7182L22.2389 27H27L20.475 17.6786L26.2613 11H24.8623L19.85 16.7855L15.8001 11H11.0391ZM13.0965 12.101H15.2838L24.9423 25.8987H22.7551L13.0965 12.101Z\" fill=\"#555555\"><\/path><\/svg><\/button><button class=\"sharemenu-buttons display_flex\" aria-label=\"Compartir en Facebook\"><svg width=\"38\" height=\"38\" viewbox=\"0 0 38 38\" fill=\"none\" xmlns=\"http:\/\/www.w3.org\/2000\/svg\"><rect x=\"0.5\" y=\"0.5\" width=\"37\" height=\"37\" rx=\"18.5\" fill=\"white\"><\/rect><rect x=\"0.5\" y=\"0.5\" width=\"37\" height=\"37\" rx=\"18.5\" stroke=\"#C2C2C2\"><\/rect><path d=\"M17.3544 26.9921V18.9235H15V16.3346H17.3544V16.0805C17.3544 15.3816 17.3291 14.6748 17.3882 13.976C17.3882 12.8642 18.0633 11.8556 19.1266 11.3712C19.5232 11.1965 19.9452 11.0853 20.3755 11.0376C21.2532 10.9741 22.1308 10.99 23 11.0932V13.4201H22.7722C22.2743 13.4201 21.7848 13.4201 21.2869 13.436C20.73 13.4042 20.2489 13.8013 20.2152 14.3254C20.2152 14.373 20.2152 14.4128 20.2152 14.4604C20.1983 15.0481 20.2152 15.6357 20.2152 16.2234C20.2152 16.2552 20.2152 16.2949 20.2321 16.3267H22.9409C22.8228 17.2082 22.7046 18.0579 22.5865 18.9315H20.2236V27H17.3629L17.3544 26.9921Z\" fill=\"#555555\"><\/path><\/svg><\/button><button class=\"sharemenu-buttons display_flex\" aria-label=\"Compartir en Whatsapp\"><svg width=\"38\" height=\"38\" viewbox=\"0 0 38 38\" fill=\"none\" xmlns=\"http:\/\/www.w3.org\/2000\/svg\"><rect x=\"0.5\" y=\"0.5\" width=\"37\" height=\"37\" rx=\"18.5\" fill=\"white\"><\/rect><rect x=\"0.5\" y=\"0.5\" width=\"37\" height=\"37\" rx=\"18.5\" stroke=\"#C2C2C2\"><\/rect><path d=\"M21.2863 19.9439C21.0997 19.8551 20.9664 19.9262 20.8419 20.0861C20.6731 20.3261 20.4687 20.5483 20.2909 20.7794C20.1665 20.9393 20.0243 20.9749 19.8376 20.8949C18.6645 20.4239 17.7757 19.6506 17.1269 18.5841C17.0292 18.4242 17.038 18.2997 17.1536 18.1575C17.3225 17.9531 17.4824 17.7576 17.6157 17.5354C17.678 17.4287 17.7135 17.2599 17.678 17.1532C17.4735 16.6111 17.2425 16.0867 17.0114 15.5535C16.9669 15.4557 16.8781 15.3313 16.7892 15.3224C16.4248 15.2602 16.0426 15.1891 15.7316 15.4912C15.1094 16.0778 14.8784 16.7977 15.0383 17.6243C15.1805 18.3619 15.5983 18.9663 16.0426 19.5618C16.887 20.6638 17.8646 21.6237 19.1622 22.1925C19.7932 22.4769 20.4331 22.7613 21.1441 22.7613C21.2685 22.7613 21.393 22.7613 21.5085 22.7346C22.4506 22.5391 23.1172 22.0058 23.0816 21.0193C23.0816 20.9216 23.0194 20.7794 22.9483 20.7438C22.3973 20.4594 21.8462 20.2017 21.2863 19.9439Z\" fill=\"#555555\"><\/path><path d=\"M26.9482 17.8724C26.3972 13.4642 22.1401 10.3447 17.7229 11.1179C12.6481 11.9977 9.71521 17.2859 11.6883 21.9963C12.1948 22.6629 12.0615 23.3472 11.8216 24.0849C11.5105 25.027 11.2794 26.0046 11.0039 27C11.1194 26.9733 11.1994 26.9644 11.2794 26.9378C12.5059 26.6178 13.7324 26.3068 14.9411 25.9868C15.1544 25.9335 15.3144 25.9602 15.5099 26.0579C17.1719 26.8667 18.9227 27.0978 20.718 26.7067C24.833 25.7913 27.4548 22.0496 26.9305 17.8902L26.9482 17.8724ZM20.0515 25.4624C18.4784 25.7113 17.003 25.3913 15.6166 24.6003C15.5099 24.5381 15.3411 24.5115 15.2077 24.547C14.4612 24.7248 13.7146 24.9292 12.9147 25.1336C13.1192 24.3693 13.3058 23.6672 13.5102 22.9473C13.5635 22.7606 13.5369 22.6273 13.4391 22.4673C11.0039 18.5479 13.1014 13.5442 17.6163 12.5043C21.2868 11.6511 25.0285 14.1841 25.5884 17.908C26.1395 21.5519 23.6954 24.8936 20.0515 25.4624Z\" fill=\"#555555\"><\/path><\/svg><\/button><\/div>\n<\/div>\n<p class=\"paragraph\" data-paragraph-number=\"1\">La <b>Legislatura de San Luis<\/b> aprob\u00f3 la reforma constitucional impulsada por el gobernador <a href=\"https:\/\/www.infobae.com\/politica\/2026\/08\/26\/avanza-la-reforma-constitucional-en-san-luis-tope-a-los-mandatos-fin-a-las-elecciones-intermedias-y-regulacion-de-la-ia\" rel=\"noopener noreferrer\"><b>Claudio Poggi<\/b><\/a>, que habilita la elecci\u00f3n de <b>52 convencionales<\/b> para modificar la Carta Magna provincial, que <b>data de 1987<\/b>. Es el primer paso para que se modifique el modelo pol\u00edtico de <b>Adolfo <\/b>y <b>Alberto Rodr\u00edguez Sa\u00e1<\/b>, que recurrieron a la reelecci\u00f3n indefinida para conservar y alternarse en el poder. <\/p>\n<div class=\"marfeel-recommender marfeel-recommender-1\"><\/div>\n<p class=\"paragraph\" data-paragraph-number=\"2\">Ayer, la C\u00e1mara de Diputados provincial dio la sanci\u00f3n definitiva con <b>30 votos a favor<\/b> y <b>13 en contra<\/b>, despu\u00e9s de que el Senado aval\u00f3 el proyecto. Ahora bien, <b>la ley no modifica a\u00fan la Constituci\u00f3n<\/b>: declara la necesidad y conveniencia de reformarla y <b>fija los puntos de temario <\/b>que podr\u00e1 tratar la Convenci\u00f3n Constituyente. <\/p>\n<div class=\"inline ad-wrapper dfpAd ad-inline ad-text ad-component-container\" style=\"--ad-shell-height:250px;--ad-shell-width:300px\" data-ad-wrapper=\"arcad\" data-ad-type=\"inline\" data-ad-slot=\"infobae\/politica\/nota\/inline\" data-ad-container=\"dfp\" data-ad-slot-name=\"infobae\/politica\/nota\/inline\">\n<p class=\"ad-shell-label\">PUBLICIDAD<\/p>\n<div id=\"infobae\/politica\/nota\/inline\" class=\"infobae\/politica\/nota\/inline arcad ad-slot-node ad-slot-node--boxed\" data-ad-slot-id=\"infobae\/politica\/nota\/inline\"><\/div>\n<\/div>\n<p class=\"paragraph\" data-paragraph-number=\"3\">La Convenci\u00f3n Constituyente deber\u00e1 definir la redacci\u00f3n final de los temas autorizados por la ley. Adem\u00e1s del l\u00edmite a las reelecciones en la gobernaci\u00f3n, el proceso de reforma constitucional apunta a <b>eliminar las elecciones legislativas de medio t\u00e9rmino<\/b>, cambios en el <b>mandato de los jueces <\/b>y otros <b>cargos judiciales<\/b>, y nuevas disposiciones sobre la autonom\u00eda provincial.<\/p>\n<div class=\"marfeel-recommender marfeel-recommender-3\"><\/div>\n<p class=\"paragraph\" data-paragraph-number=\"4\">El gobernador Poggi anunci\u00f3 la aprobaci\u00f3n de la reforma tiene el objetivo de \u201cfortalecer la institucionalidad en los tres poderes del Estado\u201d. \u201cFelicitaciones a todos los que realizaron su aporte de ideas y felicitaciones a los Senadores y Diputados Provinciales que la defendieron y votaron. Un d\u00eda hist\u00f3rico para la provincia de San Luis\u201d, comparti\u00f3 en sus redes sociales. <\/p>\n<div class=\"inline_2 ad-wrapper dfpAd ad-inline ad-text ad-component-container\" style=\"--ad-shell-height:250px;--ad-shell-width:300px\" data-ad-wrapper=\"arcad\" data-ad-type=\"inline_2\" data-ad-slot=\"infobae\/politica\/nota\/inline_2\" data-ad-container=\"dfp\" data-ad-slot-name=\"infobae\/politica\/nota\/inline_2\">\n<p class=\"ad-shell-label\">PUBLICIDAD<\/p>\n<div id=\"infobae\/politica\/nota\/inline_2\" class=\"infobae\/politica\/nota\/inline_2 arcad ad-slot-node ad-slot-node--boxed\" data-ad-slot-id=\"infobae\/politica\/nota\/inline_2\"><\/div>\n<\/div>\n<div class=\"visual__image\"><picture><source srcset=\"https:\/\/www.infobae.com\/resizer\/v2\/YYAEFQGAX5EOJHNZOBOM4RJDNA.jpg?auth=586d14acad8edd513217dc0e4dbc365e2af820876f4c9a14442f549963adff51&amp;smart=true&amp;width=992&amp;height=558&amp;quality=85\" media=\"(min-width: 1000px)\"><\/source><source srcset=\"https:\/\/www.infobae.com\/resizer\/v2\/YYAEFQGAX5EOJHNZOBOM4RJDNA.jpg?auth=586d14acad8edd513217dc0e4dbc365e2af820876f4c9a14442f549963adff51&amp;smart=true&amp;width=768&amp;height=432&amp;quality=85\" media=\"(min-width: 768px)\"><\/source><source srcset=\"https:\/\/www.infobae.com\/resizer\/v2\/YYAEFQGAX5EOJHNZOBOM4RJDNA.jpg?auth=586d14acad8edd513217dc0e4dbc365e2af820876f4c9a14442f549963adff51&amp;smart=true&amp;width=577&amp;height=325&amp;quality=85\" media=\"(min-width: 580px)\"><\/source><source srcset=\"https:\/\/www.infobae.com\/resizer\/v2\/YYAEFQGAX5EOJHNZOBOM4RJDNA.jpg?auth=586d14acad8edd513217dc0e4dbc365e2af820876f4c9a14442f549963adff51&amp;smart=true&amp;width=420&amp;height=236&amp;quality=85\" media=\"(min-width: 350px)\"><\/source><source srcset=\"https:\/\/www.infobae.com\/resizer\/v2\/YYAEFQGAX5EOJHNZOBOM4RJDNA.jpg?auth=586d14acad8edd513217dc0e4dbc365e2af820876f4c9a14442f549963adff51&amp;smart=true&amp;width=350&amp;height=197&amp;quality=85\" media=\"(min-width: 80px)\"><\/source><img alt=\"Publicaci\u00f3n en la red social X de Claudio Javier Poggi con un mensaje sobre la ley de reforma constitucional de San Luis\" class=\"global-image\" decoding=\"async\" fetchpriority=\"low\" height=\"1080\" loading=\"lazy\" src=\"https:\/\/www.infobae.com\/resizer\/v2\/YYAEFQGAX5EOJHNZOBOM4RJDNA.jpg?auth=586d14acad8edd513217dc0e4dbc365e2af820876f4c9a14442f549963adff51&amp;smart=true&amp;width=350&amp;height=197&amp;quality=85\" width=\"1920\"><\/picture><\/div>\n<h2 class=\"text-align-left vertical-align-top line-height-100 header headline-class-h2 headline\" id=\"los-cambios-en-la-reeleccion\">Los cambios en la reelecci\u00f3n<\/h2>\n<p class=\"paragraph\" data-paragraph-number=\"5\">La iniciativa habilita la modificaci\u00f3n de 23 art\u00edculos constitucionales, la incorporaci\u00f3n de otros 23 y la creaci\u00f3n de cuatro cap\u00edtulos.<\/p>\n<div class=\"marfeel-recommender marfeel-recommender-5\"><\/div>\n<p class=\"paragraph\" data-paragraph-number=\"6\">Uno de los cambios previstos alcanza al <b>art\u00edculo 147<\/b>. La propuesta, similar al que establece la constituci\u00f3n de Estados Unidos para el Presidente, establece la<b> prohibici\u00f3n de una nueva reelecci\u00f3n<\/b> para quien haya ocupado la gobernaci\u00f3n durante dos per\u00edodos, sean consecutivos o alternados. <\/p>\n<div class=\"ad_1 ad-wrapper dfpAd ad-1-al-6 ad-text ad-component-container\" style=\"--ad-shell-height:250px;--ad-shell-width:300px\" data-ad-wrapper=\"arcad\" data-ad-type=\"ad_1\" data-ad-slot=\"infobae\/politica\/nota\/ad_1\" data-ad-container=\"dfp\" data-ad-slot-name=\"infobae\/politica\/nota\/ad_1\">\n<p class=\"ad-shell-label\">PUBLICIDAD<\/p>\n<div id=\"infobae\/politica\/nota\/ad_1\" class=\"infobae\/politica\/nota\/ad_1 arcad ad-slot-node ad-slot-node--boxed\" data-ad-slot-id=\"infobae\/politica\/nota\/ad_1\"><\/div>\n<\/div>\n<p class=\"paragraph\" data-paragraph-number=\"7\">En caso de prosperar esa reforma, ya no se podr\u00e1 replicar la experiencia de los <b>hermanos Rodr\u00edguez Sa\u00e1<\/b> en el distrito cuyano. <b>Adolfo<\/b>, quien reform\u00f3 la constituci\u00f3n en 1987 para habilitar la reelecci\u00f3n indefinida, tuvo <b>cinco mandatos <\/b>(1983\u20131987; 1987\u20131991; 1991\u20131995; 1995\u20131999; 1999\u20132001). <b>Alberto <\/b>tuvo <b>cuatro mandatos <\/b>(2003\u20132007; 2007\u20132011; 2015\u20132019; 2019\u20132023). <\/p>\n<div class=\"visual__image\"><picture><source srcset=\"https:\/\/www.infobae.com\/resizer\/v2\/NVAGNGJTGBGRFAKV5RBQK2QNSU.jpg?auth=17c64573539395c9ae47df6a206beb4e8c4a4f3c5971176816c4ca9f02cd9c4f&amp;smart=true&amp;width=992&amp;height=732&amp;quality=85\" media=\"(min-width: 1000px)\"><\/source><source srcset=\"https:\/\/www.infobae.com\/resizer\/v2\/NVAGNGJTGBGRFAKV5RBQK2QNSU.jpg?auth=17c64573539395c9ae47df6a206beb4e8c4a4f3c5971176816c4ca9f02cd9c4f&amp;smart=true&amp;width=768&amp;height=567&amp;quality=85\" media=\"(min-width: 768px)\"><\/source><source srcset=\"https:\/\/www.infobae.com\/resizer\/v2\/NVAGNGJTGBGRFAKV5RBQK2QNSU.jpg?auth=17c64573539395c9ae47df6a206beb4e8c4a4f3c5971176816c4ca9f02cd9c4f&amp;smart=true&amp;width=577&amp;height=426&amp;quality=85\" media=\"(min-width: 580px)\"><\/source><source srcset=\"https:\/\/www.infobae.com\/resizer\/v2\/NVAGNGJTGBGRFAKV5RBQK2QNSU.jpg?auth=17c64573539395c9ae47df6a206beb4e8c4a4f3c5971176816c4ca9f02cd9c4f&amp;smart=true&amp;width=420&amp;height=310&amp;quality=85\" media=\"(min-width: 350px)\"><\/source><source srcset=\"https:\/\/www.infobae.com\/resizer\/v2\/NVAGNGJTGBGRFAKV5RBQK2QNSU.jpg?auth=17c64573539395c9ae47df6a206beb4e8c4a4f3c5971176816c4ca9f02cd9c4f&amp;smart=true&amp;width=350&amp;height=258&amp;quality=85\" media=\"(min-width: 80px)\"><\/source><img alt=\"Carlos Menem\" class=\"global-image\" decoding=\"async\" fetchpriority=\"low\" height=\"1743\" loading=\"lazy\" src=\"https:\/\/www.infobae.com\/resizer\/v2\/NVAGNGJTGBGRFAKV5RBQK2QNSU.jpg?auth=17c64573539395c9ae47df6a206beb4e8c4a4f3c5971176816c4ca9f02cd9c4f&amp;smart=true&amp;width=350&amp;height=258&amp;quality=85\" width=\"2362\"><\/picture><\/div>\n<p class=\"paragraph\" data-paragraph-number=\"8\">Ahora bien, <b>Claudio Poggi <\/b>tendr\u00eda, en principio, una posibilidad de ejercer un <b>tercer mandato<\/b>. Es que el mandato <b>2023-2027<\/b> ser\u00e1 considerado como el primer per\u00edodo para aplicar ese l\u00edmite.<\/p>\n<div class=\"ad_2 ad-wrapper dfpAd ad-1-al-6 ad-text ad-component-container\" style=\"--ad-shell-height:250px;--ad-shell-width:300px\" data-ad-wrapper=\"arcad\" data-ad-type=\"ad_2\" data-ad-slot=\"infobae\/politica\/nota\/ad_2\" data-ad-container=\"dfp\" data-ad-slot-name=\"infobae\/politica\/nota\/ad_2\">\n<p class=\"ad-shell-label\">PUBLICIDAD<\/p>\n<div id=\"infobae\/politica\/nota\/ad_2\" class=\"infobae\/politica\/nota\/ad_2 arcad ad-slot-node ad-slot-node--boxed\" data-ad-slot-id=\"infobae\/politica\/nota\/ad_2\"><\/div>\n<\/div>\n<p class=\"paragraph\" data-paragraph-number=\"9\">El proyecto tambi\u00e9n plantea que las c\u00e1maras de Diputados y Senadores se renueven de manera completa cada <b>cuatro a\u00f1os<\/b>, en coincidencia con la elecci\u00f3n de gobernador. Las sesiones ordinarias se extender\u00edan del <b>15 de marzo<\/b> al <b>31 de diciembre<\/b>.<\/p>\n<h2 class=\"text-align-left vertical-align-top line-height-100 header headline-class-h2 headline\" id=\"mandatos-legislativos-hasta-2031\">Mandatos legislativos hasta 2031<\/h2>\n<p class=\"paragraph\" data-paragraph-number=\"10\">Para aplicar el nuevo sistema electoral, la ley prev\u00e9 que los legisladores elegidos en <b>2025<\/b> permanezcan en sus cargos hasta <b>2031<\/b>. Sus mandatos, que venc\u00edan originalmente en 2029, ser\u00e1n prorrogados por una cl\u00e1usula transitoria.<\/p>\n<div class=\"ad_3 ad-wrapper dfpAd ad-1-al-6 ad-text ad-component-container\" style=\"--ad-shell-height:250px;--ad-shell-width:300px\" data-ad-wrapper=\"arcad\" data-ad-type=\"ad_3\" data-ad-slot=\"infobae\/politica\/nota\/ad_3\" data-ad-container=\"dfp\" data-ad-slot-name=\"infobae\/politica\/nota\/ad_3\">\n<p class=\"ad-shell-label\">PUBLICIDAD<\/p>\n<div id=\"infobae\/politica\/nota\/ad_3\" class=\"infobae\/politica\/nota\/ad_3 arcad ad-slot-node ad-slot-node--boxed\" data-ad-slot-id=\"infobae\/politica\/nota\/ad_3\"><\/div>\n<\/div>\n<p class=\"paragraph\" data-paragraph-number=\"11\">Desde las elecciones de 2031, la renovaci\u00f3n total de ambas c\u00e1maras se realizar\u00eda cada cuatro a\u00f1os. El mismo mecanismo alcanzar\u00eda a los <b>Concejos Deliberantes<\/b> de los municipios.<\/p>\n<p class=\"paragraph\" data-paragraph-number=\"12\">La eliminaci\u00f3n de las elecciones legislativas de medio t\u00e9rmino busca concentrar las votaciones provinciales en una misma fecha, que es un <b>viejo anhelo del peronismo <\/b>y de otros sectores pol\u00edticos. Seg\u00fan el proyecto, el cambio permitir\u00eda reducir los costos de organizar comicios cada dos a\u00f1os y evitar la sucesi\u00f3n permanente de campa\u00f1as electorales durante las gestiones.<\/p>\n<div class=\"ad_4 ad-wrapper dfpAd ad-1-al-6 ad-text ad-component-container\" style=\"--ad-shell-height:250px;--ad-shell-width:300px\" data-ad-wrapper=\"arcad\" data-ad-type=\"ad_4\" data-ad-slot=\"infobae\/politica\/nota\/ad_4\" data-ad-container=\"dfp\" data-ad-slot-name=\"infobae\/politica\/nota\/ad_4\">\n<p class=\"ad-shell-label\">PUBLICIDAD<\/p>\n<div id=\"infobae\/politica\/nota\/ad_4\" class=\"infobae\/politica\/nota\/ad_4 arcad ad-slot-node ad-slot-node--boxed\" data-ad-slot-id=\"infobae\/politica\/nota\/ad_4\"><\/div>\n<\/div>\n<div class=\"visual__image\"><picture><source srcset=\"https:\/\/www.infobae.com\/resizer\/v2\/4FFBPPLHXBFI7PAGLV6PUMQFS4.jpg?auth=1575059bee617beecc26c9dd9de1d689ff8fa590fc08e84d9f743f2e3652755c&amp;smart=true&amp;width=992&amp;height=558&amp;quality=85\" media=\"(min-width: 1000px)\"><\/source><source srcset=\"https:\/\/www.infobae.com\/resizer\/v2\/4FFBPPLHXBFI7PAGLV6PUMQFS4.jpg?auth=1575059bee617beecc26c9dd9de1d689ff8fa590fc08e84d9f743f2e3652755c&amp;smart=true&amp;width=768&amp;height=432&amp;quality=85\" media=\"(min-width: 768px)\"><\/source><source srcset=\"https:\/\/www.infobae.com\/resizer\/v2\/4FFBPPLHXBFI7PAGLV6PUMQFS4.jpg?auth=1575059bee617beecc26c9dd9de1d689ff8fa590fc08e84d9f743f2e3652755c&amp;smart=true&amp;width=577&amp;height=325&amp;quality=85\" media=\"(min-width: 580px)\"><\/source><source srcset=\"https:\/\/www.infobae.com\/resizer\/v2\/4FFBPPLHXBFI7PAGLV6PUMQFS4.jpg?auth=1575059bee617beecc26c9dd9de1d689ff8fa590fc08e84d9f743f2e3652755c&amp;smart=true&amp;width=420&amp;height=236&amp;quality=85\" media=\"(min-width: 350px)\"><\/source><source srcset=\"https:\/\/www.infobae.com\/resizer\/v2\/4FFBPPLHXBFI7PAGLV6PUMQFS4.jpg?auth=1575059bee617beecc26c9dd9de1d689ff8fa590fc08e84d9f743f2e3652755c&amp;smart=true&amp;width=350&amp;height=197&amp;quality=85\" media=\"(min-width: 80px)\"><\/source><img alt=\"Legisladores aplauden de pie desde sus bancas de cuero en un recinto parlamentario con escritorios y computadoras\" class=\"global-image\" decoding=\"async\" fetchpriority=\"low\" height=\"1080\" loading=\"lazy\" src=\"https:\/\/www.infobae.com\/resizer\/v2\/4FFBPPLHXBFI7PAGLV6PUMQFS4.jpg?auth=1575059bee617beecc26c9dd9de1d689ff8fa590fc08e84d9f743f2e3652755c&amp;smart=true&amp;width=350&amp;height=197&amp;quality=85\" width=\"1920\"><\/picture><\/div>\n<p class=\"paragraph\" data-paragraph-number=\"13\">La iniciativa tambi\u00e9n sostiene que la unificaci\u00f3n del calendario facilitar\u00eda la planificaci\u00f3n de pol\u00edticas de mayor plazo y reducir\u00eda la frecuencia con la que la ciudadan\u00eda debe concurrir a las urnas.<\/p>\n<h2 class=\"text-align-left vertical-align-top line-height-100 header headline-class-h2 headline\" id=\"los-cambios-en-la-justicia\">Los cambios en la Justicia<\/h2>\n<p class=\"paragraph\" data-paragraph-number=\"14\">La reforma habilita la separaci\u00f3n del <b>Ministerio P\u00fablico<\/b> del Poder Judicial. La estructura quedar\u00eda bajo una doble conducci\u00f3n, integrada por una <b>Defensor\u00eda General<\/b> y una <b>Procuraci\u00f3n General<\/b>.<\/p>\n<div class=\"ad_5 ad-wrapper dfpAd ad-1-al-6 ad-text ad-component-container\" style=\"--ad-shell-height:250px;--ad-shell-width:300px\" data-ad-wrapper=\"arcad\" data-ad-type=\"ad_5\" data-ad-slot=\"infobae\/politica\/nota\/ad_5\" data-ad-container=\"dfp\" data-ad-slot-name=\"infobae\/politica\/nota\/ad_5\">\n<p class=\"ad-shell-label\">PUBLICIDAD<\/p>\n<div id=\"infobae\/politica\/nota\/ad_5\" class=\"infobae\/politica\/nota\/ad_5 arcad ad-slot-node ad-slot-node--boxed\" data-ad-slot-id=\"infobae\/politica\/nota\/ad_5\"><\/div>\n<\/div>\n<p class=\"paragraph\" data-paragraph-number=\"15\">El texto contempla adem\u00e1s la creaci\u00f3n de un <b>Consejo del Ministerio P\u00fablico<\/b>. Ese \u00f3rgano intervendr\u00eda en la selecci\u00f3n de integrantes inferiores del Ministerio P\u00fablico Fiscal y de la Defensa, adem\u00e1s de contar con un <b>Jurado de Destituci\u00f3n<\/b> propio.<\/p>\n<p class=\"paragraph\" data-paragraph-number=\"16\">Pero el punto tal vez m\u00e1s llamativo es las condiciones para ejercer el cargo. Se establece un l\u00edmite de <b>75 a\u00f1os<\/b> para integrantes del Poder Judicial, el Ministerio P\u00fablico y el <b>Tribunal de Cuentas<\/b>. Al llegar a esa edad, la continuidad en el cargo podr\u00eda analizarse mediante una nueva designaci\u00f3n, con acuerdo del Senado y a propuesta del Poder Ejecutivo.<\/p>\n<div class=\"ad_6 ad-wrapper dfpAd ad-1-al-6 ad-text ad-component-container\" style=\"--ad-shell-height:250px;--ad-shell-width:300px\" data-ad-wrapper=\"arcad\" data-ad-type=\"ad_6\" data-ad-slot=\"infobae\/politica\/nota\/ad_6\" data-ad-container=\"dfp\" data-ad-slot-name=\"infobae\/politica\/nota\/ad_6\">\n<p class=\"ad-shell-label\">PUBLICIDAD<\/p>\n<div id=\"infobae\/politica\/nota\/ad_6\" class=\"infobae\/politica\/nota\/ad_6 arcad ad-slot-node ad-slot-node--boxed\" data-ad-slot-id=\"infobae\/politica\/nota\/ad_6\"><\/div>\n<\/div>\n<div class=\"visual__image\"><picture><source srcset=\"https:\/\/www.infobae.com\/resizer\/v2\/I4NSILKS5FEDHMMD3DSFNFRLFI.jpg?auth=c92cb213a2e2d315094a45109282c3de297fefa2da429e4042d4e25e560654b6&amp;smart=true&amp;width=992&amp;height=659&amp;quality=85\" media=\"(min-width: 1000px)\"><\/source><source srcset=\"https:\/\/www.infobae.com\/resizer\/v2\/I4NSILKS5FEDHMMD3DSFNFRLFI.jpg?auth=c92cb213a2e2d315094a45109282c3de297fefa2da429e4042d4e25e560654b6&amp;smart=true&amp;width=768&amp;height=510&amp;quality=85\" media=\"(min-width: 768px)\"><\/source><source srcset=\"https:\/\/www.infobae.com\/resizer\/v2\/I4NSILKS5FEDHMMD3DSFNFRLFI.jpg?auth=c92cb213a2e2d315094a45109282c3de297fefa2da429e4042d4e25e560654b6&amp;smart=true&amp;width=577&amp;height=383&amp;quality=85\" media=\"(min-width: 580px)\"><\/source><source srcset=\"https:\/\/www.infobae.com\/resizer\/v2\/I4NSILKS5FEDHMMD3DSFNFRLFI.jpg?auth=c92cb213a2e2d315094a45109282c3de297fefa2da429e4042d4e25e560654b6&amp;smart=true&amp;width=420&amp;height=279&amp;quality=85\" media=\"(min-width: 350px)\"><\/source><source srcset=\"https:\/\/www.infobae.com\/resizer\/v2\/I4NSILKS5FEDHMMD3DSFNFRLFI.jpg?auth=c92cb213a2e2d315094a45109282c3de297fefa2da429e4042d4e25e560654b6&amp;smart=true&amp;width=350&amp;height=233&amp;quality=85\" media=\"(min-width: 80px)\"><\/source><img alt=\"Claudio Poggi habla rodeado de micr\u00f3fonos y tel\u00e9fonos m\u00f3viles sostenidos por periodistas frente a una pared de piedra\" class=\"global-image\" decoding=\"async\" fetchpriority=\"low\" height=\"1276\" loading=\"lazy\" src=\"https:\/\/www.infobae.com\/resizer\/v2\/I4NSILKS5FEDHMMD3DSFNFRLFI.jpg?auth=c92cb213a2e2d315094a45109282c3de297fefa2da429e4042d4e25e560654b6&amp;smart=true&amp;width=350&amp;height=233&amp;quality=85\" width=\"1920\"><\/picture><\/div>\n<p class=\"paragraph\" data-paragraph-number=\"17\">Tambi\u00e9n se prev\u00e9n cambios en el <b>Consejo de la Magistratura<\/b>, que incorporar\u00eda representantes de la academia y del Senado. El organismo elaborar\u00eda un orden de m\u00e9rito a partir de los concursos de antecedentes. La terna elevada al Poder Ejecutivo tendr\u00eda car\u00e1cter vinculante y solo podr\u00eda alterarse por motivos fundados. <\/p>\n<p class=\"paragraph\" data-paragraph-number=\"18\">La propuesta fija, adem\u00e1s, una permanencia m\u00ednima de <b>cuatro a\u00f1os<\/b> para que magistrados del Poder Judicial y del Ministerio P\u00fablico accedan a nuevas funciones.<\/p>\n<p class=\"paragraph\" data-paragraph-number=\"19\">Por otro lado, el proyecto eleva de tres a cinco a\u00f1os el requisito de ejercicio profesional o desempe\u00f1o en determinadas funciones judiciales para acceder a la magistratura. <\/p>\n<div class=\"visual__image\"><picture><source srcset=\"https:\/\/www.infobae.com\/resizer\/v2\/2ZHV3DQHVNGBLIJSD6OFE2M6ZQ.jpg?auth=102cbfd6afa7658e2a0b38f6b379837d2bf6a0b1057d44a7f56677c389dc3fa9&amp;smart=true&amp;width=992&amp;height=558&amp;quality=85\" media=\"(min-width: 1000px)\"><\/source><source srcset=\"https:\/\/www.infobae.com\/resizer\/v2\/2ZHV3DQHVNGBLIJSD6OFE2M6ZQ.jpg?auth=102cbfd6afa7658e2a0b38f6b379837d2bf6a0b1057d44a7f56677c389dc3fa9&amp;smart=true&amp;width=768&amp;height=432&amp;quality=85\" media=\"(min-width: 768px)\"><\/source><source srcset=\"https:\/\/www.infobae.com\/resizer\/v2\/2ZHV3DQHVNGBLIJSD6OFE2M6ZQ.jpg?auth=102cbfd6afa7658e2a0b38f6b379837d2bf6a0b1057d44a7f56677c389dc3fa9&amp;smart=true&amp;width=577&amp;height=325&amp;quality=85\" media=\"(min-width: 580px)\"><\/source><source srcset=\"https:\/\/www.infobae.com\/resizer\/v2\/2ZHV3DQHVNGBLIJSD6OFE2M6ZQ.jpg?auth=102cbfd6afa7658e2a0b38f6b379837d2bf6a0b1057d44a7f56677c389dc3fa9&amp;smart=true&amp;width=420&amp;height=236&amp;quality=85\" media=\"(min-width: 350px)\"><\/source><source srcset=\"https:\/\/www.infobae.com\/resizer\/v2\/2ZHV3DQHVNGBLIJSD6OFE2M6ZQ.jpg?auth=102cbfd6afa7658e2a0b38f6b379837d2bf6a0b1057d44a7f56677c389dc3fa9&amp;smart=true&amp;width=350&amp;height=197&amp;quality=85\" media=\"(min-width: 80px)\"><\/source><img alt=\"Una mujer con anteojos y saco pardo se encuentra en una banca legislativa junto a otra mujer que revisa documentos\" class=\"global-image\" decoding=\"async\" fetchpriority=\"low\" height=\"1080\" loading=\"lazy\" src=\"https:\/\/www.infobae.com\/resizer\/v2\/2ZHV3DQHVNGBLIJSD6OFE2M6ZQ.jpg?auth=102cbfd6afa7658e2a0b38f6b379837d2bf6a0b1057d44a7f56677c389dc3fa9&amp;smart=true&amp;width=350&amp;height=197&amp;quality=85\" width=\"1920\"><\/picture><\/div>\n<p class=\"paragraph\" data-paragraph-number=\"20\">La iniciativa incorpora una <b>cl\u00e1usula federal <\/b>que reafirma las <b>competencias no delegadas<\/b> al Gobierno federal, el poder de polic\u00eda y tributario provincial sobre establecimientos de utilidad nacional ubicados en San Luis y la participaci\u00f3n de la provincia en estudios, planes y decisiones de la Administraci\u00f3n federal. Tambi\u00e9n contempla el debate de un <b>nuevo r\u00e9gimen de coparticipaci\u00f3n<\/b>.<\/p>\n<p class=\"paragraph\" data-paragraph-number=\"21\">El proyecto habilita un cap\u00edtulo sobre relaciones intergubernamentales e internacionales, con facultades para celebrar convenios de inversi\u00f3n y cooperaci\u00f3n directa. La fecha l\u00edmite para presentar el Presupuesto provincial pasar\u00eda del <b>31 de agosto<\/b> al <b>30 de septiembre<\/b>.<\/p>\n","protected":false},"excerpt":{"rendered":"<p>03 Sep, 2026 09:50 a. m. EST Guardar La Legislatura de San Luis aprob\u00f3 la reforma constitucional impulsada por el gobernador Claudio Poggi, que habilita la elecci\u00f3n de 52 convencionales para modificar la Carta Magna provincial, que data de 1987. Es el primer paso para que se modifique el modelo pol\u00edtico de Adolfo y Alberto [&hellip;]<\/p>\n","protected":false},"author":1,"featured_media":24862,"comment_status":"open","ping_status":"open","sticky":false,"template":"","format":"standard","meta":{"footnotes":""},"categories":[1],"tags":[],"class_list":["post-24861","post","type-post","status-publish","format-standard","has-post-thumbnail","hentry","category-uncategorized"],"_links":{"self":[{"href":"https:\/\/cliente1.publisher.highstack.com.ar\/index.php?rest_route=\/wp\/v2\/posts\/24861","targetHints":{"allow":["GET"]}}],"collection":[{"href":"https:\/\/cliente1.publisher.highstack.com.ar\/index.php?rest_route=\/wp\/v2\/posts"}],"about":[{"href":"https:\/\/cliente1.publisher.highstack.com.ar\/index.php?rest_route=\/wp\/v2\/types\/post"}],"author":[{"embeddable":true,"href":"https:\/\/cliente1.publisher.highstack.com.ar\/index.php?rest_route=\/wp\/v2\/users\/1"}],"replies":[{"embeddable":true,"href":"https:\/\/cliente1.publisher.highstack.com.ar\/index.php?rest_route=%2Fwp%2Fv2%2Fcomments&post=24861"}],"version-history":[{"count":0,"href":"https:\/\/cliente1.publisher.highstack.com.ar\/index.php?rest_route=\/wp\/v2\/posts\/24861\/revisions"}],"wp:featuredmedia":[{"embeddable":true,"href":"https:\/\/cliente1.publisher.highstack.com.ar\/index.php?rest_route=\/wp\/v2\/media\/24862"}],"wp:attachment":[{"href":"https:\/\/cliente1.publisher.highstack.com.ar\/index.php?rest_route=%2Fwp%2Fv2%2Fmedia&parent=24861"}],"wp:term":[{"taxonomy":"category","embeddable":true,"href":"https:\/\/cliente1.publisher.highstack.com.ar\/index.php?rest_route=%2Fwp%2Fv2%2Fcategories&post=24861"},{"taxonomy":"post_tag","embeddable":true,"href":"https:\/\/cliente1.publisher.highstack.com.ar\/index.php?rest_route=%2Fwp%2Fv2%2Ftags&post=24861"}],"curies":[{"name":"wp","href":"https:\/\/api.w.org\/{rel}","templated":true}]}}