{"id":24859,"date":"2026-09-03T11:17:10","date_gmt":"2026-09-03T14:17:10","guid":{"rendered":"https:\/\/cliente1.publisher.highstack.com.ar\/?p=24859"},"modified":"2026-09-03T11:17:10","modified_gmt":"2026-09-03T14:17:10","slug":"citaron-al-embajador-china-hizo-una-queja-formal-ante-la-argentina-por-los-dichos-de-un-funcionario-de-milei","status":"publish","type":"post","link":"https:\/\/cliente1.publisher.highstack.com.ar\/?p=24859","title":{"rendered":"Citaron al embajador. China hizo una queja formal ante la Argentina por los dichos de un funcionario de Milei"},"content":{"rendered":"<section id=\"cuerpo__nota\" class=\"cuerpo__nota\">\n<div class=\"row\">\n<div class=\"col-12 col-desksm-1\">\n<div class=\"mod-share-container --no-app py-12 mb-16 mb-0_l sticky float-l_l z-101 transition transition-all transition-duration-250 top-73_min1024\">\n<div class=\"mod-share flex flex-column mb-0 p-0_l gap-24\"><\/div>\n<\/div>\n<\/div>\n<div class=\"col-deskxl-10 offset-deskxl-1 col-desksm-11\">\n<div class=\"row\">\n<div class=\"col-12\">\n<p class=\"com-paragraph --capital --s\">En una escalada diplom\u00e1tica con pocos precedentes, el gobierno de China convoc\u00f3 en las \u00faltimas horas al embajador argentino en ese pa\u00eds para quejarse por las declaraciones del titular de la Oficina de Respuesta Presidencial, <strong>Juan Pablo Carreira<\/strong>, quien vincul\u00f3 la acci\u00f3n del gobierno de <strong>Xi Jinping<\/strong> con el reciente desastre humanitario en Nepal. <\/p>\n<p class=\"com-paragraph --s\">Seg\u00fan pudo saber <strong>LA NACION<\/strong> de fuentes locales e internacionales, la canciller\u00eda que encabeza <strong>Wang Yi<\/strong> transmiti\u00f3 a la diplomacia argentina su malestar por las declaraciones de Carreira, alias Juan Doe, activo miembro de las Fuerzas del Cielo y encargado de las respuestas del Gobierno ante las \u201cfake news\u201d. Ante la ausencia del embajador <strong>Marcelo Su\u00e1rez Salvia<\/strong>, de vacaciones, las quejas chinas fueron recepcionadas por su segundo, el consejero <strong>Guillermo Simunovich<\/strong>.<\/p>\n<p class=\"com-paragraph --s\">Se trata de un paso adicional al comunicado que la embajada china en Buenos Aires subi\u00f3 ayer a las redes sociales, con quejas hacia Doe, aunque sin mencionarlo por su nombre. \u201cMientras ambos pa\u00edses llevan a cabo operaciones de rescate y asistencia de emergencia y la comunidad internacional se apresura a tender su mano, <strong>cierto funcionario argentino, <\/strong>movido por <strong>prejuicios <\/strong>ideol\u00f3gicos sesgados, difunde maliciosamente rumores para <strong>difamar <\/strong>al Partido Comunista de China y <strong>manchar <\/strong>la imagen internacional de China\u201d, expres\u00f3 el portavoz de la embajada china en Argentina, que encabeza <strong>Wang Wei<\/strong>.<\/p>\n<p class=\"com-paragraph --s\">Consultado el martes sobre el tema durante la conferencia de prensa semanal, el vocero presidencial, <strong>Adri\u00e1n Ravier<\/strong>, intent\u00f3 minimizar el episodio.<\/p>\n<p class=\"com-paragraph --s\">\u201cNosotros damos respuesta en relaci\u00f3n a nuestras cuentas oficiales, la de Vocer\u00eda y la Oficina del Presidente de la Rep\u00fablica Argentina, y nada m\u00e1s. <strong>No hay ning\u00fan funcionario que haya hecho alguna afirmaci\u00f3n al respecto<\/strong>. Es una tragedia lo de Nepal.<strong> El Gobierno no se pronunci\u00f3 negativamente para nada\u201d<\/strong>. Sin embargo, fue Doe quien vincul\u00f3 esa tragedia, con miles de muertos, con el accionar del PC chino. <strong>\u201cSe suma a los mayores desastres humanitarios que gener\u00f3 la gesti\u00f3n del Partido Comunista de la actividad industrial en la historia, como Chernobyl, el Mar Aral, el Gran Salto Adelante y el Holodomor<\/strong>. Y esto no es algo de hace 20 a\u00f1os, esto ocurri\u00f3 esta misma semana. <strong>El comunismo mata. El Partido Comunista vestido de \u2018empresario\u2019 mata\u201d, escribi\u00f3 el funcionario. <\/strong><\/p>\n<div class=\"com-embed --twitter container-center-100\">\n<blockquote class=\"twitter-tweet\">\n<p lang=\"es\" dir=\"ltr\">Una empresa estatal china estaba construyendo una mega-instalaci\u00f3n hidroel\u00e9ctrica junto a un glaciar en la frontera con Nepal y los t\u00edpicos fallos de la organizaci\u00f3n estatal de la actividad industrial llevaron al mayor colapso de una construcci\u00f3n civil que se tenga registro.\u2026 <a href=\"https:\/\/t.co\/BQFpYcdv3U\">pic.twitter.com\/BQFpYcdv3U<\/a><\/p>\n<p>\u2014 Juan Doe (@jdoedoe101101) <a href=\"https:\/\/x.com\/jdoedoe101101\/status\/2094169396092469329?ref_src=twsrc%5Etfw\">August 30, 2026<\/a><\/p><\/blockquote>\n<\/div>\n<p class=\"com-paragraph --s\">Desde la embajada china pidieron a Doe \u201cque cambie de actitud de inmediato, ponga fin a las especulaciones malintencionadas carentes de fundamento y deje de politizar o instrumentalizar las cat\u00e1strofes naturales, con vistas a evitar da\u00f1os a las relaciones y las cooperaciones sino-argentinas\u201d.<\/p>\n<p class=\"com-paragraph --s\">Pocos d\u00edas atr\u00e1s, la embajada china en Buenos Aires se quej\u00f3 de modo directo por las \u201cpresiones\u201d del embajador norteamericano <strong>Peter Lamelas<\/strong> ante una cooperativa el\u00e9ctrica neuquina para no concertar tratos con el gigante chino Huawei. <\/p>\n<p class=\"com-paragraph --s\">\u201cEst\u00e1n cansados. Ellos les renuevan el swap, y del otro lado no les dan nada, s\u00f3lo les ponen trabas\u201d, afirm\u00f3 una fuente que cumpli\u00f3 funciones diplom\u00e1ticas durante el gobierno de Alberto Fern\u00e1ndez, con conocimiento del v\u00ednculo bilateral. El prometido viaje de Milei a China, nunca concretado, el supuesto contacto con Taiw\u00e1n durante la estad\u00eda de <strong>Diana Mondino <\/strong>en la Canciller\u00eda y la exclusi\u00f3n de empresas chinas de algunas licitaciones importantes como la Hidrov\u00eda integran el combo de desencuentros que disgustaron a la potencia asi\u00e1tica. En el encuentro que sostuvo con el canciller Pablo Quirno en mayo, el canciller chino habr\u00eda transmitido ya esa incomodidad con el accionar de Estados Unidos. <\/p>\n<p class=\"com-paragraph --s\">\u201cAl aclarar que <strong>China no busca una rivalidad geopol\u00edtica ni pide a otros pa\u00edses que elijan bando<\/strong>, afirm\u00f3 que la cooperaci\u00f3n entre China y Argentina no va dirigida contra ning\u00fan tercero, sino que refleja el beneficio rec\u00edproco y la colaboraci\u00f3n de beneficio mutuo\u201d, destac\u00f3 el canciller chino, seg\u00fan un cable distribuido,<\/p>\n<p class=\"com-paragraph --s\">Ayer, consultado durante un foro de la Fundaci\u00f3n Libertad y Progreso sobre el delicado equilibrio entre ambas potencias, el canciller <strong>Quirno<\/strong> fue enf\u00e1tico al afirmar que valoraba positivamente a China como socio comercial. Horas despu\u00e9s, la diplomacia china decidi\u00f3 dar un paso m\u00e1s en la escalada, a la espera de una retractaci\u00f3n que a\u00fan no llega. <\/p>\n<div data-fusion-lazy-id=\"f0fLHi7Wfcy22C4\"><\/div>\n<\/div>\n<\/div>\n<\/div>\n<\/div>\n<\/section>\n<p><script async src=\"https:\/\/platform.twitter.com\/widgets.js\" charset=\"utf-8\"><\/script><br \/><\/p>\n","protected":false},"excerpt":{"rendered":"<p>En una escalada diplom\u00e1tica con pocos precedentes, el gobierno de China convoc\u00f3 en las \u00faltimas horas al embajador argentino en ese pa\u00eds para quejarse por las declaraciones del titular de la Oficina de Respuesta Presidencial, Juan Pablo Carreira, quien vincul\u00f3 la acci\u00f3n del gobierno de Xi Jinping con el reciente desastre humanitario en Nepal. Seg\u00fan [&hellip;]<\/p>\n","protected":false},"author":1,"featured_media":24860,"comment_status":"open","ping_status":"open","sticky":false,"template":"","format":"standard","meta":{"footnotes":""},"categories":[1],"tags":[14],"class_list":["post-24859","post","type-post","status-publish","format-standard","has-post-thumbnail","hentry","category-uncategorized","tag-hidrovia"],"_links":{"self":[{"href":"https:\/\/cliente1.publisher.highstack.com.ar\/index.php?rest_route=\/wp\/v2\/posts\/24859","targetHints":{"allow":["GET"]}}],"collection":[{"href":"https:\/\/cliente1.publisher.highstack.com.ar\/index.php?rest_route=\/wp\/v2\/posts"}],"about":[{"href":"https:\/\/cliente1.publisher.highstack.com.ar\/index.php?rest_route=\/wp\/v2\/types\/post"}],"author":[{"embeddable":true,"href":"https:\/\/cliente1.publisher.highstack.com.ar\/index.php?rest_route=\/wp\/v2\/users\/1"}],"replies":[{"embeddable":true,"href":"https:\/\/cliente1.publisher.highstack.com.ar\/index.php?rest_route=%2Fwp%2Fv2%2Fcomments&post=24859"}],"version-history":[{"count":0,"href":"https:\/\/cliente1.publisher.highstack.com.ar\/index.php?rest_route=\/wp\/v2\/posts\/24859\/revisions"}],"wp:featuredmedia":[{"embeddable":true,"href":"https:\/\/cliente1.publisher.highstack.com.ar\/index.php?rest_route=\/wp\/v2\/media\/24860"}],"wp:attachment":[{"href":"https:\/\/cliente1.publisher.highstack.com.ar\/index.php?rest_route=%2Fwp%2Fv2%2Fmedia&parent=24859"}],"wp:term":[{"taxonomy":"category","embeddable":true,"href":"https:\/\/cliente1.publisher.highstack.com.ar\/index.php?rest_route=%2Fwp%2Fv2%2Fcategories&post=24859"},{"taxonomy":"post_tag","embeddable":true,"href":"https:\/\/cliente1.publisher.highstack.com.ar\/index.php?rest_route=%2Fwp%2Fv2%2Ftags&post=24859"}],"curies":[{"name":"wp","href":"https:\/\/api.w.org\/{rel}","templated":true}]}}