{"id":24855,"date":"2026-09-03T10:57:32","date_gmt":"2026-09-03T13:57:32","guid":{"rendered":"https:\/\/cliente1.publisher.highstack.com.ar\/?p=24855"},"modified":"2026-09-03T10:57:32","modified_gmt":"2026-09-03T13:57:32","slug":"un-camion-con-trigo-sufrio-un-desperfecto-y-se-incendio-totalmente-en-ruta-16","status":"publish","type":"post","link":"https:\/\/cliente1.publisher.highstack.com.ar\/?p=24855","title":{"rendered":"Un cami\u00f3n con trigo sufri\u00f3 un desperfecto y se incendi\u00f3 totalmente en Ruta 16"},"content":{"rendered":"<p><\/p>\n<div>\n<p>Un <b>cami\u00f3n<\/b> se incendi\u00f3 durante la noche de este mi\u00e9rcoles sobre la <b>Ruta 16<\/b>, a la altura del kil\u00f3metro 25, en jurisdicci\u00f3n de Carb\u00f3. El episodio no dej\u00f3 personas lesionadas ni otros veh\u00edculos involucrados. <\/p>\n<p><!-- is a <br \/>--><\/p>\n<p>\u00a0<\/p>\n<p><!-- is a <br \/>--><\/p>\n<p>El hecho ocurri\u00f3 alrededor de las 20.45 y tuvo como protagonista a un Fiat Iveco que transportaba una carga de trigo. La unidad circulaba en sentido este-oeste desde Larroque con destino a Rosario. <\/p>\n<p><!-- is a <br \/>--><\/p>\n<p>\u00a0<\/p>\n<p><!-- is a <br \/>--><\/p>\n<p><!-- is a object --><br \/>\n<!-- embed start --><!-- embed end --><br \/>\n<!-- end object --><\/p>\n<p>\u00a0<\/p>\n<p><!-- is a <br \/>--><\/p>\n<p>El conductor, un hombre de 45 a\u00f1os domiciliado en Larroque, logr\u00f3 salir del veh\u00edculo sin sufrir lesiones. Seg\u00fan manifest\u00f3 posteriormente, el fuego se habr\u00eda iniciado como consecuencia de una falla mec\u00e1nica. <\/p>\n<p><!-- is a <br \/>--><\/p>\n<p>\u00a0<\/p>\n<p><!-- is a <br \/>--><\/p>\n<p><!-- is a object --><\/p>\n<h2><b>Bomberos controlaron el incendio<\/b><\/h2>\n<p><!-- end object --><\/p>\n<p>\u00a0<\/p>\n<p><!-- is a <br \/>--><\/p>\n<p>Personal de Bomberos Voluntarios de Larroque lleg\u00f3 al lugar y consigui\u00f3 contener r\u00e1pidamente las llamas, evitando que el incendio se propagara hacia otros sectores del <b>cami\u00f3n<\/b> o de la banquina. <\/p>\n<p><!-- is a <br \/>--><\/p>\n<p>\u00a0<\/p>\n<p><!-- is a <br \/>--><\/p>\n<p>Mientras se desarrollaban las tareas, el tr\u00e1nsito sobre la <b>Ruta 16<\/b> permaneci\u00f3 asistido para permitir el trabajo de los equipos de emergencia y garantizar la seguridad de quienes circulaban por la zona. <\/p>\n<p><!-- is a <br \/>--><\/p>\n<p>\u00a0<\/p>\n<p><!-- is a <br \/>--><\/p>\n<p><!-- is a object --><br \/>\n<!-- embed start --><\/p>\n<figure class=\"embed\">\n<p>    <img decoding=\"async\" src=\"https:\/\/elonce-media.elonce.com\/fotos\/2026\/09\/03\/e_1788439648_9066.webp\" loading=\"lazy\" width=\"600\" height=\"400\" alt=\"\"\/><\/p>\n<\/figure>\n<p><!-- embed end --><br \/>\n<!-- end object --><\/p>\n<p>\u00a0<\/p>\n<p><!-- is a <br \/>--><\/p>\n<p>La circulaci\u00f3n qued\u00f3 completamente normalizada alrededor de las 22.30, una vez finalizadas las actuaciones sobre el veh\u00edculo siniestrado. <\/p>\n<p><!-- is a <br \/>--><\/p>\n<p>\u00a0<\/p>\n<p><!-- is a <br \/>--><\/p>\n<p><!-- is a object --><\/p>\n<h2><b>No hubo terceros involucrados<\/b><\/h2>\n<p><!-- end object --><\/p>\n<p>\u00a0<\/p>\n<p><!-- is a <br \/>--><\/p>\n<p>Desde la Polic\u00eda se confirm\u00f3 que no participaron otros rodados y que tampoco se registraron personas heridas como consecuencia del episodio. <\/p>\n<p><!-- is a <br \/>--><\/p>\n<p>\u00a0<\/p>\n<p><!-- is a <br \/>--><\/p>\n<p><!-- is a object --><br \/>\n<!-- embed start --><!-- embed end --><br \/>\n<!-- end object --><\/p>\n<p>\u00a0<\/p>\n<p><!-- is a <br \/>--><\/p>\n<p>En el operativo trabajaron efectivos de la Comisar\u00eda Larroque, personal del Puesto Caminero Gualeguay y Bomberos Voluntarios de Larroque. <\/p>\n<p><!-- is a <br \/>--><\/p>\n<p>\u00a0<\/p>\n<p><!-- is a <br \/>--><\/p>\n<p>Las primeras actuaciones apuntan a una posible falla mec\u00e1nica como origen del fuego, de acuerdo con lo relatado por el propio conductor.<\/p>\n<\/p><\/div>\n","protected":false},"excerpt":{"rendered":"<p>Un cami\u00f3n se incendi\u00f3 durante la noche de este mi\u00e9rcoles sobre la Ruta 16, a la altura del kil\u00f3metro 25, en jurisdicci\u00f3n de Carb\u00f3. El episodio no dej\u00f3 personas lesionadas ni otros veh\u00edculos involucrados. \u00a0 El hecho ocurri\u00f3 alrededor de las 20.45 y tuvo como protagonista a un Fiat Iveco que transportaba una carga de [&hellip;]<\/p>\n","protected":false},"author":1,"featured_media":24856,"comment_status":"open","ping_status":"open","sticky":false,"template":"","format":"standard","meta":{"footnotes":""},"categories":[1],"tags":[],"class_list":["post-24855","post","type-post","status-publish","format-standard","has-post-thumbnail","hentry","category-uncategorized"],"_links":{"self":[{"href":"https:\/\/cliente1.publisher.highstack.com.ar\/index.php?rest_route=\/wp\/v2\/posts\/24855","targetHints":{"allow":["GET"]}}],"collection":[{"href":"https:\/\/cliente1.publisher.highstack.com.ar\/index.php?rest_route=\/wp\/v2\/posts"}],"about":[{"href":"https:\/\/cliente1.publisher.highstack.com.ar\/index.php?rest_route=\/wp\/v2\/types\/post"}],"author":[{"embeddable":true,"href":"https:\/\/cliente1.publisher.highstack.com.ar\/index.php?rest_route=\/wp\/v2\/users\/1"}],"replies":[{"embeddable":true,"href":"https:\/\/cliente1.publisher.highstack.com.ar\/index.php?rest_route=%2Fwp%2Fv2%2Fcomments&post=24855"}],"version-history":[{"count":0,"href":"https:\/\/cliente1.publisher.highstack.com.ar\/index.php?rest_route=\/wp\/v2\/posts\/24855\/revisions"}],"wp:featuredmedia":[{"embeddable":true,"href":"https:\/\/cliente1.publisher.highstack.com.ar\/index.php?rest_route=\/wp\/v2\/media\/24856"}],"wp:attachment":[{"href":"https:\/\/cliente1.publisher.highstack.com.ar\/index.php?rest_route=%2Fwp%2Fv2%2Fmedia&parent=24855"}],"wp:term":[{"taxonomy":"category","embeddable":true,"href":"https:\/\/cliente1.publisher.highstack.com.ar\/index.php?rest_route=%2Fwp%2Fv2%2Fcategories&post=24855"},{"taxonomy":"post_tag","embeddable":true,"href":"https:\/\/cliente1.publisher.highstack.com.ar\/index.php?rest_route=%2Fwp%2Fv2%2Ftags&post=24855"}],"curies":[{"name":"wp","href":"https:\/\/api.w.org\/{rel}","templated":true}]}}