{"id":24852,"date":"2026-09-03T10:30:10","date_gmt":"2026-09-03T13:30:10","guid":{"rendered":"https:\/\/cliente1.publisher.highstack.com.ar\/?p=24852"},"modified":"2026-09-03T10:30:10","modified_gmt":"2026-09-03T13:30:10","slug":"evaluan-los-proyectos-productivos-de-colonia-guardamonte","status":"publish","type":"post","link":"https:\/\/cliente1.publisher.highstack.com.ar\/?p=24852","title":{"rendered":"Eval\u00faan los proyectos productivos de Colonia Guardamonte"},"content":{"rendered":"<p>&#8220;Colonia Guardamonte tiene una extensi\u00f3n total de 2.164 hect\u00e1reas, divididas en 14 lotes, 70 hect\u00e1reas para distribuci\u00f3n en un m\u00e1ximo de 10 parcelas para producci\u00f3n intensiva; ya sea horticultura, plantas arom\u00e1ticas o medicinales. Desde el Estado, se construy\u00f3 un complejo habitacional y se asign\u00f3 el Casco de la estancia como Reserva provincial&#8221;, ponder\u00f3 el ministro de Desarrollo Econ\u00f3mico, Guillermo Bernaudo.<\/p>\n<p>El encuentro se desarroll\u00f3 en el Sal\u00f3n de los Escudos de Casa de Gobierno con la participaci\u00f3n de autoridades del Ministerio de Desarrollo Econ\u00f3mico, legisladores, la Fiscal\u00eda de Estado, Polic\u00eda, Federaci\u00f3n Agraria Argentina (FAA), la Universidad Aut\u00f3noma de Entre R\u00edos (Uader) y vecinos de la Colonia.<\/p>\n<p>El ministro celebr\u00f3 &#8220;haber reunido a todos los actores que componen la Colonia, para hacer un seguimiento de las actividades pactadas. Con transparencia y reglas claras podremos seguir avanzando, tanto en la profundizaci\u00f3n de las pol\u00edticas de apoyo a las familias j\u00f3venes cuyo proyecto de vida gira alrededor de Guardamonte; como en la restauraci\u00f3n del Casco de estancia como Patrimonio provincial&#8221;.&nbsp;<\/p>\n<p>Participaron tambi\u00e9n el director de Producci\u00f3n Animal, Mart\u00edn Sieber; la diputada provincial Mar\u00eda Elena Romero; el coordinador Daniel Rodr\u00edguez; el senador por el departamento Tala, Juan Diego Conti; el Fiscal Adjunto de la Fiscal\u00eda de Estado, Mart\u00edn Rettore; la subdirectora de Despacho del Ministerio de Gobierno y Trabajo, Eugenia Facendini; y el docente e investigador, Edgardo Ar\u00e9valo.<\/p>\n<p>Asimismo, estuvieron presentes el jefe de la comuna de Guardamonte, Eligio Briozzo; y el jefe de Producci\u00f3n de la escuela Agrot\u00e9cnica N\u00ba 51 Gobernador Maci\u00e1, H\u00e9ctor Otero. Participaron a su vez, por la Federaci\u00f3n Agraria, Mat\u00edas Martiarena y Alfredo Bel; el presidente de Cooperativas Agropecuarias Federadas de Entre R\u00edos, Roberto Frigo; por la Mutual de Personal Policial de Entre R\u00edos, Adri\u00e1n Gim\u00e9nez; y las coordinadoras del ministerio Andrea Cislaghi y &nbsp;Gabriela Joubert.<\/p>\n","protected":false},"excerpt":{"rendered":"<p>La Comisi\u00f3n Asesora de Colonia Productiva Guardamonte se reuni\u00f3 en Paran\u00e1. El eje de la agenda de trabajo fue evaluar el avance de las actividades emprendidas para generar trabajo genuino e igualdad de oportunidades mediante el desarrollo socioecon\u00f3mico; el fomento del arraigo rural; y la sustentabilidad en el predio del departamento Tala decomisado por la justicia.<\/p>\n","protected":false},"author":0,"featured_media":24854,"comment_status":"open","ping_status":"open","sticky":false,"template":"","format":"standard","meta":{"footnotes":""},"categories":[2331,2225],"tags":[2332],"class_list":["post-24852","post","type-post","status-publish","format-standard","has-post-thumbnail","hentry","category-guardamonte","category-locales","tag-desarrollo-productivo"],"_links":{"self":[{"href":"https:\/\/cliente1.publisher.highstack.com.ar\/index.php?rest_route=\/wp\/v2\/posts\/24852","targetHints":{"allow":["GET"]}}],"collection":[{"href":"https:\/\/cliente1.publisher.highstack.com.ar\/index.php?rest_route=\/wp\/v2\/posts"}],"about":[{"href":"https:\/\/cliente1.publisher.highstack.com.ar\/index.php?rest_route=\/wp\/v2\/types\/post"}],"replies":[{"embeddable":true,"href":"https:\/\/cliente1.publisher.highstack.com.ar\/index.php?rest_route=%2Fwp%2Fv2%2Fcomments&post=24852"}],"version-history":[{"count":0,"href":"https:\/\/cliente1.publisher.highstack.com.ar\/index.php?rest_route=\/wp\/v2\/posts\/24852\/revisions"}],"wp:featuredmedia":[{"embeddable":true,"href":"https:\/\/cliente1.publisher.highstack.com.ar\/index.php?rest_route=\/wp\/v2\/media\/24854"}],"wp:attachment":[{"href":"https:\/\/cliente1.publisher.highstack.com.ar\/index.php?rest_route=%2Fwp%2Fv2%2Fmedia&parent=24852"}],"wp:term":[{"taxonomy":"category","embeddable":true,"href":"https:\/\/cliente1.publisher.highstack.com.ar\/index.php?rest_route=%2Fwp%2Fv2%2Fcategories&post=24852"},{"taxonomy":"post_tag","embeddable":true,"href":"https:\/\/cliente1.publisher.highstack.com.ar\/index.php?rest_route=%2Fwp%2Fv2%2Ftags&post=24852"}],"curies":[{"name":"wp","href":"https:\/\/api.w.org\/{rel}","templated":true}]}}